{"id":167570,"date":"2015-04-15T19:04:42","date_gmt":"2015-04-15T19:04:42","guid":{"rendered":"https:\/\/www.meydan.tv\/article\/avropa-oyunlari-zamani-ambulans-vertolyotlardan-istifade-edilecek\/"},"modified":"2015-04-15T19:04:42","modified_gmt":"2015-04-15T19:04:42","slug":"avropa-oyunlari-zamani-ambulans-vertolyotlardan-istifade-edilecek","status":"publish","type":"post","link":"https:\/\/www.meydan.tv\/az\/article\/avropa-oyunlari-zamani-ambulans-vertolyotlardan-istifade-edilecek\/","title":{"rendered":"Avropa Oyunlar\u0131 zaman\u0131 ambulans vertolyotlardan istifad\u0259 edil\u0259c\u0259k"},"content":{"rendered":"<figure class=\"wp-block-image size-large\">\n  <img decoding=\"async\" src=\"https:\/\/www.meydan.tv\/az\/22827\/\" alt=\"\" class=\"wp-image-22827\"\/><figcaption><\/figcaption><\/figure>\n<figure class=\"wp-block-image size-large\">\n  <img decoding=\"async\" src=\"https:\/\/www.meydan.tv\/az\/22827\/\" alt=\"\" class=\"wp-image-22827\"\/><figcaption><\/figcaption><\/figure>\n<p>\n  Az\u0259rbaycana \u0259lav\u0259 olaraq 100 t\u0259cili yard\u0131m ma\u015f\u0131n\u0131 g\u0259tirilib\n<\/p>\n<p>\n  Az\u0259rbaycanda iyun ay\u0131nda ke\u00e7iril\u0259c\u0259k I Avropa Oyunlar\u0131 zaman\u0131 z\u0259rur\u0259t yaranaca\u011f\u0131 halda tibbi yard\u0131m xidm\u0259tinin t\u0259\u015fkili m\u0259qs\u0259dil\u0259 ambulans vertolyotlardan da istifad\u0259 edil\u0259c\u0259k. Bunu Trend-\u0259 S\u0259hiyy\u0259 Nazirliyi Respublika T\u0259cili Yard\u0131m Stansiyas\u0131n\u0131n direktoru M\u00fcrs\u0259l H\u0259midov deyib.\n<\/p>\n<p>\n  Onun bildirdiyin\u0259 g\u00f6r\u0259, h\u0259min vertolyotlardan f\u00f6vq\u0259lad\u0259 hallarda istifad\u0259 edil\u0259c\u0259k. Onlar art\u0131q haz\u0131r v\u0259ziyy\u0259td\u0259dirl\u0259r.\n<\/p>\n<p>\n  M.H\u0259midov deyib ki, Avropa Oyunlar\u0131 il\u0259 ba\u011fl\u0131 Az\u0259rbaycana \u0259lav\u0259 olaraq 100 t\u0259cili yard\u0131m ma\u015f\u0131n\u0131 g\u0259tirilib. Onlardan 95-i Bak\u0131da, 5-i is\u0259 Ming\u0259\u00e7evird\u0259 istifad\u0259 olunacaq.\n<\/p>\n<p>\n  Onun s\u00f6zl\u0259rin\u0259 g\u00f6r\u0259, Oyunlar\u0131n \u0259sas hiss\u0259si Bak\u0131 \u015f\u0259h\u0259rind\u0259 ke\u00e7iril\u0259c\u0259yi \u00fc\u00e7\u00fcn Bak\u0131 \u015e\u0259h\u0259r T\u0259cili v\u0259 T\u0259xir\u0259sal\u0131nmaz Tibbi Yard\u0131m Stansiyas\u0131n\u0131n briqadalar\u0131 art\u0131q haz\u0131r v\u0259ziyy\u0259t\u0259 g\u0259tirilib. Bak\u0131da Avropa Oyunlar\u0131na 25 h\u0259kim briqadas\u0131 c\u0259lb olunacaq.\n<\/p>\n<p>\n  M.H\u0259midov bildirib ki, Avropa Oyunlar\u0131 zaman\u0131 avar\u00e7\u0259km\u0259 \u00fczr\u0259 yar\u0131\u015flar\u0131n ke\u00e7iril\u0259c\u0259yi Ming\u0259\u00e7evir \u015f\u0259h\u0259rind\u0259 d\u0259 Respublika T\u0259cili Yard\u0131m Stansiyas\u0131n\u0131n tibbi briqadas\u0131 n\u00f6vb\u0259 \u00e7\u0259k\u0259c\u0259k: &#8220;Oyunlar\u0131n ke\u00e7iril\u0259c\u0259yi m\u00fcdd\u0259t \u00fc\u00e7\u00fcn S\u0259hiyy\u0259 Nazirliyinin T\u0259cili Yard\u0131m Stansiyan\u0131n m\u00fct\u0259x\u0259ssisl\u0259rinin n\u00f6vb\u0259t\u00e7ilik rejimi d\u0259 m\u00fc\u0259yy\u0259nl\u0259\u015fdirilib&#8221;.\n<\/p>\n<p>\n  Direktor deyib ki, Ming\u0259\u00e7evir T\u0259cili Tibbi Yard\u0131m Stansiyas\u0131n\u0131n h\u0259kiml\u0259ri art\u0131q Avropa Oyunlar\u0131na haz\u0131rd\u0131rlar. H\u0259min h\u0259kiml\u0259r Bak\u0131 \u015f\u0259h\u0259rind\u0259 m\u00fcvaf\u0131q t\u0259liml\u0259rd\u0259n ke\u00e7ibl\u0259r.\n<\/p>\n<p>\n  M.H\u0259midov h\u0259m\u00e7inin deyib ki, tibbi bilikl\u0259rin t\u0259kmill\u0259\u015fdirilm\u0259si il\u0259 yana\u015f\u0131, t\u0259cili tibbi yard\u0131m xidm\u0259ti h\u0259kiml\u0259ri \u00fc\u00e7\u00fcn ingilis dili kurslar\u0131 da t\u0259\u015fkil edilib. Art\u0131q kurslar ba\u015fa \u00e7at\u0131b.<\/p>\n","protected":false},"excerpt":{"rendered":"<p>Az\u0259rbaycana \u0259lav\u0259 olaraq 100 t\u0259cili yard\u0131m ma\u015f\u0131n\u0131 g\u0259tirilib<\/p>\n","protected":false},"author":11,"featured_media":22827,"comment_status":"closed","ping_status":"open","sticky":false,"template":"","format":"standard","meta":{"_acf_changed":false,"_sitemap_exclude":false,"_sitemap_priority":"","_sitemap_frequency":"","footnotes":""},"categories":[56],"tags":[],"class_list":["post-167570","post","type-post","status-publish","format-standard","has-post-thumbnail","hentry","category-xeberler","infinite-scroll-item","generate-columns","tablet-grid-50","mobile-grid-100","grid-parent","grid-33","no-featured-image-padding"],"acf":[],"yoast_head":"<!-- This site is optimized with the Yoast SEO plugin v28.4 - https:\/\/yoast.com\/product\/yoast-seo-wordpress\/ -->\n<title>Avropa Oyunlar\u0131 zaman\u0131 ambulans vertolyotlardan istifad\u0259 edil\u0259c\u0259k - MEYDAN.TV<\/title>\n<meta name=\"robots\" content=\"index, follow, max-snippet:-1, max-image-preview:large, max-video-preview:-1\" \/>\n<link rel=\"canonical\" href=\"https:\/\/www.meydan.tv\/az\/article\/avropa-oyunlari-zamani-ambulans-vertolyotlardan-istifade-edilecek\/\" \/>\n<meta property=\"og:locale\" content=\"az_AZ\" \/>\n<meta property=\"og:type\" content=\"article\" \/>\n<meta property=\"og:title\" content=\"Avropa Oyunlar\u0131 zaman\u0131 ambulans vertolyotlardan istifad\u0259 edil\u0259c\u0259k - MEYDAN.TV\" \/>\n<meta property=\"og:description\" content=\"Az\u0259rbaycana \u0259lav\u0259 olaraq 100 t\u0259cili yard\u0131m ma\u015f\u0131n\u0131 g\u0259tirilib\" \/>\n<meta property=\"og:url\" content=\"https:\/\/www.meydan.tv\/az\/article\/avropa-oyunlari-zamani-ambulans-vertolyotlardan-istifade-edilecek\/\" \/>\n<meta property=\"og:site_name\" content=\"MEYDAN.TV\" \/>\n<meta property=\"article:published_time\" content=\"2015-04-15T19:04:42+00:00\" \/>\n<meta property=\"og:image\" content=\"https:\/\/www.meydan.tv\/wp-content\/uploads\/8287.jpg\" \/>\n\t<meta property=\"og:image:width\" content=\"410\" \/>\n\t<meta property=\"og:image:height\" content=\"307\" \/>\n\t<meta property=\"og:image:type\" content=\"image\/jpeg\" \/>\n<meta name=\"twitter:card\" content=\"summary_large_image\" \/>\n<!-- \/ Yoast SEO plugin. -->","yoast_head_json":{"title":"Avropa Oyunlar\u0131 zaman\u0131 ambulans vertolyotlardan istifad\u0259 edil\u0259c\u0259k - MEYDAN.TV","robots":{"index":"index","follow":"follow","max-snippet":"max-snippet:-1","max-image-preview":"max-image-preview:large","max-video-preview":"max-video-preview:-1"},"canonical":"https:\/\/www.meydan.tv\/az\/article\/avropa-oyunlari-zamani-ambulans-vertolyotlardan-istifade-edilecek\/","og_locale":"az_AZ","og_type":"article","og_title":"Avropa Oyunlar\u0131 zaman\u0131 ambulans vertolyotlardan istifad\u0259 edil\u0259c\u0259k - MEYDAN.TV","og_description":"Az\u0259rbaycana \u0259lav\u0259 olaraq 100 t\u0259cili yard\u0131m ma\u015f\u0131n\u0131 g\u0259tirilib","og_url":"https:\/\/www.meydan.tv\/az\/article\/avropa-oyunlari-zamani-ambulans-vertolyotlardan-istifade-edilecek\/","og_site_name":"MEYDAN.TV","article_published_time":"2015-04-15T19:04:42+00:00","og_image":[{"width":410,"height":307,"url":"https:\/\/www.meydan.tv\/wp-content\/uploads\/8287.jpg","type":"image\/jpeg"}],"twitter_card":"summary_large_image","schema":{"@context":"https:\/\/schema.org","@graph":[{"@type":"Article","@id":"https:\/\/www.meydan.tv\/az\/article\/avropa-oyunlari-zamani-ambulans-vertolyotlardan-istifade-edilecek\/#article","isPartOf":{"@id":"https:\/\/www.meydan.tv\/az\/article\/avropa-oyunlari-zamani-ambulans-vertolyotlardan-istifade-edilecek\/"},"author":{"name":"user-manager","@id":"https:\/\/www.meydan.tv\/az\/#\/schema\/person\/10d11eccf6da3662cf5fdab9806ea91a"},"headline":"Avropa Oyunlar\u0131 zaman\u0131 ambulans vertolyotlardan istifad\u0259 edil\u0259c\u0259k","datePublished":"2015-04-15T19:04:42+00:00","mainEntityOfPage":{"@id":"https:\/\/www.meydan.tv\/az\/article\/avropa-oyunlari-zamani-ambulans-vertolyotlardan-istifade-edilecek\/"},"wordCount":345,"publisher":{"@id":"https:\/\/www.meydan.tv\/az\/#organization"},"image":{"@id":"https:\/\/www.meydan.tv\/az\/article\/avropa-oyunlari-zamani-ambulans-vertolyotlardan-istifade-edilecek\/#primaryimage"},"thumbnailUrl":"https:\/\/www.meydan.tv\/wp-content\/uploads\/8287.jpg","articleSection":["X\u0259b\u0259rl\u0259r"],"inLanguage":"az"},{"@type":"WebPage","@id":"https:\/\/www.meydan.tv\/az\/article\/avropa-oyunlari-zamani-ambulans-vertolyotlardan-istifade-edilecek\/","url":"https:\/\/www.meydan.tv\/az\/article\/avropa-oyunlari-zamani-ambulans-vertolyotlardan-istifade-edilecek\/","name":"Avropa Oyunlar\u0131 zaman\u0131 ambulans vertolyotlardan istifad\u0259 edil\u0259c\u0259k - MEYDAN.TV","isPartOf":{"@id":"https:\/\/www.meydan.tv\/az\/#website"},"primaryImageOfPage":{"@id":"https:\/\/www.meydan.tv\/az\/article\/avropa-oyunlari-zamani-ambulans-vertolyotlardan-istifade-edilecek\/#primaryimage"},"image":{"@id":"https:\/\/www.meydan.tv\/az\/article\/avropa-oyunlari-zamani-ambulans-vertolyotlardan-istifade-edilecek\/#primaryimage"},"thumbnailUrl":"https:\/\/www.meydan.tv\/wp-content\/uploads\/8287.jpg","datePublished":"2015-04-15T19:04:42+00:00","breadcrumb":{"@id":"https:\/\/www.meydan.tv\/az\/article\/avropa-oyunlari-zamani-ambulans-vertolyotlardan-istifade-edilecek\/#breadcrumb"},"inLanguage":"az","potentialAction":[{"@type":"ReadAction","target":["https:\/\/www.meydan.tv\/az\/article\/avropa-oyunlari-zamani-ambulans-vertolyotlardan-istifade-edilecek\/"]}]},{"@type":"ImageObject","inLanguage":"az","@id":"https:\/\/www.meydan.tv\/az\/article\/avropa-oyunlari-zamani-ambulans-vertolyotlardan-istifade-edilecek\/#primaryimage","url":"https:\/\/www.meydan.tv\/wp-content\/uploads\/8287.jpg","contentUrl":"https:\/\/www.meydan.tv\/wp-content\/uploads\/8287.jpg","width":410,"height":307,"caption":"Source:"},{"@type":"BreadcrumbList","@id":"https:\/\/www.meydan.tv\/az\/article\/avropa-oyunlari-zamani-ambulans-vertolyotlardan-istifade-edilecek\/#breadcrumb","itemListElement":[{"@type":"ListItem","position":1,"name":"Ana s\u0259hif\u0259","item":"https:\/\/www.meydan.tv\/az\/"},{"@type":"ListItem","position":2,"name":"X\u0259b\u0259rl\u0259r","item":"https:\/\/www.meydan.tv\/az\/section\/xeberler\/"},{"@type":"ListItem","position":3,"name":"Avropa Oyunlar\u0131 zaman\u0131 ambulans vertolyotlardan istifad\u0259 edil\u0259c\u0259k"}]},{"@type":"WebSite","@id":"https:\/\/www.meydan.tv\/az\/#website","url":"https:\/\/www.meydan.tv\/az\/","name":"MEYDAN.TV","description":"Meydan TV Az\u0259rbaycan\u0131n media m\u0259kan\u0131ndak\u0131 alternativ s\u0259sidir","publisher":{"@id":"https:\/\/www.meydan.tv\/az\/#organization"},"potentialAction":[{"@type":"SearchAction","target":{"@type":"EntryPoint","urlTemplate":"https:\/\/www.meydan.tv\/az\/?s={search_term_string}"},"query-input":{"@type":"PropertyValueSpecification","valueRequired":true,"valueName":"search_term_string"}}],"inLanguage":"az"},{"@type":"Organization","@id":"https:\/\/www.meydan.tv\/az\/#organization","name":"Meydan TV","url":"https:\/\/www.meydan.tv\/az\/","logo":{"@type":"ImageObject","inLanguage":"az","@id":"https:\/\/www.meydan.tv\/az\/#\/schema\/logo\/image\/","url":"https:\/\/www.meydan.tv\/wp-content\/uploads\/2021\/07\/meydan-logo.svg","contentUrl":"https:\/\/www.meydan.tv\/wp-content\/uploads\/2021\/07\/meydan-logo.svg","width":195,"height":46,"caption":"Meydan TV"},"image":{"@id":"https:\/\/www.meydan.tv\/az\/#\/schema\/logo\/image\/"}},{"@type":"Person","@id":"https:\/\/www.meydan.tv\/az\/#\/schema\/person\/10d11eccf6da3662cf5fdab9806ea91a","name":"user-manager"}]}},"_links":{"self":[{"href":"https:\/\/www.meydan.tv\/az\/wp-json\/wp\/v2\/posts\/167570","targetHints":{"allow":["GET"]}}],"collection":[{"href":"https:\/\/www.meydan.tv\/az\/wp-json\/wp\/v2\/posts"}],"about":[{"href":"https:\/\/www.meydan.tv\/az\/wp-json\/wp\/v2\/types\/post"}],"author":[{"embeddable":true,"href":"https:\/\/www.meydan.tv\/az\/wp-json\/wp\/v2\/users\/11"}],"replies":[{"embeddable":true,"href":"https:\/\/www.meydan.tv\/az\/wp-json\/wp\/v2\/comments?post=167570"}],"version-history":[{"count":0,"href":"https:\/\/www.meydan.tv\/az\/wp-json\/wp\/v2\/posts\/167570\/revisions"}],"wp:featuredmedia":[{"embeddable":true,"href":"https:\/\/www.meydan.tv\/az\/wp-json\/wp\/v2\/media\/22827"}],"wp:attachment":[{"href":"https:\/\/www.meydan.tv\/az\/wp-json\/wp\/v2\/media?parent=167570"}],"wp:term":[{"taxonomy":"category","embeddable":true,"href":"https:\/\/www.meydan.tv\/az\/wp-json\/wp\/v2\/categories?post=167570"},{"taxonomy":"post_tag","embeddable":true,"href":"https:\/\/www.meydan.tv\/az\/wp-json\/wp\/v2\/tags?post=167570"}],"curies":[{"name":"wp","href":"https:\/\/api.w.org\/{rel}","templated":true}]}}