{"id":167569,"date":"2015-04-15T18:56:39","date_gmt":"2015-04-15T18:56:39","guid":{"rendered":"https:\/\/www.meydan.tv\/article\/husnu-mubarekin-olum-xeberi-yayildi\/"},"modified":"2015-04-15T18:56:39","modified_gmt":"2015-04-15T18:56:39","slug":"husnu-mubarekin-olum-xeberi-yayildi","status":"publish","type":"post","link":"https:\/\/www.meydan.tv\/az\/article\/husnu-mubarekin-olum-xeberi-yayildi\/","title":{"rendered":"H\u00fcsn\u00fc M\u00fcbar\u0259kin \u00f6l\u00fcm x\u0259b\u0259ri yay\u0131ld\u0131"},"content":{"rendered":"<figure class=\"wp-block-image size-large\">\n  <img decoding=\"async\" src=\"https:\/\/www.meydan.tv\/az\/22818\/\" alt=\"\" class=\"wp-image-22818\"\/><figcaption><\/figcaption><\/figure>\n<figure class=\"wp-block-image size-large\">\n  <img decoding=\"async\" src=\"https:\/\/www.meydan.tv\/az\/22821\/\" alt=\"\" class=\"wp-image-22821\"\/><figcaption><\/figcaption><\/figure>\n<div>\n<p>\n      \u0130ran\u0131n Fars informasiya agentliyi Misirin sabiq prezidenti H\u00fcsn\u00fc M\u00fcbar\u0259kin v\u0259fat etdiyi bar\u0259d\u0259 m\u0259lumat yay\u0131b. Agentlik bildirib ki, aprelin 15-d\u0259 88 ya\u015fl\u0131 H\u00fcsn\u00fc M\u00fcbar\u0259k \u00f6l\u00fcb. Ancaq m\u0259lumat r\u0259sm\u0259n h\u0259l\u0259 t\u0259sdiql\u0259nm\u0259yib.\n    <\/p>\n<p>\n      H\u00fcsn\u00fc M\u00fcbar\u0259k 30 il &#8211; 1981-2011-ci ill\u0259rd\u0259 Misirin d\u00f6vl\u0259t ba\u015f\u00e7\u0131s\u0131 olub.\n    <\/p>\n<p>\n      2011-ci ilin yanvar\u0131nda Misird\u0259 hakimiyy\u0259tin d\u0259yi\u015fm\u0259si il\u0259 n\u0259tic\u0259l\u0259n\u0259n k\u00fctl\u0259vi etiraz aksiyalar\u0131 ba\u015flad\u0131. Bundan sonra hakimiyy\u0259t\u0259 islam\u00e7\u0131 &#8220;M\u00fcs\u0259lman qarda\u015flar\u0131&#8221; t\u0259\u015fkilat\u0131 g\u0259ldi v\u0259 M\u00fcbar\u0259k aksiya\u00e7\u0131lara qar\u015f\u0131 s\u0259rt davran\u0131\u015fa g\u00f6r\u0259 \u00f6m\u00fcrl\u00fck azadl\u0131qdan m\u0259hrum edildi. Ancaq &#8220;M\u00fcs\u0259lman qarda\u015flar\u0131&#8221; hakimiyy\u0259td\u0259n m\u0259hrum edildikd\u0259n sonra M\u00fcbar\u0259k azad olundu.\n    <\/p>\n<\/p><\/div><\/p>\n","protected":false},"excerpt":{"rendered":"<p>\u0130ran\u0131n Fars informasiya agentliyi Misirin sabiq prezidenti H\u00fcsn\u00fc M\u00fcbar\u0259kin v\u0259fat &#8230; <\/p>\n<p class=\"read-more-container\"><a title=\"H\u00fcsn\u00fc M\u00fcbar\u0259kin \u00f6l\u00fcm x\u0259b\u0259ri yay\u0131ld\u0131\" class=\"read-more button\" href=\"https:\/\/www.meydan.tv\/az\/article\/husnu-mubarekin-olum-xeberi-yayildi\/#more-167569\" aria-label=\"Read more about H\u00fcsn\u00fc M\u00fcbar\u0259kin \u00f6l\u00fcm x\u0259b\u0259ri yay\u0131ld\u0131\">Davam\u0131<\/a><\/p>\n","protected":false},"author":11,"featured_media":22818,"comment_status":"closed","ping_status":"open","sticky":false,"template":"","format":"standard","meta":{"_acf_changed":false,"_sitemap_exclude":false,"_sitemap_priority":"","_sitemap_frequency":"","footnotes":""},"categories":[56],"tags":[],"class_list":["post-167569","post","type-post","status-publish","format-standard","has-post-thumbnail","hentry","category-xeberler","infinite-scroll-item","generate-columns","tablet-grid-50","mobile-grid-100","grid-parent","grid-33","no-featured-image-padding"],"acf":[],"yoast_head":"<!-- This site is optimized with the Yoast SEO plugin v28.4 - https:\/\/yoast.com\/product\/yoast-seo-wordpress\/ -->\n<title>H\u00fcsn\u00fc M\u00fcbar\u0259kin \u00f6l\u00fcm x\u0259b\u0259ri yay\u0131ld\u0131 - MEYDAN.TV<\/title>\n<meta name=\"robots\" content=\"index, follow, max-snippet:-1, max-image-preview:large, max-video-preview:-1\" \/>\n<link rel=\"canonical\" href=\"https:\/\/www.meydan.tv\/az\/article\/husnu-mubarekin-olum-xeberi-yayildi\/\" \/>\n<meta property=\"og:locale\" content=\"az_AZ\" \/>\n<meta property=\"og:type\" content=\"article\" \/>\n<meta property=\"og:title\" content=\"H\u00fcsn\u00fc M\u00fcbar\u0259kin \u00f6l\u00fcm x\u0259b\u0259ri yay\u0131ld\u0131 - MEYDAN.TV\" \/>\n<meta property=\"og:description\" content=\"\u0130ran\u0131n Fars informasiya agentliyi Misirin sabiq prezidenti H\u00fcsn\u00fc M\u00fcbar\u0259kin v\u0259fat ... Davam\u0131\" \/>\n<meta property=\"og:url\" content=\"https:\/\/www.meydan.tv\/az\/article\/husnu-mubarekin-olum-xeberi-yayildi\/\" \/>\n<meta property=\"og:site_name\" content=\"MEYDAN.TV\" \/>\n<meta property=\"article:published_time\" content=\"2015-04-15T18:56:39+00:00\" \/>\n<meta property=\"og:image\" content=\"https:\/\/www.meydan.tv\/wp-content\/uploads\/8285.jpg\" \/>\n\t<meta property=\"og:image:width\" content=\"500\" \/>\n\t<meta property=\"og:image:height\" content=\"304\" \/>\n\t<meta property=\"og:image:type\" content=\"image\/jpeg\" \/>\n<meta name=\"twitter:card\" content=\"summary_large_image\" \/>\n<!-- \/ Yoast SEO plugin. -->","yoast_head_json":{"title":"H\u00fcsn\u00fc M\u00fcbar\u0259kin \u00f6l\u00fcm x\u0259b\u0259ri yay\u0131ld\u0131 - MEYDAN.TV","robots":{"index":"index","follow":"follow","max-snippet":"max-snippet:-1","max-image-preview":"max-image-preview:large","max-video-preview":"max-video-preview:-1"},"canonical":"https:\/\/www.meydan.tv\/az\/article\/husnu-mubarekin-olum-xeberi-yayildi\/","og_locale":"az_AZ","og_type":"article","og_title":"H\u00fcsn\u00fc M\u00fcbar\u0259kin \u00f6l\u00fcm x\u0259b\u0259ri yay\u0131ld\u0131 - MEYDAN.TV","og_description":"\u0130ran\u0131n Fars informasiya agentliyi Misirin sabiq prezidenti H\u00fcsn\u00fc M\u00fcbar\u0259kin v\u0259fat ... Davam\u0131","og_url":"https:\/\/www.meydan.tv\/az\/article\/husnu-mubarekin-olum-xeberi-yayildi\/","og_site_name":"MEYDAN.TV","article_published_time":"2015-04-15T18:56:39+00:00","og_image":[{"width":500,"height":304,"url":"https:\/\/www.meydan.tv\/wp-content\/uploads\/8285.jpg","type":"image\/jpeg"}],"twitter_card":"summary_large_image","schema":{"@context":"https:\/\/schema.org","@graph":[{"@type":"Article","@id":"https:\/\/www.meydan.tv\/az\/article\/husnu-mubarekin-olum-xeberi-yayildi\/#article","isPartOf":{"@id":"https:\/\/www.meydan.tv\/az\/article\/husnu-mubarekin-olum-xeberi-yayildi\/"},"author":{"name":"user-manager","@id":"https:\/\/www.meydan.tv\/az\/#\/schema\/person\/10d11eccf6da3662cf5fdab9806ea91a"},"headline":"H\u00fcsn\u00fc M\u00fcbar\u0259kin \u00f6l\u00fcm x\u0259b\u0259ri yay\u0131ld\u0131","datePublished":"2015-04-15T18:56:39+00:00","mainEntityOfPage":{"@id":"https:\/\/www.meydan.tv\/az\/article\/husnu-mubarekin-olum-xeberi-yayildi\/"},"wordCount":156,"publisher":{"@id":"https:\/\/www.meydan.tv\/az\/#organization"},"image":{"@id":"https:\/\/www.meydan.tv\/az\/article\/husnu-mubarekin-olum-xeberi-yayildi\/#primaryimage"},"thumbnailUrl":"https:\/\/www.meydan.tv\/wp-content\/uploads\/8285.jpg","articleSection":["X\u0259b\u0259rl\u0259r"],"inLanguage":"az"},{"@type":"WebPage","@id":"https:\/\/www.meydan.tv\/az\/article\/husnu-mubarekin-olum-xeberi-yayildi\/","url":"https:\/\/www.meydan.tv\/az\/article\/husnu-mubarekin-olum-xeberi-yayildi\/","name":"H\u00fcsn\u00fc M\u00fcbar\u0259kin \u00f6l\u00fcm x\u0259b\u0259ri yay\u0131ld\u0131 - MEYDAN.TV","isPartOf":{"@id":"https:\/\/www.meydan.tv\/az\/#website"},"primaryImageOfPage":{"@id":"https:\/\/www.meydan.tv\/az\/article\/husnu-mubarekin-olum-xeberi-yayildi\/#primaryimage"},"image":{"@id":"https:\/\/www.meydan.tv\/az\/article\/husnu-mubarekin-olum-xeberi-yayildi\/#primaryimage"},"thumbnailUrl":"https:\/\/www.meydan.tv\/wp-content\/uploads\/8285.jpg","datePublished":"2015-04-15T18:56:39+00:00","breadcrumb":{"@id":"https:\/\/www.meydan.tv\/az\/article\/husnu-mubarekin-olum-xeberi-yayildi\/#breadcrumb"},"inLanguage":"az","potentialAction":[{"@type":"ReadAction","target":["https:\/\/www.meydan.tv\/az\/article\/husnu-mubarekin-olum-xeberi-yayildi\/"]}]},{"@type":"ImageObject","inLanguage":"az","@id":"https:\/\/www.meydan.tv\/az\/article\/husnu-mubarekin-olum-xeberi-yayildi\/#primaryimage","url":"https:\/\/www.meydan.tv\/wp-content\/uploads\/8285.jpg","contentUrl":"https:\/\/www.meydan.tv\/wp-content\/uploads\/8285.jpg","width":500,"height":304,"caption":"Source:"},{"@type":"BreadcrumbList","@id":"https:\/\/www.meydan.tv\/az\/article\/husnu-mubarekin-olum-xeberi-yayildi\/#breadcrumb","itemListElement":[{"@type":"ListItem","position":1,"name":"Ana s\u0259hif\u0259","item":"https:\/\/www.meydan.tv\/az\/"},{"@type":"ListItem","position":2,"name":"X\u0259b\u0259rl\u0259r","item":"https:\/\/www.meydan.tv\/az\/section\/xeberler\/"},{"@type":"ListItem","position":3,"name":"H\u00fcsn\u00fc M\u00fcbar\u0259kin \u00f6l\u00fcm x\u0259b\u0259ri yay\u0131ld\u0131"}]},{"@type":"WebSite","@id":"https:\/\/www.meydan.tv\/az\/#website","url":"https:\/\/www.meydan.tv\/az\/","name":"MEYDAN.TV","description":"Meydan TV Az\u0259rbaycan\u0131n media m\u0259kan\u0131ndak\u0131 alternativ s\u0259sidir","publisher":{"@id":"https:\/\/www.meydan.tv\/az\/#organization"},"potentialAction":[{"@type":"SearchAction","target":{"@type":"EntryPoint","urlTemplate":"https:\/\/www.meydan.tv\/az\/?s={search_term_string}"},"query-input":{"@type":"PropertyValueSpecification","valueRequired":true,"valueName":"search_term_string"}}],"inLanguage":"az"},{"@type":"Organization","@id":"https:\/\/www.meydan.tv\/az\/#organization","name":"Meydan TV","url":"https:\/\/www.meydan.tv\/az\/","logo":{"@type":"ImageObject","inLanguage":"az","@id":"https:\/\/www.meydan.tv\/az\/#\/schema\/logo\/image\/","url":"https:\/\/www.meydan.tv\/wp-content\/uploads\/2021\/07\/meydan-logo.svg","contentUrl":"https:\/\/www.meydan.tv\/wp-content\/uploads\/2021\/07\/meydan-logo.svg","width":195,"height":46,"caption":"Meydan TV"},"image":{"@id":"https:\/\/www.meydan.tv\/az\/#\/schema\/logo\/image\/"}},{"@type":"Person","@id":"https:\/\/www.meydan.tv\/az\/#\/schema\/person\/10d11eccf6da3662cf5fdab9806ea91a","name":"user-manager"}]}},"_links":{"self":[{"href":"https:\/\/www.meydan.tv\/az\/wp-json\/wp\/v2\/posts\/167569","targetHints":{"allow":["GET"]}}],"collection":[{"href":"https:\/\/www.meydan.tv\/az\/wp-json\/wp\/v2\/posts"}],"about":[{"href":"https:\/\/www.meydan.tv\/az\/wp-json\/wp\/v2\/types\/post"}],"author":[{"embeddable":true,"href":"https:\/\/www.meydan.tv\/az\/wp-json\/wp\/v2\/users\/11"}],"replies":[{"embeddable":true,"href":"https:\/\/www.meydan.tv\/az\/wp-json\/wp\/v2\/comments?post=167569"}],"version-history":[{"count":0,"href":"https:\/\/www.meydan.tv\/az\/wp-json\/wp\/v2\/posts\/167569\/revisions"}],"wp:featuredmedia":[{"embeddable":true,"href":"https:\/\/www.meydan.tv\/az\/wp-json\/wp\/v2\/media\/22818"}],"wp:attachment":[{"href":"https:\/\/www.meydan.tv\/az\/wp-json\/wp\/v2\/media?parent=167569"}],"wp:term":[{"taxonomy":"category","embeddable":true,"href":"https:\/\/www.meydan.tv\/az\/wp-json\/wp\/v2\/categories?post=167569"},{"taxonomy":"post_tag","embeddable":true,"href":"https:\/\/www.meydan.tv\/az\/wp-json\/wp\/v2\/tags?post=167569"}],"curies":[{"name":"wp","href":"https:\/\/api.w.org\/{rel}","templated":true}]}}