{"id":167565,"date":"2015-04-15T16:16:19","date_gmt":"2015-04-15T16:16:19","guid":{"rendered":"https:\/\/www.meydan.tv\/article\/enemo-huquqi-prosedurlar-vetendas-cemiyyetinin-sixisdirilmasina-yonelib\/"},"modified":"2015-04-15T16:16:19","modified_gmt":"2015-04-15T16:16:19","slug":"enemo-huquqi-prosedurlar-vetendas-cemiyyetinin-sixisdirilmasina-yonelib","status":"publish","type":"post","link":"https:\/\/www.meydan.tv\/az\/article\/enemo-huquqi-prosedurlar-vetendas-cemiyyetinin-sixisdirilmasina-yonelib\/","title":{"rendered":"ENEMO: H\u00fcquqi prosedurlar v\u0259t\u0259nda\u015f c\u0259miyy\u0259tinin s\u0131x\u0131\u015fd\u0131r\u0131lmas\u0131na y\u00f6n\u0259lib"},"content":{"rendered":"<figure class=\"wp-block-image size-large\">\n  <img decoding=\"async\" src=\"https:\/\/www.meydan.tv\/az\/22800\/\" alt=\"\" class=\"wp-image-22800\"\/><figcaption><\/figcaption><\/figure>\n<p>\n  <i><br \/>\n    &#8221;<br \/>\n  <\/i>\n<\/p>\n<figure class=\"wp-block-image size-large\">\n  <img decoding=\"async\" src=\"https:\/\/www.meydan.tv\/az\/22800\/\" alt=\"\" class=\"wp-image-22800\"\/><figcaption><\/figcaption><\/figure>\n<p>\n  <i><br \/>\n    &#8220;Hakimiyy\u0259ti h\u00fcquq m\u00fcdaf\u0259\u00e7il\u0259rinin v\u0259 v\u0259t\u0259nda\u015f c\u0259miyy\u0259ti \u00fczvl\u0259rinin qorxu v\u0259 t\u0259qib olmadan \u00f6z qanuni f\u0259aliyy\u0259tini yerin\u0259 yetir\u0259 bilm\u0259sini t\u0259min etm\u0259y\u0259 \u00e7a\u011f\u0131r\u0131r\u0131q&#8221;<br \/>\n  <\/i>\n<\/p>\n<p>\n  Avropa Se\u00e7kil\u0259r\u0259 M\u00fc\u015fahid\u0259 \u00fczr\u0259 T\u0259\u015fkilatlar \u015e\u0259b\u0259k\u0259si (ENEMO) yenid\u0259n Az\u0259rbaycan h\u00f6kum\u0259tini Se\u00e7kil\u0259rin Monitorinqi v\u0259 Demokratiyan\u0131n T\u0259drisi M\u0259rk\u0259zinin r\u0259hb\u0259ri Anar M\u0259mm\u0259dlini azad etm\u0259y\u0259 \u00e7a\u011f\u0131r\u0131b.\n<\/p>\n<p>\n  A.M\u0259mm\u0259dlinin r\u0259hb\u0259rlik etdiyi t\u0259\u015fkilat \u00a02013-c\u00fc ild\u0259 Az\u0259rbaycanda ke\u00e7iril\u0259n prezident se\u00e7kil\u0259rini qeyri-demokratik v\u0259 \u0259dal\u0259tsiz qiym\u0259tl\u0259ndirdikdn sonra A.M\u0259mm\u0259dli 5,5 il m\u00fcdd\u0259tin\u0259 h\u0259bs olunub.\n<\/p>\n<p>\n  ENEMO hesab edir ki, A.M\u0259mm\u0259dli se\u00e7kil\u0259rin monitorinqi \u00fczr\u0259 tan\u0131nm\u0131\u015f beyn\u0259lxalq standartlara uy\u011fun olaraq qanuni i\u015f apar\u0131b. Odur ki, onun v\u0259 h\u0259mkarlar\u0131n\u0131n azdl\u0131qdan m\u0259hrum edilm\u0259si \u00fc\u00e7\u00fcn he\u00e7 bir qanuni \u0259sas yoxdur. Onlara qar\u015f\u0131 cinay\u0259t i\u015fi saxtala\u015fd\u0131r\u0131l\u0131b.\n<\/p>\n<p>\n  Az\u0259rbaycanda v\u0259t\u0259nda\u015f c\u0259miyy\u0259ti f\u0259allar\u0131n\u0131n h\u0259bsi \u00f6lk\u0259nin demokratik inki\u015faf\u0131na ciddi t\u0259hl\u00fck\u0259 yarad\u0131r. Son ill\u0259r \u00f6lk\u0259 hakimiyy\u0259ti v\u0259t\u0259nda\u015f c\u0259miy\u0259tinin f\u0259aliyy\u0259tini m\u00fcmk\u00fcns\u00fcz etm\u0259k \u00fc\u00e7\u00fcn qanunvericiliy\u0259 d\u00fcz\u0259li\u015fl\u0259r\u0259 \u0259l at\u0131b.\n<\/p>\n<p>\n  ENEMO hesab edir ki, bu h\u00fcquqi prosedurlar hakimiyy\u0259tin t\u0259nqidin\u0259 g\u00f6r\u0259 v\u0259t\u0259nda\u015f c\u0259miyy\u0259tinin s\u0131x\u0131\u015fd\u0131r\u0131lmas\u0131na y\u00f6n\u0259lib.\n<\/p>\n<p>\n  Az\u0259rbaycan hakimiyy\u0259ti indiy\u0259d\u0259k Avropa \u0130ttifaq\u0131 da daxil olmaqla, bir \u00e7ox beyn\u0259lxalq t\u0259\u015fkilat\u0131n A.M\u0259mm\u0259dlinin azad edilm\u0259sil\u0259 ba\u011fl\u0131 \u00e7oxsayl\u0131 m\u00fcraci\u0259tin\u0259 v\u0259 b\u0259yanatlar\u0131na m\u0259h\u0259l qoymay\u0131b. \u00a0\u00a0Amnesty International onu \u201cvicdan m\u0259hbusu\u201d kimi tan\u0131y\u0131b v\u0259 onun d\u0259rhal, \u015f\u0259rtsiz azad olunmas\u0131na \u00e7a\u011f\u0131r\u0131b.\n<\/p>\n<p>\n  \u201cENEMO Az\u0259rbaycan hakimiyy\u0259tini ona qar\u015f\u0131 ir\u0259li s\u00fcr\u00fcl\u0259n b\u00fct\u00fcn ittihamlar\u0131 g\u00f6t\u00fcrm\u0259y\u0259 \u00e7a\u011f\u0131r\u0131r. Biz Avropa \u0130ttifaq\u0131n\u0131, Avropa \u015euras\u0131n\u0131 v\u0259 dig\u0259r beyn\u0259lxalq t\u0259\u015fkilatlar\u0131 az\u0259rbaycanl\u0131 h\u00fcquq m\u00fcdaf\u0259\u00e7il\u0259rinin azadl\u0131qdan m\u0259hrum edilm\u0259sini q\u0259tiyy\u0259tl\u0259 pisl\u0259m\u0259y\u0259, yerli f\u0259allar\u0131n s\u0131x\u0131\u015fd\u0131r\u0131lmas\u0131na son qoyulmas\u0131, Avropa \u0130nsan h\u00fcquqlar\u0131 Konvensiyas\u0131 \u00e7\u0259r\u00e7iv\u0259sind\u0259 \u00f6z h\u00fcquqlar\u0131n\u0131 yerin\u0259 yetirm\u0259si \u00fc\u00e7\u00fcn Az\u0259rbaycan h\u00f6kum\u0259tin\u0259 t\u0259zyiq g\u00f6st\u0259rm\u0259y\u0259 \u00e7a\u011f\u0131r\u0131r\u0131q.\n<\/p>\n<p>\n  H\u0259m\u00e7inin hakimiyy\u0259ti h\u00fcquq m\u00fcdaf\u0259\u00e7il\u0259rinin v\u0259 v\u0259t\u0259nda\u015f c\u0259miyy\u0259ti \u00fczvl\u0259rinin qorxu v\u0259 t\u0259qib olmadan \u00f6z qanuni f\u0259aliyy\u0259tini yerin\u0259 yetir\u0259 bilm\u0259sini t\u0259min etm\u0259y\u0259 \u00e7a\u011f\u0131r\u0131r\u0131q\u201d, &#8211; b\u0259yanatda deyilir.\n<\/p>\n<p>\n  <i><br \/>\n    *ENEMO Avropa v\u0259 Asiyan\u0131n 17 \u00f6lk\u0259sind\u0259n 22 m\u00fcst\u0259qil QHT-ni birl\u0259\u015fdir\u0259n beyn\u0259lxalq \u015f\u0259b\u0259k\u0259dir. Qurum demokratik inki\u015faf\u0131 v\u0259 v\u0259t\u0259nda\u015flar\u0131n siyasi prosesl\u0259rd\u0259 i\u015ftirak\u0131n\u0131 d\u0259st\u0259kl\u0259yir.<br \/>\n  <\/i><\/p>\n","protected":false},"excerpt":{"rendered":"<p>&#8220;Hakimiyy\u0259ti h\u00fcquq m\u00fcdaf\u0259\u00e7il\u0259rinin v\u0259 v\u0259t\u0259nda\u015f c\u0259miyy\u0259ti \u00fczvl\u0259rinin qorxu v\u0259 t\u0259qib olmadan \u00f6z qanuni f\u0259aliyy\u0259tini yerin\u0259 yetir\u0259 bilm\u0259sini t\u0259min etm\u0259y\u0259 \u00e7a\u011f\u0131r\u0131r\u0131q&#8221;<\/p>\n","protected":false},"author":11,"featured_media":22800,"comment_status":"closed","ping_status":"open","sticky":false,"template":"","format":"standard","meta":{"_acf_changed":false,"_sitemap_exclude":false,"_sitemap_priority":"","_sitemap_frequency":"","footnotes":""},"categories":[56],"tags":[],"class_list":["post-167565","post","type-post","status-publish","format-standard","has-post-thumbnail","hentry","category-xeberler","infinite-scroll-item","generate-columns","tablet-grid-50","mobile-grid-100","grid-parent","grid-33","no-featured-image-padding"],"acf":[],"yoast_head":"<!-- This site is optimized with the Yoast SEO plugin v28.4 - https:\/\/yoast.com\/product\/yoast-seo-wordpress\/ -->\n<title>ENEMO: H\u00fcquqi prosedurlar v\u0259t\u0259nda\u015f c\u0259miyy\u0259tinin s\u0131x\u0131\u015fd\u0131r\u0131lmas\u0131na y\u00f6n\u0259lib - MEYDAN.TV<\/title>\n<meta name=\"robots\" content=\"index, follow, max-snippet:-1, max-image-preview:large, max-video-preview:-1\" \/>\n<link rel=\"canonical\" href=\"https:\/\/www.meydan.tv\/az\/article\/enemo-huquqi-prosedurlar-vetendas-cemiyyetinin-sixisdirilmasina-yonelib\/\" \/>\n<meta property=\"og:locale\" content=\"az_AZ\" \/>\n<meta property=\"og:type\" content=\"article\" \/>\n<meta property=\"og:title\" content=\"ENEMO: H\u00fcquqi prosedurlar v\u0259t\u0259nda\u015f c\u0259miyy\u0259tinin s\u0131x\u0131\u015fd\u0131r\u0131lmas\u0131na y\u00f6n\u0259lib - MEYDAN.TV\" \/>\n<meta property=\"og:description\" content=\"&quot;Hakimiyy\u0259ti h\u00fcquq m\u00fcdaf\u0259\u00e7il\u0259rinin v\u0259 v\u0259t\u0259nda\u015f c\u0259miyy\u0259ti \u00fczvl\u0259rinin qorxu v\u0259 t\u0259qib olmadan \u00f6z qanuni f\u0259aliyy\u0259tini yerin\u0259 yetir\u0259 bilm\u0259sini t\u0259min etm\u0259y\u0259 \u00e7a\u011f\u0131r\u0131r\u0131q&quot;\" \/>\n<meta property=\"og:url\" content=\"https:\/\/www.meydan.tv\/az\/article\/enemo-huquqi-prosedurlar-vetendas-cemiyyetinin-sixisdirilmasina-yonelib\/\" \/>\n<meta property=\"og:site_name\" content=\"MEYDAN.TV\" \/>\n<meta property=\"article:published_time\" content=\"2015-04-15T16:16:19+00:00\" \/>\n<meta property=\"og:image\" content=\"https:\/\/www.meydan.tv\/wp-content\/uploads\/8278.jpg\" \/>\n\t<meta property=\"og:image:width\" content=\"400\" \/>\n\t<meta property=\"og:image:height\" content=\"172\" \/>\n\t<meta property=\"og:image:type\" content=\"image\/jpeg\" \/>\n<meta name=\"twitter:card\" content=\"summary_large_image\" \/>\n<!-- \/ Yoast SEO plugin. -->","yoast_head_json":{"title":"ENEMO: H\u00fcquqi prosedurlar v\u0259t\u0259nda\u015f c\u0259miyy\u0259tinin s\u0131x\u0131\u015fd\u0131r\u0131lmas\u0131na y\u00f6n\u0259lib - MEYDAN.TV","robots":{"index":"index","follow":"follow","max-snippet":"max-snippet:-1","max-image-preview":"max-image-preview:large","max-video-preview":"max-video-preview:-1"},"canonical":"https:\/\/www.meydan.tv\/az\/article\/enemo-huquqi-prosedurlar-vetendas-cemiyyetinin-sixisdirilmasina-yonelib\/","og_locale":"az_AZ","og_type":"article","og_title":"ENEMO: H\u00fcquqi prosedurlar v\u0259t\u0259nda\u015f c\u0259miyy\u0259tinin s\u0131x\u0131\u015fd\u0131r\u0131lmas\u0131na y\u00f6n\u0259lib - MEYDAN.TV","og_description":"\"Hakimiyy\u0259ti h\u00fcquq m\u00fcdaf\u0259\u00e7il\u0259rinin v\u0259 v\u0259t\u0259nda\u015f c\u0259miyy\u0259ti \u00fczvl\u0259rinin qorxu v\u0259 t\u0259qib olmadan \u00f6z qanuni f\u0259aliyy\u0259tini yerin\u0259 yetir\u0259 bilm\u0259sini t\u0259min etm\u0259y\u0259 \u00e7a\u011f\u0131r\u0131r\u0131q\"","og_url":"https:\/\/www.meydan.tv\/az\/article\/enemo-huquqi-prosedurlar-vetendas-cemiyyetinin-sixisdirilmasina-yonelib\/","og_site_name":"MEYDAN.TV","article_published_time":"2015-04-15T16:16:19+00:00","og_image":[{"width":400,"height":172,"url":"https:\/\/www.meydan.tv\/wp-content\/uploads\/8278.jpg","type":"image\/jpeg"}],"twitter_card":"summary_large_image","schema":{"@context":"https:\/\/schema.org","@graph":[{"@type":"Article","@id":"https:\/\/www.meydan.tv\/az\/article\/enemo-huquqi-prosedurlar-vetendas-cemiyyetinin-sixisdirilmasina-yonelib\/#article","isPartOf":{"@id":"https:\/\/www.meydan.tv\/az\/article\/enemo-huquqi-prosedurlar-vetendas-cemiyyetinin-sixisdirilmasina-yonelib\/"},"author":{"name":"user-manager","@id":"https:\/\/www.meydan.tv\/az\/#\/schema\/person\/10d11eccf6da3662cf5fdab9806ea91a"},"headline":"ENEMO: H\u00fcquqi prosedurlar v\u0259t\u0259nda\u015f c\u0259miyy\u0259tinin s\u0131x\u0131\u015fd\u0131r\u0131lmas\u0131na y\u00f6n\u0259lib","datePublished":"2015-04-15T16:16:19+00:00","mainEntityOfPage":{"@id":"https:\/\/www.meydan.tv\/az\/article\/enemo-huquqi-prosedurlar-vetendas-cemiyyetinin-sixisdirilmasina-yonelib\/"},"wordCount":534,"publisher":{"@id":"https:\/\/www.meydan.tv\/az\/#organization"},"image":{"@id":"https:\/\/www.meydan.tv\/az\/article\/enemo-huquqi-prosedurlar-vetendas-cemiyyetinin-sixisdirilmasina-yonelib\/#primaryimage"},"thumbnailUrl":"https:\/\/www.meydan.tv\/wp-content\/uploads\/8278.jpg","articleSection":["X\u0259b\u0259rl\u0259r"],"inLanguage":"az"},{"@type":"WebPage","@id":"https:\/\/www.meydan.tv\/az\/article\/enemo-huquqi-prosedurlar-vetendas-cemiyyetinin-sixisdirilmasina-yonelib\/","url":"https:\/\/www.meydan.tv\/az\/article\/enemo-huquqi-prosedurlar-vetendas-cemiyyetinin-sixisdirilmasina-yonelib\/","name":"ENEMO: H\u00fcquqi prosedurlar v\u0259t\u0259nda\u015f c\u0259miyy\u0259tinin s\u0131x\u0131\u015fd\u0131r\u0131lmas\u0131na y\u00f6n\u0259lib - MEYDAN.TV","isPartOf":{"@id":"https:\/\/www.meydan.tv\/az\/#website"},"primaryImageOfPage":{"@id":"https:\/\/www.meydan.tv\/az\/article\/enemo-huquqi-prosedurlar-vetendas-cemiyyetinin-sixisdirilmasina-yonelib\/#primaryimage"},"image":{"@id":"https:\/\/www.meydan.tv\/az\/article\/enemo-huquqi-prosedurlar-vetendas-cemiyyetinin-sixisdirilmasina-yonelib\/#primaryimage"},"thumbnailUrl":"https:\/\/www.meydan.tv\/wp-content\/uploads\/8278.jpg","datePublished":"2015-04-15T16:16:19+00:00","breadcrumb":{"@id":"https:\/\/www.meydan.tv\/az\/article\/enemo-huquqi-prosedurlar-vetendas-cemiyyetinin-sixisdirilmasina-yonelib\/#breadcrumb"},"inLanguage":"az","potentialAction":[{"@type":"ReadAction","target":["https:\/\/www.meydan.tv\/az\/article\/enemo-huquqi-prosedurlar-vetendas-cemiyyetinin-sixisdirilmasina-yonelib\/"]}]},{"@type":"ImageObject","inLanguage":"az","@id":"https:\/\/www.meydan.tv\/az\/article\/enemo-huquqi-prosedurlar-vetendas-cemiyyetinin-sixisdirilmasina-yonelib\/#primaryimage","url":"https:\/\/www.meydan.tv\/wp-content\/uploads\/8278.jpg","contentUrl":"https:\/\/www.meydan.tv\/wp-content\/uploads\/8278.jpg","width":400,"height":172,"caption":"Source:"},{"@type":"BreadcrumbList","@id":"https:\/\/www.meydan.tv\/az\/article\/enemo-huquqi-prosedurlar-vetendas-cemiyyetinin-sixisdirilmasina-yonelib\/#breadcrumb","itemListElement":[{"@type":"ListItem","position":1,"name":"Ana s\u0259hif\u0259","item":"https:\/\/www.meydan.tv\/az\/"},{"@type":"ListItem","position":2,"name":"X\u0259b\u0259rl\u0259r","item":"https:\/\/www.meydan.tv\/az\/section\/xeberler\/"},{"@type":"ListItem","position":3,"name":"ENEMO: H\u00fcquqi prosedurlar v\u0259t\u0259nda\u015f c\u0259miyy\u0259tinin s\u0131x\u0131\u015fd\u0131r\u0131lmas\u0131na y\u00f6n\u0259lib"}]},{"@type":"WebSite","@id":"https:\/\/www.meydan.tv\/az\/#website","url":"https:\/\/www.meydan.tv\/az\/","name":"MEYDAN.TV","description":"Meydan TV Az\u0259rbaycan\u0131n media m\u0259kan\u0131ndak\u0131 alternativ s\u0259sidir","publisher":{"@id":"https:\/\/www.meydan.tv\/az\/#organization"},"potentialAction":[{"@type":"SearchAction","target":{"@type":"EntryPoint","urlTemplate":"https:\/\/www.meydan.tv\/az\/?s={search_term_string}"},"query-input":{"@type":"PropertyValueSpecification","valueRequired":true,"valueName":"search_term_string"}}],"inLanguage":"az"},{"@type":"Organization","@id":"https:\/\/www.meydan.tv\/az\/#organization","name":"Meydan TV","url":"https:\/\/www.meydan.tv\/az\/","logo":{"@type":"ImageObject","inLanguage":"az","@id":"https:\/\/www.meydan.tv\/az\/#\/schema\/logo\/image\/","url":"https:\/\/www.meydan.tv\/wp-content\/uploads\/2021\/07\/meydan-logo.svg","contentUrl":"https:\/\/www.meydan.tv\/wp-content\/uploads\/2021\/07\/meydan-logo.svg","width":195,"height":46,"caption":"Meydan TV"},"image":{"@id":"https:\/\/www.meydan.tv\/az\/#\/schema\/logo\/image\/"}},{"@type":"Person","@id":"https:\/\/www.meydan.tv\/az\/#\/schema\/person\/10d11eccf6da3662cf5fdab9806ea91a","name":"user-manager"}]}},"_links":{"self":[{"href":"https:\/\/www.meydan.tv\/az\/wp-json\/wp\/v2\/posts\/167565","targetHints":{"allow":["GET"]}}],"collection":[{"href":"https:\/\/www.meydan.tv\/az\/wp-json\/wp\/v2\/posts"}],"about":[{"href":"https:\/\/www.meydan.tv\/az\/wp-json\/wp\/v2\/types\/post"}],"author":[{"embeddable":true,"href":"https:\/\/www.meydan.tv\/az\/wp-json\/wp\/v2\/users\/11"}],"replies":[{"embeddable":true,"href":"https:\/\/www.meydan.tv\/az\/wp-json\/wp\/v2\/comments?post=167565"}],"version-history":[{"count":0,"href":"https:\/\/www.meydan.tv\/az\/wp-json\/wp\/v2\/posts\/167565\/revisions"}],"wp:featuredmedia":[{"embeddable":true,"href":"https:\/\/www.meydan.tv\/az\/wp-json\/wp\/v2\/media\/22800"}],"wp:attachment":[{"href":"https:\/\/www.meydan.tv\/az\/wp-json\/wp\/v2\/media?parent=167565"}],"wp:term":[{"taxonomy":"category","embeddable":true,"href":"https:\/\/www.meydan.tv\/az\/wp-json\/wp\/v2\/categories?post=167565"},{"taxonomy":"post_tag","embeddable":true,"href":"https:\/\/www.meydan.tv\/az\/wp-json\/wp\/v2\/tags?post=167565"}],"curies":[{"name":"wp","href":"https:\/\/api.w.org\/{rel}","templated":true}]}}