{"id":167564,"date":"2015-04-15T06:13:07","date_gmt":"2015-04-15T06:13:07","guid":{"rendered":"https:\/\/www.meydan.tv\/article\/yanan-binanin-sakinleri-aksiya-kecire-biler\/"},"modified":"2015-04-15T06:13:07","modified_gmt":"2015-04-15T06:13:07","slug":"yanan-binanin-sakinleri-aksiya-kecire-biler","status":"publish","type":"post","link":"https:\/\/www.meydan.tv\/az\/article\/yanan-binanin-sakinleri-aksiya-kecire-biler\/","title":{"rendered":"Yanan binan\u0131n sakinl\u0259ri aksiya ke\u00e7ir\u0259 bil\u0259r"},"content":{"rendered":"<figure class=\"wp-block-image size-large\">\n  <img decoding=\"async\" src=\"https:\/\/www.meydan.tv\/az\/22757\/\" alt=\"\" class=\"wp-image-22757\"\/><figcaption><\/figcaption><\/figure>\n<p>\n  <b><br \/>\n    Hadis\u0259d\u0259n \u0259vv\u0259l ba\u015fqa bir yan\u011f\u0131n\u0131n da qar\u015f\u0131s\u0131 al\u0131n\u0131b<br \/>\n  <\/b>\n<\/p>\n<p>\n  Aprelin 10-da Z\u0131\u011f yolu 16 \u00fcnvanda ba\u015f vermi\u015f yan\u011f\u0131n n\u0259tic\u0259sind\u0259 onlarla m\u0259nzil yarars\u0131z hala d\u00fc\u015f\u00fcb. Bir ne\u00e7\u0259 g\u00fcn \u00f6nc\u0259 bu binan\u0131 b\u0259z\u0259y\u0259n pinaplast fasaddan art\u0131q he\u00e7 bir \u0259s\u0259r-\u0259lam\u0259t qalmay\u0131b. Yan\u011f\u0131ndan sonra binan\u0131n k\u00fcl r\u0259ngini ya\u015f\u0131l tor gizl\u0259dir. \u201cBir g\u00fcn ke\u00e7m\u0259di binan\u0131n \u00fcz\u00fcn\u00fc \u00f6rtd\u00fcl\u0259r ki, bird\u0259n prezident g\u0259l\u0259r, binan\u0131 bu halda g\u00f6r\u0259r\u201d \u2013 dey\u0259 bina sakinl\u0259rind\u0259n biri giley etdi.\n<\/p>\n<p>\n  \u201cEvd\u0259 h\u0259r \u015fey yan\u0131b k\u00fcl olub. M\u0259nzild\u0259 t\u0259mir i\u015fl\u0259ri yeni qurtarm\u0131\u015fd\u0131. Atam \u00f6z\u00fc t\u0259mir etmi\u015fdi evi. Evd\u0259 mobil telefonumad\u0259k h\u0259r \u015fey yan\u0131b. 500 manat verm\u0259kl\u0259 i\u015f bitmir ki! Evd\u0259 yanan bu q\u0259d\u0259r \u0259\u015fyan\u0131, t\u0259miri m\u0259n\u0259 qaytaracaqlar?! Camaat he\u00e7 n\u0259 dem\u0259sin dey\u0259, bir g\u00fcn ke\u00e7m\u0259di ki, g\u0259lib ham\u0131ya 500 manat verib, \u00e7\u0131x\u0131b getdil\u0259r\u201d \u2013 deyir, binan\u0131n 5-ci m\u0259rt\u0259b\u0259sind\u0259 ya\u015fayan G\u00fcn\u0259\u015f M\u0259mm\u0259dova.\n<\/p>\n<p>\n  Qad\u0131n\u0131n s\u00f6zl\u0259rin\u0259 g\u00f6r\u0259, 14 il ya\u015fad\u0131\u011f\u0131 m\u0259nzild\u0259 yan\u011f\u0131ndan sonra he\u00e7 bir saat da qalmaq m\u00fcmk\u00fcn deyil. M\u0259nzilin p\u0259nc\u0259r\u0259l\u0259ri q\u0131r\u0131l\u0131b, a\u011f tavan qara r\u0259ng\u0259 boyan\u0131b, \u00e7arpay\u0131, divan, dekorativ g\u00fcll\u0259r v\u0259 s. kimi \u0259\u015fyalar art\u0131q yarars\u0131z bi tullant\u0131ya \u00e7evrilib: \u201c\u00d6z\u00fc d\u0259 ev \u00fc\u00e7\u00fcn n\u0259 laz\u0131md\u0131rsa, ham\u0131s\u0131n\u0131n \u0259n yax\u015f\u0131s\u0131n\u0131 al\u0131b qoymu\u015fdum. Art\u0131q he\u00e7 n\u0259 yoxdur. \u018fynimiz\u0259 geyinm\u0259y\u0259 paltar bel\u0259 qalmay\u0131b. El\u0259 bilirl\u0259r 500 manatla h\u0259r i\u015f d\u00fcz\u0259lir. Yolda\u015f\u0131m \u0259lacs\u0131z qal\u0131b, gedib bu g\u00fcn h\u0259min puldan bir az g\u00f6t\u00fcr\u00fcb, paltar al\u0131b\u201d \u2013 dey\u0259n G.M\u0259mm\u0259dova veril\u0259n bu m\u0259bl\u0259\u011fi yem\u0259y\u0259, geyim\u0259, yoxsa ba\u015fqa bir m\u0259nzild\u0259 kiray\u0259 qalaca\u011f\u0131na s\u0259rf ed\u0259c\u0259yini bilm\u0259diyini deyir.\n<\/p>\n<figure class=\"wp-block-image size-large\">\n  <img decoding=\"async\" src=\"https:\/\/www.meydan.tv\/az\/22754\/\" alt=\"\" class=\"wp-image-22754\"\/><figcaption><\/figcaption><\/figure>\n<p>\n  <b><br \/>\n    \u201cBu d\u0259f\u0259 m\u0259nzill\u0259rimiz yand\u0131, g\u0259l\u0259n d\u0259f\u0259 d\u0259 biz yanmal\u0131y\u0131q?\u201d<br \/>\n  <\/b>\n<\/p>\n<p>\n  Sakinl\u0259rin s\u00f6zl\u0259rin\u0259 g\u00f6r\u0259, bir ne\u00e7\u0259 m\u0259nzil d\u0259 var ki, yan\u011f\u0131n zaman\u0131 sahibl\u0259ri evd\u0259 olmay\u0131b. M\u0259rt\u0259b\u0259l\u0259ri qalxd\u0131qca, binan\u0131n ya\u015fl\u0131 sakinl\u0259rind\u0259n biri bizi qar\u015f\u0131layaraq, evini g\u00f6st\u0259rm\u0259y\u0259 \u00e7a\u011f\u0131r\u0131r.\n<\/p>\n<p>\n  Surxay Musayev 7-ci m\u0259rt\u0259b\u0259d\u0259 yerl\u0259\u015f\u0259n m\u0259nzilini g\u00f6st\u0259rir: \u201cBax\u0131n. H\u00fcnd\u00fcr m\u0259rt\u0259b\u0259li binalarda ad\u0259t\u0259n yan\u011f\u0131n olan zaman xilas olmaq \u00fc\u015f\u00fcn \u00e7\u00f6l t\u0259r\u0259fd\u0259n pill\u0259kanlar da tikirl\u0259r. Bu fasad\u0131 g\u0259lib tik\u0259nl\u0259r is\u0259 xilasedici pill\u0259kanlar\u0131 da ba\u011flay\u0131rlar. Ona g\u00f6r\u0259 bu yan\u011f\u0131nda g\u0259l\u0259n yan\u011f\u0131ns\u00f6nd\u00fcr\u0259nl\u0259r \u00fcmumi pill\u0259kanlar\u0131ndan istifad\u0259 edirdil\u0259r. Bel\u0259 d\u0259 i\u015f olar? Bunlara deyirs\u0259n, ay m\u00fcs\u0259lman, olmaz bel\u0259. Bu fasad yan\u011f\u0131nda tez al\u0131\u015f\u0131b, yan\u0131r. Bizi \u00f6ld\u00fcrm\u0259kmi ist\u0259yirsiniz? Deyirl\u0259r ki, bu, bizim memar\u0131m\u0131z\u0131n q\u0259rar\u0131d\u0131r v\u0259 bel\u0259 olmal\u0131d\u0131r\u201d.<br \/>\n  <br \/>\n  \u201cM\u0259tb\u0259xd\u0259n p\u0259nc\u0259r\u0259nin qar\u015f\u0131s\u0131n\u0131 al\u0131blar, otaqdan da dig\u0259r p\u0259nc\u0259r\u0259nin qar\u015f\u0131s\u0131na fasad \u00e7\u0259kilib. Biz n\u0259f\u0259s almal\u0131y\u0131q bu evd\u0259, ya yox?\u201d \u2013 dey\u0259 S.Musayev bildirir.\n<\/p>\n<figure class=\"wp-block-image size-large\">\n  <img decoding=\"async\" src=\"https:\/\/www.meydan.tv\/az\/22760\/\" alt=\"\" class=\"wp-image-22760\"\/><figcaption><\/figcaption><\/figure>\n<p>\n  Sakinl\u0259rin s\u00f6zl\u0259rin\u0259 g\u00f6r\u0259, yan\u011f\u0131ndan bir ne\u00e7\u0259 g\u00fcn \u00f6nc\u0259 dig\u0259r bir yan\u011f\u0131n\u0131n da qar\u015f\u0131s\u0131 al\u0131n\u0131b: \u201cBe\u015f-on g\u00fcn \u0259vv\u0259l penoplast\u0131n qal\u0131qlar\u0131 vard\u0131. Haradansa od d\u00fc\u015fm\u00fc\u015fd\u00fc, t\u0259sad\u00fcf\u0259n h\u0259y\u0259t\u0259 d\u00fc\u015f\u0259nd\u0259 g\u00f6rd\u00fcm ki, yoldan ke\u00e7\u0259n insanlar yan\u011f\u0131n\u0131 s\u00f6nd\u00fcr\u00fcbl\u0259r. Buna baxmayaraq, bu qal\u0131qlar\u0131 f\u0259hl\u0259l\u0259r yen\u0259 d\u0259 h\u0259y\u0259td\u0259n y\u0131\u011f\u0131\u015fd\u0131rmad\u0131lar. Ancaq ay\u0131n 10-dan sonra g\u00f6rd\u00fck ki, h\u0259y\u0259ti y\u0131\u011f\u0131\u015fd\u0131r\u0131blar\u201d \u2013 dey\u0259n Lal\u0259 xan\u0131m v\u0259 dig\u0259r sakinl\u0259r bildirdil\u0259r ki, icra hakimiyy\u0259ti yenid\u0259n binaya eyni fasad \u00e7\u0259k\u0259rs\u0259, bunun qar\u015f\u0131s\u0131n\u0131 alacaqlar: \u201c\u00d6vladlar\u0131m\u0131z art\u0131q yet\u0259rinc\u0259 psixoloji travma al\u0131blar bu yan\u011f\u0131ndan. \u0130mkan verm\u0259rik ki, yenid\u0259n eyni fasad\u0131 \u00e7\u0259ksinl\u0259r. Bu d\u0259f\u0259 m\u0259nzill\u0259rimiz yand\u0131, g\u0259l\u0259n d\u0259f\u0259 d\u0259 biz yanmal\u0131y\u0131q?\u201d<br \/>\n  <br \/>\n  Sakinl\u0259rl\u0259 s\u00f6hb\u0259t zaman\u0131 m\u0259lum oldu ki, binaya yeni fasad \u00e7\u0259k\u0259n ustalar elektrikd\u0259n istifad\u0259 edirmi\u015fl\u0259r, istifad\u0259 etdikl\u0259ri elektrik naqill\u0259rinin \u00fcst\u00fc is\u0259 a\u00e7\u0131q olub. Bina sakinl\u0259ri deyir ki, naqill\u0259rin \u00fcst\u00fca\u00e7\u0131q olmas\u0131n\u0131n t\u0259hl\u00fck\u0259li oldu\u011fu haqda ustalar\u0131 x\u0259b\u0259rdar ets\u0259l\u0259r d\u0259, h\u0259tta onlara yeni elektrik naqill\u0259ri vers\u0259l\u0259r d\u0259, ustalar yen\u0259 d\u0259 \u00fcst\u00fca\u00e7\u0131q naqill\u0259rd\u0259n istifad\u0259 edibl\u0259r: \u201cVerdiyimiz yeni naqill\u0259ri is\u0259 n\u0259zar\u0259t\u00e7i \u00f6z\u00fcn\u0259 g\u00f6t\u00fcr\u00fcb&#8230;\u201d \u2013 dey\u0259 S.Musayev bildirdi.\n<\/p>\n<figure class=\"wp-block-image size-large\">\n  <img decoding=\"async\" src=\"https:\/\/www.meydan.tv\/az\/22763\/\" alt=\"\" class=\"wp-image-22763\"\/><figcaption><\/figcaption><\/figure>\n<p>\n  Bundan ba\u015fqa, bina sakinl\u0259ri deyir ki, yan\u011f\u0131n s\u00f6nd\u00fcr\u0259n ma\u015f\u0131nlar g\u0259l\u0259rk\u0259n iki ma\u015f\u0131nda su olmay\u0131b.\n<\/p>\n<p>\n  H\u0259tta onu da deyirl\u0259r ki, h\u0259r hans\u0131 bir t\u0259dbir g\u00f6r\u00fclm\u0259s\u0259, F\u00f6vq\u0259lad\u0259 Hallar Nazirliyinin qar\u015f\u0131s\u0131nda aksiya ke\u00e7ir\u0259c\u0259kl\u0259r: \u201cBir h\u0259ft\u0259 vaxt veririk ki, d\u00fc\u015fd\u00fcy\u00fcm\u00fcz bu durumla ba\u011fl\u0131 biz\u0259 k\u00f6m\u0259klik g\u00f6st\u0259rsinl\u0259r\u201d.\n<\/p>\n<p>\n  S\u00f6z\u00fcged\u0259n binada yan\u011f\u0131n bir-iki d\u0259qiq\u0259 \u0259rzind\u0259 yan\u011f\u0131 a\u015fa\u011f\u0131 m\u0259rt\u0259b\u0259l\u0259rd\u0259n yuxar\u0131ya q\u0259d\u0259r qalx\u0131b. Sakinl\u0259r deyir ki, \u0259razi d\u00f6rd t\u0259r\u0259fd\u0259n d\u0259 penoplasta \u201ch\u0259bs\u201d edils\u0259ydi, hal-haz\u0131rda binadan he\u00e7 bir \u0259s\u0259r-\u0259lam\u0259t qalmazd\u0131. \u201cBizim yen\u0259 b\u0259xtimiz g\u0259tirib. Yan\u0131m\u0131zda bir bina var ki, ona d\u00f6rd t\u0259r\u0259fd\u0259n d\u0259 fasad \u00e7\u0259kilib. Orada ya\u015fayanlar diri \u00f6l\u00fcd\u00fcrl\u0259r. D\u00fc\u015f\u00fcn\u00fcn, h\u0259l\u0259 bu yan\u011f\u0131n gec\u0259, ham\u0131 yatan vaxt\u0131 ba\u015f vers\u0259ydi, n\u0259l\u0259r olard\u0131?\u201d \u2013 dey\u0259 G\u00fcn\u0259\u015f M\u0259mm\u0259dova bildirdi.<br \/>\n  <br \/>\n  X\u0259tai rayon \u0130cra Hakimiyy\u0259tinin ba\u015f\u00e7\u0131s\u0131 Razim M\u0259mm\u0259dov APA-ya deyib ki, binada 107 m\u0259nzil var: &#8220;Burda 408 n\u0259f\u0259r ya\u015fay\u0131r. Haz\u0131rda ne\u00e7\u0259 m\u0259nzil\u0259 ziyan d\u0259ydiyi d\u0259qiql\u0259\u015fm\u0259yib. Bu d\u0259qiql\u0259\u015fm\u0259 apar\u0131landan sonra kompensasiya m\u0259s\u0259l\u0259sin\u0259 d\u0259 bax\u0131lacaq&#8221;.\n<\/p>\n<figure class=\"wp-block-image size-large\">\n  <img decoding=\"async\" src=\"https:\/\/www.meydan.tv\/az\/22766\/\" alt=\"\" class=\"wp-image-22766\"\/><figcaption><\/figcaption><\/figure>\n<figure class=\"wp-block-image size-large\">\n  <img decoding=\"async\" src=\"https:\/\/www.meydan.tv\/az\/22770\/\" alt=\"\" class=\"wp-image-22770\"\/><figcaption><\/figcaption><\/figure>\n<figure class=\"wp-block-image size-large\">\n  <img decoding=\"async\" src=\"https:\/\/www.meydan.tv\/az\/22773\/\" alt=\"\" class=\"wp-image-22773\"\/><figcaption><\/figcaption><\/figure>\n<figure class=\"wp-block-image size-large\">\n  <img decoding=\"async\" src=\"https:\/\/www.meydan.tv\/az\/22769\/\" alt=\"\" class=\"wp-image-22769\"\/><figcaption><\/figcaption><\/figure>\n<figure class=\"wp-block-image size-large\">\n  <img decoding=\"async\" src=\"https:\/\/www.meydan.tv\/az\/22776\/\" alt=\"\" class=\"wp-image-22776\"\/><figcaption><\/figcaption><\/figure>\n<figure class=\"wp-block-image size-large\">\n  <img decoding=\"async\" src=\"https:\/\/www.meydan.tv\/az\/22779\/\" alt=\"\" class=\"wp-image-22779\"\/><figcaption><\/figcaption><\/figure>\n<figure class=\"wp-block-image size-large\">\n  <img decoding=\"async\" src=\"https:\/\/www.meydan.tv\/az\/22782\/\" alt=\"\" class=\"wp-image-22782\"\/><figcaption><\/figcaption><\/figure>\n<figure class=\"wp-block-image size-large\">\n  <img decoding=\"async\" src=\"https:\/\/www.meydan.tv\/az\/22785\/\" alt=\"\" class=\"wp-image-22785\"\/><figcaption><\/figcaption><\/figure>\n<figure class=\"wp-block-image size-large\">\n  <img decoding=\"async\" src=\"https:\/\/www.meydan.tv\/az\/22788\/\" alt=\"\" class=\"wp-image-22788\"\/><figcaption><\/figcaption><\/figure>\n","protected":false},"excerpt":{"rendered":"<p>Hadis\u0259d\u0259n \u0259vv\u0259l ba\u015fqa bir yan\u011f\u0131n\u0131n da qar\u015f\u0131s\u0131 al\u0131n\u0131b<\/p>\n","protected":false},"author":11,"featured_media":22757,"comment_status":"closed","ping_status":"open","sticky":false,"template":"","format":"standard","meta":{"_acf_changed":false,"_sitemap_exclude":false,"_sitemap_priority":"","_sitemap_frequency":"","footnotes":""},"categories":[56],"tags":[],"class_list":["post-167564","post","type-post","status-publish","format-standard","has-post-thumbnail","hentry","category-xeberler","infinite-scroll-item","generate-columns","tablet-grid-50","mobile-grid-100","grid-parent","grid-33","no-featured-image-padding"],"acf":[],"yoast_head":"<!-- This site is optimized with the Yoast SEO plugin v28.4 - https:\/\/yoast.com\/product\/yoast-seo-wordpress\/ -->\n<title>Yanan binan\u0131n sakinl\u0259ri aksiya ke\u00e7ir\u0259 bil\u0259r - MEYDAN.TV<\/title>\n<meta name=\"robots\" content=\"index, follow, max-snippet:-1, max-image-preview:large, max-video-preview:-1\" \/>\n<link rel=\"canonical\" href=\"https:\/\/www.meydan.tv\/az\/article\/yanan-binanin-sakinleri-aksiya-kecire-biler\/\" \/>\n<meta property=\"og:locale\" content=\"az_AZ\" \/>\n<meta property=\"og:type\" content=\"article\" \/>\n<meta property=\"og:title\" content=\"Yanan binan\u0131n sakinl\u0259ri aksiya ke\u00e7ir\u0259 bil\u0259r - MEYDAN.TV\" \/>\n<meta property=\"og:description\" content=\"Hadis\u0259d\u0259n \u0259vv\u0259l ba\u015fqa bir yan\u011f\u0131n\u0131n da qar\u015f\u0131s\u0131 al\u0131n\u0131b\" \/>\n<meta property=\"og:url\" content=\"https:\/\/www.meydan.tv\/az\/article\/yanan-binanin-sakinleri-aksiya-kecire-biler\/\" \/>\n<meta property=\"og:site_name\" content=\"MEYDAN.TV\" \/>\n<meta property=\"article:published_time\" content=\"2015-04-15T06:13:07+00:00\" \/>\n<meta property=\"og:image\" content=\"https:\/\/www.meydan.tv\/wp-content\/uploads\/8260.jpg\" \/>\n\t<meta property=\"og:image:width\" content=\"1500\" \/>\n\t<meta property=\"og:image:height\" content=\"1055\" \/>\n\t<meta property=\"og:image:type\" content=\"image\/jpeg\" \/>\n<meta name=\"twitter:card\" content=\"summary_large_image\" \/>\n<!-- \/ Yoast SEO plugin. -->","yoast_head_json":{"title":"Yanan binan\u0131n sakinl\u0259ri aksiya ke\u00e7ir\u0259 bil\u0259r - MEYDAN.TV","robots":{"index":"index","follow":"follow","max-snippet":"max-snippet:-1","max-image-preview":"max-image-preview:large","max-video-preview":"max-video-preview:-1"},"canonical":"https:\/\/www.meydan.tv\/az\/article\/yanan-binanin-sakinleri-aksiya-kecire-biler\/","og_locale":"az_AZ","og_type":"article","og_title":"Yanan binan\u0131n sakinl\u0259ri aksiya ke\u00e7ir\u0259 bil\u0259r - MEYDAN.TV","og_description":"Hadis\u0259d\u0259n \u0259vv\u0259l ba\u015fqa bir yan\u011f\u0131n\u0131n da qar\u015f\u0131s\u0131 al\u0131n\u0131b","og_url":"https:\/\/www.meydan.tv\/az\/article\/yanan-binanin-sakinleri-aksiya-kecire-biler\/","og_site_name":"MEYDAN.TV","article_published_time":"2015-04-15T06:13:07+00:00","og_image":[{"width":1500,"height":1055,"url":"https:\/\/www.meydan.tv\/wp-content\/uploads\/8260.jpg","type":"image\/jpeg"}],"twitter_card":"summary_large_image","schema":{"@context":"https:\/\/schema.org","@graph":[{"@type":"Article","@id":"https:\/\/www.meydan.tv\/az\/article\/yanan-binanin-sakinleri-aksiya-kecire-biler\/#article","isPartOf":{"@id":"https:\/\/www.meydan.tv\/az\/article\/yanan-binanin-sakinleri-aksiya-kecire-biler\/"},"author":{"name":"user-manager","@id":"https:\/\/www.meydan.tv\/az\/#\/schema\/person\/10d11eccf6da3662cf5fdab9806ea91a"},"headline":"Yanan binan\u0131n sakinl\u0259ri aksiya ke\u00e7ir\u0259 bil\u0259r","datePublished":"2015-04-15T06:13:07+00:00","mainEntityOfPage":{"@id":"https:\/\/www.meydan.tv\/az\/article\/yanan-binanin-sakinleri-aksiya-kecire-biler\/"},"wordCount":1116,"publisher":{"@id":"https:\/\/www.meydan.tv\/az\/#organization"},"image":{"@id":"https:\/\/www.meydan.tv\/az\/article\/yanan-binanin-sakinleri-aksiya-kecire-biler\/#primaryimage"},"thumbnailUrl":"https:\/\/www.meydan.tv\/wp-content\/uploads\/8260.jpg","articleSection":["X\u0259b\u0259rl\u0259r"],"inLanguage":"az"},{"@type":"WebPage","@id":"https:\/\/www.meydan.tv\/az\/article\/yanan-binanin-sakinleri-aksiya-kecire-biler\/","url":"https:\/\/www.meydan.tv\/az\/article\/yanan-binanin-sakinleri-aksiya-kecire-biler\/","name":"Yanan binan\u0131n sakinl\u0259ri aksiya ke\u00e7ir\u0259 bil\u0259r - MEYDAN.TV","isPartOf":{"@id":"https:\/\/www.meydan.tv\/az\/#website"},"primaryImageOfPage":{"@id":"https:\/\/www.meydan.tv\/az\/article\/yanan-binanin-sakinleri-aksiya-kecire-biler\/#primaryimage"},"image":{"@id":"https:\/\/www.meydan.tv\/az\/article\/yanan-binanin-sakinleri-aksiya-kecire-biler\/#primaryimage"},"thumbnailUrl":"https:\/\/www.meydan.tv\/wp-content\/uploads\/8260.jpg","datePublished":"2015-04-15T06:13:07+00:00","breadcrumb":{"@id":"https:\/\/www.meydan.tv\/az\/article\/yanan-binanin-sakinleri-aksiya-kecire-biler\/#breadcrumb"},"inLanguage":"az","potentialAction":[{"@type":"ReadAction","target":["https:\/\/www.meydan.tv\/az\/article\/yanan-binanin-sakinleri-aksiya-kecire-biler\/"]}]},{"@type":"ImageObject","inLanguage":"az","@id":"https:\/\/www.meydan.tv\/az\/article\/yanan-binanin-sakinleri-aksiya-kecire-biler\/#primaryimage","url":"https:\/\/www.meydan.tv\/wp-content\/uploads\/8260.jpg","contentUrl":"https:\/\/www.meydan.tv\/wp-content\/uploads\/8260.jpg","width":1500,"height":1055,"caption":"Source:"},{"@type":"BreadcrumbList","@id":"https:\/\/www.meydan.tv\/az\/article\/yanan-binanin-sakinleri-aksiya-kecire-biler\/#breadcrumb","itemListElement":[{"@type":"ListItem","position":1,"name":"Ana s\u0259hif\u0259","item":"https:\/\/www.meydan.tv\/az\/"},{"@type":"ListItem","position":2,"name":"X\u0259b\u0259rl\u0259r","item":"https:\/\/www.meydan.tv\/az\/section\/xeberler\/"},{"@type":"ListItem","position":3,"name":"Yanan binan\u0131n sakinl\u0259ri aksiya ke\u00e7ir\u0259 bil\u0259r"}]},{"@type":"WebSite","@id":"https:\/\/www.meydan.tv\/az\/#website","url":"https:\/\/www.meydan.tv\/az\/","name":"MEYDAN.TV","description":"Meydan TV Az\u0259rbaycan\u0131n media m\u0259kan\u0131ndak\u0131 alternativ s\u0259sidir","publisher":{"@id":"https:\/\/www.meydan.tv\/az\/#organization"},"potentialAction":[{"@type":"SearchAction","target":{"@type":"EntryPoint","urlTemplate":"https:\/\/www.meydan.tv\/az\/?s={search_term_string}"},"query-input":{"@type":"PropertyValueSpecification","valueRequired":true,"valueName":"search_term_string"}}],"inLanguage":"az"},{"@type":"Organization","@id":"https:\/\/www.meydan.tv\/az\/#organization","name":"Meydan TV","url":"https:\/\/www.meydan.tv\/az\/","logo":{"@type":"ImageObject","inLanguage":"az","@id":"https:\/\/www.meydan.tv\/az\/#\/schema\/logo\/image\/","url":"https:\/\/www.meydan.tv\/wp-content\/uploads\/2021\/07\/meydan-logo.svg","contentUrl":"https:\/\/www.meydan.tv\/wp-content\/uploads\/2021\/07\/meydan-logo.svg","width":195,"height":46,"caption":"Meydan TV"},"image":{"@id":"https:\/\/www.meydan.tv\/az\/#\/schema\/logo\/image\/"}},{"@type":"Person","@id":"https:\/\/www.meydan.tv\/az\/#\/schema\/person\/10d11eccf6da3662cf5fdab9806ea91a","name":"user-manager"}]}},"_links":{"self":[{"href":"https:\/\/www.meydan.tv\/az\/wp-json\/wp\/v2\/posts\/167564","targetHints":{"allow":["GET"]}}],"collection":[{"href":"https:\/\/www.meydan.tv\/az\/wp-json\/wp\/v2\/posts"}],"about":[{"href":"https:\/\/www.meydan.tv\/az\/wp-json\/wp\/v2\/types\/post"}],"author":[{"embeddable":true,"href":"https:\/\/www.meydan.tv\/az\/wp-json\/wp\/v2\/users\/11"}],"replies":[{"embeddable":true,"href":"https:\/\/www.meydan.tv\/az\/wp-json\/wp\/v2\/comments?post=167564"}],"version-history":[{"count":0,"href":"https:\/\/www.meydan.tv\/az\/wp-json\/wp\/v2\/posts\/167564\/revisions"}],"wp:featuredmedia":[{"embeddable":true,"href":"https:\/\/www.meydan.tv\/az\/wp-json\/wp\/v2\/media\/22757"}],"wp:attachment":[{"href":"https:\/\/www.meydan.tv\/az\/wp-json\/wp\/v2\/media?parent=167564"}],"wp:term":[{"taxonomy":"category","embeddable":true,"href":"https:\/\/www.meydan.tv\/az\/wp-json\/wp\/v2\/categories?post=167564"},{"taxonomy":"post_tag","embeddable":true,"href":"https:\/\/www.meydan.tv\/az\/wp-json\/wp\/v2\/tags?post=167564"}],"curies":[{"name":"wp","href":"https:\/\/api.w.org\/{rel}","templated":true}]}}