{"id":167563,"date":"2015-04-15T14:49:24","date_gmt":"2015-04-15T14:49:24","guid":{"rendered":"https:\/\/www.meydan.tv\/article\/dogum-evlerinde-yoxlama-kecirilecek\/"},"modified":"2015-04-15T14:49:24","modified_gmt":"2015-04-15T14:49:24","slug":"dogum-evlerinde-yoxlama-kecirilecek","status":"publish","type":"post","link":"https:\/\/www.meydan.tv\/az\/article\/dogum-evlerinde-yoxlama-kecirilecek\/","title":{"rendered":"Do\u011fum evl\u0259rind\u0259 yoxlama ke\u00e7iril\u0259c\u0259k"},"content":{"rendered":"<figure class=\"wp-block-image size-large\">\n  <img decoding=\"async\" src=\"https:\/\/www.meydan.tv\/az\/22806\/\" alt=\"\" class=\"wp-image-22806\"\/><figcaption><\/figcaption><\/figure>\n<figure class=\"wp-block-image size-large\">\n  <img decoding=\"async\" src=\"https:\/\/www.meydan.tv\/az\/22806\/\" alt=\"\" class=\"wp-image-22806\"\/><figcaption><\/figcaption><\/figure>\n<p>\n  Ayd\u0131n Q\u0259dirov: &#8220;Biz anestezioloqun super m\u00fct\u0259x\u0259ssis olmas\u0131n\u0131 yoxlam\u0131r\u0131q&#8221;\n<\/p>\n<p>\n  S\u0259hiyy\u0259 Nazirliyi (SN) do\u011fum evl\u0259rind\u0259 anestezioloji-reanimatoloji xidm\u0259tin t\u0259\u015fkili v\u0259ziyy\u0259tini yoxlayacaq.\n<\/p>\n<p>\n  Bunu Trend-\u0259 SN-nin ba\u015f anestezioloq-reanimatoloqu, Sertifikasiya \u015euras\u0131n\u0131n \u0130xtisas Komissiyas\u0131n\u0131n s\u0259dri, \u0259m\u0259kdar h\u0259kim Ayd\u0131n Q\u0259dirov deyib.\n<\/p>\n<p>\n  Do\u011fum evl\u0259rinin h\u0259mi\u015f\u0259 SN-nin n\u0259zar\u0259tind\u0259 oldu\u011funu dey\u0259n ba\u015f m\u00fct\u0259x\u0259ssisin s\u00f6zl\u0259rin\u0259 g\u00f6r\u0259, m\u00fc\u0259ssis\u0259l\u0259rd\u0259 anestezioloji-reanimatoloji xidm\u0259tin t\u0259\u015fkili il\u0259 ba\u011fl\u0131 t\u0259hl\u00fck\u0259sizlik t\u0259dbirl\u0259rin\u0259 riay\u0259t olunma v\u0259ziyy\u0259tinin \u00f6yr\u0259nilm\u0259si \u00fc\u00e7\u00fcn daim yoxlamalar apar\u0131l\u0131r: \u201c\u0130ndi d\u0259 do\u011fum evl\u0259rini \u00f6yr\u0259n\u0259c\u0259yik. Biz anestezioloqun super m\u00fct\u0259x\u0259ssis olmas\u0131n\u0131 yoxlam\u0131r\u0131q. Yoxlama aparanda birinci n\u00f6vb\u0259d\u0259 texniki t\u0259minatla ba\u011fl\u0131 v\u0259ziyy\u0259ti \u00f6yr\u0259nirik. Anestezioloji \u015ftat m\u0259s\u0259l\u0259si normadad\u0131rm\u0131, g\u00fcnd\u0259lik idar\u0259etm\u0259 v\u0259 s. v\u0259ziyy\u0259t nec\u0259dir?\u201d\n<\/p>\n<p>\n  Ba\u015f m\u00fct\u0259x\u0259ssis qeyd edib ki, indiy\u0259d\u0259k apar\u0131lan yoxlamalar\u0131n n\u0259tic\u0259sin\u0259 g\u00f6r\u0259, m\u00fcasir d\u00f6vrd\u0259 tibb m\u00fc\u0259ssis\u0259l\u0259rind\u0259 anesteziologiya-reamanotologiya xidm\u0259tinin normal f\u0259aliyy\u0259ti \u00fc\u00e7\u00fcn laz\u0131mi maddi-texniki baza, kadrlar\u0131n professionall\u0131q s\u0259viyy\u0259si var.\n<\/p>\n<p>\n  A.Q\u0259dirov deyib ki, anestesioloji-reanimatoloji xidm\u0259td\u0259 birinci n\u00f6vb\u0259d\u0259 t\u0259hl\u00fck\u0259sizlik t\u0259dbirl\u0259rin\u0259 haz\u0131r olmaq laz\u0131md\u0131r.<\/p>\n<p>  Ba\u015f anestezioloq-reanimatoloqun s\u00f6zl\u0259rin\u0259 g\u00f6r\u0259, narkoz veril\u0259n zaman \u0259n t\u0259hl\u00fck\u0259li m\u0259s\u0259l\u0259 x\u0259st\u0259nin n\u0259f\u0259s almas\u0131 il\u0259 \u0259laq\u0259dard\u0131r: &#8220;\u00c7\u00fcnki narkoz veril\u0259nd\u0259 x\u0259st\u0259d\u0259 n\u0259f\u0259s s\u00fcni olaraq dayan\u0131r. Ona g\u00f6r\u0259 d\u0259 s\u00fcni t\u0259n\u0259f\u00fcss\u0259 haz\u0131r olmaq laz\u0131md\u0131r. N\u0259f\u0259si t\u0259min etm\u0259kd\u0259n \u00f6tr\u00fc is\u0259 m\u00fc\u0259ssis\u0259nin texniki t\u0259minat bazas\u0131 olmal\u0131d\u0131r. Tibb m\u00fc\u0259ssis\u0259sinin h\u0259r hans\u0131 t\u0259hl\u00fck\u0259nin qar\u015f\u0131s\u0131n\u0131 alma\u011fa qadir olan maddi-texniki bazas\u0131 olmal\u0131d\u0131r. \u018fg\u0259r yoxdursa, orda narkozun verilm\u0259si qada\u011fan edilir. B\u00fct\u00fcn \u0259m\u0259liyyat otaqlar\u0131nda n\u0259f\u0259s ver\u0259n s\u00fcni aparat var, ancaq onu x\u0259st\u0259y\u0259 vaxt\u0131nda qo\u015fmaq laz\u0131md\u0131r. Qaydaya g\u00f6r\u0259, yaln\u0131z t\u0259hl\u00fck\u0259sizlik t\u0259l\u0259bl\u0259ri \u00f6d\u0259nil\u0259n yerd\u0259 narkoz veril\u0259 bil\u0259r\u201d.<\/p>\n","protected":false},"excerpt":{"rendered":"<p>Ayd\u0131n Q\u0259dirov: &#8220;Biz anestezioloqun super m\u00fct\u0259x\u0259ssis olmas\u0131n\u0131 yoxlam\u0131r\u0131q&#8221;<\/p>\n","protected":false},"author":11,"featured_media":22806,"comment_status":"closed","ping_status":"open","sticky":false,"template":"","format":"standard","meta":{"_acf_changed":false,"_sitemap_exclude":false,"_sitemap_priority":"","_sitemap_frequency":"","footnotes":""},"categories":[56],"tags":[],"class_list":["post-167563","post","type-post","status-publish","format-standard","has-post-thumbnail","hentry","category-xeberler","infinite-scroll-item","generate-columns","tablet-grid-50","mobile-grid-100","grid-parent","grid-33","no-featured-image-padding"],"acf":[],"yoast_head":"<!-- This site is optimized with the Yoast SEO plugin v28.4 - https:\/\/yoast.com\/product\/yoast-seo-wordpress\/ -->\n<title>Do\u011fum evl\u0259rind\u0259 yoxlama ke\u00e7iril\u0259c\u0259k - MEYDAN.TV<\/title>\n<meta name=\"robots\" content=\"index, follow, max-snippet:-1, max-image-preview:large, max-video-preview:-1\" \/>\n<link rel=\"canonical\" href=\"https:\/\/www.meydan.tv\/az\/article\/dogum-evlerinde-yoxlama-kecirilecek\/\" \/>\n<meta property=\"og:locale\" content=\"az_AZ\" \/>\n<meta property=\"og:type\" content=\"article\" \/>\n<meta property=\"og:title\" content=\"Do\u011fum evl\u0259rind\u0259 yoxlama ke\u00e7iril\u0259c\u0259k - MEYDAN.TV\" \/>\n<meta property=\"og:description\" content=\"Ayd\u0131n Q\u0259dirov: &quot;Biz anestezioloqun super m\u00fct\u0259x\u0259ssis olmas\u0131n\u0131 yoxlam\u0131r\u0131q&quot;\" \/>\n<meta property=\"og:url\" content=\"https:\/\/www.meydan.tv\/az\/article\/dogum-evlerinde-yoxlama-kecirilecek\/\" \/>\n<meta property=\"og:site_name\" content=\"MEYDAN.TV\" \/>\n<meta property=\"article:published_time\" content=\"2015-04-15T14:49:24+00:00\" \/>\n<meta property=\"og:image\" content=\"https:\/\/www.meydan.tv\/wp-content\/uploads\/8277.jpg\" \/>\n\t<meta property=\"og:image:width\" content=\"410\" \/>\n\t<meta property=\"og:image:height\" content=\"307\" \/>\n\t<meta property=\"og:image:type\" content=\"image\/jpeg\" \/>\n<meta name=\"twitter:card\" content=\"summary_large_image\" \/>\n<!-- \/ Yoast SEO plugin. -->","yoast_head_json":{"title":"Do\u011fum evl\u0259rind\u0259 yoxlama ke\u00e7iril\u0259c\u0259k - MEYDAN.TV","robots":{"index":"index","follow":"follow","max-snippet":"max-snippet:-1","max-image-preview":"max-image-preview:large","max-video-preview":"max-video-preview:-1"},"canonical":"https:\/\/www.meydan.tv\/az\/article\/dogum-evlerinde-yoxlama-kecirilecek\/","og_locale":"az_AZ","og_type":"article","og_title":"Do\u011fum evl\u0259rind\u0259 yoxlama ke\u00e7iril\u0259c\u0259k - MEYDAN.TV","og_description":"Ayd\u0131n Q\u0259dirov: \"Biz anestezioloqun super m\u00fct\u0259x\u0259ssis olmas\u0131n\u0131 yoxlam\u0131r\u0131q\"","og_url":"https:\/\/www.meydan.tv\/az\/article\/dogum-evlerinde-yoxlama-kecirilecek\/","og_site_name":"MEYDAN.TV","article_published_time":"2015-04-15T14:49:24+00:00","og_image":[{"width":410,"height":307,"url":"https:\/\/www.meydan.tv\/wp-content\/uploads\/8277.jpg","type":"image\/jpeg"}],"twitter_card":"summary_large_image","schema":{"@context":"https:\/\/schema.org","@graph":[{"@type":"Article","@id":"https:\/\/www.meydan.tv\/az\/article\/dogum-evlerinde-yoxlama-kecirilecek\/#article","isPartOf":{"@id":"https:\/\/www.meydan.tv\/az\/article\/dogum-evlerinde-yoxlama-kecirilecek\/"},"author":{"name":"user-manager","@id":"https:\/\/www.meydan.tv\/az\/#\/schema\/person\/10d11eccf6da3662cf5fdab9806ea91a"},"headline":"Do\u011fum evl\u0259rind\u0259 yoxlama ke\u00e7iril\u0259c\u0259k","datePublished":"2015-04-15T14:49:24+00:00","mainEntityOfPage":{"@id":"https:\/\/www.meydan.tv\/az\/article\/dogum-evlerinde-yoxlama-kecirilecek\/"},"wordCount":419,"publisher":{"@id":"https:\/\/www.meydan.tv\/az\/#organization"},"image":{"@id":"https:\/\/www.meydan.tv\/az\/article\/dogum-evlerinde-yoxlama-kecirilecek\/#primaryimage"},"thumbnailUrl":"https:\/\/www.meydan.tv\/wp-content\/uploads\/8277.jpg","articleSection":["X\u0259b\u0259rl\u0259r"],"inLanguage":"az"},{"@type":"WebPage","@id":"https:\/\/www.meydan.tv\/az\/article\/dogum-evlerinde-yoxlama-kecirilecek\/","url":"https:\/\/www.meydan.tv\/az\/article\/dogum-evlerinde-yoxlama-kecirilecek\/","name":"Do\u011fum evl\u0259rind\u0259 yoxlama ke\u00e7iril\u0259c\u0259k - MEYDAN.TV","isPartOf":{"@id":"https:\/\/www.meydan.tv\/az\/#website"},"primaryImageOfPage":{"@id":"https:\/\/www.meydan.tv\/az\/article\/dogum-evlerinde-yoxlama-kecirilecek\/#primaryimage"},"image":{"@id":"https:\/\/www.meydan.tv\/az\/article\/dogum-evlerinde-yoxlama-kecirilecek\/#primaryimage"},"thumbnailUrl":"https:\/\/www.meydan.tv\/wp-content\/uploads\/8277.jpg","datePublished":"2015-04-15T14:49:24+00:00","breadcrumb":{"@id":"https:\/\/www.meydan.tv\/az\/article\/dogum-evlerinde-yoxlama-kecirilecek\/#breadcrumb"},"inLanguage":"az","potentialAction":[{"@type":"ReadAction","target":["https:\/\/www.meydan.tv\/az\/article\/dogum-evlerinde-yoxlama-kecirilecek\/"]}]},{"@type":"ImageObject","inLanguage":"az","@id":"https:\/\/www.meydan.tv\/az\/article\/dogum-evlerinde-yoxlama-kecirilecek\/#primaryimage","url":"https:\/\/www.meydan.tv\/wp-content\/uploads\/8277.jpg","contentUrl":"https:\/\/www.meydan.tv\/wp-content\/uploads\/8277.jpg","width":410,"height":307,"caption":"Source:"},{"@type":"BreadcrumbList","@id":"https:\/\/www.meydan.tv\/az\/article\/dogum-evlerinde-yoxlama-kecirilecek\/#breadcrumb","itemListElement":[{"@type":"ListItem","position":1,"name":"Ana s\u0259hif\u0259","item":"https:\/\/www.meydan.tv\/az\/"},{"@type":"ListItem","position":2,"name":"X\u0259b\u0259rl\u0259r","item":"https:\/\/www.meydan.tv\/az\/section\/xeberler\/"},{"@type":"ListItem","position":3,"name":"Do\u011fum evl\u0259rind\u0259 yoxlama ke\u00e7iril\u0259c\u0259k"}]},{"@type":"WebSite","@id":"https:\/\/www.meydan.tv\/az\/#website","url":"https:\/\/www.meydan.tv\/az\/","name":"MEYDAN.TV","description":"Meydan TV Az\u0259rbaycan\u0131n media m\u0259kan\u0131ndak\u0131 alternativ s\u0259sidir","publisher":{"@id":"https:\/\/www.meydan.tv\/az\/#organization"},"potentialAction":[{"@type":"SearchAction","target":{"@type":"EntryPoint","urlTemplate":"https:\/\/www.meydan.tv\/az\/?s={search_term_string}"},"query-input":{"@type":"PropertyValueSpecification","valueRequired":true,"valueName":"search_term_string"}}],"inLanguage":"az"},{"@type":"Organization","@id":"https:\/\/www.meydan.tv\/az\/#organization","name":"Meydan TV","url":"https:\/\/www.meydan.tv\/az\/","logo":{"@type":"ImageObject","inLanguage":"az","@id":"https:\/\/www.meydan.tv\/az\/#\/schema\/logo\/image\/","url":"https:\/\/www.meydan.tv\/wp-content\/uploads\/2021\/07\/meydan-logo.svg","contentUrl":"https:\/\/www.meydan.tv\/wp-content\/uploads\/2021\/07\/meydan-logo.svg","width":195,"height":46,"caption":"Meydan TV"},"image":{"@id":"https:\/\/www.meydan.tv\/az\/#\/schema\/logo\/image\/"}},{"@type":"Person","@id":"https:\/\/www.meydan.tv\/az\/#\/schema\/person\/10d11eccf6da3662cf5fdab9806ea91a","name":"user-manager"}]}},"_links":{"self":[{"href":"https:\/\/www.meydan.tv\/az\/wp-json\/wp\/v2\/posts\/167563","targetHints":{"allow":["GET"]}}],"collection":[{"href":"https:\/\/www.meydan.tv\/az\/wp-json\/wp\/v2\/posts"}],"about":[{"href":"https:\/\/www.meydan.tv\/az\/wp-json\/wp\/v2\/types\/post"}],"author":[{"embeddable":true,"href":"https:\/\/www.meydan.tv\/az\/wp-json\/wp\/v2\/users\/11"}],"replies":[{"embeddable":true,"href":"https:\/\/www.meydan.tv\/az\/wp-json\/wp\/v2\/comments?post=167563"}],"version-history":[{"count":0,"href":"https:\/\/www.meydan.tv\/az\/wp-json\/wp\/v2\/posts\/167563\/revisions"}],"wp:featuredmedia":[{"embeddable":true,"href":"https:\/\/www.meydan.tv\/az\/wp-json\/wp\/v2\/media\/22806"}],"wp:attachment":[{"href":"https:\/\/www.meydan.tv\/az\/wp-json\/wp\/v2\/media?parent=167563"}],"wp:term":[{"taxonomy":"category","embeddable":true,"href":"https:\/\/www.meydan.tv\/az\/wp-json\/wp\/v2\/categories?post=167563"},{"taxonomy":"post_tag","embeddable":true,"href":"https:\/\/www.meydan.tv\/az\/wp-json\/wp\/v2\/tags?post=167563"}],"curies":[{"name":"wp","href":"https:\/\/api.w.org\/{rel}","templated":true}]}}