{"id":167562,"date":"2015-04-15T14:39:56","date_gmt":"2015-04-15T14:39:56","guid":{"rendered":"https:\/\/www.meydan.tv\/article\/italiyadaki-sergide-qondarma-respublikanin-temsil-olunmasi-yolverilmezdir\/"},"modified":"2015-04-15T14:39:56","modified_gmt":"2015-04-15T14:39:56","slug":"italiyadaki-sergide-qondarma-respublikanin-temsil-olunmasi-yolverilmezdir","status":"publish","type":"post","link":"https:\/\/www.meydan.tv\/az\/article\/italiyadaki-sergide-qondarma-respublikanin-temsil-olunmasi-yolverilmezdir\/","title":{"rendered":"&#8220;\u0130taliyadak\u0131 s\u0259rgid\u0259 qondarma respublikan\u0131n t\u0259msil olunmas\u0131 yolverilm\u0259zdir&#8221;"},"content":{"rendered":"<figure class=\"wp-block-image size-large\">\n  <img decoding=\"async\" src=\"https:\/\/www.meydan.tv\/az\/22797\/\" alt=\"\" class=\"wp-image-22797\"\/><figcaption><\/figcaption><\/figure>\n<figure class=\"wp-block-image size-large\">\n  <img decoding=\"async\" src=\"https:\/\/www.meydan.tv\/az\/22797\/\" alt=\"\" class=\"wp-image-22797\"\/><figcaption><\/figcaption><\/figure>\n<p>\n  \u015eahin Mustafayev: &#8220;\u0130taliyan\u0131n b\u0259zi \u015firk\u0259tl\u0259ri Qaraba\u011fda f\u0259aliyy\u0259t g\u00f6st\u0259rir v\u0259 \u0130taliya h\u00f6kum\u0259ti t\u0259r\u0259find\u0259n bel\u0259 hallar\u0131n qar\u015f\u0131s\u0131 al\u0131nmal\u0131d\u0131r&#8221;\n<\/p>\n<p>\n  \u201cB\u0259zi italyan \u015firk\u0259tl\u0259rinin Az\u0259rbaycan\u0131n i\u015f\u011fal olunmu\u015f \u0259razil\u0259rind\u0259ki f\u0259aliyy\u0259ti, bu \u0259razil\u0259r\u0259 s\u0259f\u0259rl\u0259rin t\u0259\u015fkili, habel\u0259, \u0130taliyadak\u0131 s\u0259rgi v\u0259 t\u0259dbirl\u0259rd\u0259 qondarma respublikan\u0131n i\u015ftirak\u0131 q\u0259buledilm\u0259zdir\u201d.\n<\/p>\n<p>\n  \u201c<br \/>\n  <a href=\"https:\/\/apa.az\/\"><br \/>\n    APA<br \/>\n  <\/a><br \/>\n  -Economics\u201din verdiyi x\u0259b\u0259r\u0259 g\u00f6r\u0259, bunu bu g\u00fcn ke\u00e7iril\u0259n Az\u0259rbaycan-\u0130taliya i\u015fg\u00fczar g\u00f6r\u00fc\u015f\u00fcnd\u0259 iqtisadiyyat v\u0259 s\u0259naye naziri\u00a0\u015eahin Mustafayev\u00a0deyib.\n<\/p>\n<p>\n  Onun s\u00f6zl\u0259rin\u0259 g\u00f6r\u0259, \u0130taliyan\u0131n b\u0259zi \u015firk\u0259tl\u0259ri Qaraba\u011fda f\u0259aliyy\u0259t g\u00f6st\u0259rir v\u0259 \u0130taliya h\u00f6kum\u0259ti t\u0259r\u0259find\u0259n bel\u0259 hallar\u0131n qar\u015f\u0131s\u0131 al\u0131nmal\u0131d\u0131r.\n<\/p>\n<p>\n  \u0130taliyan\u0131n iqtisadi inki\u015faf naziri Federika Quidi is\u0259 jurnalistl\u0259r\u0259 a\u00e7\u0131qlamas\u0131nda bildirib ki, bu m\u0259s\u0259l\u0259 il\u0259 ba\u011fl\u0131 az\u0259rbaycanl\u0131 h\u0259mkar\u0131 il\u0259 dan\u0131\u015f\u0131qlar apar\u0131b.\n<\/p>\n<p>\n  \u201cS\u00f6z\u00fcged\u0259n \u015firk\u0259tl\u0259r\u0259 bununla ba\u011fl\u0131 x\u0259b\u0259rdarl\u0131q olunacaq. \u00dcmid edir\u0259m ki, onlar bu f\u0259aliyy\u0259tl\u0259rini dayand\u0131racaqlar\u201d, &#8211; dey\u0259 F. Quidi qeyd edib.<\/p>\n","protected":false},"excerpt":{"rendered":"<p>\u015eahin Mustafayev: &#8220;\u0130taliyan\u0131n b\u0259zi \u015firk\u0259tl\u0259ri Qaraba\u011fda f\u0259aliyy\u0259t g\u00f6st\u0259rir v\u0259 \u0130taliya h\u00f6kum\u0259ti t\u0259r\u0259find\u0259n bel\u0259 hallar\u0131n qar\u015f\u0131s\u0131 al\u0131nmal\u0131d\u0131r&#8221;<\/p>\n","protected":false},"author":11,"featured_media":22797,"comment_status":"closed","ping_status":"open","sticky":false,"template":"","format":"standard","meta":{"_acf_changed":false,"_sitemap_exclude":false,"_sitemap_priority":"","_sitemap_frequency":"","footnotes":""},"categories":[56],"tags":[],"class_list":["post-167562","post","type-post","status-publish","format-standard","has-post-thumbnail","hentry","category-xeberler","infinite-scroll-item","generate-columns","tablet-grid-50","mobile-grid-100","grid-parent","grid-33","no-featured-image-padding"],"acf":[],"yoast_head":"<!-- This site is optimized with the Yoast SEO plugin v28.4 - https:\/\/yoast.com\/product\/yoast-seo-wordpress\/ -->\n<title>&quot;\u0130taliyadak\u0131 s\u0259rgid\u0259 qondarma respublikan\u0131n t\u0259msil olunmas\u0131 yolverilm\u0259zdir&quot; - MEYDAN.TV<\/title>\n<meta name=\"robots\" content=\"index, follow, max-snippet:-1, max-image-preview:large, max-video-preview:-1\" \/>\n<link rel=\"canonical\" href=\"https:\/\/www.meydan.tv\/az\/article\/italiyadaki-sergide-qondarma-respublikanin-temsil-olunmasi-yolverilmezdir\/\" \/>\n<meta property=\"og:locale\" content=\"az_AZ\" \/>\n<meta property=\"og:type\" content=\"article\" \/>\n<meta property=\"og:title\" content=\"&quot;\u0130taliyadak\u0131 s\u0259rgid\u0259 qondarma respublikan\u0131n t\u0259msil olunmas\u0131 yolverilm\u0259zdir&quot; - MEYDAN.TV\" \/>\n<meta property=\"og:description\" content=\"\u015eahin Mustafayev: &quot;\u0130taliyan\u0131n b\u0259zi \u015firk\u0259tl\u0259ri Qaraba\u011fda f\u0259aliyy\u0259t g\u00f6st\u0259rir v\u0259 \u0130taliya h\u00f6kum\u0259ti t\u0259r\u0259find\u0259n bel\u0259 hallar\u0131n qar\u015f\u0131s\u0131 al\u0131nmal\u0131d\u0131r&quot;\" \/>\n<meta property=\"og:url\" content=\"https:\/\/www.meydan.tv\/az\/article\/italiyadaki-sergide-qondarma-respublikanin-temsil-olunmasi-yolverilmezdir\/\" \/>\n<meta property=\"og:site_name\" content=\"MEYDAN.TV\" \/>\n<meta property=\"article:published_time\" content=\"2015-04-15T14:39:56+00:00\" \/>\n<meta property=\"og:image\" content=\"https:\/\/www.meydan.tv\/wp-content\/uploads\/8276.jpg\" \/>\n\t<meta property=\"og:image:width\" content=\"410\" \/>\n\t<meta property=\"og:image:height\" content=\"307\" \/>\n\t<meta property=\"og:image:type\" content=\"image\/jpeg\" \/>\n<meta name=\"twitter:card\" content=\"summary_large_image\" \/>\n<!-- \/ Yoast SEO plugin. -->","yoast_head_json":{"title":"\"\u0130taliyadak\u0131 s\u0259rgid\u0259 qondarma respublikan\u0131n t\u0259msil olunmas\u0131 yolverilm\u0259zdir\" - MEYDAN.TV","robots":{"index":"index","follow":"follow","max-snippet":"max-snippet:-1","max-image-preview":"max-image-preview:large","max-video-preview":"max-video-preview:-1"},"canonical":"https:\/\/www.meydan.tv\/az\/article\/italiyadaki-sergide-qondarma-respublikanin-temsil-olunmasi-yolverilmezdir\/","og_locale":"az_AZ","og_type":"article","og_title":"\"\u0130taliyadak\u0131 s\u0259rgid\u0259 qondarma respublikan\u0131n t\u0259msil olunmas\u0131 yolverilm\u0259zdir\" - MEYDAN.TV","og_description":"\u015eahin Mustafayev: \"\u0130taliyan\u0131n b\u0259zi \u015firk\u0259tl\u0259ri Qaraba\u011fda f\u0259aliyy\u0259t g\u00f6st\u0259rir v\u0259 \u0130taliya h\u00f6kum\u0259ti t\u0259r\u0259find\u0259n bel\u0259 hallar\u0131n qar\u015f\u0131s\u0131 al\u0131nmal\u0131d\u0131r\"","og_url":"https:\/\/www.meydan.tv\/az\/article\/italiyadaki-sergide-qondarma-respublikanin-temsil-olunmasi-yolverilmezdir\/","og_site_name":"MEYDAN.TV","article_published_time":"2015-04-15T14:39:56+00:00","og_image":[{"width":410,"height":307,"url":"https:\/\/www.meydan.tv\/wp-content\/uploads\/8276.jpg","type":"image\/jpeg"}],"twitter_card":"summary_large_image","schema":{"@context":"https:\/\/schema.org","@graph":[{"@type":"Article","@id":"https:\/\/www.meydan.tv\/az\/article\/italiyadaki-sergide-qondarma-respublikanin-temsil-olunmasi-yolverilmezdir\/#article","isPartOf":{"@id":"https:\/\/www.meydan.tv\/az\/article\/italiyadaki-sergide-qondarma-respublikanin-temsil-olunmasi-yolverilmezdir\/"},"author":{"name":"user-manager","@id":"https:\/\/www.meydan.tv\/az\/#\/schema\/person\/10d11eccf6da3662cf5fdab9806ea91a"},"headline":"&#8220;\u0130taliyadak\u0131 s\u0259rgid\u0259 qondarma respublikan\u0131n t\u0259msil olunmas\u0131 yolverilm\u0259zdir&#8221;","datePublished":"2015-04-15T14:39:56+00:00","mainEntityOfPage":{"@id":"https:\/\/www.meydan.tv\/az\/article\/italiyadaki-sergide-qondarma-respublikanin-temsil-olunmasi-yolverilmezdir\/"},"wordCount":226,"publisher":{"@id":"https:\/\/www.meydan.tv\/az\/#organization"},"image":{"@id":"https:\/\/www.meydan.tv\/az\/article\/italiyadaki-sergide-qondarma-respublikanin-temsil-olunmasi-yolverilmezdir\/#primaryimage"},"thumbnailUrl":"https:\/\/www.meydan.tv\/wp-content\/uploads\/8276.jpg","articleSection":["X\u0259b\u0259rl\u0259r"],"inLanguage":"az"},{"@type":"WebPage","@id":"https:\/\/www.meydan.tv\/az\/article\/italiyadaki-sergide-qondarma-respublikanin-temsil-olunmasi-yolverilmezdir\/","url":"https:\/\/www.meydan.tv\/az\/article\/italiyadaki-sergide-qondarma-respublikanin-temsil-olunmasi-yolverilmezdir\/","name":"\"\u0130taliyadak\u0131 s\u0259rgid\u0259 qondarma respublikan\u0131n t\u0259msil olunmas\u0131 yolverilm\u0259zdir\" - MEYDAN.TV","isPartOf":{"@id":"https:\/\/www.meydan.tv\/az\/#website"},"primaryImageOfPage":{"@id":"https:\/\/www.meydan.tv\/az\/article\/italiyadaki-sergide-qondarma-respublikanin-temsil-olunmasi-yolverilmezdir\/#primaryimage"},"image":{"@id":"https:\/\/www.meydan.tv\/az\/article\/italiyadaki-sergide-qondarma-respublikanin-temsil-olunmasi-yolverilmezdir\/#primaryimage"},"thumbnailUrl":"https:\/\/www.meydan.tv\/wp-content\/uploads\/8276.jpg","datePublished":"2015-04-15T14:39:56+00:00","breadcrumb":{"@id":"https:\/\/www.meydan.tv\/az\/article\/italiyadaki-sergide-qondarma-respublikanin-temsil-olunmasi-yolverilmezdir\/#breadcrumb"},"inLanguage":"az","potentialAction":[{"@type":"ReadAction","target":["https:\/\/www.meydan.tv\/az\/article\/italiyadaki-sergide-qondarma-respublikanin-temsil-olunmasi-yolverilmezdir\/"]}]},{"@type":"ImageObject","inLanguage":"az","@id":"https:\/\/www.meydan.tv\/az\/article\/italiyadaki-sergide-qondarma-respublikanin-temsil-olunmasi-yolverilmezdir\/#primaryimage","url":"https:\/\/www.meydan.tv\/wp-content\/uploads\/8276.jpg","contentUrl":"https:\/\/www.meydan.tv\/wp-content\/uploads\/8276.jpg","width":410,"height":307,"caption":"Source:"},{"@type":"BreadcrumbList","@id":"https:\/\/www.meydan.tv\/az\/article\/italiyadaki-sergide-qondarma-respublikanin-temsil-olunmasi-yolverilmezdir\/#breadcrumb","itemListElement":[{"@type":"ListItem","position":1,"name":"Ana s\u0259hif\u0259","item":"https:\/\/www.meydan.tv\/az\/"},{"@type":"ListItem","position":2,"name":"X\u0259b\u0259rl\u0259r","item":"https:\/\/www.meydan.tv\/az\/section\/xeberler\/"},{"@type":"ListItem","position":3,"name":"&#8220;\u0130taliyadak\u0131 s\u0259rgid\u0259 qondarma respublikan\u0131n t\u0259msil olunmas\u0131 yolverilm\u0259zdir&#8221;"}]},{"@type":"WebSite","@id":"https:\/\/www.meydan.tv\/az\/#website","url":"https:\/\/www.meydan.tv\/az\/","name":"MEYDAN.TV","description":"Meydan TV Az\u0259rbaycan\u0131n media m\u0259kan\u0131ndak\u0131 alternativ s\u0259sidir","publisher":{"@id":"https:\/\/www.meydan.tv\/az\/#organization"},"potentialAction":[{"@type":"SearchAction","target":{"@type":"EntryPoint","urlTemplate":"https:\/\/www.meydan.tv\/az\/?s={search_term_string}"},"query-input":{"@type":"PropertyValueSpecification","valueRequired":true,"valueName":"search_term_string"}}],"inLanguage":"az"},{"@type":"Organization","@id":"https:\/\/www.meydan.tv\/az\/#organization","name":"Meydan TV","url":"https:\/\/www.meydan.tv\/az\/","logo":{"@type":"ImageObject","inLanguage":"az","@id":"https:\/\/www.meydan.tv\/az\/#\/schema\/logo\/image\/","url":"https:\/\/www.meydan.tv\/wp-content\/uploads\/2021\/07\/meydan-logo.svg","contentUrl":"https:\/\/www.meydan.tv\/wp-content\/uploads\/2021\/07\/meydan-logo.svg","width":195,"height":46,"caption":"Meydan TV"},"image":{"@id":"https:\/\/www.meydan.tv\/az\/#\/schema\/logo\/image\/"}},{"@type":"Person","@id":"https:\/\/www.meydan.tv\/az\/#\/schema\/person\/10d11eccf6da3662cf5fdab9806ea91a","name":"user-manager"}]}},"_links":{"self":[{"href":"https:\/\/www.meydan.tv\/az\/wp-json\/wp\/v2\/posts\/167562","targetHints":{"allow":["GET"]}}],"collection":[{"href":"https:\/\/www.meydan.tv\/az\/wp-json\/wp\/v2\/posts"}],"about":[{"href":"https:\/\/www.meydan.tv\/az\/wp-json\/wp\/v2\/types\/post"}],"author":[{"embeddable":true,"href":"https:\/\/www.meydan.tv\/az\/wp-json\/wp\/v2\/users\/11"}],"replies":[{"embeddable":true,"href":"https:\/\/www.meydan.tv\/az\/wp-json\/wp\/v2\/comments?post=167562"}],"version-history":[{"count":0,"href":"https:\/\/www.meydan.tv\/az\/wp-json\/wp\/v2\/posts\/167562\/revisions"}],"wp:featuredmedia":[{"embeddable":true,"href":"https:\/\/www.meydan.tv\/az\/wp-json\/wp\/v2\/media\/22797"}],"wp:attachment":[{"href":"https:\/\/www.meydan.tv\/az\/wp-json\/wp\/v2\/media?parent=167562"}],"wp:term":[{"taxonomy":"category","embeddable":true,"href":"https:\/\/www.meydan.tv\/az\/wp-json\/wp\/v2\/categories?post=167562"},{"taxonomy":"post_tag","embeddable":true,"href":"https:\/\/www.meydan.tv\/az\/wp-json\/wp\/v2\/tags?post=167562"}],"curies":[{"name":"wp","href":"https:\/\/api.w.org\/{rel}","templated":true}]}}