{"id":167557,"date":"2015-04-14T20:29:19","date_gmt":"2015-04-14T20:29:19","guid":{"rendered":"https:\/\/www.meydan.tv\/article\/azerbaycanda-sernisindasima-tarifleri-bahalasib\/"},"modified":"2015-04-14T20:29:19","modified_gmt":"2015-04-14T20:29:19","slug":"azerbaycanda-sernisindasima-tarifleri-bahalasib","status":"publish","type":"post","link":"https:\/\/www.meydan.tv\/az\/article\/azerbaycanda-sernisindasima-tarifleri-bahalasib\/","title":{"rendered":"Az\u0259rbaycanda s\u0259rni\u015finda\u015f\u0131ma tarifl\u0259ri bahala\u015f\u0131b"},"content":{"rendered":"<figure class=\"wp-block-image size-large\">\n  <img decoding=\"async\" src=\"https:\/\/www.meydan.tv\/az\/22748\/\" alt=\"\" class=\"wp-image-22748\"\/><figcaption><\/figcaption><\/figure>\n<figure class=\"wp-block-image size-large\">\n  <img decoding=\"async\" src=\"https:\/\/www.meydan.tv\/az\/22748\/\" alt=\"\" class=\"wp-image-22748\"\/><figcaption><\/figcaption><\/figure>\n<p>\n  Az\u0259rbaycanda n\u0259qliyyat sektorunda y\u00fckda\u015f\u0131ma tarifl\u0259ri 11,2 faiz, s\u0259rni\u015finda\u015f\u0131ma tarifl\u0259ri is\u0259 0,8 faiz bahala\u015f\u0131b.\u00a0D\u00f6vl\u0259t Statistika Komit\u0259sind\u0259n<br \/>\n  <a href=\"http:\/\/lent.az\"><br \/>\n    Lent.az<br \/>\n  <\/a><br \/>\n  -a veril\u0259n m\u0259lumata g\u00f6r\u0259, hava n\u0259qliyyat\u0131nda s\u0259rni\u015finda\u015f\u0131ma tarifl\u0259rind\u0259 MDB \u00f6lk\u0259l\u0259ri \u00fczr\u0259 0,9 faiz, dig\u0259r xarici \u00f6lk\u0259l\u0259r \u00fczr\u0259 6,9 faiz bahala\u015fma m\u00fc\u015fahid\u0259 olunub. Y\u00fckda\u015f\u0131ma tarifl\u0259ri \u00fczr\u0259 is\u0259 he\u00e7 bir d\u0259yi\u015fiklik m\u00fc\u015fahid\u0259 olunmay\u0131b.\n<\/p>\n<p>\n  Ay \u0259rzind\u0259 d\u0259mir yolu n\u0259qliyyat\u0131nda MDB \u00f6lk\u0259l\u0259ri \u00fczr\u0259 s\u0259rni\u015finda\u015f\u0131ma tarifl\u0259ri 4,2 faiz ucuzla\u015fsa da, y\u00fckda\u015f\u0131ma tarifl\u0259ri sabit qal\u0131b.\n<\/p>\n<p>\n  D\u0259niz n\u0259qliyyat\u0131nda y\u00fckda\u015f\u0131ma tarifl\u0259ri MDB v\u0259 dig\u0259r xarici \u00f6lk\u0259l\u0259r \u00fczr\u0259 m\u00fcvafiq olaraq 30,2 v\u0259 32,2 faiz bahala\u015f\u0131b. S\u0259rni\u015finda\u015f\u0131ma tarifl\u0259ri is\u0259 sabit qal\u0131b.<\/p>\n","protected":false},"excerpt":{"rendered":"<p>Az\u0259rbaycanda n\u0259qliyyat sektorunda y\u00fckda\u015f\u0131ma tarifl\u0259ri 11,2 faiz, s\u0259rni\u015finda\u015f\u0131ma tarifl\u0259ri is\u0259 &#8230; <\/p>\n<p class=\"read-more-container\"><a title=\"Az\u0259rbaycanda s\u0259rni\u015finda\u015f\u0131ma tarifl\u0259ri bahala\u015f\u0131b\" class=\"read-more button\" href=\"https:\/\/www.meydan.tv\/az\/article\/azerbaycanda-sernisindasima-tarifleri-bahalasib\/#more-167557\" aria-label=\"Read more about Az\u0259rbaycanda s\u0259rni\u015finda\u015f\u0131ma tarifl\u0259ri bahala\u015f\u0131b\">Davam\u0131<\/a><\/p>\n","protected":false},"author":11,"featured_media":22748,"comment_status":"closed","ping_status":"open","sticky":false,"template":"","format":"standard","meta":{"_acf_changed":false,"_sitemap_exclude":false,"_sitemap_priority":"","_sitemap_frequency":"","footnotes":""},"categories":[56],"tags":[],"class_list":["post-167557","post","type-post","status-publish","format-standard","has-post-thumbnail","hentry","category-xeberler","infinite-scroll-item","generate-columns","tablet-grid-50","mobile-grid-100","grid-parent","grid-33","no-featured-image-padding"],"acf":[],"yoast_head":"<!-- This site is optimized with the Yoast SEO plugin v28.4 - https:\/\/yoast.com\/product\/yoast-seo-wordpress\/ -->\n<title>Az\u0259rbaycanda s\u0259rni\u015finda\u015f\u0131ma tarifl\u0259ri bahala\u015f\u0131b - MEYDAN.TV<\/title>\n<meta name=\"robots\" content=\"index, follow, max-snippet:-1, max-image-preview:large, max-video-preview:-1\" \/>\n<link rel=\"canonical\" href=\"https:\/\/www.meydan.tv\/az\/article\/azerbaycanda-sernisindasima-tarifleri-bahalasib\/\" \/>\n<meta property=\"og:locale\" content=\"az_AZ\" \/>\n<meta property=\"og:type\" content=\"article\" \/>\n<meta property=\"og:title\" content=\"Az\u0259rbaycanda s\u0259rni\u015finda\u015f\u0131ma tarifl\u0259ri bahala\u015f\u0131b - MEYDAN.TV\" \/>\n<meta property=\"og:description\" content=\"Az\u0259rbaycanda n\u0259qliyyat sektorunda y\u00fckda\u015f\u0131ma tarifl\u0259ri 11,2 faiz, s\u0259rni\u015finda\u015f\u0131ma tarifl\u0259ri is\u0259 ... Davam\u0131\" \/>\n<meta property=\"og:url\" content=\"https:\/\/www.meydan.tv\/az\/article\/azerbaycanda-sernisindasima-tarifleri-bahalasib\/\" \/>\n<meta property=\"og:site_name\" content=\"MEYDAN.TV\" \/>\n<meta property=\"article:published_time\" content=\"2015-04-14T20:29:19+00:00\" \/>\n<meta property=\"og:image\" content=\"https:\/\/www.meydan.tv\/wp-content\/uploads\/8256.jpg\" \/>\n\t<meta property=\"og:image:width\" content=\"402\" \/>\n\t<meta property=\"og:image:height\" content=\"300\" \/>\n\t<meta property=\"og:image:type\" content=\"image\/jpeg\" \/>\n<meta name=\"twitter:card\" content=\"summary_large_image\" \/>\n<!-- \/ Yoast SEO plugin. -->","yoast_head_json":{"title":"Az\u0259rbaycanda s\u0259rni\u015finda\u015f\u0131ma tarifl\u0259ri bahala\u015f\u0131b - MEYDAN.TV","robots":{"index":"index","follow":"follow","max-snippet":"max-snippet:-1","max-image-preview":"max-image-preview:large","max-video-preview":"max-video-preview:-1"},"canonical":"https:\/\/www.meydan.tv\/az\/article\/azerbaycanda-sernisindasima-tarifleri-bahalasib\/","og_locale":"az_AZ","og_type":"article","og_title":"Az\u0259rbaycanda s\u0259rni\u015finda\u015f\u0131ma tarifl\u0259ri bahala\u015f\u0131b - MEYDAN.TV","og_description":"Az\u0259rbaycanda n\u0259qliyyat sektorunda y\u00fckda\u015f\u0131ma tarifl\u0259ri 11,2 faiz, s\u0259rni\u015finda\u015f\u0131ma tarifl\u0259ri is\u0259 ... Davam\u0131","og_url":"https:\/\/www.meydan.tv\/az\/article\/azerbaycanda-sernisindasima-tarifleri-bahalasib\/","og_site_name":"MEYDAN.TV","article_published_time":"2015-04-14T20:29:19+00:00","og_image":[{"width":402,"height":300,"url":"https:\/\/www.meydan.tv\/wp-content\/uploads\/8256.jpg","type":"image\/jpeg"}],"twitter_card":"summary_large_image","schema":{"@context":"https:\/\/schema.org","@graph":[{"@type":"Article","@id":"https:\/\/www.meydan.tv\/az\/article\/azerbaycanda-sernisindasima-tarifleri-bahalasib\/#article","isPartOf":{"@id":"https:\/\/www.meydan.tv\/az\/article\/azerbaycanda-sernisindasima-tarifleri-bahalasib\/"},"author":{"name":"user-manager","@id":"https:\/\/www.meydan.tv\/az\/#\/schema\/person\/10d11eccf6da3662cf5fdab9806ea91a"},"headline":"Az\u0259rbaycanda s\u0259rni\u015finda\u015f\u0131ma tarifl\u0259ri bahala\u015f\u0131b","datePublished":"2015-04-14T20:29:19+00:00","mainEntityOfPage":{"@id":"https:\/\/www.meydan.tv\/az\/article\/azerbaycanda-sernisindasima-tarifleri-bahalasib\/"},"wordCount":159,"publisher":{"@id":"https:\/\/www.meydan.tv\/az\/#organization"},"image":{"@id":"https:\/\/www.meydan.tv\/az\/article\/azerbaycanda-sernisindasima-tarifleri-bahalasib\/#primaryimage"},"thumbnailUrl":"https:\/\/www.meydan.tv\/wp-content\/uploads\/8256.jpg","articleSection":["X\u0259b\u0259rl\u0259r"],"inLanguage":"az"},{"@type":"WebPage","@id":"https:\/\/www.meydan.tv\/az\/article\/azerbaycanda-sernisindasima-tarifleri-bahalasib\/","url":"https:\/\/www.meydan.tv\/az\/article\/azerbaycanda-sernisindasima-tarifleri-bahalasib\/","name":"Az\u0259rbaycanda s\u0259rni\u015finda\u015f\u0131ma tarifl\u0259ri bahala\u015f\u0131b - MEYDAN.TV","isPartOf":{"@id":"https:\/\/www.meydan.tv\/az\/#website"},"primaryImageOfPage":{"@id":"https:\/\/www.meydan.tv\/az\/article\/azerbaycanda-sernisindasima-tarifleri-bahalasib\/#primaryimage"},"image":{"@id":"https:\/\/www.meydan.tv\/az\/article\/azerbaycanda-sernisindasima-tarifleri-bahalasib\/#primaryimage"},"thumbnailUrl":"https:\/\/www.meydan.tv\/wp-content\/uploads\/8256.jpg","datePublished":"2015-04-14T20:29:19+00:00","breadcrumb":{"@id":"https:\/\/www.meydan.tv\/az\/article\/azerbaycanda-sernisindasima-tarifleri-bahalasib\/#breadcrumb"},"inLanguage":"az","potentialAction":[{"@type":"ReadAction","target":["https:\/\/www.meydan.tv\/az\/article\/azerbaycanda-sernisindasima-tarifleri-bahalasib\/"]}]},{"@type":"ImageObject","inLanguage":"az","@id":"https:\/\/www.meydan.tv\/az\/article\/azerbaycanda-sernisindasima-tarifleri-bahalasib\/#primaryimage","url":"https:\/\/www.meydan.tv\/wp-content\/uploads\/8256.jpg","contentUrl":"https:\/\/www.meydan.tv\/wp-content\/uploads\/8256.jpg","width":402,"height":300,"caption":"Source:"},{"@type":"BreadcrumbList","@id":"https:\/\/www.meydan.tv\/az\/article\/azerbaycanda-sernisindasima-tarifleri-bahalasib\/#breadcrumb","itemListElement":[{"@type":"ListItem","position":1,"name":"Ana s\u0259hif\u0259","item":"https:\/\/www.meydan.tv\/az\/"},{"@type":"ListItem","position":2,"name":"X\u0259b\u0259rl\u0259r","item":"https:\/\/www.meydan.tv\/az\/section\/xeberler\/"},{"@type":"ListItem","position":3,"name":"Az\u0259rbaycanda s\u0259rni\u015finda\u015f\u0131ma tarifl\u0259ri bahala\u015f\u0131b"}]},{"@type":"WebSite","@id":"https:\/\/www.meydan.tv\/az\/#website","url":"https:\/\/www.meydan.tv\/az\/","name":"MEYDAN.TV","description":"Meydan TV Az\u0259rbaycan\u0131n media m\u0259kan\u0131ndak\u0131 alternativ s\u0259sidir","publisher":{"@id":"https:\/\/www.meydan.tv\/az\/#organization"},"potentialAction":[{"@type":"SearchAction","target":{"@type":"EntryPoint","urlTemplate":"https:\/\/www.meydan.tv\/az\/?s={search_term_string}"},"query-input":{"@type":"PropertyValueSpecification","valueRequired":true,"valueName":"search_term_string"}}],"inLanguage":"az"},{"@type":"Organization","@id":"https:\/\/www.meydan.tv\/az\/#organization","name":"Meydan TV","url":"https:\/\/www.meydan.tv\/az\/","logo":{"@type":"ImageObject","inLanguage":"az","@id":"https:\/\/www.meydan.tv\/az\/#\/schema\/logo\/image\/","url":"https:\/\/www.meydan.tv\/wp-content\/uploads\/2021\/07\/meydan-logo.svg","contentUrl":"https:\/\/www.meydan.tv\/wp-content\/uploads\/2021\/07\/meydan-logo.svg","width":195,"height":46,"caption":"Meydan TV"},"image":{"@id":"https:\/\/www.meydan.tv\/az\/#\/schema\/logo\/image\/"}},{"@type":"Person","@id":"https:\/\/www.meydan.tv\/az\/#\/schema\/person\/10d11eccf6da3662cf5fdab9806ea91a","name":"user-manager"}]}},"_links":{"self":[{"href":"https:\/\/www.meydan.tv\/az\/wp-json\/wp\/v2\/posts\/167557","targetHints":{"allow":["GET"]}}],"collection":[{"href":"https:\/\/www.meydan.tv\/az\/wp-json\/wp\/v2\/posts"}],"about":[{"href":"https:\/\/www.meydan.tv\/az\/wp-json\/wp\/v2\/types\/post"}],"author":[{"embeddable":true,"href":"https:\/\/www.meydan.tv\/az\/wp-json\/wp\/v2\/users\/11"}],"replies":[{"embeddable":true,"href":"https:\/\/www.meydan.tv\/az\/wp-json\/wp\/v2\/comments?post=167557"}],"version-history":[{"count":0,"href":"https:\/\/www.meydan.tv\/az\/wp-json\/wp\/v2\/posts\/167557\/revisions"}],"wp:featuredmedia":[{"embeddable":true,"href":"https:\/\/www.meydan.tv\/az\/wp-json\/wp\/v2\/media\/22748"}],"wp:attachment":[{"href":"https:\/\/www.meydan.tv\/az\/wp-json\/wp\/v2\/media?parent=167557"}],"wp:term":[{"taxonomy":"category","embeddable":true,"href":"https:\/\/www.meydan.tv\/az\/wp-json\/wp\/v2\/categories?post=167557"},{"taxonomy":"post_tag","embeddable":true,"href":"https:\/\/www.meydan.tv\/az\/wp-json\/wp\/v2\/tags?post=167557"}],"curies":[{"name":"wp","href":"https:\/\/api.w.org\/{rel}","templated":true}]}}