{"id":167556,"date":"2015-04-14T23:14:23","date_gmt":"2015-04-14T23:14:23","guid":{"rendered":"https:\/\/www.meydan.tv\/article\/daxmada-yasayan-prezident-ailesi\/"},"modified":"2015-04-14T23:14:23","modified_gmt":"2015-04-14T23:14:23","slug":"daxmada-yasayan-prezident-ailesi","status":"publish","type":"post","link":"https:\/\/www.meydan.tv\/az\/article\/daxmada-yasayan-prezident-ailesi\/","title":{"rendered":"Daxmada ya\u015fayan &#8220;prezident ail\u0259si&#8221;"},"content":{"rendered":"<figure class=\"wp-block-embed is-type-video is-provider-youtube wp-block-embed-youtube wp-embed-aspect-16-9 wp-has-aspect-ratio\">\n<div class=\"wp-block-embed__wrapper\">\n    <iframe loading=\"lazy\"\ttitle=\"\" width=\"1200\" height=\"675\" src=\"https:\/\/www.youtube.com\/embed\/CNwidopsvaU\"\tframeborder=\"0\"\tallow=\"accelerometer; autoplay; clipboard-write; encrypted-media; gyroscope; picture-in-picture\" allowfullscreen><\/iframe>\n  <\/div><figcaption><\/figcaption><\/figure>\n<p>\n  \u201cAil\u0259nin 7 n\u0259f\u0259rd\u0259n ibar\u0259t olmas\u0131 \u00e7ox \u00e7\u0259tindi. Atayam, qazan\u0131b \u00f6vladlar\u0131m\u0131 saxlamal\u0131yam. Amma m\u0259nim \u00fc\u00e7\u00fcn \u00e7ox \u00e7\u0259tindir\u201d. Bu s\u00f6zl\u0259ri bug\u00fcnl\u0259rd\u0259 d\u00f6rd \u00f6vlad\u0131 bird\u0259n d\u00fcnyaya g\u0259lmi\u015f R\u0259\u015fad Abbasov deyir. U\u015faqlar\u0131n d\u00fcnyaya g\u0259li\u015fi il\u0259 art\u0131q ail\u0259d\u0259 5 u\u015faq olub.<br \/>\n  <br \/>\n  \u0130ndi onlar\u0131n ham\u0131s\u0131 ki\u00e7ik, \u015f\u0259raitsiz kiray\u0259 m\u0259nzild\u0259 ya\u015fay\u0131r.<br \/>\n  <br \/>\n  R\u0259\u015fad Abbasov prezident \u0130lham \u018fliyevin \u015f\u0259r\u0259fin\u0259 \u00f6vladlar\u0131na onun ail\u0259 \u00fczvl\u0259rinin ad\u0131n\u0131 verib. \u0130ndi bu ki\u00e7ik daxmada \u0130lham, Mehdriban, Leyla v\u0259 Arzu b\u00f6y\u00fcy\u00fcrl\u0259r.<br \/>\n  <br \/>\n  R\u0259\u015fad Abbasov deyir ki, \u0259n b\u00f6y\u00fck arzusu m\u0259nzil sahibi olmaq v\u0259 \u00f6vladlar\u0131n\u0131 saxlamaq \u00fc\u00e7\u00fcn i\u015f tapmaqd\u0131r<\/p>\n","protected":false},"excerpt":{"rendered":"<p>U\u015faqlar\u0131n d\u00fcnyaya g\u0259li\u015fi il\u0259 art\u0131q ail\u0259d\u0259 5 u\u015faq olub. \u0130ndi onlar\u0131n ham\u0131s\u0131 ki\u00e7ik, \u015f\u0259raitsiz kiray\u0259 m\u0259nzild\u0259 ya\u015fay\u0131r.<\/p>\n","protected":false},"author":11,"featured_media":22742,"comment_status":"closed","ping_status":"open","sticky":false,"template":"","format":"standard","meta":{"_acf_changed":false,"_sitemap_exclude":false,"_sitemap_priority":"","_sitemap_frequency":"","footnotes":""},"categories":[63],"tags":[],"class_list":["post-167556","post","type-post","status-publish","format-standard","has-post-thumbnail","hentry","category-video-2","infinite-scroll-item","generate-columns","tablet-grid-50","mobile-grid-100","grid-parent","grid-33","no-featured-image-padding"],"acf":[],"yoast_head":"<!-- This site is optimized with the Yoast SEO plugin v28.3 - https:\/\/yoast.com\/product\/yoast-seo-wordpress\/ -->\n<title>Daxmada ya\u015fayan &quot;prezident ail\u0259si&quot; - MEYDAN.TV<\/title>\n<meta name=\"robots\" content=\"index, follow, max-snippet:-1, max-image-preview:large, max-video-preview:-1\" \/>\n<link rel=\"canonical\" href=\"https:\/\/www.meydan.tv\/az\/article\/daxmada-yasayan-prezident-ailesi\/\" \/>\n<meta property=\"og:locale\" content=\"az_AZ\" \/>\n<meta property=\"og:type\" content=\"article\" \/>\n<meta property=\"og:title\" content=\"Daxmada ya\u015fayan &quot;prezident ail\u0259si&quot; - MEYDAN.TV\" \/>\n<meta property=\"og:description\" content=\"U\u015faqlar\u0131n d\u00fcnyaya g\u0259li\u015fi il\u0259 art\u0131q ail\u0259d\u0259 5 u\u015faq olub. \u0130ndi onlar\u0131n ham\u0131s\u0131 ki\u00e7ik, \u015f\u0259raitsiz kiray\u0259 m\u0259nzild\u0259 ya\u015fay\u0131r.\" \/>\n<meta property=\"og:url\" content=\"https:\/\/www.meydan.tv\/az\/article\/daxmada-yasayan-prezident-ailesi\/\" \/>\n<meta property=\"og:site_name\" content=\"MEYDAN.TV\" \/>\n<meta property=\"article:published_time\" content=\"2015-04-14T23:14:23+00:00\" \/>\n<meta property=\"og:image\" content=\"https:\/\/www.meydan.tv\/wp-content\/uploads\/8257.jpg\" \/>\n\t<meta property=\"og:image:width\" content=\"1045\" \/>\n\t<meta property=\"og:image:height\" content=\"477\" \/>\n\t<meta property=\"og:image:type\" content=\"image\/jpeg\" \/>\n<meta name=\"twitter:card\" content=\"summary_large_image\" \/>\n<!-- \/ Yoast SEO plugin. -->","yoast_head_json":{"title":"Daxmada ya\u015fayan \"prezident ail\u0259si\" - MEYDAN.TV","robots":{"index":"index","follow":"follow","max-snippet":"max-snippet:-1","max-image-preview":"max-image-preview:large","max-video-preview":"max-video-preview:-1"},"canonical":"https:\/\/www.meydan.tv\/az\/article\/daxmada-yasayan-prezident-ailesi\/","og_locale":"az_AZ","og_type":"article","og_title":"Daxmada ya\u015fayan \"prezident ail\u0259si\" - MEYDAN.TV","og_description":"U\u015faqlar\u0131n d\u00fcnyaya g\u0259li\u015fi il\u0259 art\u0131q ail\u0259d\u0259 5 u\u015faq olub. \u0130ndi onlar\u0131n ham\u0131s\u0131 ki\u00e7ik, \u015f\u0259raitsiz kiray\u0259 m\u0259nzild\u0259 ya\u015fay\u0131r.","og_url":"https:\/\/www.meydan.tv\/az\/article\/daxmada-yasayan-prezident-ailesi\/","og_site_name":"MEYDAN.TV","article_published_time":"2015-04-14T23:14:23+00:00","og_image":[{"width":1045,"height":477,"url":"https:\/\/www.meydan.tv\/wp-content\/uploads\/8257.jpg","type":"image\/jpeg"}],"twitter_card":"summary_large_image","schema":{"@context":"https:\/\/schema.org","@graph":[{"@type":"Article","@id":"https:\/\/www.meydan.tv\/az\/article\/daxmada-yasayan-prezident-ailesi\/#article","isPartOf":{"@id":"https:\/\/www.meydan.tv\/az\/article\/daxmada-yasayan-prezident-ailesi\/"},"author":{"name":"user-manager","@id":"https:\/\/www.meydan.tv\/az\/#\/schema\/person\/10d11eccf6da3662cf5fdab9806ea91a"},"headline":"Daxmada ya\u015fayan &#8220;prezident ail\u0259si&#8221;","datePublished":"2015-04-14T23:14:23+00:00","mainEntityOfPage":{"@id":"https:\/\/www.meydan.tv\/az\/article\/daxmada-yasayan-prezident-ailesi\/"},"wordCount":134,"publisher":{"@id":"https:\/\/www.meydan.tv\/az\/#organization"},"image":{"@id":"https:\/\/www.meydan.tv\/az\/article\/daxmada-yasayan-prezident-ailesi\/#primaryimage"},"thumbnailUrl":"https:\/\/www.meydan.tv\/wp-content\/uploads\/8257.jpg","articleSection":["Video"],"inLanguage":"az"},{"@type":"WebPage","@id":"https:\/\/www.meydan.tv\/az\/article\/daxmada-yasayan-prezident-ailesi\/","url":"https:\/\/www.meydan.tv\/az\/article\/daxmada-yasayan-prezident-ailesi\/","name":"Daxmada ya\u015fayan \"prezident ail\u0259si\" - MEYDAN.TV","isPartOf":{"@id":"https:\/\/www.meydan.tv\/az\/#website"},"primaryImageOfPage":{"@id":"https:\/\/www.meydan.tv\/az\/article\/daxmada-yasayan-prezident-ailesi\/#primaryimage"},"image":{"@id":"https:\/\/www.meydan.tv\/az\/article\/daxmada-yasayan-prezident-ailesi\/#primaryimage"},"thumbnailUrl":"https:\/\/www.meydan.tv\/wp-content\/uploads\/8257.jpg","datePublished":"2015-04-14T23:14:23+00:00","breadcrumb":{"@id":"https:\/\/www.meydan.tv\/az\/article\/daxmada-yasayan-prezident-ailesi\/#breadcrumb"},"inLanguage":"az","potentialAction":[{"@type":"ReadAction","target":["https:\/\/www.meydan.tv\/az\/article\/daxmada-yasayan-prezident-ailesi\/"]}]},{"@type":"ImageObject","inLanguage":"az","@id":"https:\/\/www.meydan.tv\/az\/article\/daxmada-yasayan-prezident-ailesi\/#primaryimage","url":"https:\/\/www.meydan.tv\/wp-content\/uploads\/8257.jpg","contentUrl":"https:\/\/www.meydan.tv\/wp-content\/uploads\/8257.jpg","width":1045,"height":477,"caption":"Source:"},{"@type":"BreadcrumbList","@id":"https:\/\/www.meydan.tv\/az\/article\/daxmada-yasayan-prezident-ailesi\/#breadcrumb","itemListElement":[{"@type":"ListItem","position":1,"name":"Ana s\u0259hif\u0259","item":"https:\/\/www.meydan.tv\/az\/"},{"@type":"ListItem","position":2,"name":"Video","item":"https:\/\/www.meydan.tv\/az\/section\/video-2\/"},{"@type":"ListItem","position":3,"name":"Daxmada ya\u015fayan &#8220;prezident ail\u0259si&#8221;"}]},{"@type":"WebSite","@id":"https:\/\/www.meydan.tv\/az\/#website","url":"https:\/\/www.meydan.tv\/az\/","name":"MEYDAN.TV","description":"Meydan TV Az\u0259rbaycan\u0131n media m\u0259kan\u0131ndak\u0131 alternativ s\u0259sidir","publisher":{"@id":"https:\/\/www.meydan.tv\/az\/#organization"},"potentialAction":[{"@type":"SearchAction","target":{"@type":"EntryPoint","urlTemplate":"https:\/\/www.meydan.tv\/az\/?s={search_term_string}"},"query-input":{"@type":"PropertyValueSpecification","valueRequired":true,"valueName":"search_term_string"}}],"inLanguage":"az"},{"@type":"Organization","@id":"https:\/\/www.meydan.tv\/az\/#organization","name":"Meydan TV","url":"https:\/\/www.meydan.tv\/az\/","logo":{"@type":"ImageObject","inLanguage":"az","@id":"https:\/\/www.meydan.tv\/az\/#\/schema\/logo\/image\/","url":"https:\/\/www.meydan.tv\/wp-content\/uploads\/2021\/07\/meydan-logo.svg","contentUrl":"https:\/\/www.meydan.tv\/wp-content\/uploads\/2021\/07\/meydan-logo.svg","width":195,"height":46,"caption":"Meydan TV"},"image":{"@id":"https:\/\/www.meydan.tv\/az\/#\/schema\/logo\/image\/"}},{"@type":"Person","@id":"https:\/\/www.meydan.tv\/az\/#\/schema\/person\/10d11eccf6da3662cf5fdab9806ea91a","name":"user-manager"}]}},"_links":{"self":[{"href":"https:\/\/www.meydan.tv\/az\/wp-json\/wp\/v2\/posts\/167556","targetHints":{"allow":["GET"]}}],"collection":[{"href":"https:\/\/www.meydan.tv\/az\/wp-json\/wp\/v2\/posts"}],"about":[{"href":"https:\/\/www.meydan.tv\/az\/wp-json\/wp\/v2\/types\/post"}],"author":[{"embeddable":true,"href":"https:\/\/www.meydan.tv\/az\/wp-json\/wp\/v2\/users\/11"}],"replies":[{"embeddable":true,"href":"https:\/\/www.meydan.tv\/az\/wp-json\/wp\/v2\/comments?post=167556"}],"version-history":[{"count":0,"href":"https:\/\/www.meydan.tv\/az\/wp-json\/wp\/v2\/posts\/167556\/revisions"}],"wp:featuredmedia":[{"embeddable":true,"href":"https:\/\/www.meydan.tv\/az\/wp-json\/wp\/v2\/media\/22742"}],"wp:attachment":[{"href":"https:\/\/www.meydan.tv\/az\/wp-json\/wp\/v2\/media?parent=167556"}],"wp:term":[{"taxonomy":"category","embeddable":true,"href":"https:\/\/www.meydan.tv\/az\/wp-json\/wp\/v2\/categories?post=167556"},{"taxonomy":"post_tag","embeddable":true,"href":"https:\/\/www.meydan.tv\/az\/wp-json\/wp\/v2\/tags?post=167556"}],"curies":[{"name":"wp","href":"https:\/\/api.w.org\/{rel}","templated":true}]}}