{"id":167555,"date":"2015-04-14T20:23:09","date_gmt":"2015-04-14T20:23:09","guid":{"rendered":"https:\/\/www.meydan.tv\/article\/besir-suleymanliya-olkeden-cixmaga-icaze-verilmedi\/"},"modified":"2015-04-14T20:23:09","modified_gmt":"2015-04-14T20:23:09","slug":"besir-suleymanliya-olkeden-cixmaga-icaze-verilmedi","status":"publish","type":"post","link":"https:\/\/www.meydan.tv\/az\/article\/besir-suleymanliya-olkeden-cixmaga-icaze-verilmedi\/","title":{"rendered":"B\u0259\u015fir S\u00fcleymanl\u0131ya \u00f6lk\u0259d\u0259n \u00e7\u0131xma\u011fa icaz\u0259 verilm\u0259di"},"content":{"rendered":"<figure class=\"wp-block-image size-large\">\n  <img decoding=\"async\" src=\"https:\/\/www.meydan.tv\/az\/22751\/\" alt=\"\" class=\"wp-image-22751\"\/><figcaption><\/figcaption><\/figure>\n<p>\n  <i><br \/>\n    Qazax-S\u0131n\u0131q K\u00f6rp\u00fc G\u00f6mr\u00fck postunda ke\u00e7mi\u015f siyasi m\u0259hbusa bildiribl\u0259r ki, Ba\u015f Prokurorluqdan onun \u00f6lk\u0259d\u0259n \u00e7\u0131xmas\u0131na qada\u011fa qoyulub<br \/>\n  <\/i>\n<\/p>\n<p>\n  Aprelin 14-d\u0259 ke\u00e7mi\u015f vicdan m\u0259hbusu, prezidentin sonuncu \u0259fv s\u0259r\u0259ncam\u0131 il\u0259 azadl\u0131\u011fa \u00e7\u0131xan B\u0259\u015fir S\u00fcleymanl\u0131ya \u00f6lk\u0259d\u0259n \u00e7\u0131xma\u011fa icaz\u0259 verilm\u0259yib.\n<\/p>\n<p>\n  Bu bar\u0259d\u0259 Meydan TV-y\u0259 B\u0259\u015fir S\u00fcleymanl\u0131 \u00f6z\u00fc m\u0259lumat verib.\n<\/p>\n<p>\n  Onun dediyin\u0259 g\u00f6r\u0259, G\u00fcrc\u00fcstandak\u0131 qohumlar\u0131 il\u0259 g\u00f6r\u00fc\u015fm\u0259k \u00fc\u00e7\u00fcn ad\u0131\u00e7\u0259kil\u0259n \u00f6lk\u0259y\u0259 getm\u0259k ist\u0259yib. Lakin Qazax-S\u0131n\u0131q\u00a0K\u00f6rp\u00fc\u00a0G\u00f6mr\u00fck\u00a0postunda onu saxlay\u0131blar v\u0259 bildiribl\u0259r ki, Ba\u015f Prokurorluqdan onun \u00f6lk\u0259d\u0259n \u00e7\u0131xmas\u0131na qada\u011fa qoyulub.\n<\/p>\n<p>\n  B\u0259\u015fir S\u00fcleymanl\u0131 \u0259fv olundu\u011funu des\u0259 d\u0259, he\u00e7 bir n\u0259tic\u0259si olmay\u0131b: \u201cOnlara bildirdim ki, istintaq ged\u0259n vaxtda \u00f6lk\u0259d\u0259n \u00e7\u0131x\u0131\u015f\u0131ma qada\u011fa qoyulmu\u015fdu. H\u0259m d\u0259 prezidentin \u0259fv s\u0259r\u0259ncam\u0131 il\u0259 azadl\u0131\u011fa \u00e7\u0131xd\u0131\u011f\u0131m\u0131 s\u00f6yl\u0259s\u0259m d\u0259, n\u0259tic\u0259si olmad\u0131 v\u0259 m\u0259ni G\u00fcrc\u00fcstana getm\u0259y\u0259 qoymad\u0131lar\u201d, &#8211; dey\u0259 S\u00fcleymanl\u0131 qeyd edib.\n<\/p>\n<p>\n  Se\u00e7kil\u0259rin Monitorinqi v\u0259 Demokratiyan\u0131n T\u0259drisi M\u0259rk\u0259zinin s\u0259dr m\u00fcavini B\u0259\u015fir S\u00fcleymanl\u0131 \u00f6t\u0259n ilin may ay\u0131n\u0131n 26-da\u00a0 Cinay\u0259t M\u0259c\u0259ll\u0259sinin 179.3.2 (k\u00fclli miqdarda m\u0259nims\u0259m\u0259), 192.2.2 (m\u00fct\u0259\u015f\u0259kkil d\u0259st\u0259 t\u0259r\u0259find\u0259n qanunsuz sahibkarl\u0131q), 213.1 (vergid\u0259n yay\u0131nma), 308.2 (v\u0259zif\u0259 s\u0259lahiyy\u0259tl\u0259rind\u0259n sui-istifad\u0259 etm\u0259 a\u011f\u0131r n\u0259tic\u0259l\u0259r\u0259 s\u0259b\u0259b olduqda) madd\u0259l\u0259ril\u0259 t\u0259qsirli bilin\u0259r\u0259k 3 il 6 ay azadl\u0131qdan m\u0259hrum edilmi\u015fdi.<br \/>\n  <br \/>\n  Prezident \u0130lham \u018fliyevin imzalad\u0131\u011f\u0131 sonuncu \u0259fv s\u0259r\u0259ncam\u0131 il\u0259 B\u0259\u015fir S\u00fcleymanl\u0131 mart\u0131n 19-da azadl\u0131\u011fa \u00e7\u0131x\u0131b.<\/p>\n","protected":false},"excerpt":{"rendered":"<p>Qazax-S\u0131n\u0131q K\u00f6rp\u00fc G\u00f6mr\u00fck postunda ke\u00e7mi\u015f siyasi m\u0259hbusa bildiribl\u0259r ki, Ba\u015f Prokurorluqdan onun \u00f6lk\u0259d\u0259n \u00e7\u0131xmas\u0131na qada\u011fa qoyulub<\/p>\n","protected":false},"author":11,"featured_media":22751,"comment_status":"closed","ping_status":"open","sticky":false,"template":"","format":"standard","meta":{"_acf_changed":false,"_sitemap_exclude":false,"_sitemap_priority":"","_sitemap_frequency":"","footnotes":""},"categories":[56],"tags":[],"class_list":["post-167555","post","type-post","status-publish","format-standard","has-post-thumbnail","hentry","category-xeberler","infinite-scroll-item","generate-columns","tablet-grid-50","mobile-grid-100","grid-parent","grid-33","no-featured-image-padding"],"acf":[],"yoast_head":"<!-- This site is optimized with the Yoast SEO plugin v28.4 - https:\/\/yoast.com\/product\/yoast-seo-wordpress\/ -->\n<title>B\u0259\u015fir S\u00fcleymanl\u0131ya \u00f6lk\u0259d\u0259n \u00e7\u0131xma\u011fa icaz\u0259 verilm\u0259di - MEYDAN.TV<\/title>\n<meta name=\"robots\" content=\"index, follow, max-snippet:-1, max-image-preview:large, max-video-preview:-1\" \/>\n<link rel=\"canonical\" href=\"https:\/\/www.meydan.tv\/az\/article\/besir-suleymanliya-olkeden-cixmaga-icaze-verilmedi\/\" \/>\n<meta property=\"og:locale\" content=\"az_AZ\" \/>\n<meta property=\"og:type\" content=\"article\" \/>\n<meta property=\"og:title\" content=\"B\u0259\u015fir S\u00fcleymanl\u0131ya \u00f6lk\u0259d\u0259n \u00e7\u0131xma\u011fa icaz\u0259 verilm\u0259di - MEYDAN.TV\" \/>\n<meta property=\"og:description\" content=\"Qazax-S\u0131n\u0131q K\u00f6rp\u00fc G\u00f6mr\u00fck postunda ke\u00e7mi\u015f siyasi m\u0259hbusa bildiribl\u0259r ki, Ba\u015f Prokurorluqdan onun \u00f6lk\u0259d\u0259n \u00e7\u0131xmas\u0131na qada\u011fa qoyulub\" \/>\n<meta property=\"og:url\" content=\"https:\/\/www.meydan.tv\/az\/article\/besir-suleymanliya-olkeden-cixmaga-icaze-verilmedi\/\" \/>\n<meta property=\"og:site_name\" content=\"MEYDAN.TV\" \/>\n<meta property=\"article:published_time\" content=\"2015-04-14T20:23:09+00:00\" \/>\n<meta property=\"og:image\" content=\"https:\/\/www.meydan.tv\/wp-content\/uploads\/8255.jpg\" \/>\n\t<meta property=\"og:image:width\" content=\"960\" \/>\n\t<meta property=\"og:image:height\" content=\"720\" \/>\n\t<meta property=\"og:image:type\" content=\"image\/jpeg\" \/>\n<meta name=\"twitter:card\" content=\"summary_large_image\" \/>\n<!-- \/ Yoast SEO plugin. -->","yoast_head_json":{"title":"B\u0259\u015fir S\u00fcleymanl\u0131ya \u00f6lk\u0259d\u0259n \u00e7\u0131xma\u011fa icaz\u0259 verilm\u0259di - MEYDAN.TV","robots":{"index":"index","follow":"follow","max-snippet":"max-snippet:-1","max-image-preview":"max-image-preview:large","max-video-preview":"max-video-preview:-1"},"canonical":"https:\/\/www.meydan.tv\/az\/article\/besir-suleymanliya-olkeden-cixmaga-icaze-verilmedi\/","og_locale":"az_AZ","og_type":"article","og_title":"B\u0259\u015fir S\u00fcleymanl\u0131ya \u00f6lk\u0259d\u0259n \u00e7\u0131xma\u011fa icaz\u0259 verilm\u0259di - MEYDAN.TV","og_description":"Qazax-S\u0131n\u0131q K\u00f6rp\u00fc G\u00f6mr\u00fck postunda ke\u00e7mi\u015f siyasi m\u0259hbusa bildiribl\u0259r ki, Ba\u015f Prokurorluqdan onun \u00f6lk\u0259d\u0259n \u00e7\u0131xmas\u0131na qada\u011fa qoyulub","og_url":"https:\/\/www.meydan.tv\/az\/article\/besir-suleymanliya-olkeden-cixmaga-icaze-verilmedi\/","og_site_name":"MEYDAN.TV","article_published_time":"2015-04-14T20:23:09+00:00","og_image":[{"width":960,"height":720,"url":"https:\/\/www.meydan.tv\/wp-content\/uploads\/8255.jpg","type":"image\/jpeg"}],"twitter_card":"summary_large_image","schema":{"@context":"https:\/\/schema.org","@graph":[{"@type":"Article","@id":"https:\/\/www.meydan.tv\/az\/article\/besir-suleymanliya-olkeden-cixmaga-icaze-verilmedi\/#article","isPartOf":{"@id":"https:\/\/www.meydan.tv\/az\/article\/besir-suleymanliya-olkeden-cixmaga-icaze-verilmedi\/"},"author":{"name":"user-manager","@id":"https:\/\/www.meydan.tv\/az\/#\/schema\/person\/10d11eccf6da3662cf5fdab9806ea91a"},"headline":"B\u0259\u015fir S\u00fcleymanl\u0131ya \u00f6lk\u0259d\u0259n \u00e7\u0131xma\u011fa icaz\u0259 verilm\u0259di","datePublished":"2015-04-14T20:23:09+00:00","mainEntityOfPage":{"@id":"https:\/\/www.meydan.tv\/az\/article\/besir-suleymanliya-olkeden-cixmaga-icaze-verilmedi\/"},"wordCount":317,"publisher":{"@id":"https:\/\/www.meydan.tv\/az\/#organization"},"image":{"@id":"https:\/\/www.meydan.tv\/az\/article\/besir-suleymanliya-olkeden-cixmaga-icaze-verilmedi\/#primaryimage"},"thumbnailUrl":"https:\/\/www.meydan.tv\/wp-content\/uploads\/8255.jpg","articleSection":["X\u0259b\u0259rl\u0259r"],"inLanguage":"az"},{"@type":"WebPage","@id":"https:\/\/www.meydan.tv\/az\/article\/besir-suleymanliya-olkeden-cixmaga-icaze-verilmedi\/","url":"https:\/\/www.meydan.tv\/az\/article\/besir-suleymanliya-olkeden-cixmaga-icaze-verilmedi\/","name":"B\u0259\u015fir S\u00fcleymanl\u0131ya \u00f6lk\u0259d\u0259n \u00e7\u0131xma\u011fa icaz\u0259 verilm\u0259di - MEYDAN.TV","isPartOf":{"@id":"https:\/\/www.meydan.tv\/az\/#website"},"primaryImageOfPage":{"@id":"https:\/\/www.meydan.tv\/az\/article\/besir-suleymanliya-olkeden-cixmaga-icaze-verilmedi\/#primaryimage"},"image":{"@id":"https:\/\/www.meydan.tv\/az\/article\/besir-suleymanliya-olkeden-cixmaga-icaze-verilmedi\/#primaryimage"},"thumbnailUrl":"https:\/\/www.meydan.tv\/wp-content\/uploads\/8255.jpg","datePublished":"2015-04-14T20:23:09+00:00","breadcrumb":{"@id":"https:\/\/www.meydan.tv\/az\/article\/besir-suleymanliya-olkeden-cixmaga-icaze-verilmedi\/#breadcrumb"},"inLanguage":"az","potentialAction":[{"@type":"ReadAction","target":["https:\/\/www.meydan.tv\/az\/article\/besir-suleymanliya-olkeden-cixmaga-icaze-verilmedi\/"]}]},{"@type":"ImageObject","inLanguage":"az","@id":"https:\/\/www.meydan.tv\/az\/article\/besir-suleymanliya-olkeden-cixmaga-icaze-verilmedi\/#primaryimage","url":"https:\/\/www.meydan.tv\/wp-content\/uploads\/8255.jpg","contentUrl":"https:\/\/www.meydan.tv\/wp-content\/uploads\/8255.jpg","width":960,"height":720,"caption":"Source:"},{"@type":"BreadcrumbList","@id":"https:\/\/www.meydan.tv\/az\/article\/besir-suleymanliya-olkeden-cixmaga-icaze-verilmedi\/#breadcrumb","itemListElement":[{"@type":"ListItem","position":1,"name":"Ana s\u0259hif\u0259","item":"https:\/\/www.meydan.tv\/az\/"},{"@type":"ListItem","position":2,"name":"X\u0259b\u0259rl\u0259r","item":"https:\/\/www.meydan.tv\/az\/section\/xeberler\/"},{"@type":"ListItem","position":3,"name":"B\u0259\u015fir S\u00fcleymanl\u0131ya \u00f6lk\u0259d\u0259n \u00e7\u0131xma\u011fa icaz\u0259 verilm\u0259di"}]},{"@type":"WebSite","@id":"https:\/\/www.meydan.tv\/az\/#website","url":"https:\/\/www.meydan.tv\/az\/","name":"MEYDAN.TV","description":"Meydan TV Az\u0259rbaycan\u0131n media m\u0259kan\u0131ndak\u0131 alternativ s\u0259sidir","publisher":{"@id":"https:\/\/www.meydan.tv\/az\/#organization"},"potentialAction":[{"@type":"SearchAction","target":{"@type":"EntryPoint","urlTemplate":"https:\/\/www.meydan.tv\/az\/?s={search_term_string}"},"query-input":{"@type":"PropertyValueSpecification","valueRequired":true,"valueName":"search_term_string"}}],"inLanguage":"az"},{"@type":"Organization","@id":"https:\/\/www.meydan.tv\/az\/#organization","name":"Meydan TV","url":"https:\/\/www.meydan.tv\/az\/","logo":{"@type":"ImageObject","inLanguage":"az","@id":"https:\/\/www.meydan.tv\/az\/#\/schema\/logo\/image\/","url":"https:\/\/www.meydan.tv\/wp-content\/uploads\/2021\/07\/meydan-logo.svg","contentUrl":"https:\/\/www.meydan.tv\/wp-content\/uploads\/2021\/07\/meydan-logo.svg","width":195,"height":46,"caption":"Meydan TV"},"image":{"@id":"https:\/\/www.meydan.tv\/az\/#\/schema\/logo\/image\/"}},{"@type":"Person","@id":"https:\/\/www.meydan.tv\/az\/#\/schema\/person\/10d11eccf6da3662cf5fdab9806ea91a","name":"user-manager"}]}},"_links":{"self":[{"href":"https:\/\/www.meydan.tv\/az\/wp-json\/wp\/v2\/posts\/167555","targetHints":{"allow":["GET"]}}],"collection":[{"href":"https:\/\/www.meydan.tv\/az\/wp-json\/wp\/v2\/posts"}],"about":[{"href":"https:\/\/www.meydan.tv\/az\/wp-json\/wp\/v2\/types\/post"}],"author":[{"embeddable":true,"href":"https:\/\/www.meydan.tv\/az\/wp-json\/wp\/v2\/users\/11"}],"replies":[{"embeddable":true,"href":"https:\/\/www.meydan.tv\/az\/wp-json\/wp\/v2\/comments?post=167555"}],"version-history":[{"count":0,"href":"https:\/\/www.meydan.tv\/az\/wp-json\/wp\/v2\/posts\/167555\/revisions"}],"wp:featuredmedia":[{"embeddable":true,"href":"https:\/\/www.meydan.tv\/az\/wp-json\/wp\/v2\/media\/22751"}],"wp:attachment":[{"href":"https:\/\/www.meydan.tv\/az\/wp-json\/wp\/v2\/media?parent=167555"}],"wp:term":[{"taxonomy":"category","embeddable":true,"href":"https:\/\/www.meydan.tv\/az\/wp-json\/wp\/v2\/categories?post=167555"},{"taxonomy":"post_tag","embeddable":true,"href":"https:\/\/www.meydan.tv\/az\/wp-json\/wp\/v2\/tags?post=167555"}],"curies":[{"name":"wp","href":"https:\/\/api.w.org\/{rel}","templated":true}]}}