{"id":167554,"date":"2015-04-14T20:18:05","date_gmt":"2015-04-14T20:18:05","guid":{"rendered":"https:\/\/www.meydan.tv\/article\/dovlet-ittihamcisi-intiqam-eliyeve-10-il-ceza-istedi\/"},"modified":"2015-04-14T20:18:05","modified_gmt":"2015-04-14T20:18:05","slug":"dovlet-ittihamcisi-intiqam-eliyeve-10-il-ceza-istedi","status":"publish","type":"post","link":"https:\/\/www.meydan.tv\/az\/article\/dovlet-ittihamcisi-intiqam-eliyeve-10-il-ceza-istedi\/","title":{"rendered":"D\u00f6vl\u0259t ittiham\u00e7\u0131s\u0131 \u0130ntiqam \u018fliyev\u0259 10 il c\u0259za ist\u0259di"},"content":{"rendered":"<figure class=\"wp-block-image size-large\">\n  <img decoding=\"async\" src=\"https:\/\/www.meydan.tv\/az\/22745\/\" alt=\"\" class=\"wp-image-22745\"\/><figcaption><\/figcaption><\/figure>\n<figure class=\"wp-block-image size-large\">\n  <img decoding=\"async\" src=\"https:\/\/www.meydan.tv\/az\/22745\/\" alt=\"\" class=\"wp-image-22745\"\/><figcaption><\/figcaption><\/figure>\n<p>\n  <i><br \/>\n    M\u00fcdafi\u0259 t\u0259r\u0259finin \u00e7\u0131x\u0131\u015f ed\u0259c\u0259yi n\u00f6vb\u0259ti proses aprelin 21-n\u0259 t\u0259yin olunub<br \/>\n  <\/i>\n<\/p>\n<p>\n  Aprelin 14-d\u0259 Bak\u0131 A\u011f\u0131r Cinay\u0259tl\u0259r M\u0259hk\u0259m\u0259sind\u0259 H\u00fcquq Maarif\u00e7iliyi C\u0259miyy\u0259tinin r\u0259hb\u0259ri, h\u00fcquq\u015f\u00fcnas \u0130ntiqam \u018fliyevin n\u00f6vb\u0259ti m\u0259hk\u0259m\u0259 prosesi ke\u00e7irilib.\n<\/p>\n<p>\n  Meydan TV-in prosesi izl\u0259y\u0259n \u0259m\u0259kda\u015f\u0131 bildirib ki, d\u00f6vl\u0259t ittiham\u00e7\u0131s\u0131 \u0130ntiqam \u018fliyev\u0259 t\u0259qsirli bilindiyi madd\u0259l\u0259r \u00fczr\u0259 10 il h\u0259bs c\u0259zas\u0131n\u0131n verilm\u0259sini v\u0259 3 il d\u00f6vl\u0259t v\u0259 yerli idar\u0259etm\u0259d\u0259 r\u0259hb\u0259r v\u0259zif\u0259l\u0259rd\u0259 i\u015fl\u0259m\u0259yin qada\u011fa olunmas\u0131n\u0131n h\u00f6km\u0259 sal\u0131nmas\u0131n\u0131 ist\u0259yib.\n<\/p>\n<p>\n  M\u0259hk\u0259m\u0259d\u0259 v\u0259kill\u0259rin v\u0259sat\u0259tl\u0259ri t\u0259min olunmay\u0131b: &#8220;Hans\u0131 ki, \u018fdliyy\u0259 Nazirliyind\u0259 qeydiyyatdan ke\u00e7irilmi\u015f layih\u0259l\u0259ri ehtiva edirdi. M\u0259hk\u0259m\u0259d\u0259 nazirliyin q\u0131sa aray\u0131\u015f verildiyi v\u0259 s\u0259n\u0259dl\u0259rin m\u0259hk\u0259m\u0259y\u0259 g\u00f6nd\u0259rildiyi bildirils\u0259 d\u0259,\u00a0 he\u00e7 bir s\u0259n\u0259d g\u00f6nd\u0259rilm\u0259diyi a\u015fkarlan\u0131b. Xarici donorlar\u0131n \u0130ntiqam \u018fliyevin i\u015find\u0259n naraz\u0131 olmad\u0131qlar\u0131 bar\u0259d\u0259 m\u0259ktublar da m\u0259hk\u0259m\u0259y\u0259 t\u0259qdim olunub. \u00c7exiya s\u0259firliyi, A\u00e7\u0131q C\u0259miyy\u0259t \u0130nstitutu, Norve\u00e7 \u0130nsan Haqlar\u0131 Evi m\u0259hk\u0259m\u0259y\u0259 bu s\u0259pkid\u0259 m\u0259ktublar \u00fcnvanlay\u0131b. \u0130ntiqam \u018fliyev bildirib ki, ona m\u0259nims\u0259m\u0259 ittiham\u0131 ir\u0259li s\u00fcr\u00fcl\u00fcb. \u018fg\u0259r donor naraz\u0131l\u0131\u011f\u0131n\u0131 bildirmirs\u0259, ittiham\u0131n \u00f6z\u00fc qanunsuzdur&#8221;.\n<\/p>\n<p>\n  M\u00fcdafi\u0259 t\u0259r\u0259finin \u00e7\u0131x\u0131\u015f ed\u0259c\u0259yi n\u00f6vb\u0259ti proses aprelin 21-n\u0259 t\u0259yin olunub.<\/p>\n","protected":false},"excerpt":{"rendered":"<p>M\u00fcdafi\u0259 t\u0259r\u0259finin \u00e7\u0131x\u0131\u015f ed\u0259c\u0259yi n\u00f6vb\u0259ti proses aprelin 21-n\u0259 t\u0259yin olunub<\/p>\n","protected":false},"author":11,"featured_media":22745,"comment_status":"closed","ping_status":"open","sticky":false,"template":"","format":"standard","meta":{"_acf_changed":false,"_sitemap_exclude":false,"_sitemap_priority":"","_sitemap_frequency":"","footnotes":""},"categories":[56],"tags":[],"class_list":["post-167554","post","type-post","status-publish","format-standard","has-post-thumbnail","hentry","category-xeberler","infinite-scroll-item","generate-columns","tablet-grid-50","mobile-grid-100","grid-parent","grid-33","no-featured-image-padding"],"acf":[],"yoast_head":"<!-- This site is optimized with the Yoast SEO plugin v28.4 - https:\/\/yoast.com\/product\/yoast-seo-wordpress\/ -->\n<title>D\u00f6vl\u0259t ittiham\u00e7\u0131s\u0131 \u0130ntiqam \u018fliyev\u0259 10 il c\u0259za ist\u0259di - MEYDAN.TV<\/title>\n<meta name=\"robots\" content=\"index, follow, max-snippet:-1, max-image-preview:large, max-video-preview:-1\" \/>\n<link rel=\"canonical\" href=\"https:\/\/www.meydan.tv\/az\/article\/dovlet-ittihamcisi-intiqam-eliyeve-10-il-ceza-istedi\/\" \/>\n<meta property=\"og:locale\" content=\"az_AZ\" \/>\n<meta property=\"og:type\" content=\"article\" \/>\n<meta property=\"og:title\" content=\"D\u00f6vl\u0259t ittiham\u00e7\u0131s\u0131 \u0130ntiqam \u018fliyev\u0259 10 il c\u0259za ist\u0259di - MEYDAN.TV\" \/>\n<meta property=\"og:description\" content=\"M\u00fcdafi\u0259 t\u0259r\u0259finin \u00e7\u0131x\u0131\u015f ed\u0259c\u0259yi n\u00f6vb\u0259ti proses aprelin 21-n\u0259 t\u0259yin olunub\" \/>\n<meta property=\"og:url\" content=\"https:\/\/www.meydan.tv\/az\/article\/dovlet-ittihamcisi-intiqam-eliyeve-10-il-ceza-istedi\/\" \/>\n<meta property=\"og:site_name\" content=\"MEYDAN.TV\" \/>\n<meta property=\"article:published_time\" content=\"2015-04-14T20:18:05+00:00\" \/>\n<meta property=\"og:image\" content=\"https:\/\/www.meydan.tv\/wp-content\/uploads\/8254.jpg\" \/>\n\t<meta property=\"og:image:width\" content=\"450\" \/>\n\t<meta property=\"og:image:height\" content=\"300\" \/>\n\t<meta property=\"og:image:type\" content=\"image\/jpeg\" \/>\n<meta name=\"twitter:card\" content=\"summary_large_image\" \/>\n<!-- \/ Yoast SEO plugin. -->","yoast_head_json":{"title":"D\u00f6vl\u0259t ittiham\u00e7\u0131s\u0131 \u0130ntiqam \u018fliyev\u0259 10 il c\u0259za ist\u0259di - MEYDAN.TV","robots":{"index":"index","follow":"follow","max-snippet":"max-snippet:-1","max-image-preview":"max-image-preview:large","max-video-preview":"max-video-preview:-1"},"canonical":"https:\/\/www.meydan.tv\/az\/article\/dovlet-ittihamcisi-intiqam-eliyeve-10-il-ceza-istedi\/","og_locale":"az_AZ","og_type":"article","og_title":"D\u00f6vl\u0259t ittiham\u00e7\u0131s\u0131 \u0130ntiqam \u018fliyev\u0259 10 il c\u0259za ist\u0259di - MEYDAN.TV","og_description":"M\u00fcdafi\u0259 t\u0259r\u0259finin \u00e7\u0131x\u0131\u015f ed\u0259c\u0259yi n\u00f6vb\u0259ti proses aprelin 21-n\u0259 t\u0259yin olunub","og_url":"https:\/\/www.meydan.tv\/az\/article\/dovlet-ittihamcisi-intiqam-eliyeve-10-il-ceza-istedi\/","og_site_name":"MEYDAN.TV","article_published_time":"2015-04-14T20:18:05+00:00","og_image":[{"width":450,"height":300,"url":"https:\/\/www.meydan.tv\/wp-content\/uploads\/8254.jpg","type":"image\/jpeg"}],"twitter_card":"summary_large_image","schema":{"@context":"https:\/\/schema.org","@graph":[{"@type":"Article","@id":"https:\/\/www.meydan.tv\/az\/article\/dovlet-ittihamcisi-intiqam-eliyeve-10-il-ceza-istedi\/#article","isPartOf":{"@id":"https:\/\/www.meydan.tv\/az\/article\/dovlet-ittihamcisi-intiqam-eliyeve-10-il-ceza-istedi\/"},"author":{"name":"user-manager","@id":"https:\/\/www.meydan.tv\/az\/#\/schema\/person\/10d11eccf6da3662cf5fdab9806ea91a"},"headline":"D\u00f6vl\u0259t ittiham\u00e7\u0131s\u0131 \u0130ntiqam \u018fliyev\u0259 10 il c\u0259za ist\u0259di","datePublished":"2015-04-14T20:18:05+00:00","mainEntityOfPage":{"@id":"https:\/\/www.meydan.tv\/az\/article\/dovlet-ittihamcisi-intiqam-eliyeve-10-il-ceza-istedi\/"},"wordCount":285,"publisher":{"@id":"https:\/\/www.meydan.tv\/az\/#organization"},"image":{"@id":"https:\/\/www.meydan.tv\/az\/article\/dovlet-ittihamcisi-intiqam-eliyeve-10-il-ceza-istedi\/#primaryimage"},"thumbnailUrl":"https:\/\/www.meydan.tv\/wp-content\/uploads\/8254.jpg","articleSection":["X\u0259b\u0259rl\u0259r"],"inLanguage":"az"},{"@type":"WebPage","@id":"https:\/\/www.meydan.tv\/az\/article\/dovlet-ittihamcisi-intiqam-eliyeve-10-il-ceza-istedi\/","url":"https:\/\/www.meydan.tv\/az\/article\/dovlet-ittihamcisi-intiqam-eliyeve-10-il-ceza-istedi\/","name":"D\u00f6vl\u0259t ittiham\u00e7\u0131s\u0131 \u0130ntiqam \u018fliyev\u0259 10 il c\u0259za ist\u0259di - MEYDAN.TV","isPartOf":{"@id":"https:\/\/www.meydan.tv\/az\/#website"},"primaryImageOfPage":{"@id":"https:\/\/www.meydan.tv\/az\/article\/dovlet-ittihamcisi-intiqam-eliyeve-10-il-ceza-istedi\/#primaryimage"},"image":{"@id":"https:\/\/www.meydan.tv\/az\/article\/dovlet-ittihamcisi-intiqam-eliyeve-10-il-ceza-istedi\/#primaryimage"},"thumbnailUrl":"https:\/\/www.meydan.tv\/wp-content\/uploads\/8254.jpg","datePublished":"2015-04-14T20:18:05+00:00","breadcrumb":{"@id":"https:\/\/www.meydan.tv\/az\/article\/dovlet-ittihamcisi-intiqam-eliyeve-10-il-ceza-istedi\/#breadcrumb"},"inLanguage":"az","potentialAction":[{"@type":"ReadAction","target":["https:\/\/www.meydan.tv\/az\/article\/dovlet-ittihamcisi-intiqam-eliyeve-10-il-ceza-istedi\/"]}]},{"@type":"ImageObject","inLanguage":"az","@id":"https:\/\/www.meydan.tv\/az\/article\/dovlet-ittihamcisi-intiqam-eliyeve-10-il-ceza-istedi\/#primaryimage","url":"https:\/\/www.meydan.tv\/wp-content\/uploads\/8254.jpg","contentUrl":"https:\/\/www.meydan.tv\/wp-content\/uploads\/8254.jpg","width":450,"height":300,"caption":"Source:"},{"@type":"BreadcrumbList","@id":"https:\/\/www.meydan.tv\/az\/article\/dovlet-ittihamcisi-intiqam-eliyeve-10-il-ceza-istedi\/#breadcrumb","itemListElement":[{"@type":"ListItem","position":1,"name":"Ana s\u0259hif\u0259","item":"https:\/\/www.meydan.tv\/az\/"},{"@type":"ListItem","position":2,"name":"X\u0259b\u0259rl\u0259r","item":"https:\/\/www.meydan.tv\/az\/section\/xeberler\/"},{"@type":"ListItem","position":3,"name":"D\u00f6vl\u0259t ittiham\u00e7\u0131s\u0131 \u0130ntiqam \u018fliyev\u0259 10 il c\u0259za ist\u0259di"}]},{"@type":"WebSite","@id":"https:\/\/www.meydan.tv\/az\/#website","url":"https:\/\/www.meydan.tv\/az\/","name":"MEYDAN.TV","description":"Meydan TV Az\u0259rbaycan\u0131n media m\u0259kan\u0131ndak\u0131 alternativ s\u0259sidir","publisher":{"@id":"https:\/\/www.meydan.tv\/az\/#organization"},"potentialAction":[{"@type":"SearchAction","target":{"@type":"EntryPoint","urlTemplate":"https:\/\/www.meydan.tv\/az\/?s={search_term_string}"},"query-input":{"@type":"PropertyValueSpecification","valueRequired":true,"valueName":"search_term_string"}}],"inLanguage":"az"},{"@type":"Organization","@id":"https:\/\/www.meydan.tv\/az\/#organization","name":"Meydan TV","url":"https:\/\/www.meydan.tv\/az\/","logo":{"@type":"ImageObject","inLanguage":"az","@id":"https:\/\/www.meydan.tv\/az\/#\/schema\/logo\/image\/","url":"https:\/\/www.meydan.tv\/wp-content\/uploads\/2021\/07\/meydan-logo.svg","contentUrl":"https:\/\/www.meydan.tv\/wp-content\/uploads\/2021\/07\/meydan-logo.svg","width":195,"height":46,"caption":"Meydan TV"},"image":{"@id":"https:\/\/www.meydan.tv\/az\/#\/schema\/logo\/image\/"}},{"@type":"Person","@id":"https:\/\/www.meydan.tv\/az\/#\/schema\/person\/10d11eccf6da3662cf5fdab9806ea91a","name":"user-manager"}]}},"_links":{"self":[{"href":"https:\/\/www.meydan.tv\/az\/wp-json\/wp\/v2\/posts\/167554","targetHints":{"allow":["GET"]}}],"collection":[{"href":"https:\/\/www.meydan.tv\/az\/wp-json\/wp\/v2\/posts"}],"about":[{"href":"https:\/\/www.meydan.tv\/az\/wp-json\/wp\/v2\/types\/post"}],"author":[{"embeddable":true,"href":"https:\/\/www.meydan.tv\/az\/wp-json\/wp\/v2\/users\/11"}],"replies":[{"embeddable":true,"href":"https:\/\/www.meydan.tv\/az\/wp-json\/wp\/v2\/comments?post=167554"}],"version-history":[{"count":0,"href":"https:\/\/www.meydan.tv\/az\/wp-json\/wp\/v2\/posts\/167554\/revisions"}],"wp:featuredmedia":[{"embeddable":true,"href":"https:\/\/www.meydan.tv\/az\/wp-json\/wp\/v2\/media\/22745"}],"wp:attachment":[{"href":"https:\/\/www.meydan.tv\/az\/wp-json\/wp\/v2\/media?parent=167554"}],"wp:term":[{"taxonomy":"category","embeddable":true,"href":"https:\/\/www.meydan.tv\/az\/wp-json\/wp\/v2\/categories?post=167554"},{"taxonomy":"post_tag","embeddable":true,"href":"https:\/\/www.meydan.tv\/az\/wp-json\/wp\/v2\/tags?post=167554"}],"curies":[{"name":"wp","href":"https:\/\/api.w.org\/{rel}","templated":true}]}}