{"id":167551,"date":"2015-04-14T18:57:17","date_gmt":"2015-04-14T18:57:17","guid":{"rendered":"https:\/\/www.meydan.tv\/article\/zelimxan-memmedli-hele-de-gurcustana-buraxilmir\/"},"modified":"2015-04-14T18:57:17","modified_gmt":"2015-04-14T18:57:17","slug":"zelimxan-memmedli-hele-de-gurcustana-buraxilmir","status":"publish","type":"post","link":"https:\/\/www.meydan.tv\/az\/article\/zelimxan-memmedli-hele-de-gurcustana-buraxilmir\/","title":{"rendered":"Z\u0259limxan M\u0259mm\u0259dli h\u0259l\u0259 d\u0259 G\u00fcrc\u00fcstana burax\u0131lm\u0131r"},"content":{"rendered":"<figure class=\"wp-block-image size-large\">\n  <img decoding=\"async\" src=\"https:\/\/www.meydan.tv\/az\/22733\/\" alt=\"\" class=\"wp-image-22733\"\/><figcaption><\/figcaption><\/figure>\n<figure class=\"wp-block-image size-large\">\n  <img decoding=\"async\" src=\"https:\/\/www.meydan.tv\/az\/22733\/\" alt=\"\" class=\"wp-image-22733\"\/><figcaption><\/figcaption><\/figure>\n<p>\n  <i><br \/>\n    &#8220;Bor\u00e7al\u0131&#8221; C\u0259miyy\u0259ti \u0130lham \u018fliyev\u0259 m\u00fcraci\u0259t haz\u0131rlay\u0131r<br \/>\n  <\/i>\n<\/p>\n<p>\n  &#8220;Bor\u00e7al\u0131&#8221; C\u0259miyy\u0259ti Az\u0259rbaycan d\u00f6vl\u0259t ba\u015f\u00e7\u0131s\u0131 \u0130lham \u018fliyev\u0259 v\u0259 G\u00fcrc\u00fcstan\u0131n siyasi partiyalar\u0131na m\u00fcraci\u0259t haz\u0131rlay\u0131r.\n<\/p>\n<p>\n  Bu bar\u0259d\u0259 Meydan TV-y\u0259 a\u00e7\u0131qlama ver\u0259n c\u0259miyy\u0259tin s\u0259dri Z\u0259limxan M\u0259mm\u0259dli bildirib ki, m\u00fcraci\u0259td\u0259 onun \u00f6t\u0259n ilin oktyabr\u0131ndan G\u00fcrc\u00fcstana burax\u0131lmamas\u0131n\u0131n yanl\u0131\u015fl\u0131\u011f\u0131 bar\u0259d\u0259 fikirl\u0259r yer al\u0131b: &#8220;Bildirmi\u015fik ki, m\u0259ni v\u0259 c\u0259miyy\u0259tin s\u0259dr m\u00fcavini Salman Murquzovun G\u00fcrc\u00fcstana burax\u0131lmamas\u0131 iki xalq v\u0259 m\u0259d\u0259niyy\u0259tl\u0259r aras\u0131ndak\u0131 m\u00fcnasib\u0259tl\u0259rin ciddiliyin\u0259 x\u0259l\u0259l g\u0259tirir. Biz G\u00fcrc\u00fcstan siyasi partiyalar\u0131ndan bu m\u0259s\u0259l\u0259y\u0259 m\u00f6vqe bildirm\u0259l\u0259rini ist\u0259mi\u015fik. Bundan \u0259vv\u0259l G\u00fcrc\u00fcstan\u0131n b\u0259zi partiyalar\u0131, indiki v\u0259 ke\u00e7mi\u015f mill\u0259t v\u0259kill\u0259ri, &#8220;Rustavi&#8221; M\u0259d\u0259niyy\u0259t M\u0259rk\u0259zi, &#8220;Qeyr\u0259t&#8221; Xalq H\u0259r\u0259kat\u0131, ictimai qurumlar\u0131 d\u0259st\u0259kl\u0259rini n\u00fcmayi\u015f etdiribl\u0259r. M\u0259qs\u0259dimiz G\u00fcrc\u00fcstn\u0131n siyasi elitas\u0131n\u0131 proses\u0259 qo\u015fmaqd\u0131r. Biz haql\u0131 oldu\u011fumuzu s\u00fcbut ed\u0259c\u0259yimiz\u0259 inan\u0131r\u0131q&#8221;.\n<\/p>\n<p>\n  Ancaq Z\u0259limxan M\u0259mm\u0259dli Az\u0259rbaycanda ADP istisna olmaqla, ba\u015fqa partiyalar\u0131n onlar\u0131 d\u0259st\u0259kl\u0259dikl\u0259rini dedi: &#8220;Sabir R\u00fcst\u0259mxanl\u0131,\u00a0 Fazil Q\u0259z\u0259nf\u0259ro\u011flu, Q\u0259nir\u0259 Pa\u015fayeva, \u0130qbal A\u011fazad\u0259 G\u00fcrc\u00fcstan parlamentin\u0259 sor\u011fu g\u00f6nd\u0259ribl\u0259r. O c\u00fcml\u0259d\u0259n, Az\u0259rbaycan\u0131n v\u0259 T\u00fcrkiy\u0259nin 50-d\u0259n \u00e7ox ictimai, m\u0259d\u0259ni m\u0259rk\u0259zl\u0259ri qon\u015fu respublikan\u0131n m\u00fcvafiq orqanlar\u0131na m\u00fcraci\u0259t edibl\u0259r.\n<\/p>\n<p>\n  Z\u0259limxan M\u0259mm\u0259dli deyib ki, \u0259vv\u0259lki m\u00fcraci\u0259t \u0259snas\u0131nda Az\u0259rbaycan\u0131n Xarici \u0130\u015fl\u0259r Nazirliyi G\u00fcrc\u00fcstana nota verib, o c\u00fcml\u0259d\u0259n, Az\u0259rbaycan\u0131n qon\u015fu \u00f6lk\u0259d\u0259ki s\u0259firliyi onlar\u0131n X\u0130N-\u0259 m\u00fcvafiq nota t\u0259qdim edib: &#8220;G\u00fcrc\u00fcstan t\u0259r\u0259finin m\u0259n\u0259 &#8220;Xarici v\u0259t\u0259nda\u015flar haqq\u0131nda&#8221; qanunun 11-ci madd\u0259sinin t\u0259tbiq olunmas\u0131 bar\u0259d\u0259 r\u0259smi m\u0259ktubunu alm\u0131\u015fam. Madd\u0259 \u00f6z\u00fcnd\u0259 d\u00f6vl\u0259t g\u00fcv\u0259nliyin\u0259 x\u0259l\u0259l g\u0259tirm\u0259k, t\u0259hrik\u00e7ilik, insanlar\u0131n k\u00fctl\u0259vi \u015f\u0259kild\u0259 sa\u011fl\u0131q h\u00fcququnun pozulmas\u0131n\u0259 ehtiva edir. Absurd bir \u015feydir v\u0259 t\u0259kzib etmi\u015fik. G\u00fcrc\u00fcstan\u0131n t\u0259hl\u00fck\u0259sizlik v\u0259 h\u00fcquq-m\u00fchafiz\u0259 orqanlar\u0131na m\u00fcraci\u0259t etmi\u015f\u0259m ki, \u0259g\u0259r bel\u0259 bir \u015fey varsa, cinay\u0259t i\u015fi a\u00e7\u0131ls\u0131n. H\u0259tta \u00f6z\u00fcm\u00fcn d\u0259 n\u0259 vaxt ist\u0259yirl\u0259rs\u0259, G\u00fcrc\u00fcstana g\u0259lm\u0259y\u0259 haz\u0131r oldu\u011fumu b\u0259yan etmi\u015f\u0259m. \u018fg\u0259r t\u0259qsirsiz oldu\u011fum a\u015fkarlansa, h\u0259m \u015f\u0259xsimd\u0259n, h\u0259m d\u0259 Bor\u00e7al\u0131 elind\u0259n \u00fczr ist\u0259m\u0259l\u0259rini t\u0259l\u0259b ed\u0259c\u0259m. T\u0259\u0259ss\u00fcf ki, r\u0259smi reaksiya yoxdur. Ancaq c\u0259miyy\u0259tin n\u00fcmay\u0259nd\u0259si G\u00fcrc\u00fcstan Prezident Aparat\u0131nda v\u0259 bir s\u0131ra m\u00fcvafiq d\u00f6vl\u0259t orqanlar\u0131nda g\u00f6r\u00fc\u015f\u00fcb, qar\u015f\u0131 t\u0259r\u0259f olanlardan yaln\u0131z t\u0259\u0259ss\u00fcf hissi ke\u00e7irir. Amma ald\u0131\u011f\u0131m\u0131z m\u0259lumata g\u00f6r\u0259, m\u0259n\u0259 qar\u015f\u0131 qurulan bu \u0259m\u0259liyyat G\u00fcrc\u00fcstan\u0131n t\u0259hl\u00fck\u0259sizlik v\u0259 h\u00fcquq-m\u00fchafiz\u0259 orqanlar\u0131nda oturu\u015fmu\u015f erm\u0259ni k\u00f6k\u0259nli adamlar\u0131n i\u015fidir&#8221;.\n<\/p>\n<p>\n  &#8220;Bor\u00e7al\u0131&#8221; C\u0259miyy\u0259tinin s\u0259dri Z\u0259limxan M\u0259mm\u0259dli \u00f6t\u0259n ilin oktyabr\u0131n 19-dan, m\u00fcavini Salman Murquzov is\u0259 iyunun 4-d\u0259n G\u00fcrc\u00fcstana burax\u0131lm\u0131r. Onlara qar\u015f\u0131 G\u00fcrc\u00fcstan Respublikas\u0131n\u0131n &#8220;Xarici v\u0259t\u0259nda\u015flar haqq\u0131nda&#8221; qanunun 11-ci madd\u0259sinin t\u0259tbiq olunub.\n<\/p><\/p>\n","protected":false},"excerpt":{"rendered":"<p>&#8220;Bor\u00e7al\u0131&#8221; C\u0259miyy\u0259ti \u0130lham \u018fliyev\u0259 m\u00fcraci\u0259t haz\u0131rlay\u0131r<\/p>\n","protected":false},"author":11,"featured_media":22733,"comment_status":"closed","ping_status":"open","sticky":false,"template":"","format":"standard","meta":{"_acf_changed":false,"_sitemap_exclude":false,"_sitemap_priority":"","_sitemap_frequency":"","footnotes":""},"categories":[56],"tags":[],"class_list":["post-167551","post","type-post","status-publish","format-standard","has-post-thumbnail","hentry","category-xeberler","infinite-scroll-item","generate-columns","tablet-grid-50","mobile-grid-100","grid-parent","grid-33","no-featured-image-padding"],"acf":[],"yoast_head":"<!-- This site is optimized with the Yoast SEO plugin v28.4 - https:\/\/yoast.com\/product\/yoast-seo-wordpress\/ -->\n<title>Z\u0259limxan M\u0259mm\u0259dli h\u0259l\u0259 d\u0259 G\u00fcrc\u00fcstana burax\u0131lm\u0131r - MEYDAN.TV<\/title>\n<meta name=\"robots\" content=\"index, follow, max-snippet:-1, max-image-preview:large, max-video-preview:-1\" \/>\n<link rel=\"canonical\" href=\"https:\/\/www.meydan.tv\/az\/article\/zelimxan-memmedli-hele-de-gurcustana-buraxilmir\/\" \/>\n<meta property=\"og:locale\" content=\"az_AZ\" \/>\n<meta property=\"og:type\" content=\"article\" \/>\n<meta property=\"og:title\" content=\"Z\u0259limxan M\u0259mm\u0259dli h\u0259l\u0259 d\u0259 G\u00fcrc\u00fcstana burax\u0131lm\u0131r - MEYDAN.TV\" \/>\n<meta property=\"og:description\" content=\"&quot;Bor\u00e7al\u0131&quot; C\u0259miyy\u0259ti \u0130lham \u018fliyev\u0259 m\u00fcraci\u0259t haz\u0131rlay\u0131r\" \/>\n<meta property=\"og:url\" content=\"https:\/\/www.meydan.tv\/az\/article\/zelimxan-memmedli-hele-de-gurcustana-buraxilmir\/\" \/>\n<meta property=\"og:site_name\" content=\"MEYDAN.TV\" \/>\n<meta property=\"article:published_time\" content=\"2015-04-14T18:57:17+00:00\" \/>\n<meta property=\"og:image\" content=\"https:\/\/www.meydan.tv\/wp-content\/uploads\/8250.jpg\" \/>\n\t<meta property=\"og:image:width\" content=\"529\" \/>\n\t<meta property=\"og:image:height\" content=\"400\" \/>\n\t<meta property=\"og:image:type\" content=\"image\/jpeg\" \/>\n<meta name=\"twitter:card\" content=\"summary_large_image\" \/>\n<!-- \/ Yoast SEO plugin. -->","yoast_head_json":{"title":"Z\u0259limxan M\u0259mm\u0259dli h\u0259l\u0259 d\u0259 G\u00fcrc\u00fcstana burax\u0131lm\u0131r - MEYDAN.TV","robots":{"index":"index","follow":"follow","max-snippet":"max-snippet:-1","max-image-preview":"max-image-preview:large","max-video-preview":"max-video-preview:-1"},"canonical":"https:\/\/www.meydan.tv\/az\/article\/zelimxan-memmedli-hele-de-gurcustana-buraxilmir\/","og_locale":"az_AZ","og_type":"article","og_title":"Z\u0259limxan M\u0259mm\u0259dli h\u0259l\u0259 d\u0259 G\u00fcrc\u00fcstana burax\u0131lm\u0131r - MEYDAN.TV","og_description":"\"Bor\u00e7al\u0131\" C\u0259miyy\u0259ti \u0130lham \u018fliyev\u0259 m\u00fcraci\u0259t haz\u0131rlay\u0131r","og_url":"https:\/\/www.meydan.tv\/az\/article\/zelimxan-memmedli-hele-de-gurcustana-buraxilmir\/","og_site_name":"MEYDAN.TV","article_published_time":"2015-04-14T18:57:17+00:00","og_image":[{"width":529,"height":400,"url":"https:\/\/www.meydan.tv\/wp-content\/uploads\/8250.jpg","type":"image\/jpeg"}],"twitter_card":"summary_large_image","schema":{"@context":"https:\/\/schema.org","@graph":[{"@type":"Article","@id":"https:\/\/www.meydan.tv\/az\/article\/zelimxan-memmedli-hele-de-gurcustana-buraxilmir\/#article","isPartOf":{"@id":"https:\/\/www.meydan.tv\/az\/article\/zelimxan-memmedli-hele-de-gurcustana-buraxilmir\/"},"author":{"name":"user-manager","@id":"https:\/\/www.meydan.tv\/az\/#\/schema\/person\/10d11eccf6da3662cf5fdab9806ea91a"},"headline":"Z\u0259limxan M\u0259mm\u0259dli h\u0259l\u0259 d\u0259 G\u00fcrc\u00fcstana burax\u0131lm\u0131r","datePublished":"2015-04-14T18:57:17+00:00","mainEntityOfPage":{"@id":"https:\/\/www.meydan.tv\/az\/article\/zelimxan-memmedli-hele-de-gurcustana-buraxilmir\/"},"wordCount":668,"publisher":{"@id":"https:\/\/www.meydan.tv\/az\/#organization"},"image":{"@id":"https:\/\/www.meydan.tv\/az\/article\/zelimxan-memmedli-hele-de-gurcustana-buraxilmir\/#primaryimage"},"thumbnailUrl":"https:\/\/www.meydan.tv\/wp-content\/uploads\/8250.jpg","articleSection":["X\u0259b\u0259rl\u0259r"],"inLanguage":"az"},{"@type":"WebPage","@id":"https:\/\/www.meydan.tv\/az\/article\/zelimxan-memmedli-hele-de-gurcustana-buraxilmir\/","url":"https:\/\/www.meydan.tv\/az\/article\/zelimxan-memmedli-hele-de-gurcustana-buraxilmir\/","name":"Z\u0259limxan M\u0259mm\u0259dli h\u0259l\u0259 d\u0259 G\u00fcrc\u00fcstana burax\u0131lm\u0131r - MEYDAN.TV","isPartOf":{"@id":"https:\/\/www.meydan.tv\/az\/#website"},"primaryImageOfPage":{"@id":"https:\/\/www.meydan.tv\/az\/article\/zelimxan-memmedli-hele-de-gurcustana-buraxilmir\/#primaryimage"},"image":{"@id":"https:\/\/www.meydan.tv\/az\/article\/zelimxan-memmedli-hele-de-gurcustana-buraxilmir\/#primaryimage"},"thumbnailUrl":"https:\/\/www.meydan.tv\/wp-content\/uploads\/8250.jpg","datePublished":"2015-04-14T18:57:17+00:00","breadcrumb":{"@id":"https:\/\/www.meydan.tv\/az\/article\/zelimxan-memmedli-hele-de-gurcustana-buraxilmir\/#breadcrumb"},"inLanguage":"az","potentialAction":[{"@type":"ReadAction","target":["https:\/\/www.meydan.tv\/az\/article\/zelimxan-memmedli-hele-de-gurcustana-buraxilmir\/"]}]},{"@type":"ImageObject","inLanguage":"az","@id":"https:\/\/www.meydan.tv\/az\/article\/zelimxan-memmedli-hele-de-gurcustana-buraxilmir\/#primaryimage","url":"https:\/\/www.meydan.tv\/wp-content\/uploads\/8250.jpg","contentUrl":"https:\/\/www.meydan.tv\/wp-content\/uploads\/8250.jpg","width":529,"height":400,"caption":"Source:"},{"@type":"BreadcrumbList","@id":"https:\/\/www.meydan.tv\/az\/article\/zelimxan-memmedli-hele-de-gurcustana-buraxilmir\/#breadcrumb","itemListElement":[{"@type":"ListItem","position":1,"name":"Ana s\u0259hif\u0259","item":"https:\/\/www.meydan.tv\/az\/"},{"@type":"ListItem","position":2,"name":"X\u0259b\u0259rl\u0259r","item":"https:\/\/www.meydan.tv\/az\/section\/xeberler\/"},{"@type":"ListItem","position":3,"name":"Z\u0259limxan M\u0259mm\u0259dli h\u0259l\u0259 d\u0259 G\u00fcrc\u00fcstana burax\u0131lm\u0131r"}]},{"@type":"WebSite","@id":"https:\/\/www.meydan.tv\/az\/#website","url":"https:\/\/www.meydan.tv\/az\/","name":"MEYDAN.TV","description":"Meydan TV Az\u0259rbaycan\u0131n media m\u0259kan\u0131ndak\u0131 alternativ s\u0259sidir","publisher":{"@id":"https:\/\/www.meydan.tv\/az\/#organization"},"potentialAction":[{"@type":"SearchAction","target":{"@type":"EntryPoint","urlTemplate":"https:\/\/www.meydan.tv\/az\/?s={search_term_string}"},"query-input":{"@type":"PropertyValueSpecification","valueRequired":true,"valueName":"search_term_string"}}],"inLanguage":"az"},{"@type":"Organization","@id":"https:\/\/www.meydan.tv\/az\/#organization","name":"Meydan TV","url":"https:\/\/www.meydan.tv\/az\/","logo":{"@type":"ImageObject","inLanguage":"az","@id":"https:\/\/www.meydan.tv\/az\/#\/schema\/logo\/image\/","url":"https:\/\/www.meydan.tv\/wp-content\/uploads\/2021\/07\/meydan-logo.svg","contentUrl":"https:\/\/www.meydan.tv\/wp-content\/uploads\/2021\/07\/meydan-logo.svg","width":195,"height":46,"caption":"Meydan TV"},"image":{"@id":"https:\/\/www.meydan.tv\/az\/#\/schema\/logo\/image\/"}},{"@type":"Person","@id":"https:\/\/www.meydan.tv\/az\/#\/schema\/person\/10d11eccf6da3662cf5fdab9806ea91a","name":"user-manager"}]}},"_links":{"self":[{"href":"https:\/\/www.meydan.tv\/az\/wp-json\/wp\/v2\/posts\/167551","targetHints":{"allow":["GET"]}}],"collection":[{"href":"https:\/\/www.meydan.tv\/az\/wp-json\/wp\/v2\/posts"}],"about":[{"href":"https:\/\/www.meydan.tv\/az\/wp-json\/wp\/v2\/types\/post"}],"author":[{"embeddable":true,"href":"https:\/\/www.meydan.tv\/az\/wp-json\/wp\/v2\/users\/11"}],"replies":[{"embeddable":true,"href":"https:\/\/www.meydan.tv\/az\/wp-json\/wp\/v2\/comments?post=167551"}],"version-history":[{"count":0,"href":"https:\/\/www.meydan.tv\/az\/wp-json\/wp\/v2\/posts\/167551\/revisions"}],"wp:featuredmedia":[{"embeddable":true,"href":"https:\/\/www.meydan.tv\/az\/wp-json\/wp\/v2\/media\/22733"}],"wp:attachment":[{"href":"https:\/\/www.meydan.tv\/az\/wp-json\/wp\/v2\/media?parent=167551"}],"wp:term":[{"taxonomy":"category","embeddable":true,"href":"https:\/\/www.meydan.tv\/az\/wp-json\/wp\/v2\/categories?post=167551"},{"taxonomy":"post_tag","embeddable":true,"href":"https:\/\/www.meydan.tv\/az\/wp-json\/wp\/v2\/tags?post=167551"}],"curies":[{"name":"wp","href":"https:\/\/api.w.org\/{rel}","templated":true}]}}