{"id":167550,"date":"2015-04-14T18:48:58","date_gmt":"2015-04-14T18:48:58","guid":{"rendered":"https:\/\/www.meydan.tv\/article\/atv-seni-axtariram-in-senedini-xosqedem-hidayetqizina-vermek-istemir\/"},"modified":"2015-04-14T18:48:58","modified_gmt":"2015-04-14T18:48:58","slug":"atv-seni-axtariram-in-senedini-xosqedem-hidayetqizina-vermek-istemir","status":"publish","type":"post","link":"https:\/\/www.meydan.tv\/az\/article\/atv-seni-axtariram-in-senedini-xosqedem-hidayetqizina-vermek-istemir\/","title":{"rendered":"ATV &#8220;S\u0259ni axtar\u0131ram&#8221;-\u0131n s\u0259n\u0259dini Xo\u015fq\u0259d\u0259m Hiday\u0259tq\u0131z\u0131na verm\u0259k ist\u0259mir"},"content":{"rendered":"<figure class=\"wp-block-image size-large\">\n  <img decoding=\"async\" src=\"https:\/\/www.meydan.tv\/az\/22727\/\" alt=\"\" class=\"wp-image-22727\"\/><figcaption><\/figcaption><\/figure>\n<figure class=\"wp-block-image size-large\">\n  <img decoding=\"async\" src=\"https:\/\/www.meydan.tv\/az\/22727\/\" alt=\"\" class=\"wp-image-22727\"\/><figcaption><\/figcaption><\/figure>\n<p>\n  <i><br \/>\n    \u201cLayih\u0259min \u00f6z\u00fcm\u0259 qaytar\u0131lmas\u0131n\u0131 t\u0259l\u0259b edir\u0259m\u201d<br \/>\n  <\/i>\n<\/p>\n<p>\n  \u201cS\u0259ni axtar\u0131ram\u201d proqram\u0131 art\u0131q ATV kanal\u0131nda yay\u0131m\u0131n\u0131 dayand\u0131rd\u0131. Aprelin 14-d\u0259 layih\u0259nin r\u0259hb\u0259ri Xo\u015fq\u0259d\u0259m Hiday\u0259tq\u0131z\u0131 mediada yay\u0131lan x\u0259b\u0259rl\u0259r\u0259 ayd\u0131nl\u0131q g\u0259tirm\u0259k m\u0259qs\u0259dil\u0259 m\u0259tbuat konfrans\u0131 ke\u00e7irib.\n<\/p>\n<p>\n  Apar\u0131c\u0131 deyib ki, 5 il \u00f6nc\u0259 s\u00f6z\u00fcged\u0259n layih\u0259ni bir ne\u00e7\u0259 telekanala t\u0259qdim ets\u0259 d\u0259, yaln\u0131z ATV qap\u0131lar\u0131n\u0131 onun \u00fcz\u00fcn\u0259 a\u00e7\u0131b: \u201cH\u0259r bir i\u015fin \u0259vv\u0259li oldu\u011fu kimi sonu da var. M\u0259nim susma\u011f\u0131m\u0131 reklam kimi q\u0259bul ed\u0259nl\u0259r d\u0259 oldu. Ancaq m\u0259n m\u0259tbuat konfrans\u0131nda h\u0259r \u015fey\u0259 ayd\u0131nl\u0131q g\u0259tirm\u0259k ist\u0259dim. \u201cS\u0259ni axtar\u0131ram\u201d m\u00fcq\u0259dd\u0259s bir layih\u0259dir. 5 il biz \u00f6lk\u0259nin \u0259n reytinqli proqram\u0131 olduq. \u00dc\u00e7 il \u0259vv\u0259l ba\u015fqa bir kanal da ox\u015far layih\u0259ni etm\u0259k ist\u0259y\u0259nd\u0259 m\u0259n q\u0259rara ald\u0131m ki, bu layih\u0259ni sertifikatla\u015fd\u0131r\u0131m. ATV r\u0259hb\u0259rliyin\u0259 d\u0259 dedim. Getdik M\u00fc\u0259llif H\u00fcquqlar\u0131 Agentliyin\u0259. O zaman orda \u00f6yr\u0259ndim ki, s\u0259n dem\u0259, m\u0259nd\u0259n \u0259vv\u0259l ATV r\u0259hb\u0259rliyi sertifikat almaq \u00fc\u00e7\u00fcn m\u00fcraci\u0259t edib. Lakin onlara deyilib ki, bu layih\u0259nin Xo\u015fq\u0259d\u0259m Hiday\u0259tq\u0131z\u0131n\u0131n oldu\u011funu ham\u0131 bilir. Ona g\u00f6r\u0259 d\u0259 onun raz\u0131l\u0131\u011f\u0131 olmadan bu sertifikat\u0131 ver\u0259 bilm\u0259rik. A\u00e7\u0131\u011f\u0131, bu, \u00e7ox q\u00fcruruma toxundu. Ona g\u00f6r\u0259 d\u0259 \u00f6z\u00fcm t\u0259klif etdim ki, biz\u0259 efir m\u0259kan\u0131 verdiyi \u00fc\u00e7\u00fcn ATV r\u0259hb\u0259rliyinin d\u0259 ad\u0131 s\u0259n\u0259dd\u0259 getsin. G\u00f6r\u00fcn, bu layih\u0259 m\u0259nim \u00fc\u00e7\u00fcn nec\u0259 m\u00fcq\u0259dd\u0259sdir ki, h\u0259tta verili\u015fin sonunda layih\u0259nin r\u0259hb\u0259ri kimi m\u0259nim ad\u0131m getm\u0259yib v\u0259 m\u0259n ona etiraz etm\u0259mi\u015f\u0259m, \u0259h\u0259miyy\u0259t verm\u0259mi\u015f\u0259m\u201d.\n<\/p>\n<p>\n  X.Hiday\u0259tq\u0131z\u0131 ATV-d\u0259n xo\u015fluqla ayr\u0131lmaq ist\u0259diyini, lakin buna imkan verilm\u0259diyini deyib: \u201cD\u0259f\u0259l\u0259rl\u0259 ATV-d\u0259n getm\u0259k ist\u0259dim. H\u0259tta avqusta getm\u0259k ist\u0259yirdim. Amma qar\u015f\u0131m\u0131 k\u0259sdil\u0259r. Dekabrda ATV-nin r\u0259hb\u0259rliyi V\u00fcqar Qarada\u011fl\u0131 il\u0259 g\u00f6r\u00fc\u015fd\u00fcm. Yanvarda s\u0259f\u0259rd\u0259n qay\u0131danda Qarada\u011fl\u0131 il\u0259 g\u00f6r\u00fc\u015fd\u00fcm. Dedi, ist\u0259yir layih\u0259ni dayand\u0131rs\u0131n. Dedim ki, bu g\u00fcn\u0259 q\u0259d\u0259r axtar\u0131\u015f \u00fc\u00e7\u00fcn biz\u0259 68 min m\u0259ktub, 180 min sms g\u0259lib. \u0130ndiy\u0259d\u0259k elektron \u00fcnvan\u0131m\u0131za 60 min 500 m\u0259ktub g\u0259lib. Nec\u0259 bird\u0259n-bir\u0259 layih\u0259ni ba\u011flayaq? Ax\u0131 bu, o m\u0259ktub yazan, bizi izl\u0259y\u0259n insanlara h\u00f6rm\u0259tsizlikdir. He\u00e7 olmasa m\u00f6vs\u00fcm ba\u011flananda gedim v\u0259 qay\u0131tmay\u0131m. Raz\u0131la\u015fd\u0131q. Aprelin ilk h\u0259ft\u0259sind\u0259 dedi, \u201cyox, ba\u011flanmal\u0131d\u0131r, m\u0259n\u0259 deyibl\u0259r ki, axtar\u0131\u015f proqram\u0131 ATV-d\u0259 olmayacaq\u201d. Dedim, amma siz m\u0259n\u0259 bir s\u0259n\u0259d ver\u0259c\u0259ksiniz ki, bu layih\u0259ni Xo\u015fq\u0259d\u0259m yarad\u0131b. Dedi ki, aprelin 12-d\u0259 verili\u015fin son burax\u0131l\u0131\u015f\u0131 yay\u0131mlans\u0131n, ondan sonra h\u0259min s\u0259n\u0259di ver\u0259c\u0259m. H\u0259min \u0259r\u0259f\u0259d\u0259 bu s\u00f6z-s\u00f6hb\u0259tl\u0259r yay\u0131lma\u011fa ba\u015flad\u0131 v\u0259 m\u0259n\u0259 m\u00fcxt\u0259lif telekanallardan t\u0259klifl\u0259r g\u0259ldi. N\u0259hay\u0259t, d\u00fcn\u0259n V\u00fcqar Qarada\u011fl\u0131 il\u0259 \u0259laq\u0259 saxlad\u0131m, m\u0259n\u0259 dedi ki, s\u0259n\u0259 bel\u0259 bir s\u0259n\u0259d verilm\u0259y\u0259c\u0259k. Ancaq irad\u0131m da yoxdur, verili\u015fi harada ist\u0259yirs\u0259n, a\u00e7\u201d.\n<\/p>\n<p>\n  Xo\u015fq\u0259d\u0259m Hiday\u0259tq\u0131z\u0131 deyir ki, ba\u015f\u0131na g\u0259l\u0259nl\u0259rd\u0259n sonra s\u00f6z\u0259 inanm\u0131r v\u0259 haqq\u0131 olan s\u0259n\u0259di t\u0259l\u0259b edir: \u201cLayih\u0259min \u00f6z\u00fcm\u0259 qaytar\u0131lmas\u0131n\u0131 t\u0259l\u0259b edir\u0259m. Hallal\u0131q, insanl\u0131q var. Bu layih\u0259nin h\u00fcquqlar\u0131 m\u0259n\u0259 m\u0259xsusdur. \u0130st\u0259s\u0259m sataram, ist\u0259s\u0259m \u00f6z\u00fcm ba\u015fqa bir telekanalda apararam. Demir\u0259m ki, bu g\u00fcn\u0259 q\u0259d\u0259r orda qazan\u0131lan g\u0259lirl\u0259rd\u0259 m\u0259nim d\u0259 pay\u0131m var. \u0130ndiy\u0259d\u0259k bunu ist\u0259m\u0259mi\u015f\u0259m d\u0259. ATV m\u0259nim yuvamd\u0131r. M\u0259n ora bar\u0259d\u0259 pis dan\u0131\u015fmaq ist\u0259m\u0259r\u0259m. Sabah r\u0259hb\u0259rlik d\u0259yi\u015f\u0259rs\u0259, m\u0259n yenid\u0259n o kanala qay\u0131da da bil\u0259r\u0259m. Amma m\u0259n\u0259 s\u0259n\u0259din verilm\u0259m\u0259si o dem\u0259kdir ki, bu layih\u0259ni m\u0259n v\u0259 ATV telekanal\u0131 da ed\u0259 bil\u0259r. M\u0259n\u0259 dedil\u0259r ki, etm\u0259y\u0259c\u0259yik. Amma inanm\u0131ram.\u201d\n<\/p>\n<p>\n  X.Hiday\u0259tq\u0131z\u0131 v\u0259kill\u0259rinin bununla ba\u011fl\u0131 h\u00fcquq m\u00fcst\u0259visind\u0259 i\u015f g\u00f6r\u0259c\u0259yini d\u0259 vur\u011fulay\u0131b.\n<\/p>\n<p>\n  M\u0259tbuatda ged\u0259n iddialardan biri d\u0259 odur ki, Xo\u015fq\u0259d\u0259m Hiday\u0259tq\u0131z\u0131 verili\u015fd\u0259 yeyintil\u0259r\u0259 yol verib v\u0259 bu da ATV r\u0259hb\u0259rliyinin naraz\u0131l\u0131\u011f\u0131na s\u0259b\u0259b olub. Meydan TV \u0259m\u0259kda\u015f\u0131n\u0131n bununla ba\u011fl\u0131 sual\u0131na apar\u0131c\u0131 bel\u0259 cavab verib: \u201c\u018fn y\u00fcks\u0259k reytinqli verili\u015f oldu\u011fundan \u0259n \u00e7ox reklam da m\u0259hz \u201cS\u0259ni axtar\u0131ram\u201da\u00a0 g\u00f6r\u0259 g\u0259lib. Reklam g\u0259lirl\u0259ri telekanala g\u0259lirdi, biz\u0259 yox. Biz harda yeyinti etmi\u015fik, m\u0259ktublarda, ya qeydiyyat s\u0259n\u0259dl\u0259rind\u0259?\u201d\n<\/p>\n<p>\n  Xo\u015fq\u0259d\u0259m Hiday\u0259tq\u0131z\u0131 layih\u0259nin kollektivi il\u0259 birlikd\u0259 ATV-ni t\u0259rk etdikl\u0259rini deyib: \u201c\u0130lk g\u00fcnd\u0259n kiml\u0259r m\u0259nim yan\u0131mda idis\u0259, indi d\u0259 yan\u0131mdad\u0131r. ATV-d\u0259 \u00e7al\u0131\u015fd\u0131\u011f\u0131m b\u00fct\u00fcn i\u015f\u00e7il\u0259r ANS-d\u0259 m\u0259nl\u0259 birg\u0259 \u00e7al\u0131\u015facaq\u201d.\n<\/p>\n<p>\n  Jurnalistin \u201cH\u0259yat yolda\u015f\u0131n\u0131z Do\u011fu\u015fun da sizinl\u0259 birg\u0259 verili\u015f aparacaq\u201d sual\u0131na apar\u0131c\u0131 yox cavab\u0131n\u0131 verib: \u201cBu, tamamil\u0259 yanl\u0131\u015f m\u0259lumatd\u0131r. Ad\u0131n\u0131 \u00e7\u0259km\u0259k ist\u0259m\u0259diyim bir kanaldan ona bel\u0259 bir t\u0259klif g\u0259lmi\u015fdi, r\u0259dd etdi. Do\u011fu\u015f \u00e7ox baha qiym\u0259t\u0259 qonorar ist\u0259yir. M\u0259nim ona h\u0259min m\u0259bl\u0259\u011fi \u00f6d\u0259y\u0259c\u0259k q\u0259d\u0259r pulum yoxdur\u201d.\n<\/p>\n<figure class=\"wp-block-image size-large\">\n  <img decoding=\"async\" src=\"https:\/\/www.meydan.tv\/az\/22730\/\" alt=\"\" class=\"wp-image-22730\"\/><figcaption><\/figcaption><\/figure>\n<p>\n  ATV telekanal\u0131n\u0131n Xo\u015fq\u0259d\u0259m Hiday\u0259tq\u0131z\u0131n\u0131n bu g\u00fcn ke\u00e7irdiyi m\u0259tbuat konfrans\u0131nda televiziyan\u0131n v\u0259 onun r\u0259hb\u0259ri V\u00fcqar Qarada\u011fl\u0131n\u0131n\u0131 \u00fcnvan\u0131na s\u0259sl\u0259ndirdiyi s\u0259rt ittihamlara cavab\u0131 gecikm\u0259yib. Televiziyadan \u201cQafqazinfo\u201dya daxil olan a\u00e7\u0131qlaman\u0131 oldu\u011fu kimi t\u0259qdim edirik:\n<\/p>\n<p>\n  \u201cS\u0259ni Axtar\u0131ram\u201d verili\u015finin m\u00fc\u0259lliflik h\u00fcququ Xo\u015fq\u0259d\u0259m xan\u0131ma aid deyil\u201d Bu is\u0259 ATV r\u0259hb\u0259rliyinin yayd\u0131\u011f\u0131 m\u0259lumatda deyilir. M\u0259lumatda bildirilir:\n<\/p>\n<p>\n  \u201cLayih\u0259nin 2 m\u00fcst\u0259sna h\u00fcquqi sahibi var. M\u00fc\u0259llif\u00a0 H\u00fcquqlar\u0131 Agentliyi t\u0259r\u0259find\u0259n bu s\u0259n\u0259d 11.10.2013 tarixd\u0259 qeydiyyata\u00a0 al\u0131n\u0131b. V\u0259 burada da a\u00e7\u0131q \u015f\u0259kild\u0259 g\u00f6st\u0259rilib ki, 1-ci m\u00fcst\u0259sna h\u00fcquq sahibi Azad Az\u0259rbaycan MTRK-d\u0131r, 2-ci Xo\u015fq\u0259d\u0259m Hiday\u0259tq\u0131z\u0131 v\u0259 dig\u0259r h\u00fcquqi \u015f\u0259xsl\u0259r (bura is\u0259 daha 3 n\u0259f\u0259r aiddir). Bunu veril\u0259n \u015f\u0259had\u0259tnam\u0259nin ard\u0131c\u0131ll\u0131q n\u00f6mr\u0259sind\u0259n d\u0259 ayd\u0131n g\u00f6rm\u0259k olar. (N-7722 ATV kanal\u0131nda, N-7723 is\u0259 Xo\u015fq\u0259d\u0259m xan\u0131mdad\u0131r). V\u0259 buradan da ayd\u0131n g\u00f6r\u00fcn\u00fcr ki, \u0259sas s\u00f6z sahibi ATV kanal\u0131d\u0131r.\n<\/p>\n<p>\n  2. B\u0259li, bu s\u0259lahiyy\u0259tin tam olaraq Xo\u015fq\u0259d\u0259m xan\u0131ma verilm\u0259sind\u0259n kanal\u0131n r\u0259hb\u0259ri V\u00fcqar Qarada\u011fl\u0131 imtina edib. Bu da onun m\u00fcst\u0259sna h\u00fcququdur v\u0259 o da \u00f6z \u015f\u0259xsi maraqlar\u0131na g\u00f6r\u0259 yox, r\u0259hb\u0259rlik etdiyi ATV-nin maraqlar\u0131na uy\u011fun olmad\u0131\u011f\u0131na g\u00f6r\u0259 bu q\u0259rara g\u0259lib.\n<\/p>\n<p>\n  3. Dig\u0259r t\u0259r\u0259fd\u0259n, verili\u015f ATV-d\u0259 yaran\u0131b. O vaxt vitse-prezident v\u0259zif\u0259sind\u0259 \u00e7al\u0131\u015fan H\u0259s\u0259n m\u00fc\u0259llimin r\u0259hb\u0259rliyi v\u0259 m\u0259sl\u0259h\u0259ti \u0259sas\u0131nda bu lahiy\u0259 \u0259rs\u0259y\u0259 g\u0259tirilib. Y\u0259ni bu layih\u0259 k\u0259narda hans\u0131sa prodak\u015f\u0131n\u0131n v\u0259 yaxud da konkret bir \u015f\u0259xsin beyninin m\u0259hsulu olmay\u0131b. ATV-nin m\u0259hsulu olub.\n<\/p>\n<p>\n  4. Xo\u015fq\u0259d\u0259m xan\u0131m\u0131n &#8220;s\u00f6hb\u0259ti oldu\u011fu kimi dan\u0131\u015facam&#8221; dem\u0259sin\u0259 g\u0259linc\u0259, bu m\u0259qama vaxt\u0131 g\u0259ldikd\u0259 ayd\u0131l\u0131q g\u0259tiril\u0259 bil\u0259r.\n<\/p>\n<p>\n  5. Xo\u015fq\u0259d\u0259m xan\u0131m bildirib ki, bu verli\u015fin g\u0259lirinin 50%-i m\u0259n\u0259 \u00e7atmal\u0131 idi. H\u0259r bir raz\u0131la\u015fma qanuni m\u00fcqavil\u0259y\u0259 \u0259saslanmal\u0131d\u0131r. 01 oktyab\u0131r 2013-c\u00fc il tarixind\u0259 ATV kanal\u0131 il\u0259 Xo\u015fq\u0259d\u0259m Hiday\u0259tq\u0131z\u0131 aras\u0131nda ba\u011flanan m\u00fcqavil\u0259nin &#8220;maliyy\u0259 \u015f\u0259rtl\u0259ri v\u0259 \u00f6d\u0259ni\u015f qaydalar\u0131&#8221; hiss\u0259sind\u0259 a\u00e7\u0131q g\u00f6st\u0259rilib ki, &#8220;S\u0259ni axtar\u0131ram&#8221; televiziya verili\u015finin haz\u0131rlanmas\u0131na v\u0259 yay\u0131m formas\u0131nda istifad\u0259sin\u0259 g\u00f6r\u0259 veriili\u015fin ssenari m\u00fc\u0259llifi v\u0259 apar\u0131c\u0131s\u0131 Xo\u015fq\u0259d\u0259m Hiday\u0259t q\u0131z\u0131 Bax\u015f\u0259liyevaya \u0259m\u0259khaqq\u0131 \u00f6d\u0259ni\u015fi onunla &#8220;Azad Az\u0259rbaycan&#8221; MTRK aras\u0131nda ba\u011flanm\u0131\u015f 0208.2012-ci il tarixli \u0259m\u0259k m\u00fcqavil\u0259sin\u0259 uy\u011fun olaraq h\u0259yata ke\u00e7irilir.\n<\/p>\n<p>\n  H\u0259min m\u00fcqavil\u0259nin 3.2-ci b\u0259ndind\u0259 is\u0259 a\u00e7\u0131q \u015f\u0259kild\u0259 yaz\u0131l\u0131r ki, &#8220;T\u0259r\u0259fl\u0259rin qar\u015f\u0131l\u0131ql\u0131 raz\u0131l\u0131\u011f\u0131 il\u0259 &#8220;S\u0259ni axtar\u0131ram&#8221; televiziya verili\u015finin haz\u0131rlanmas\u0131na v\u0259 ATV-d\u0259 yay\u0131m\u0131na g\u00f6r\u0259 verli\u015fin ssenari m\u00fc\u0259llifi v\u0259 apar\u0131c\u0131s\u0131na qonarar \u00f6d\u0259nilm\u0259y\u0259c\u0259k.\n<\/p>\n<p>\n  6. O ki qald\u0131 komanda m\u0259s\u0259l\u0259sin\u0259, y\u0259ni birg\u0259 \u00e7al\u0131\u015fd\u0131\u011f\u0131 insanlarla birlikd\u0259 dig\u0259r kanala ke\u00e7m\u0259sin\u0259, ATV kanal\u0131 olaraq bir daha b\u0259yan edirik ki, ad\u0131 \u00e7\u0259kil\u0259n layih\u0259d\u0259 \u00e7al\u0131\u015fan insanlar kanal\u0131n \u0259m\u0259kda\u015flar\u0131d\u0131r, konkret olaraq hans\u0131sa \u015f\u0259xsin yox. V\u0259 dig\u0259r t\u0259r\u0259fd\u0259n h\u0259min lay\u0131h\u0259d\u0259 \u00e7al\u0131\u015fanlar\u0131n \u00fcmumi say\u0131, Xo\u015fq\u0259d\u0259m xan\u0131m daxil 10 n\u0259f\u0259r olub. V\u0259 onlardan 5 n\u0259f\u0259ri haz\u0131rda da \u015firk\u0259td\u0259 dig\u0259r layih\u0259l\u0259rd\u0259 \u00f6z i\u015fl\u0259rini davam etdirirl\u0259r. Dig\u0259r 4 n\u0259f\u0259r is\u0259 h\u0259l\u0259 ki, \u00f6z yekun q\u0259rar\u0131n\u0131 verm\u0259yib&#8221;.\n<\/p><\/p>\n","protected":false},"excerpt":{"rendered":"<p>\u201cLayih\u0259min \u00f6z\u00fcm\u0259 qaytar\u0131lmas\u0131n\u0131 t\u0259l\u0259b edir\u0259m\u201d<\/p>\n","protected":false},"author":11,"featured_media":22727,"comment_status":"closed","ping_status":"open","sticky":false,"template":"","format":"standard","meta":{"_acf_changed":false,"_sitemap_exclude":false,"_sitemap_priority":"","_sitemap_frequency":"","footnotes":""},"categories":[56],"tags":[],"class_list":["post-167550","post","type-post","status-publish","format-standard","has-post-thumbnail","hentry","category-xeberler","infinite-scroll-item","generate-columns","tablet-grid-50","mobile-grid-100","grid-parent","grid-33","no-featured-image-padding"],"acf":[],"yoast_head":"<!-- This site is optimized with the Yoast SEO plugin v28.4 - https:\/\/yoast.com\/product\/yoast-seo-wordpress\/ -->\n<title>ATV &quot;S\u0259ni axtar\u0131ram&quot;-\u0131n s\u0259n\u0259dini Xo\u015fq\u0259d\u0259m Hiday\u0259tq\u0131z\u0131na verm\u0259k ist\u0259mir - MEYDAN.TV<\/title>\n<meta name=\"robots\" content=\"index, follow, max-snippet:-1, max-image-preview:large, max-video-preview:-1\" \/>\n<link rel=\"canonical\" href=\"https:\/\/www.meydan.tv\/az\/article\/atv-seni-axtariram-in-senedini-xosqedem-hidayetqizina-vermek-istemir\/\" \/>\n<meta property=\"og:locale\" content=\"az_AZ\" \/>\n<meta property=\"og:type\" content=\"article\" \/>\n<meta property=\"og:title\" content=\"ATV &quot;S\u0259ni axtar\u0131ram&quot;-\u0131n s\u0259n\u0259dini Xo\u015fq\u0259d\u0259m Hiday\u0259tq\u0131z\u0131na verm\u0259k ist\u0259mir - MEYDAN.TV\" \/>\n<meta property=\"og:description\" content=\"\u201cLayih\u0259min \u00f6z\u00fcm\u0259 qaytar\u0131lmas\u0131n\u0131 t\u0259l\u0259b edir\u0259m\u201d\" \/>\n<meta property=\"og:url\" content=\"https:\/\/www.meydan.tv\/az\/article\/atv-seni-axtariram-in-senedini-xosqedem-hidayetqizina-vermek-istemir\/\" \/>\n<meta property=\"og:site_name\" content=\"MEYDAN.TV\" \/>\n<meta property=\"article:published_time\" content=\"2015-04-14T18:48:58+00:00\" \/>\n<meta property=\"og:image\" content=\"https:\/\/www.meydan.tv\/wp-content\/uploads\/8248.jpg\" \/>\n\t<meta property=\"og:image:width\" content=\"533\" \/>\n\t<meta property=\"og:image:height\" content=\"400\" \/>\n\t<meta property=\"og:image:type\" content=\"image\/jpeg\" \/>\n<meta name=\"twitter:card\" content=\"summary_large_image\" \/>\n<!-- \/ Yoast SEO plugin. -->","yoast_head_json":{"title":"ATV \"S\u0259ni axtar\u0131ram\"-\u0131n s\u0259n\u0259dini Xo\u015fq\u0259d\u0259m Hiday\u0259tq\u0131z\u0131na verm\u0259k ist\u0259mir - MEYDAN.TV","robots":{"index":"index","follow":"follow","max-snippet":"max-snippet:-1","max-image-preview":"max-image-preview:large","max-video-preview":"max-video-preview:-1"},"canonical":"https:\/\/www.meydan.tv\/az\/article\/atv-seni-axtariram-in-senedini-xosqedem-hidayetqizina-vermek-istemir\/","og_locale":"az_AZ","og_type":"article","og_title":"ATV \"S\u0259ni axtar\u0131ram\"-\u0131n s\u0259n\u0259dini Xo\u015fq\u0259d\u0259m Hiday\u0259tq\u0131z\u0131na verm\u0259k ist\u0259mir - MEYDAN.TV","og_description":"\u201cLayih\u0259min \u00f6z\u00fcm\u0259 qaytar\u0131lmas\u0131n\u0131 t\u0259l\u0259b edir\u0259m\u201d","og_url":"https:\/\/www.meydan.tv\/az\/article\/atv-seni-axtariram-in-senedini-xosqedem-hidayetqizina-vermek-istemir\/","og_site_name":"MEYDAN.TV","article_published_time":"2015-04-14T18:48:58+00:00","og_image":[{"width":533,"height":400,"url":"https:\/\/www.meydan.tv\/wp-content\/uploads\/8248.jpg","type":"image\/jpeg"}],"twitter_card":"summary_large_image","schema":{"@context":"https:\/\/schema.org","@graph":[{"@type":"Article","@id":"https:\/\/www.meydan.tv\/az\/article\/atv-seni-axtariram-in-senedini-xosqedem-hidayetqizina-vermek-istemir\/#article","isPartOf":{"@id":"https:\/\/www.meydan.tv\/az\/article\/atv-seni-axtariram-in-senedini-xosqedem-hidayetqizina-vermek-istemir\/"},"author":{"name":"user-manager","@id":"https:\/\/www.meydan.tv\/az\/#\/schema\/person\/10d11eccf6da3662cf5fdab9806ea91a"},"headline":"ATV &#8220;S\u0259ni axtar\u0131ram&#8221;-\u0131n s\u0259n\u0259dini Xo\u015fq\u0259d\u0259m Hiday\u0259tq\u0131z\u0131na verm\u0259k ist\u0259mir","datePublished":"2015-04-14T18:48:58+00:00","mainEntityOfPage":{"@id":"https:\/\/www.meydan.tv\/az\/article\/atv-seni-axtariram-in-senedini-xosqedem-hidayetqizina-vermek-istemir\/"},"wordCount":1736,"publisher":{"@id":"https:\/\/www.meydan.tv\/az\/#organization"},"image":{"@id":"https:\/\/www.meydan.tv\/az\/article\/atv-seni-axtariram-in-senedini-xosqedem-hidayetqizina-vermek-istemir\/#primaryimage"},"thumbnailUrl":"https:\/\/www.meydan.tv\/wp-content\/uploads\/8248.jpg","articleSection":["X\u0259b\u0259rl\u0259r"],"inLanguage":"az"},{"@type":"WebPage","@id":"https:\/\/www.meydan.tv\/az\/article\/atv-seni-axtariram-in-senedini-xosqedem-hidayetqizina-vermek-istemir\/","url":"https:\/\/www.meydan.tv\/az\/article\/atv-seni-axtariram-in-senedini-xosqedem-hidayetqizina-vermek-istemir\/","name":"ATV \"S\u0259ni axtar\u0131ram\"-\u0131n s\u0259n\u0259dini Xo\u015fq\u0259d\u0259m Hiday\u0259tq\u0131z\u0131na verm\u0259k ist\u0259mir - MEYDAN.TV","isPartOf":{"@id":"https:\/\/www.meydan.tv\/az\/#website"},"primaryImageOfPage":{"@id":"https:\/\/www.meydan.tv\/az\/article\/atv-seni-axtariram-in-senedini-xosqedem-hidayetqizina-vermek-istemir\/#primaryimage"},"image":{"@id":"https:\/\/www.meydan.tv\/az\/article\/atv-seni-axtariram-in-senedini-xosqedem-hidayetqizina-vermek-istemir\/#primaryimage"},"thumbnailUrl":"https:\/\/www.meydan.tv\/wp-content\/uploads\/8248.jpg","datePublished":"2015-04-14T18:48:58+00:00","breadcrumb":{"@id":"https:\/\/www.meydan.tv\/az\/article\/atv-seni-axtariram-in-senedini-xosqedem-hidayetqizina-vermek-istemir\/#breadcrumb"},"inLanguage":"az","potentialAction":[{"@type":"ReadAction","target":["https:\/\/www.meydan.tv\/az\/article\/atv-seni-axtariram-in-senedini-xosqedem-hidayetqizina-vermek-istemir\/"]}]},{"@type":"ImageObject","inLanguage":"az","@id":"https:\/\/www.meydan.tv\/az\/article\/atv-seni-axtariram-in-senedini-xosqedem-hidayetqizina-vermek-istemir\/#primaryimage","url":"https:\/\/www.meydan.tv\/wp-content\/uploads\/8248.jpg","contentUrl":"https:\/\/www.meydan.tv\/wp-content\/uploads\/8248.jpg","width":533,"height":400,"caption":"Source:"},{"@type":"BreadcrumbList","@id":"https:\/\/www.meydan.tv\/az\/article\/atv-seni-axtariram-in-senedini-xosqedem-hidayetqizina-vermek-istemir\/#breadcrumb","itemListElement":[{"@type":"ListItem","position":1,"name":"Ana s\u0259hif\u0259","item":"https:\/\/www.meydan.tv\/az\/"},{"@type":"ListItem","position":2,"name":"X\u0259b\u0259rl\u0259r","item":"https:\/\/www.meydan.tv\/az\/section\/xeberler\/"},{"@type":"ListItem","position":3,"name":"ATV &#8220;S\u0259ni axtar\u0131ram&#8221;-\u0131n s\u0259n\u0259dini Xo\u015fq\u0259d\u0259m Hiday\u0259tq\u0131z\u0131na verm\u0259k ist\u0259mir"}]},{"@type":"WebSite","@id":"https:\/\/www.meydan.tv\/az\/#website","url":"https:\/\/www.meydan.tv\/az\/","name":"MEYDAN.TV","description":"Meydan TV Az\u0259rbaycan\u0131n media m\u0259kan\u0131ndak\u0131 alternativ s\u0259sidir","publisher":{"@id":"https:\/\/www.meydan.tv\/az\/#organization"},"potentialAction":[{"@type":"SearchAction","target":{"@type":"EntryPoint","urlTemplate":"https:\/\/www.meydan.tv\/az\/?s={search_term_string}"},"query-input":{"@type":"PropertyValueSpecification","valueRequired":true,"valueName":"search_term_string"}}],"inLanguage":"az"},{"@type":"Organization","@id":"https:\/\/www.meydan.tv\/az\/#organization","name":"Meydan TV","url":"https:\/\/www.meydan.tv\/az\/","logo":{"@type":"ImageObject","inLanguage":"az","@id":"https:\/\/www.meydan.tv\/az\/#\/schema\/logo\/image\/","url":"https:\/\/www.meydan.tv\/wp-content\/uploads\/2021\/07\/meydan-logo.svg","contentUrl":"https:\/\/www.meydan.tv\/wp-content\/uploads\/2021\/07\/meydan-logo.svg","width":195,"height":46,"caption":"Meydan TV"},"image":{"@id":"https:\/\/www.meydan.tv\/az\/#\/schema\/logo\/image\/"}},{"@type":"Person","@id":"https:\/\/www.meydan.tv\/az\/#\/schema\/person\/10d11eccf6da3662cf5fdab9806ea91a","name":"user-manager"}]}},"_links":{"self":[{"href":"https:\/\/www.meydan.tv\/az\/wp-json\/wp\/v2\/posts\/167550","targetHints":{"allow":["GET"]}}],"collection":[{"href":"https:\/\/www.meydan.tv\/az\/wp-json\/wp\/v2\/posts"}],"about":[{"href":"https:\/\/www.meydan.tv\/az\/wp-json\/wp\/v2\/types\/post"}],"author":[{"embeddable":true,"href":"https:\/\/www.meydan.tv\/az\/wp-json\/wp\/v2\/users\/11"}],"replies":[{"embeddable":true,"href":"https:\/\/www.meydan.tv\/az\/wp-json\/wp\/v2\/comments?post=167550"}],"version-history":[{"count":0,"href":"https:\/\/www.meydan.tv\/az\/wp-json\/wp\/v2\/posts\/167550\/revisions"}],"wp:featuredmedia":[{"embeddable":true,"href":"https:\/\/www.meydan.tv\/az\/wp-json\/wp\/v2\/media\/22727"}],"wp:attachment":[{"href":"https:\/\/www.meydan.tv\/az\/wp-json\/wp\/v2\/media?parent=167550"}],"wp:term":[{"taxonomy":"category","embeddable":true,"href":"https:\/\/www.meydan.tv\/az\/wp-json\/wp\/v2\/categories?post=167550"},{"taxonomy":"post_tag","embeddable":true,"href":"https:\/\/www.meydan.tv\/az\/wp-json\/wp\/v2\/tags?post=167550"}],"curies":[{"name":"wp","href":"https:\/\/api.w.org\/{rel}","templated":true}]}}