{"id":167546,"date":"2015-04-14T15:26:28","date_gmt":"2015-04-14T15:26:28","guid":{"rendered":"https:\/\/www.meydan.tv\/article\/resul-ceferovun-mehkemesi-texire-salindi\/"},"modified":"2015-04-14T15:26:28","modified_gmt":"2015-04-14T15:26:28","slug":"resul-ceferovun-mehkemesi-texire-salindi","status":"publish","type":"post","link":"https:\/\/www.meydan.tv\/az\/article\/resul-ceferovun-mehkemesi-texire-salindi\/","title":{"rendered":"R\u0259sul C\u0259f\u0259rovun m\u0259hk\u0259m\u0259si t\u0259xir\u0259 sal\u0131nd\u0131"},"content":{"rendered":"<figure class=\"wp-block-image size-large\">\n  <img decoding=\"async\" src=\"https:\/\/www.meydan.tv\/az\/22715\/\" alt=\"\" class=\"wp-image-22715\"\/><figcaption><\/figcaption><\/figure>\n<figure class=\"wp-block-image size-large\">\n  <img decoding=\"async\" src=\"https:\/\/www.meydan.tv\/az\/22715\/\" alt=\"\" class=\"wp-image-22715\"\/><figcaption><\/figcaption><\/figure>\n<p>\n  V\u0259kil: &#8220;M\u0259qs\u0259d \u00f6lk\u0259d\u0259 t\u0259nqid\u00e7i m\u00f6vqed\u0259 dayananlar\u0131 susdurmaqd\u0131r&#8221;\n<\/p>\n<p>\n  Aprelin 14-da Bak\u0131 A\u011f\u0131r Cinay\u0259tl\u0259r M\u0259hk\u0259m\u0259sind\u0259 h\u00fcquq m\u00fcdafi\u0259\u00e7isi R\u0259sul C\u0259f\u0259rovun m\u0259hk\u0259m\u0259 prosesi ke\u00e7irilib.\n<\/p>\n<p>\n  Meydan TV-in prose\u00fcsi izl\u0259y\u0259n \u0259m\u0259kda\u015f\u0131 bildirib ki, v\u0259kill\u0259r \u018flibaba Rzayev v\u0259 Fariz Namazl\u0131 m\u00fcdafi\u0259 \u00e7\u0131x\u0131\u015f\u0131 edibl\u0259r.\n<\/p>\n<p>\n  V\u0259kil \u018flibaba Rzayev R\u0259sul C\u0259f\u0259rova qar\u015f\u0131 ir\u0259li s\u00fcr\u00fcl\u0259n ittihamlar\u0131n bir s\u0131ra QHT-l\u0259rl\u0259 ba\u011fl\u0131 ba\u015flanm\u0131\u015f cinay\u0259t i\u015finin t\u0259rkib hiss\u0259si oldu\u011funu deyib. M\u0259qs\u0259d \u00f6lk\u0259d\u0259 t\u0259nqid\u00e7i m\u00f6vqed\u0259 dayananlar\u0131 susdurmaqd\u0131r.\n<\/p>\n<p>\n  V\u0259kilin s\u00f6zl\u0259rin\u0259 g\u00f6r\u0259, prokurorun R\u0259sul C\u0259f\u0259rova 9 il i\u015f ist\u0259m\u0259si d\u0259 q\u0259r\u0259zin g\u00f6st\u0259ricisidir: \u201cBir adam \u00a0h\u0259m qanunsuz sahibkarl\u0131q f\u0259aliyy\u0259tind\u0259, h\u0259m d\u0259 m\u0259nims\u0259m\u0259d\u0259 ittiham olunur. Bu da m\u0259ntiqsizdir. Sahibrkarl\u0131qla m\u0259\u015f\u011ful olubsa, m\u0259nim\u0259s\u0259m\u0259 nec\u0259 ola bil\u0259r. \u018fg\u0259r m\u0259nims\u0259m\u0259 olubsa, hans\u0131 sahibkarl\u0131q f\u0259aliyy\u0259tind\u0259n s\u00f6hb\u0259t gedir? Maraql\u0131d\u0131r ki, m\u0259nims\u0259nildiyi iddia olunan v\u0259sait\u0259 h\u0259m d\u0259 vergi hesablan\u0131b. Bu da m\u0259ntiqsizdir\u201d.\n<\/p>\n<p><div>\n    V\u0259kil ittihamin \u0259sass\u0131z oldu\u011funu v\u0259 R\u0259sul C\u0259f\u0259rovun \u00a0cinay\u0259t\u0259 yol verm\u0259diyini, g\u00fcnahs\u0131z oldu\u011funu bildirib. \u00a0V\u0259kill\u0259r R\u0259sul C\u0259f\u0259rova b\u0259ra\u0259t verilm\u0259sini ist\u0259yibl\u0259r.\n  <\/div>\n<\/p>\n<p><div><\/div>\n<\/p>\n<p><div>\n    Bundan sonra proses aprelin 15-n\u0259 saat saat 10.30-a t\u0259xir\u0259 sal\u0131n\u0131b.\n  <\/div>\n<\/p>\n<p><div><\/div>\n<\/p>\n<p><div>\n    R\u0259sul C\u0259f\u0259rovun son s\u00f6z dey\u0259c\u0259yi g\u00f6zl\u0259nilir.\n  <\/div><\/p>\n","protected":false},"excerpt":{"rendered":"<p>V\u0259kil: &#8220;M\u0259qs\u0259d \u00f6lk\u0259d\u0259 t\u0259nqid\u00e7i m\u00f6vqed\u0259 dayananlar\u0131 susdurmaqd\u0131r&#8221;<\/p>\n","protected":false},"author":11,"featured_media":22715,"comment_status":"closed","ping_status":"open","sticky":false,"template":"","format":"standard","meta":{"_acf_changed":false,"_sitemap_exclude":false,"_sitemap_priority":"","_sitemap_frequency":"","footnotes":""},"categories":[56],"tags":[],"class_list":["post-167546","post","type-post","status-publish","format-standard","has-post-thumbnail","hentry","category-xeberler","infinite-scroll-item","generate-columns","tablet-grid-50","mobile-grid-100","grid-parent","grid-33","no-featured-image-padding"],"acf":[],"yoast_head":"<!-- This site is optimized with the Yoast SEO plugin v28.4 - https:\/\/yoast.com\/product\/yoast-seo-wordpress\/ -->\n<title>R\u0259sul C\u0259f\u0259rovun m\u0259hk\u0259m\u0259si t\u0259xir\u0259 sal\u0131nd\u0131 - MEYDAN.TV<\/title>\n<meta name=\"robots\" content=\"index, follow, max-snippet:-1, max-image-preview:large, max-video-preview:-1\" \/>\n<link rel=\"canonical\" href=\"https:\/\/www.meydan.tv\/az\/article\/resul-ceferovun-mehkemesi-texire-salindi\/\" \/>\n<meta property=\"og:locale\" content=\"az_AZ\" \/>\n<meta property=\"og:type\" content=\"article\" \/>\n<meta property=\"og:title\" content=\"R\u0259sul C\u0259f\u0259rovun m\u0259hk\u0259m\u0259si t\u0259xir\u0259 sal\u0131nd\u0131 - MEYDAN.TV\" \/>\n<meta property=\"og:description\" content=\"V\u0259kil: &quot;M\u0259qs\u0259d \u00f6lk\u0259d\u0259 t\u0259nqid\u00e7i m\u00f6vqed\u0259 dayananlar\u0131 susdurmaqd\u0131r&quot;\" \/>\n<meta property=\"og:url\" content=\"https:\/\/www.meydan.tv\/az\/article\/resul-ceferovun-mehkemesi-texire-salindi\/\" \/>\n<meta property=\"og:site_name\" content=\"MEYDAN.TV\" \/>\n<meta property=\"article:published_time\" content=\"2015-04-14T15:26:28+00:00\" \/>\n<meta property=\"og:image\" content=\"https:\/\/www.meydan.tv\/wp-content\/uploads\/8244.jpg\" \/>\n\t<meta property=\"og:image:width\" content=\"640\" \/>\n\t<meta property=\"og:image:height\" content=\"360\" \/>\n\t<meta property=\"og:image:type\" content=\"image\/jpeg\" \/>\n<meta name=\"twitter:card\" content=\"summary_large_image\" \/>\n<!-- \/ Yoast SEO plugin. -->","yoast_head_json":{"title":"R\u0259sul C\u0259f\u0259rovun m\u0259hk\u0259m\u0259si t\u0259xir\u0259 sal\u0131nd\u0131 - MEYDAN.TV","robots":{"index":"index","follow":"follow","max-snippet":"max-snippet:-1","max-image-preview":"max-image-preview:large","max-video-preview":"max-video-preview:-1"},"canonical":"https:\/\/www.meydan.tv\/az\/article\/resul-ceferovun-mehkemesi-texire-salindi\/","og_locale":"az_AZ","og_type":"article","og_title":"R\u0259sul C\u0259f\u0259rovun m\u0259hk\u0259m\u0259si t\u0259xir\u0259 sal\u0131nd\u0131 - MEYDAN.TV","og_description":"V\u0259kil: \"M\u0259qs\u0259d \u00f6lk\u0259d\u0259 t\u0259nqid\u00e7i m\u00f6vqed\u0259 dayananlar\u0131 susdurmaqd\u0131r\"","og_url":"https:\/\/www.meydan.tv\/az\/article\/resul-ceferovun-mehkemesi-texire-salindi\/","og_site_name":"MEYDAN.TV","article_published_time":"2015-04-14T15:26:28+00:00","og_image":[{"width":640,"height":360,"url":"https:\/\/www.meydan.tv\/wp-content\/uploads\/8244.jpg","type":"image\/jpeg"}],"twitter_card":"summary_large_image","schema":{"@context":"https:\/\/schema.org","@graph":[{"@type":"Article","@id":"https:\/\/www.meydan.tv\/az\/article\/resul-ceferovun-mehkemesi-texire-salindi\/#article","isPartOf":{"@id":"https:\/\/www.meydan.tv\/az\/article\/resul-ceferovun-mehkemesi-texire-salindi\/"},"author":{"name":"user-manager","@id":"https:\/\/www.meydan.tv\/az\/#\/schema\/person\/10d11eccf6da3662cf5fdab9806ea91a"},"headline":"R\u0259sul C\u0259f\u0259rovun m\u0259hk\u0259m\u0259si t\u0259xir\u0259 sal\u0131nd\u0131","datePublished":"2015-04-14T15:26:28+00:00","mainEntityOfPage":{"@id":"https:\/\/www.meydan.tv\/az\/article\/resul-ceferovun-mehkemesi-texire-salindi\/"},"wordCount":297,"publisher":{"@id":"https:\/\/www.meydan.tv\/az\/#organization"},"image":{"@id":"https:\/\/www.meydan.tv\/az\/article\/resul-ceferovun-mehkemesi-texire-salindi\/#primaryimage"},"thumbnailUrl":"https:\/\/www.meydan.tv\/wp-content\/uploads\/8244.jpg","articleSection":["X\u0259b\u0259rl\u0259r"],"inLanguage":"az"},{"@type":"WebPage","@id":"https:\/\/www.meydan.tv\/az\/article\/resul-ceferovun-mehkemesi-texire-salindi\/","url":"https:\/\/www.meydan.tv\/az\/article\/resul-ceferovun-mehkemesi-texire-salindi\/","name":"R\u0259sul C\u0259f\u0259rovun m\u0259hk\u0259m\u0259si t\u0259xir\u0259 sal\u0131nd\u0131 - MEYDAN.TV","isPartOf":{"@id":"https:\/\/www.meydan.tv\/az\/#website"},"primaryImageOfPage":{"@id":"https:\/\/www.meydan.tv\/az\/article\/resul-ceferovun-mehkemesi-texire-salindi\/#primaryimage"},"image":{"@id":"https:\/\/www.meydan.tv\/az\/article\/resul-ceferovun-mehkemesi-texire-salindi\/#primaryimage"},"thumbnailUrl":"https:\/\/www.meydan.tv\/wp-content\/uploads\/8244.jpg","datePublished":"2015-04-14T15:26:28+00:00","breadcrumb":{"@id":"https:\/\/www.meydan.tv\/az\/article\/resul-ceferovun-mehkemesi-texire-salindi\/#breadcrumb"},"inLanguage":"az","potentialAction":[{"@type":"ReadAction","target":["https:\/\/www.meydan.tv\/az\/article\/resul-ceferovun-mehkemesi-texire-salindi\/"]}]},{"@type":"ImageObject","inLanguage":"az","@id":"https:\/\/www.meydan.tv\/az\/article\/resul-ceferovun-mehkemesi-texire-salindi\/#primaryimage","url":"https:\/\/www.meydan.tv\/wp-content\/uploads\/8244.jpg","contentUrl":"https:\/\/www.meydan.tv\/wp-content\/uploads\/8244.jpg","width":640,"height":360,"caption":"Source:"},{"@type":"BreadcrumbList","@id":"https:\/\/www.meydan.tv\/az\/article\/resul-ceferovun-mehkemesi-texire-salindi\/#breadcrumb","itemListElement":[{"@type":"ListItem","position":1,"name":"Ana s\u0259hif\u0259","item":"https:\/\/www.meydan.tv\/az\/"},{"@type":"ListItem","position":2,"name":"X\u0259b\u0259rl\u0259r","item":"https:\/\/www.meydan.tv\/az\/section\/xeberler\/"},{"@type":"ListItem","position":3,"name":"R\u0259sul C\u0259f\u0259rovun m\u0259hk\u0259m\u0259si t\u0259xir\u0259 sal\u0131nd\u0131"}]},{"@type":"WebSite","@id":"https:\/\/www.meydan.tv\/az\/#website","url":"https:\/\/www.meydan.tv\/az\/","name":"MEYDAN.TV","description":"Meydan TV Az\u0259rbaycan\u0131n media m\u0259kan\u0131ndak\u0131 alternativ s\u0259sidir","publisher":{"@id":"https:\/\/www.meydan.tv\/az\/#organization"},"potentialAction":[{"@type":"SearchAction","target":{"@type":"EntryPoint","urlTemplate":"https:\/\/www.meydan.tv\/az\/?s={search_term_string}"},"query-input":{"@type":"PropertyValueSpecification","valueRequired":true,"valueName":"search_term_string"}}],"inLanguage":"az"},{"@type":"Organization","@id":"https:\/\/www.meydan.tv\/az\/#organization","name":"Meydan TV","url":"https:\/\/www.meydan.tv\/az\/","logo":{"@type":"ImageObject","inLanguage":"az","@id":"https:\/\/www.meydan.tv\/az\/#\/schema\/logo\/image\/","url":"https:\/\/www.meydan.tv\/wp-content\/uploads\/2021\/07\/meydan-logo.svg","contentUrl":"https:\/\/www.meydan.tv\/wp-content\/uploads\/2021\/07\/meydan-logo.svg","width":195,"height":46,"caption":"Meydan TV"},"image":{"@id":"https:\/\/www.meydan.tv\/az\/#\/schema\/logo\/image\/"}},{"@type":"Person","@id":"https:\/\/www.meydan.tv\/az\/#\/schema\/person\/10d11eccf6da3662cf5fdab9806ea91a","name":"user-manager"}]}},"_links":{"self":[{"href":"https:\/\/www.meydan.tv\/az\/wp-json\/wp\/v2\/posts\/167546","targetHints":{"allow":["GET"]}}],"collection":[{"href":"https:\/\/www.meydan.tv\/az\/wp-json\/wp\/v2\/posts"}],"about":[{"href":"https:\/\/www.meydan.tv\/az\/wp-json\/wp\/v2\/types\/post"}],"author":[{"embeddable":true,"href":"https:\/\/www.meydan.tv\/az\/wp-json\/wp\/v2\/users\/11"}],"replies":[{"embeddable":true,"href":"https:\/\/www.meydan.tv\/az\/wp-json\/wp\/v2\/comments?post=167546"}],"version-history":[{"count":0,"href":"https:\/\/www.meydan.tv\/az\/wp-json\/wp\/v2\/posts\/167546\/revisions"}],"wp:featuredmedia":[{"embeddable":true,"href":"https:\/\/www.meydan.tv\/az\/wp-json\/wp\/v2\/media\/22715"}],"wp:attachment":[{"href":"https:\/\/www.meydan.tv\/az\/wp-json\/wp\/v2\/media?parent=167546"}],"wp:term":[{"taxonomy":"category","embeddable":true,"href":"https:\/\/www.meydan.tv\/az\/wp-json\/wp\/v2\/categories?post=167546"},{"taxonomy":"post_tag","embeddable":true,"href":"https:\/\/www.meydan.tv\/az\/wp-json\/wp\/v2\/tags?post=167546"}],"curies":[{"name":"wp","href":"https:\/\/api.w.org\/{rel}","templated":true}]}}