{"id":167545,"date":"2015-04-14T14:46:26","date_gmt":"2015-04-14T14:46:26","guid":{"rendered":"https:\/\/www.meydan.tv\/article\/turkiyenin-esas-kitabi-azerbaycan-turkcesinde\/"},"modified":"2015-04-14T14:46:26","modified_gmt":"2015-04-14T14:46:26","slug":"turkiyenin-esas-kitabi-azerbaycan-turkcesinde","status":"publish","type":"post","link":"https:\/\/www.meydan.tv\/az\/article\/turkiyenin-esas-kitabi-azerbaycan-turkcesinde\/","title":{"rendered":"T\u00fcrkiy\u0259nin \u0259sas kitab\u0131 Az\u0259rbaycan t\u00fcrkc\u0259sind\u0259"},"content":{"rendered":"<figure class=\"wp-block-image size-large\">\n  <img decoding=\"async\" src=\"https:\/\/www.meydan.tv\/az\/22712\/\" alt=\"\" class=\"wp-image-22712\"\/><figcaption><\/figcaption><\/figure>\n<p>\n  <i><br \/>\n    \u018fv\u0259z Zeynall\u0131: D\u00fcnyan\u0131n taleyini d\u0259yi\u015fdir\u0259n kitablar var \u2013 Atat\u00fcrk\u00fcn \u201cNitq\u201d \u0259s\u0259ri d\u0259 o kitablardand\u0131r<br \/>\n  <\/i>\n<\/p>\n<figure class=\"wp-block-image size-large\">\n  <img decoding=\"async\" src=\"https:\/\/www.meydan.tv\/az\/22712\/\" alt=\"\" class=\"wp-image-22712\"\/><figcaption><\/figcaption><\/figure>\n<p>\n  \u018fv\u0259z Zeynall\u0131 h\u0259bsxanada t\u0259rc\u00fcm\u0259 etdiyi T\u00fcrkiy\u0259 Respublikas\u0131n\u0131n qurucusu b\u00f6y\u00fck Qazi Mustafa Kamal Pa\u015fan\u0131n \u0259n b\u00f6y\u00fck v\u0259 yegan\u0259 \u0259s\u0259ri olan \u201cNitq\u201di (\u201cNutuk\u201d) \u201cNitq\u201dini \u00e7apa haz\u0131rlay\u0131r.\n<\/p>\n<p>\n  Bu bar\u0259d\u0259 ke\u00e7mi\u015f siyasi m\u0259hbus Meydan TV-y\u0259 bildirib.\n<\/p>\n<p>\n  \u018fv\u0259z Zeynall\u0131 kitab\u0131n T\u00fcrkiy\u0259 Respublikas\u0131n\u0131n qurulu\u015f tarixinin ild\u00f6n\u00fcm\u00fcn\u0259 \u2013 29 oktyabra q\u0259d\u0259r i\u015f\u0131q \u00fcz\u00fc g\u00f6rm\u0259sin\u0259 \u00e7al\u0131\u015faca\u011f\u0131n\u0131 bildirib.<br \/>\n  <br \/>\n  \u201cBu kitab Atat\u00fcrk\u00fcn \u0259n b\u00f6y\u00fck \u0259s\u0259ri olmaqla yana\u015f\u0131, h\u0259m d\u0259 d\u00fcnya tarixinin unikal kitablar\u0131ndan biridir. D\u00fcnyan\u0131n taleyini d\u0259yi\u015fdir\u0259n kitablar var \u2013 Atat\u00fcrk\u00fcn bu \u0259s\u0259ri d\u0259 o kitablardand\u0131r. O, sanki m\u00fcasir T\u00fcrkiy\u0259nin qurulu\u015funun g\u00fcnd\u0259liyini yaz\u0131b. G\u00fcn\u0259-g\u00fcn, saata-saat T\u00fcrkiy\u0259nin qurtulu\u015funun tarixini g\u00f6st\u0259rib\u201d \u2013 \u018fv\u0259z Zeynall\u0131 bel\u0259 deyir.\n<\/p>\n<p>\n  Kitab\u0131 h\u0259bsxanada \u2013 10 sayl\u0131 C\u0259za\u00e7\u0259km\u0259 M\u00fc\u0259ssis\u0259sind\u0259 t\u0259rc\u00fcm\u0259 etdiyini dey\u0259n jurnalist bildirib ki, \u0259lyazma \u015f\u0259klind\u0259 olan \u201cNitq\u201din t\u0259xmin\u0259n yar\u0131s\u0131 elektron hala sal\u0131n\u0131b v\u0259 i\u015fl\u0259r s\u00fcr\u0259tl\u0259 davam etm\u0259kd\u0259dir.\n<\/p>\n<\/p>\n<p>\n  \u018fv\u0259z Zeynall\u0131 onu da deyib ki, Atat\u00fcrk\u00fcn bu kitab\u0131 h\u0259l\u0259 d\u0259 Az\u0259rbaycan T\u00fcrkc\u0259sind\u0259 yoxdur: \u201cMaraql\u0131 bir hadis\u0259dir. M\u0259n Adolf Hitlerin d\u0259 kitab\u0131n\u0131 t\u0259rc\u00fcm\u0259 etmi\u015f\u0259m dilimiz\u0259 v\u0259 o t\u0259rc\u00fcm\u0259 b\u00f6y\u00fck skandala s\u0259b\u0259b olmu\u015fdu. M\u0259n\u0259 cinay\u0259t i\u015fi bel\u0259 a\u00e7m\u0131\u015fd\u0131lar. Dey\u0259k ki, Hitler fa\u015fist v\u0259 diktator oldu\u011fu, insanl\u0131\u011f\u0131n d\u00fc\u015fm\u0259ni kimi tan\u0131nd\u0131\u011f\u0131 \u00fc\u00e7\u00fcn onun kitab\u0131n\u0131 dilimiz\u0259 \u00e7evirm\u0259yibl\u0259r v\u0259 tutaq ki, buna Kreml d\u0259 t\u0259kan verib. B\u0259s Atat\u00fcrk? O ki qarda\u015f T\u00fcrkiy\u0259nin qurucusu olub? Ona ki x\u00fcsusi qada\u011fa olmay\u0131b? Dem\u0259li, biril\u0259ri bu mill\u0259tin b\u00f6y\u00fck \u0259s\u0259rl\u0259ri oxumas\u0131n\u0131 ist\u0259m\u0259yibl\u0259r? B\u0259s Atat\u00fcrk\u00fcn kitab\u0131 niy\u0259 95 ildir t\u0259rc\u00fcm\u0259 v\u0259 \u00e7ap olunmay\u0131b? \u00c7al\u0131\u015fm\u0131\u015fam o bo\u015flu\u011fu qald\u0131ram v\u0259 bu qada\u011faya son ver\u0259m.\u201d\n<\/p>\n<p>\n  \u018fv\u0259z Zeynall\u0131 Atat\u00fcrk\u00fcn kitab\u0131n\u0131n x\u00fcsusi dizaynla, \u00f6z\u0259l fotolarla v\u0259 m\u00fcasir n\u0259\u015friyyat standartlar\u0131na cavab ver\u0259c\u0259k \u015f\u0259kild\u0259 \u00e7ap olunaca\u011f\u0131n\u0131, \u0259s\u0259rin s\u0259sl\u0259ndiril\u0259c\u0259yini v\u0259 disk formas\u0131nda kitaba daxil edil\u0259c\u0259yini d\u0259 s\u00f6zl\u0259rin\u0259 \u0259lav\u0259 etdi.\n<\/p><\/p>\n","protected":false},"excerpt":{"rendered":"<p>\u018fv\u0259z Zeynall\u0131: &#8220;D\u00fcnyan\u0131n taleyini d\u0259yi\u015fdir\u0259n kitablar var \u2013 Atat\u00fcrk\u00fcn \u201cNitq\u201d \u0259s\u0259ri d\u0259 o kitablardand\u0131r&#8221;<\/p>\n","protected":false},"author":11,"featured_media":22712,"comment_status":"closed","ping_status":"open","sticky":false,"template":"","format":"standard","meta":{"_acf_changed":false,"_sitemap_exclude":false,"_sitemap_priority":"","_sitemap_frequency":"","footnotes":""},"categories":[56],"tags":[],"class_list":["post-167545","post","type-post","status-publish","format-standard","has-post-thumbnail","hentry","category-xeberler","infinite-scroll-item","generate-columns","tablet-grid-50","mobile-grid-100","grid-parent","grid-33","no-featured-image-padding"],"acf":[],"yoast_head":"<!-- This site is optimized with the Yoast SEO plugin v28.4 - https:\/\/yoast.com\/product\/yoast-seo-wordpress\/ -->\n<title>T\u00fcrkiy\u0259nin \u0259sas kitab\u0131 Az\u0259rbaycan t\u00fcrkc\u0259sind\u0259 - MEYDAN.TV<\/title>\n<meta name=\"robots\" content=\"index, follow, max-snippet:-1, max-image-preview:large, max-video-preview:-1\" \/>\n<link rel=\"canonical\" href=\"https:\/\/www.meydan.tv\/az\/article\/turkiyenin-esas-kitabi-azerbaycan-turkcesinde\/\" \/>\n<meta property=\"og:locale\" content=\"az_AZ\" \/>\n<meta property=\"og:type\" content=\"article\" \/>\n<meta property=\"og:title\" content=\"T\u00fcrkiy\u0259nin \u0259sas kitab\u0131 Az\u0259rbaycan t\u00fcrkc\u0259sind\u0259 - MEYDAN.TV\" \/>\n<meta property=\"og:description\" content=\"\u018fv\u0259z Zeynall\u0131: &quot;D\u00fcnyan\u0131n taleyini d\u0259yi\u015fdir\u0259n kitablar var \u2013 Atat\u00fcrk\u00fcn \u201cNitq\u201d \u0259s\u0259ri d\u0259 o kitablardand\u0131r&quot;\" \/>\n<meta property=\"og:url\" content=\"https:\/\/www.meydan.tv\/az\/article\/turkiyenin-esas-kitabi-azerbaycan-turkcesinde\/\" \/>\n<meta property=\"og:site_name\" content=\"MEYDAN.TV\" \/>\n<meta property=\"article:published_time\" content=\"2015-04-14T14:46:26+00:00\" \/>\n<meta property=\"og:image\" content=\"https:\/\/www.meydan.tv\/wp-content\/uploads\/8243.jpg\" \/>\n\t<meta property=\"og:image:width\" content=\"400\" \/>\n\t<meta property=\"og:image:height\" content=\"618\" \/>\n\t<meta property=\"og:image:type\" content=\"image\/jpeg\" \/>\n<meta name=\"twitter:card\" content=\"summary_large_image\" \/>\n<!-- \/ Yoast SEO plugin. -->","yoast_head_json":{"title":"T\u00fcrkiy\u0259nin \u0259sas kitab\u0131 Az\u0259rbaycan t\u00fcrkc\u0259sind\u0259 - MEYDAN.TV","robots":{"index":"index","follow":"follow","max-snippet":"max-snippet:-1","max-image-preview":"max-image-preview:large","max-video-preview":"max-video-preview:-1"},"canonical":"https:\/\/www.meydan.tv\/az\/article\/turkiyenin-esas-kitabi-azerbaycan-turkcesinde\/","og_locale":"az_AZ","og_type":"article","og_title":"T\u00fcrkiy\u0259nin \u0259sas kitab\u0131 Az\u0259rbaycan t\u00fcrkc\u0259sind\u0259 - MEYDAN.TV","og_description":"\u018fv\u0259z Zeynall\u0131: \"D\u00fcnyan\u0131n taleyini d\u0259yi\u015fdir\u0259n kitablar var \u2013 Atat\u00fcrk\u00fcn \u201cNitq\u201d \u0259s\u0259ri d\u0259 o kitablardand\u0131r\"","og_url":"https:\/\/www.meydan.tv\/az\/article\/turkiyenin-esas-kitabi-azerbaycan-turkcesinde\/","og_site_name":"MEYDAN.TV","article_published_time":"2015-04-14T14:46:26+00:00","og_image":[{"width":400,"height":618,"url":"https:\/\/www.meydan.tv\/wp-content\/uploads\/8243.jpg","type":"image\/jpeg"}],"twitter_card":"summary_large_image","schema":{"@context":"https:\/\/schema.org","@graph":[{"@type":"Article","@id":"https:\/\/www.meydan.tv\/az\/article\/turkiyenin-esas-kitabi-azerbaycan-turkcesinde\/#article","isPartOf":{"@id":"https:\/\/www.meydan.tv\/az\/article\/turkiyenin-esas-kitabi-azerbaycan-turkcesinde\/"},"author":{"name":"user-manager","@id":"https:\/\/www.meydan.tv\/az\/#\/schema\/person\/10d11eccf6da3662cf5fdab9806ea91a"},"headline":"T\u00fcrkiy\u0259nin \u0259sas kitab\u0131 Az\u0259rbaycan t\u00fcrkc\u0259sind\u0259","datePublished":"2015-04-14T14:46:26+00:00","mainEntityOfPage":{"@id":"https:\/\/www.meydan.tv\/az\/article\/turkiyenin-esas-kitabi-azerbaycan-turkcesinde\/"},"wordCount":457,"publisher":{"@id":"https:\/\/www.meydan.tv\/az\/#organization"},"image":{"@id":"https:\/\/www.meydan.tv\/az\/article\/turkiyenin-esas-kitabi-azerbaycan-turkcesinde\/#primaryimage"},"thumbnailUrl":"https:\/\/www.meydan.tv\/wp-content\/uploads\/8243.jpg","articleSection":["X\u0259b\u0259rl\u0259r"],"inLanguage":"az"},{"@type":"WebPage","@id":"https:\/\/www.meydan.tv\/az\/article\/turkiyenin-esas-kitabi-azerbaycan-turkcesinde\/","url":"https:\/\/www.meydan.tv\/az\/article\/turkiyenin-esas-kitabi-azerbaycan-turkcesinde\/","name":"T\u00fcrkiy\u0259nin \u0259sas kitab\u0131 Az\u0259rbaycan t\u00fcrkc\u0259sind\u0259 - MEYDAN.TV","isPartOf":{"@id":"https:\/\/www.meydan.tv\/az\/#website"},"primaryImageOfPage":{"@id":"https:\/\/www.meydan.tv\/az\/article\/turkiyenin-esas-kitabi-azerbaycan-turkcesinde\/#primaryimage"},"image":{"@id":"https:\/\/www.meydan.tv\/az\/article\/turkiyenin-esas-kitabi-azerbaycan-turkcesinde\/#primaryimage"},"thumbnailUrl":"https:\/\/www.meydan.tv\/wp-content\/uploads\/8243.jpg","datePublished":"2015-04-14T14:46:26+00:00","breadcrumb":{"@id":"https:\/\/www.meydan.tv\/az\/article\/turkiyenin-esas-kitabi-azerbaycan-turkcesinde\/#breadcrumb"},"inLanguage":"az","potentialAction":[{"@type":"ReadAction","target":["https:\/\/www.meydan.tv\/az\/article\/turkiyenin-esas-kitabi-azerbaycan-turkcesinde\/"]}]},{"@type":"ImageObject","inLanguage":"az","@id":"https:\/\/www.meydan.tv\/az\/article\/turkiyenin-esas-kitabi-azerbaycan-turkcesinde\/#primaryimage","url":"https:\/\/www.meydan.tv\/wp-content\/uploads\/8243.jpg","contentUrl":"https:\/\/www.meydan.tv\/wp-content\/uploads\/8243.jpg","width":400,"height":618,"caption":"Source:"},{"@type":"BreadcrumbList","@id":"https:\/\/www.meydan.tv\/az\/article\/turkiyenin-esas-kitabi-azerbaycan-turkcesinde\/#breadcrumb","itemListElement":[{"@type":"ListItem","position":1,"name":"Ana s\u0259hif\u0259","item":"https:\/\/www.meydan.tv\/az\/"},{"@type":"ListItem","position":2,"name":"X\u0259b\u0259rl\u0259r","item":"https:\/\/www.meydan.tv\/az\/section\/xeberler\/"},{"@type":"ListItem","position":3,"name":"T\u00fcrkiy\u0259nin \u0259sas kitab\u0131 Az\u0259rbaycan t\u00fcrkc\u0259sind\u0259"}]},{"@type":"WebSite","@id":"https:\/\/www.meydan.tv\/az\/#website","url":"https:\/\/www.meydan.tv\/az\/","name":"MEYDAN.TV","description":"Meydan TV Az\u0259rbaycan\u0131n media m\u0259kan\u0131ndak\u0131 alternativ s\u0259sidir","publisher":{"@id":"https:\/\/www.meydan.tv\/az\/#organization"},"potentialAction":[{"@type":"SearchAction","target":{"@type":"EntryPoint","urlTemplate":"https:\/\/www.meydan.tv\/az\/?s={search_term_string}"},"query-input":{"@type":"PropertyValueSpecification","valueRequired":true,"valueName":"search_term_string"}}],"inLanguage":"az"},{"@type":"Organization","@id":"https:\/\/www.meydan.tv\/az\/#organization","name":"Meydan TV","url":"https:\/\/www.meydan.tv\/az\/","logo":{"@type":"ImageObject","inLanguage":"az","@id":"https:\/\/www.meydan.tv\/az\/#\/schema\/logo\/image\/","url":"https:\/\/www.meydan.tv\/wp-content\/uploads\/2021\/07\/meydan-logo.svg","contentUrl":"https:\/\/www.meydan.tv\/wp-content\/uploads\/2021\/07\/meydan-logo.svg","width":195,"height":46,"caption":"Meydan TV"},"image":{"@id":"https:\/\/www.meydan.tv\/az\/#\/schema\/logo\/image\/"}},{"@type":"Person","@id":"https:\/\/www.meydan.tv\/az\/#\/schema\/person\/10d11eccf6da3662cf5fdab9806ea91a","name":"user-manager"}]}},"_links":{"self":[{"href":"https:\/\/www.meydan.tv\/az\/wp-json\/wp\/v2\/posts\/167545","targetHints":{"allow":["GET"]}}],"collection":[{"href":"https:\/\/www.meydan.tv\/az\/wp-json\/wp\/v2\/posts"}],"about":[{"href":"https:\/\/www.meydan.tv\/az\/wp-json\/wp\/v2\/types\/post"}],"author":[{"embeddable":true,"href":"https:\/\/www.meydan.tv\/az\/wp-json\/wp\/v2\/users\/11"}],"replies":[{"embeddable":true,"href":"https:\/\/www.meydan.tv\/az\/wp-json\/wp\/v2\/comments?post=167545"}],"version-history":[{"count":0,"href":"https:\/\/www.meydan.tv\/az\/wp-json\/wp\/v2\/posts\/167545\/revisions"}],"wp:featuredmedia":[{"embeddable":true,"href":"https:\/\/www.meydan.tv\/az\/wp-json\/wp\/v2\/media\/22712"}],"wp:attachment":[{"href":"https:\/\/www.meydan.tv\/az\/wp-json\/wp\/v2\/media?parent=167545"}],"wp:term":[{"taxonomy":"category","embeddable":true,"href":"https:\/\/www.meydan.tv\/az\/wp-json\/wp\/v2\/categories?post=167545"},{"taxonomy":"post_tag","embeddable":true,"href":"https:\/\/www.meydan.tv\/az\/wp-json\/wp\/v2\/tags?post=167545"}],"curies":[{"name":"wp","href":"https:\/\/api.w.org\/{rel}","templated":true}]}}