{"id":167544,"date":"2015-04-14T14:13:14","date_gmt":"2015-04-14T14:13:14","guid":{"rendered":"https:\/\/www.meydan.tv\/article\/con-kerriye-azerbaycan-memurlarinin-aktivleri-dondurulsun-ve-onlara-viza-verilmesin\/"},"modified":"2015-04-14T14:13:14","modified_gmt":"2015-04-14T14:13:14","slug":"con-kerriye-azerbaycan-memurlarinin-aktivleri-dondurulsun-ve-onlara-viza-verilmesin","status":"publish","type":"post","link":"https:\/\/www.meydan.tv\/az\/article\/con-kerriye-azerbaycan-memurlarinin-aktivleri-dondurulsun-ve-onlara-viza-verilmesin\/","title":{"rendered":"Con Kerriy\u0259: Az\u0259rbaycan m\u0259murlar\u0131n\u0131n aktivl\u0259ri dondurulsun v\u0259 onlara viza verilm\u0259sin"},"content":{"rendered":"<figure class=\"wp-block-image size-large\">\n  <img decoding=\"async\" src=\"https:\/\/www.meydan.tv\/az\/22709\/\" alt=\"\" class=\"wp-image-22709\"\/><figcaption><\/figcaption><\/figure>\n<figure class=\"wp-block-image size-large\">\n  <img decoding=\"async\" src=\"https:\/\/www.meydan.tv\/az\/22709\/\" alt=\"\" class=\"wp-image-22709\"\/><figcaption><\/figcaption><\/figure>\n<p>\n  <i><br \/>\n    Tan\u0131nm\u0131\u015f diplomatlar, h\u00fcquq m\u00fcdafi\u0259\u00e7il\u0259ri,\u00a0 Az\u0259rbaycan diasporunun n\u00fcmay\u0259nd\u0259l\u0259ri AB\u015e d\u00f6vl\u0259t katibin\u0259 m\u00fcraci\u0259t etdil\u0259r<br \/>\n  <\/i>\n<\/p>\n<p>\n  \u201cBiz Az\u0259rbaycanda insan h\u00fcquqlar\u0131n\u0131n v\u0259ziyy\u0259tinin pisl\u0259\u015fm\u0259sind\u0259n \u00e7ox narahat\u0131q. Jurnalistl\u0259rin, v\u0259t\u0259nda\u015f c\u0259miyy\u0259ti n\u00fcmay\u0259nd\u0259l\u0259rinin, h\u00fcquq m\u00fcadfi\u0259\u00e7il\u0259rinin, dindarlar\u0131n, m\u00fcxalif\u0259t xadiml\u0259rinin h\u0259bsi Rusiya v\u0259 Belarusda birlikd\u0259 oldu\u011fundan iki d\u0259f\u0259 \u00e7oxdur\u201d, &#8211; m\u0259ktubda deyilir.\n<\/p>\n<p>\n  \u201cH\u00f6kum\u0259t yerli v\u0259 xarici QHT-l\u0259ri, \u201cAzadl\u0131q\u201d radiosunu h\u0259d\u0259f se\u00e7ib. Y\u00fcks\u0259k v\u0259zif\u0259li m\u0259murlar \u00e7irkin antiq\u0259rb siyas\u0259ti il\u0259 m\u0259\u015f\u011fuldur. B\u00fct\u00fcn bunlar Amerika-Az\u0259rbaycan m\u00fcnasib\u0259tl\u0259rinin g\u0259l\u0259c\u0259yi il\u0259 ba\u011fl\u0131 ciddi narahatl\u0131q yarad\u0131r v\u0259 Az\u0259rbaycan h\u00f6kum\u0259tinin AT\u018fT, Avropa \u015euras\u0131 v\u0259 dig\u0259r t\u0259\u015fkilatlar qar\u015f\u0131s\u0131nda g\u00f6t\u00fcrd\u00fcy\u00fc \u00f6hdlikl\u0259r\u0259 sadiq oldu\u011funu \u015f\u00fcbh\u0259 alt\u0131na al\u0131r\u201d, &#8211; m\u00fcraci\u0259td\u0259 qeyd olunur.\n<\/p>\n<p>\n  Bununla \u0259laq\u0259dar m\u00fc\u0259llifl\u0259r D\u00f6vl\u0259t Departmentini bel\u0259 olan v\u0259ziyy\u0259td\u0259 z\u0259ruri add\u0131mlar atma\u011fa \u00e7a\u011f\u0131r\u0131rlar.\n<\/p>\n<p>\n  V\u0259t\u0259nda\u015f c\u0259miyy\u0259tinin probleml\u0259ri \u00fczr\u0259 ikit\u0259r\u0259fli komissiyan\u0131n formala\u015fd\u0131r\u0131lmas\u0131 Az\u0259rbaycan h\u00f6kum\u0259tinin \u00f6z v\u0259t\u0259nda\u015flar\u0131na qar\u015f\u0131 amans\u0131z davran\u0131\u015f\u0131n\u0131 yum\u015faltmas\u0131 il\u0259 ba\u011fl\u0131 \u00f6z\u00fcn\u00fc do\u011frultmur.\n<\/p>\n<p>\n  \u0130nsan h\u00fcquqlar\u0131n\u0131n v\u0259ziyy\u0259tind\u0259n narahatl\u0131qla ba\u011fl\u0131 r\u0259smi b\u0259yanatlar uzun aylard\u0131r ki, n\u0259tic\u0259 vermir v\u0259 g\u0259l\u0259c\u0259k komissiyan\u0131n n\u0259yis\u0259 d\u0259yi\u015f\u0259c\u0259yini d\u00fc\u015f\u00fcnm\u0259y\u0259 \u0259sas yoxdur.\n<\/p>\n<p>\n  \u201cOdur ki, AB\u015e insan h\u00fcquqlar\u0131n\u0131n kobud \u015f\u0259kild\u0259 pozulmas\u0131na m\u0259sul oln y\u00fcks\u0259k v\u0259zif\u0259li h\u00f6kum\u0259t m\u0259murlar\u0131n\u0131n aktivl\u0259rinin dondurulmas\u0131n\u0131 v\u0259 onlara viza verilm\u0259sin\u0259 qada\u011fa qoyulmas\u0131n\u0131 t\u0259tbiq etm\u0259lidir\u201d, &#8211; m\u00fcraci\u0259td\u0259 deyilir.\n<\/p>\n<p>\n  Uzun ill\u0259r enerji resurslar\u0131n\u0131n ixracat\u00e7\u0131s\u0131 v\u0259 terrorizm\u0259 qar\u015f\u0131 m\u00fcbariz\u0259d\u0259 t\u0259hl\u00fck\u0259sizlik \u00fczr\u0259 t\u0259r\u0259fda\u015f kimi Az\u0259rbaycan\u0131n \u0259h\u0259miyy\u0259ti insan h\u00fcquqlar\u0131n\u0131n ac\u0131nacaql\u0131 durumundan \u00fcst\u00fcn olub. Haz\u0131rda bu c\u00fcr yana\u015fma \u0259sass\u0131zd\u0131r. \u018fg\u0259r Q\u0259rb q\u0259tiyy\u0259tli add\u0131mlar atmasa bu ilin sonunda ke\u00e7iril\u0259c\u0259k parlament se\u00e7kil\u0259ri d\u00f6vr\u00fcnd\u0259 v\u0259ziyy\u0259t daha da pisl\u0259\u015f\u0259 bil\u0259r.\n<\/p>\n<p>\n  Hesab edirik ki, AB\u015e Az\u0259rbaycan h\u00f6kum\u0259tini a\u015fa\u011f\u0131dak\u0131 add\u0131mlar\u0131 atma\u011fa \u00e7a\u011f\u0131rmal\u0131d\u0131r:\n<\/p>\n<p>\n  &#8211; b\u00fct\u00fcn siyasi m\u0259hbuslar\u0131 azad etm\u0259y\u0259;\n<\/p>\n<p>\n  &#8211; m\u00fcxalif\u0259t f\u0259allar\u0131n\u0131n, h\u00fcquq m\u00fcdafi\u0259\u00e7il\u0259rinin v\u0259 onlar\u0131n v\u0259kill\u0259rinin ail\u0259 \u00fczvl\u0259rinin t\u0259qib edilm\u0259si v\u0259 qorxudulmas\u0131na son qoyulmas\u0131na;\n<\/p>\n<p>\n  -jurnalistl\u0259rin h\u00fcquqlar\u0131na h\u00f6rm\u0259tl\u0259 yana\u015fma\u011fa v\u0259 onlar\u0131n \u00f6z i\u015fini mane\u0259siz yerin\u0259 yetirm\u0259sin\u0259 \u015f\u0259rait yaratma\u011fa;\n<\/p>\n<p>\n  &#8211; yerli v\u0259 xarici QHT-l\u0259r\u0259 qar\u015f\u0131 t\u0259qib \u00a0kampaniyas\u0131na son qoyma\u011fa, onlar\u0131n f\u0259aliyy\u0259tini v\u0259 maliyy\u0259l\u0259\u015fdirilm\u0259sini m\u0259hdudla\u015fd\u0131ran d\u00fcz\u0259li\u015fl\u0259ri l\u0259\u011fv etm\u0259y\u0259;\n<\/p>\n<p>\n  &#8211; azad v\u0259 \u0259dal\u0259tli parlament se\u00e7kil\u0259rinin ke\u00e7irilm\u0259si \u00fc\u00e7\u00fcn \u015f\u0259rait yaratma\u011fa;\n<\/p>\n<p>\n  &#8211; xarici yay\u0131mlar\u0131n hakimiyy\u0259tin t\u0259zyiqi olmadan \u00f6z i\u015fini davam etdirm\u0259sin\u0259 icaz\u0259 verm\u0259y\u0259.\n<\/p>\n<p>\n  Az\u0259rbaycan haz\u0131rk\u0131 avtoritar siyas\u0259tini davam etdirdiyi halda Qaraba\u011f m\u00fcnaqi\u015f\u0259si d\u0259 daxil olmaqla, bu v\u0259 ya dig\u0259r probleml\u0259rin h\u0259lli m\u00fcmk\u00fcn deyil.\n<\/p>\n<p>\n  M\u0259ktubu imzalayanlar\u0131n aras\u0131nda AB\u015e d\u00f6vl\u0259t katibinin demokraiya v\u0259 insan h\u00fcquqlar\u0131 \u00fczr\u0259 ke\u00e7mi\u015f k\u00f6m\u0259k\u00e7il\u0259ri Elliot Abrams v\u0259 Devid Kramer, AB\u015e-\u0131n Az\u0259rbaycandak\u0131 ke\u00e7mi\u015f s\u0259firi Ri\u00e7ard Kozlari\u00e7, \u201cAzadl\u0131q\u201d radiosunun ke\u00e7mi\u015f direktoru Cefri Qedmin, Freedom House t\u0259\u015fkilat\u0131n\u0131n direktoru Mark Laqon, Demokratiya v\u0259 \u015e\u0259rqi Avropa \u0130nstitutunun direktoru \u0130rena Lasota, AZAD t\u0259\u015fkilat\u0131ndan Elmar \u015eahtaxtinski, Qorxmaz \u018fsg\u0259rov v\u0259 ba\u015fqalar\u0131 var.<\/p>\n","protected":false},"excerpt":{"rendered":"<p>Tan\u0131nm\u0131\u015f diplomatlar, h\u00fcquq m\u00fcdafi\u0259\u00e7il\u0259ri, Az\u0259rbaycan diasporunun n\u00fcmay\u0259nd\u0259l\u0259ri AB\u015e d\u00f6vl\u0259t katibin\u0259 m\u00fcraci\u0259t etdil\u0259r<\/p>\n","protected":false},"author":11,"featured_media":22709,"comment_status":"closed","ping_status":"open","sticky":false,"template":"","format":"standard","meta":{"_acf_changed":false,"_sitemap_exclude":false,"_sitemap_priority":"","_sitemap_frequency":"","footnotes":""},"categories":[56],"tags":[],"class_list":["post-167544","post","type-post","status-publish","format-standard","has-post-thumbnail","hentry","category-xeberler","infinite-scroll-item","generate-columns","tablet-grid-50","mobile-grid-100","grid-parent","grid-33","no-featured-image-padding"],"acf":[],"yoast_head":"<!-- This site is optimized with the Yoast SEO plugin v28.4 - https:\/\/yoast.com\/product\/yoast-seo-wordpress\/ -->\n<title>Con Kerriy\u0259: Az\u0259rbaycan m\u0259murlar\u0131n\u0131n aktivl\u0259ri dondurulsun v\u0259 onlara viza verilm\u0259sin - MEYDAN.TV<\/title>\n<meta name=\"robots\" content=\"index, follow, max-snippet:-1, max-image-preview:large, max-video-preview:-1\" \/>\n<link rel=\"canonical\" href=\"https:\/\/www.meydan.tv\/az\/article\/con-kerriye-azerbaycan-memurlarinin-aktivleri-dondurulsun-ve-onlara-viza-verilmesin\/\" \/>\n<meta property=\"og:locale\" content=\"az_AZ\" \/>\n<meta property=\"og:type\" content=\"article\" \/>\n<meta property=\"og:title\" content=\"Con Kerriy\u0259: Az\u0259rbaycan m\u0259murlar\u0131n\u0131n aktivl\u0259ri dondurulsun v\u0259 onlara viza verilm\u0259sin - MEYDAN.TV\" \/>\n<meta property=\"og:description\" content=\"Tan\u0131nm\u0131\u015f diplomatlar, h\u00fcquq m\u00fcdafi\u0259\u00e7il\u0259ri, Az\u0259rbaycan diasporunun n\u00fcmay\u0259nd\u0259l\u0259ri AB\u015e d\u00f6vl\u0259t katibin\u0259 m\u00fcraci\u0259t etdil\u0259r\" \/>\n<meta property=\"og:url\" content=\"https:\/\/www.meydan.tv\/az\/article\/con-kerriye-azerbaycan-memurlarinin-aktivleri-dondurulsun-ve-onlara-viza-verilmesin\/\" \/>\n<meta property=\"og:site_name\" content=\"MEYDAN.TV\" \/>\n<meta property=\"article:published_time\" content=\"2015-04-14T14:13:14+00:00\" \/>\n<meta property=\"og:image\" content=\"https:\/\/www.meydan.tv\/wp-content\/uploads\/8242.jpg\" \/>\n\t<meta property=\"og:image:width\" content=\"400\" \/>\n\t<meta property=\"og:image:height\" content=\"320\" \/>\n\t<meta property=\"og:image:type\" content=\"image\/jpeg\" \/>\n<meta name=\"twitter:card\" content=\"summary_large_image\" \/>\n<!-- \/ Yoast SEO plugin. -->","yoast_head_json":{"title":"Con Kerriy\u0259: Az\u0259rbaycan m\u0259murlar\u0131n\u0131n aktivl\u0259ri dondurulsun v\u0259 onlara viza verilm\u0259sin - MEYDAN.TV","robots":{"index":"index","follow":"follow","max-snippet":"max-snippet:-1","max-image-preview":"max-image-preview:large","max-video-preview":"max-video-preview:-1"},"canonical":"https:\/\/www.meydan.tv\/az\/article\/con-kerriye-azerbaycan-memurlarinin-aktivleri-dondurulsun-ve-onlara-viza-verilmesin\/","og_locale":"az_AZ","og_type":"article","og_title":"Con Kerriy\u0259: Az\u0259rbaycan m\u0259murlar\u0131n\u0131n aktivl\u0259ri dondurulsun v\u0259 onlara viza verilm\u0259sin - MEYDAN.TV","og_description":"Tan\u0131nm\u0131\u015f diplomatlar, h\u00fcquq m\u00fcdafi\u0259\u00e7il\u0259ri, Az\u0259rbaycan diasporunun n\u00fcmay\u0259nd\u0259l\u0259ri AB\u015e d\u00f6vl\u0259t katibin\u0259 m\u00fcraci\u0259t etdil\u0259r","og_url":"https:\/\/www.meydan.tv\/az\/article\/con-kerriye-azerbaycan-memurlarinin-aktivleri-dondurulsun-ve-onlara-viza-verilmesin\/","og_site_name":"MEYDAN.TV","article_published_time":"2015-04-14T14:13:14+00:00","og_image":[{"width":400,"height":320,"url":"https:\/\/www.meydan.tv\/wp-content\/uploads\/8242.jpg","type":"image\/jpeg"}],"twitter_card":"summary_large_image","schema":{"@context":"https:\/\/schema.org","@graph":[{"@type":"Article","@id":"https:\/\/www.meydan.tv\/az\/article\/con-kerriye-azerbaycan-memurlarinin-aktivleri-dondurulsun-ve-onlara-viza-verilmesin\/#article","isPartOf":{"@id":"https:\/\/www.meydan.tv\/az\/article\/con-kerriye-azerbaycan-memurlarinin-aktivleri-dondurulsun-ve-onlara-viza-verilmesin\/"},"author":{"name":"user-manager","@id":"https:\/\/www.meydan.tv\/az\/#\/schema\/person\/10d11eccf6da3662cf5fdab9806ea91a"},"headline":"Con Kerriy\u0259: Az\u0259rbaycan m\u0259murlar\u0131n\u0131n aktivl\u0259ri dondurulsun v\u0259 onlara viza verilm\u0259sin","datePublished":"2015-04-14T14:13:14+00:00","mainEntityOfPage":{"@id":"https:\/\/www.meydan.tv\/az\/article\/con-kerriye-azerbaycan-memurlarinin-aktivleri-dondurulsun-ve-onlara-viza-verilmesin\/"},"wordCount":706,"publisher":{"@id":"https:\/\/www.meydan.tv\/az\/#organization"},"image":{"@id":"https:\/\/www.meydan.tv\/az\/article\/con-kerriye-azerbaycan-memurlarinin-aktivleri-dondurulsun-ve-onlara-viza-verilmesin\/#primaryimage"},"thumbnailUrl":"https:\/\/www.meydan.tv\/wp-content\/uploads\/8242.jpg","articleSection":["X\u0259b\u0259rl\u0259r"],"inLanguage":"az"},{"@type":"WebPage","@id":"https:\/\/www.meydan.tv\/az\/article\/con-kerriye-azerbaycan-memurlarinin-aktivleri-dondurulsun-ve-onlara-viza-verilmesin\/","url":"https:\/\/www.meydan.tv\/az\/article\/con-kerriye-azerbaycan-memurlarinin-aktivleri-dondurulsun-ve-onlara-viza-verilmesin\/","name":"Con Kerriy\u0259: Az\u0259rbaycan m\u0259murlar\u0131n\u0131n aktivl\u0259ri dondurulsun v\u0259 onlara viza verilm\u0259sin - MEYDAN.TV","isPartOf":{"@id":"https:\/\/www.meydan.tv\/az\/#website"},"primaryImageOfPage":{"@id":"https:\/\/www.meydan.tv\/az\/article\/con-kerriye-azerbaycan-memurlarinin-aktivleri-dondurulsun-ve-onlara-viza-verilmesin\/#primaryimage"},"image":{"@id":"https:\/\/www.meydan.tv\/az\/article\/con-kerriye-azerbaycan-memurlarinin-aktivleri-dondurulsun-ve-onlara-viza-verilmesin\/#primaryimage"},"thumbnailUrl":"https:\/\/www.meydan.tv\/wp-content\/uploads\/8242.jpg","datePublished":"2015-04-14T14:13:14+00:00","breadcrumb":{"@id":"https:\/\/www.meydan.tv\/az\/article\/con-kerriye-azerbaycan-memurlarinin-aktivleri-dondurulsun-ve-onlara-viza-verilmesin\/#breadcrumb"},"inLanguage":"az","potentialAction":[{"@type":"ReadAction","target":["https:\/\/www.meydan.tv\/az\/article\/con-kerriye-azerbaycan-memurlarinin-aktivleri-dondurulsun-ve-onlara-viza-verilmesin\/"]}]},{"@type":"ImageObject","inLanguage":"az","@id":"https:\/\/www.meydan.tv\/az\/article\/con-kerriye-azerbaycan-memurlarinin-aktivleri-dondurulsun-ve-onlara-viza-verilmesin\/#primaryimage","url":"https:\/\/www.meydan.tv\/wp-content\/uploads\/8242.jpg","contentUrl":"https:\/\/www.meydan.tv\/wp-content\/uploads\/8242.jpg","width":400,"height":320,"caption":"Source:"},{"@type":"BreadcrumbList","@id":"https:\/\/www.meydan.tv\/az\/article\/con-kerriye-azerbaycan-memurlarinin-aktivleri-dondurulsun-ve-onlara-viza-verilmesin\/#breadcrumb","itemListElement":[{"@type":"ListItem","position":1,"name":"Ana s\u0259hif\u0259","item":"https:\/\/www.meydan.tv\/az\/"},{"@type":"ListItem","position":2,"name":"X\u0259b\u0259rl\u0259r","item":"https:\/\/www.meydan.tv\/az\/section\/xeberler\/"},{"@type":"ListItem","position":3,"name":"Con Kerriy\u0259: Az\u0259rbaycan m\u0259murlar\u0131n\u0131n aktivl\u0259ri dondurulsun v\u0259 onlara viza verilm\u0259sin"}]},{"@type":"WebSite","@id":"https:\/\/www.meydan.tv\/az\/#website","url":"https:\/\/www.meydan.tv\/az\/","name":"MEYDAN.TV","description":"Meydan TV Az\u0259rbaycan\u0131n media m\u0259kan\u0131ndak\u0131 alternativ s\u0259sidir","publisher":{"@id":"https:\/\/www.meydan.tv\/az\/#organization"},"potentialAction":[{"@type":"SearchAction","target":{"@type":"EntryPoint","urlTemplate":"https:\/\/www.meydan.tv\/az\/?s={search_term_string}"},"query-input":{"@type":"PropertyValueSpecification","valueRequired":true,"valueName":"search_term_string"}}],"inLanguage":"az"},{"@type":"Organization","@id":"https:\/\/www.meydan.tv\/az\/#organization","name":"Meydan TV","url":"https:\/\/www.meydan.tv\/az\/","logo":{"@type":"ImageObject","inLanguage":"az","@id":"https:\/\/www.meydan.tv\/az\/#\/schema\/logo\/image\/","url":"https:\/\/www.meydan.tv\/wp-content\/uploads\/2021\/07\/meydan-logo.svg","contentUrl":"https:\/\/www.meydan.tv\/wp-content\/uploads\/2021\/07\/meydan-logo.svg","width":195,"height":46,"caption":"Meydan TV"},"image":{"@id":"https:\/\/www.meydan.tv\/az\/#\/schema\/logo\/image\/"}},{"@type":"Person","@id":"https:\/\/www.meydan.tv\/az\/#\/schema\/person\/10d11eccf6da3662cf5fdab9806ea91a","name":"user-manager"}]}},"_links":{"self":[{"href":"https:\/\/www.meydan.tv\/az\/wp-json\/wp\/v2\/posts\/167544","targetHints":{"allow":["GET"]}}],"collection":[{"href":"https:\/\/www.meydan.tv\/az\/wp-json\/wp\/v2\/posts"}],"about":[{"href":"https:\/\/www.meydan.tv\/az\/wp-json\/wp\/v2\/types\/post"}],"author":[{"embeddable":true,"href":"https:\/\/www.meydan.tv\/az\/wp-json\/wp\/v2\/users\/11"}],"replies":[{"embeddable":true,"href":"https:\/\/www.meydan.tv\/az\/wp-json\/wp\/v2\/comments?post=167544"}],"version-history":[{"count":0,"href":"https:\/\/www.meydan.tv\/az\/wp-json\/wp\/v2\/posts\/167544\/revisions"}],"wp:featuredmedia":[{"embeddable":true,"href":"https:\/\/www.meydan.tv\/az\/wp-json\/wp\/v2\/media\/22709"}],"wp:attachment":[{"href":"https:\/\/www.meydan.tv\/az\/wp-json\/wp\/v2\/media?parent=167544"}],"wp:term":[{"taxonomy":"category","embeddable":true,"href":"https:\/\/www.meydan.tv\/az\/wp-json\/wp\/v2\/categories?post=167544"},{"taxonomy":"post_tag","embeddable":true,"href":"https:\/\/www.meydan.tv\/az\/wp-json\/wp\/v2\/tags?post=167544"}],"curies":[{"name":"wp","href":"https:\/\/api.w.org\/{rel}","templated":true}]}}