{"id":167540,"date":"2015-04-14T00:39:48","date_gmt":"2015-04-14T00:39:48","guid":{"rendered":"https:\/\/www.meydan.tv\/article\/xalqimizin-kim-kardasyan-davasi\/"},"modified":"2015-04-14T00:39:48","modified_gmt":"2015-04-14T00:39:48","slug":"xalqimizin-kim-kardasyan-davasi","status":"publish","type":"post","link":"https:\/\/www.meydan.tv\/az\/article\/xalqimizin-kim-kardasyan-davasi\/","title":{"rendered":"Xalq\u0131m\u0131z\u0131n Kim Karda\u015fyan davas\u0131"},"content":{"rendered":"<figure class=\"wp-block-image size-large\">\n  <img decoding=\"async\" src=\"https:\/\/www.meydan.tv\/az\/19259\/\" alt=\"\" class=\"wp-image-19259\"\/><figcaption><\/figcaption><\/figure>\n<figure class=\"wp-block-image size-large\">\n  <img decoding=\"async\" src=\"https:\/\/www.meydan.tv\/az\/19262\/\" alt=\"\" class=\"wp-image-19262\"\/><figcaption><\/figcaption><\/figure>\n<p>\n  Erm\u0259ni \u0259silli, Amerikal\u0131 aktrisa v\u0259 model Kim Karda\u015fyan\u0131n ata yurduna g\u0259li\u015fin\u0259 bizimkil\u0259rin rekasiyas\u0131 adam\u0131 d\u0259h\u015f\u0259t\u0259 g\u0259tirir. G\u0259lin, ondan ba\u015flayaq ki, Kim Karda\u015fyan kimdir? Bizimkil\u0259r is\u0259 onun ad\u0131n\u0131 n\u0259 qoyub? Bu xan\u0131m bar\u0259d\u0259 b\u00fct\u00fcn m\u0259nb\u0259l\u0259r onun aktrisa v\u0259 model oldu\u011funu deyir. Az\u0259rbaycanl\u0131lar is\u0259 ziyal\u0131s\u0131, cahili, f\u0259hl\u0259si, h\u0259kimi, siyas\u0259t\u00e7isi qar\u0131\u015f\u0131q, israrla ona \u201cpornoulduz\u201d deyir v\u0259 yaz\u0131rlar. Az\u0259rbaycan m\u0259tbuat\u0131 ill\u0259rdir sad\u0259c\u0259 damar\u0131nda erm\u0259ni qan\u0131 axd\u0131\u011f\u0131na g\u00f6r\u0259 bir aktrisa il\u0259 dir\u0259\u015fib, onu \u201cpornoulduz\u201d kimi t\u0259qdim edir. Halbuki, pornoindustriyada Kim Karda\u015fyan adl\u0131 aktrisa yoxdur. Pe\u015fman olub, evind\u0259 o\u011flan\u0131 il\u0259 isti anlar\u0131n\u0131 \u00e7\u0259kib, video da hans\u0131 yollasa internet\u0259 yol tap\u0131b, bir videoya g\u00f6r\u0259 b\u00fct\u00fcn bir \u00f6lk\u0259nin m\u0259tbuat\u0131 bu aktrisan\u0131 pornoulduz elan edib. El\u0259 h\u0259r videosu \u00e7\u0131xan pornoulduz olsa, onda el\u0259 bizd\u0259 d\u0259 kifay\u0259t q\u0259d\u0259r pornoulduz var ki&#8230; Sad\u0259c\u0259, bizimkil\u0259r d\u00fcnyada tan\u0131nm\u0131r. Kimd\u0259n f\u0259rqli olaraq.\n<\/p>\n<p>\n  Lap pornoulduzdur, ondan biz\u0259 n\u0259? Bir xalq ba\u015fqa bir xalqla \u201chans\u0131m\u0131z\u0131n qad\u0131n\u0131 daha namusludur?\u201d davas\u0131 ed\u0259rmi? Ay\u0131b deyilmi? Bizi n\u0259dir narahat ed\u0259n? Kim Karda\u015fyan\u0131n m\u0259\u015fhurlu\u011fu? Yoxsa bel\u0259 m\u0259\u015fhur aktrisan\u0131n erm\u0259ni olmas\u0131? Yoxsa, erm\u0259ni olub, pornoulduz olub, h\u0259m d\u0259 v\u0259t\u0259np\u0259rv\u0259r olmas\u0131n\u0131 h\u0259zm etmirik? \u018fg\u0259r bel\u0259dirs\u0259, deyim ki, Karda\u015fyan\u0131n v\u0259t\u0259p\u0259rv\u0259r, mill\u0259tini sev\u0259n aktrisa olma\u011f\u0131na m\u0259nim ciddi \u015f\u00fcbh\u0259m var. V\u0259t\u0259nini, mill\u0259tini sev\u0259n adam dirisini qoyub, \u00f6l\u00fcs\u00fcn\u00fcn d\u0259rdini \u00e7\u0259km\u0259z. \u018fn az\u0131ndan, ikisini d\u0259 bird\u0259n \u00e7\u0259k\u0259r. Yoxsa, Erm\u0259nistanda hakimiyy\u0259t xalqa z\u00fclm el\u0259sin, \u0259hali kas\u0131bl\u0131q, s\u0259fal\u0259t i\u00e7ind\u0259 ya\u015fas\u0131n, kas\u0131b-kusubun u\u015fa\u011f\u0131 c\u0259bh\u0259 x\u0259ttind\u0259 donsun, varl\u0131n\u0131n u\u015fa\u011f\u0131 xaricd\u0259 oxusun, s\u0259n d\u0259 bunlar\u0131n he\u00e7 birin\u0259 dinm\u0259, amma 100 il \u0259vv\u0259l mill\u0259tin\u0259 qar\u015f\u0131 edil\u0259nin davas\u0131n\u0131 apar. Erm\u0259ni xalq\u0131n\u0131n d\u00fc\u015fm\u0259ni bu g\u00fcn hakim rejimdir, n\u0259inki hans\u0131sa mill\u0259t. Kim Karda\u015fyan\u0131n buna s\u0259si \u00e7\u0131x\u0131rm\u0131? Yox.\n<\/p>\n<p>\n  S\u0259n diril\u0259r qala-qala \u00f6l\u00fcl\u0259rin d\u0259rdini \u00e7\u0259kir, davas\u0131n\u0131 apar\u0131rsansa, bu v\u0259t\u0259np\u0259rv\u0259rlik, mill\u0259ti sevm\u0259k deyil. Bu, \u015foudur. D\u00fcnyan\u0131n \u0259n hiyl\u0259g\u0259r, \u0259n riyakar, \u0259n m\u0259nhus q\u0259lbli \u015foumenl\u0259ri mill\u0259t\u00e7il\u0259rdi. \u018fg\u0259r bir insan mill\u0259t\u00e7ilik davas\u0131 edirs\u0259, mill\u0259t s\u00f6hb\u0259ti edirs\u0259, dem\u0259li, o alver\u00e7idir. Savad\u0131ndan, titulundan, sosial statusundan, v\u0259zif\u0259sind\u0259n as\u0131l\u0131 olmayaraq, b\u00fct\u00fcn mill\u0259t\u00e7il\u0259r alver\u00e7idirl\u0259r. Onlar \u00f6z maraqlar\u0131n\u0131n ad\u0131n\u0131 \u201cmill\u0259t\u00e7ilik\u201d qoymaqla \u00f6z biznesl\u0259rini, alverl\u0259rini s\u0131\u011fortalay\u0131rlar.\n<\/p>\n<p>\n  Kim Karda\u015fyan da \u00f6z alverini edir. Ara yerd\u0259 biz niy\u0259 \u00f6z\u00fcm\u00fcz\u00fc biyab\u0131r el\u0259m\u0259liyik? Karda\u015fyan\u0131n Erm\u0259nistana g\u0259li\u015fi il\u0259 ba\u011fl\u0131 m\u0259tbuatdak\u0131 yaz\u0131lar, sosial \u015f\u0259b\u0259k\u0259l\u0259rd\u0259ki payla\u015f\u0131mlar \u00fcr\u0259k buland\u0131r\u0131r. Bax\u0131rsan ciddi, ziyal\u0131 adamd\u0131, \u201cKim Karda\u015fyan\u0131n dal\u0131 burdan g\u0259ldi, m\u0259m\u0259si burdan getdi\u201d, \u201cKim Karda\u015fyan mill\u0259tini dal\u0131 il\u0259 tan\u0131td\u0131r\u0131r\u201d tipli ucuz, baya\u011f\u0131 s\u00f6hb\u0259tl\u0259r edir. Ciddi adam, ciddi toplum, ciddi xalq niy\u0259 bir aktrisan\u0131n hans\u0131sa b\u0259d\u0259n \u00fczv\u00fc il\u0259 d\u00fc\u015fm\u0259n olsun? Bu n\u0259 kompleksdir? Bu n\u0259 m\u0259zlum t\u0259s\u0259llidir? Ay\u0131b deyil?\n<\/p>\n<p>\n  Yox, bizim onlarla \u00f6lk\u0259d\u0259ki diasporalar\u0131m\u0131z \u00f6z mill\u0259tl\u0259ri \u00fc\u00e7\u00fcn bir Kim Karda\u015fyan dal\u0131n\u0131n ed\u0259 bildiyini bacarmay\u0131bsa, bunu etiraf ediriks\u0259, bu ba\u015fqa m\u0259s\u0259l\u0259&#8230;\n<\/p>\n<p>\n  <b><br \/>\n    Yaz\u0131dak\u0131 fikirl\u0259r m\u00fc\u0259llif\u0259 m\u0259xsusdur v\u0259 onlara g\u00f6r\u0259 Meydan TV m\u0259suliyy\u0259t da\u015f\u0131m\u0131r.<br \/>\n  <\/b>\n<\/p><\/p>\n","protected":false},"excerpt":{"rendered":"<p>Ciddi xalq\u0131n kimns\u0259 arxas\u0131 il\u0259 davas\u0131 ola bilm\u0259z&#8230;<\/p>\n","protected":false},"author":11,"featured_media":19259,"comment_status":"closed","ping_status":"open","sticky":false,"template":"","format":"standard","meta":{"_acf_changed":false,"_sitemap_exclude":false,"_sitemap_priority":"","_sitemap_frequency":"","footnotes":""},"categories":[57],"tags":[],"class_list":["post-167540","post","type-post","status-publish","format-standard","has-post-thumbnail","hentry","category-menim-fikrimce","infinite-scroll-item","generate-columns","tablet-grid-50","mobile-grid-100","grid-parent","grid-33","no-featured-image-padding"],"acf":[],"yoast_head":"<!-- This site is optimized with the Yoast SEO plugin v27.5 - https:\/\/yoast.com\/product\/yoast-seo-wordpress\/ -->\n<title>Xalq\u0131m\u0131z\u0131n Kim Karda\u015fyan davas\u0131 - MEYDAN.TV<\/title>\n<meta name=\"robots\" content=\"index, follow, max-snippet:-1, max-image-preview:large, max-video-preview:-1\" \/>\n<link rel=\"canonical\" href=\"https:\/\/www.meydan.tv\/az\/article\/xalqimizin-kim-kardasyan-davasi\/\" \/>\n<meta property=\"og:locale\" content=\"az_AZ\" \/>\n<meta property=\"og:type\" content=\"article\" \/>\n<meta property=\"og:title\" content=\"Xalq\u0131m\u0131z\u0131n Kim Karda\u015fyan davas\u0131 - MEYDAN.TV\" \/>\n<meta property=\"og:description\" content=\"Ciddi xalq\u0131n kimns\u0259 arxas\u0131 il\u0259 davas\u0131 ola bilm\u0259z...\" \/>\n<meta property=\"og:url\" content=\"https:\/\/www.meydan.tv\/az\/article\/xalqimizin-kim-kardasyan-davasi\/\" \/>\n<meta property=\"og:site_name\" content=\"MEYDAN.TV\" \/>\n<meta property=\"article:published_time\" content=\"2015-04-14T00:39:48+00:00\" \/>\n<meta property=\"og:image\" content=\"https:\/\/www.meydan.tv\/wp-content\/uploads\/6896.jpg\" \/>\n\t<meta property=\"og:image:width\" content=\"500\" \/>\n\t<meta property=\"og:image:height\" content=\"500\" \/>\n\t<meta property=\"og:image:type\" content=\"image\/jpeg\" \/>\n<meta name=\"author\" content=\"user-manager\" \/>\n<meta name=\"twitter:card\" content=\"summary_large_image\" \/>\n<script type=\"application\/ld+json\" class=\"yoast-schema-graph\">{\"@context\":\"https:\\\/\\\/schema.org\",\"@graph\":[{\"@type\":\"Article\",\"@id\":\"https:\\\/\\\/www.meydan.tv\\\/az\\\/article\\\/xalqimizin-kim-kardasyan-davasi\\\/#article\",\"isPartOf\":{\"@id\":\"https:\\\/\\\/www.meydan.tv\\\/az\\\/article\\\/xalqimizin-kim-kardasyan-davasi\\\/\"},\"author\":{\"name\":\"user-manager\",\"@id\":\"https:\\\/\\\/www.meydan.tv\\\/az\\\/#\\\/schema\\\/person\\\/10d11eccf6da3662cf5fdab9806ea91a\"},\"headline\":\"Xalq\u0131m\u0131z\u0131n Kim Karda\u015fyan davas\u0131\",\"datePublished\":\"2015-04-14T00:39:48+00:00\",\"mainEntityOfPage\":{\"@id\":\"https:\\\/\\\/www.meydan.tv\\\/az\\\/article\\\/xalqimizin-kim-kardasyan-davasi\\\/\"},\"wordCount\":687,\"publisher\":{\"@id\":\"https:\\\/\\\/www.meydan.tv\\\/az\\\/#organization\"},\"image\":{\"@id\":\"https:\\\/\\\/www.meydan.tv\\\/az\\\/article\\\/xalqimizin-kim-kardasyan-davasi\\\/#primaryimage\"},\"thumbnailUrl\":\"https:\\\/\\\/www.meydan.tv\\\/wp-content\\\/uploads\\\/6896.jpg\",\"articleSection\":[\"M\u0259nim Fikrimc\u0259\"],\"inLanguage\":\"az\"},{\"@type\":\"WebPage\",\"@id\":\"https:\\\/\\\/www.meydan.tv\\\/az\\\/article\\\/xalqimizin-kim-kardasyan-davasi\\\/\",\"url\":\"https:\\\/\\\/www.meydan.tv\\\/az\\\/article\\\/xalqimizin-kim-kardasyan-davasi\\\/\",\"name\":\"Xalq\u0131m\u0131z\u0131n Kim Karda\u015fyan davas\u0131 - MEYDAN.TV\",\"isPartOf\":{\"@id\":\"https:\\\/\\\/www.meydan.tv\\\/az\\\/#website\"},\"primaryImageOfPage\":{\"@id\":\"https:\\\/\\\/www.meydan.tv\\\/az\\\/article\\\/xalqimizin-kim-kardasyan-davasi\\\/#primaryimage\"},\"image\":{\"@id\":\"https:\\\/\\\/www.meydan.tv\\\/az\\\/article\\\/xalqimizin-kim-kardasyan-davasi\\\/#primaryimage\"},\"thumbnailUrl\":\"https:\\\/\\\/www.meydan.tv\\\/wp-content\\\/uploads\\\/6896.jpg\",\"datePublished\":\"2015-04-14T00:39:48+00:00\",\"breadcrumb\":{\"@id\":\"https:\\\/\\\/www.meydan.tv\\\/az\\\/article\\\/xalqimizin-kim-kardasyan-davasi\\\/#breadcrumb\"},\"inLanguage\":\"az\",\"potentialAction\":[{\"@type\":\"ReadAction\",\"target\":[\"https:\\\/\\\/www.meydan.tv\\\/az\\\/article\\\/xalqimizin-kim-kardasyan-davasi\\\/\"]}]},{\"@type\":\"ImageObject\",\"inLanguage\":\"az\",\"@id\":\"https:\\\/\\\/www.meydan.tv\\\/az\\\/article\\\/xalqimizin-kim-kardasyan-davasi\\\/#primaryimage\",\"url\":\"https:\\\/\\\/www.meydan.tv\\\/wp-content\\\/uploads\\\/6896.jpg\",\"contentUrl\":\"https:\\\/\\\/www.meydan.tv\\\/wp-content\\\/uploads\\\/6896.jpg\",\"width\":500,\"height\":500,\"caption\":\"Source:\"},{\"@type\":\"BreadcrumbList\",\"@id\":\"https:\\\/\\\/www.meydan.tv\\\/az\\\/article\\\/xalqimizin-kim-kardasyan-davasi\\\/#breadcrumb\",\"itemListElement\":[{\"@type\":\"ListItem\",\"position\":1,\"name\":\"Ana s\u0259hif\u0259\",\"item\":\"https:\\\/\\\/www.meydan.tv\\\/az\\\/\"},{\"@type\":\"ListItem\",\"position\":2,\"name\":\"M\u0259nim Fikrimc\u0259\",\"item\":\"https:\\\/\\\/www.meydan.tv\\\/az\\\/section\\\/menim-fikrimce\\\/\"},{\"@type\":\"ListItem\",\"position\":3,\"name\":\"Xalq\u0131m\u0131z\u0131n Kim Karda\u015fyan davas\u0131\"}]},{\"@type\":\"WebSite\",\"@id\":\"https:\\\/\\\/www.meydan.tv\\\/az\\\/#website\",\"url\":\"https:\\\/\\\/www.meydan.tv\\\/az\\\/\",\"name\":\"MEYDAN.TV\",\"description\":\"Meydan TV Az\u0259rbaycan\u0131n media m\u0259kan\u0131ndak\u0131 alternativ s\u0259sidir\",\"publisher\":{\"@id\":\"https:\\\/\\\/www.meydan.tv\\\/az\\\/#organization\"},\"potentialAction\":[{\"@type\":\"SearchAction\",\"target\":{\"@type\":\"EntryPoint\",\"urlTemplate\":\"https:\\\/\\\/www.meydan.tv\\\/az\\\/?s={search_term_string}\"},\"query-input\":{\"@type\":\"PropertyValueSpecification\",\"valueRequired\":true,\"valueName\":\"search_term_string\"}}],\"inLanguage\":\"az\"},{\"@type\":\"Organization\",\"@id\":\"https:\\\/\\\/www.meydan.tv\\\/az\\\/#organization\",\"name\":\"Meydan TV\",\"url\":\"https:\\\/\\\/www.meydan.tv\\\/az\\\/\",\"logo\":{\"@type\":\"ImageObject\",\"inLanguage\":\"az\",\"@id\":\"https:\\\/\\\/www.meydan.tv\\\/az\\\/#\\\/schema\\\/logo\\\/image\\\/\",\"url\":\"https:\\\/\\\/www.meydan.tv\\\/wp-content\\\/uploads\\\/2021\\\/07\\\/meydan-logo.svg\",\"contentUrl\":\"https:\\\/\\\/www.meydan.tv\\\/wp-content\\\/uploads\\\/2021\\\/07\\\/meydan-logo.svg\",\"width\":195,\"height\":46,\"caption\":\"Meydan TV\"},\"image\":{\"@id\":\"https:\\\/\\\/www.meydan.tv\\\/az\\\/#\\\/schema\\\/logo\\\/image\\\/\"}},{\"@type\":\"Person\",\"@id\":\"https:\\\/\\\/www.meydan.tv\\\/az\\\/#\\\/schema\\\/person\\\/10d11eccf6da3662cf5fdab9806ea91a\",\"name\":\"user-manager\"}]}<\/script>\n<!-- \/ Yoast SEO plugin. -->","yoast_head_json":{"title":"Xalq\u0131m\u0131z\u0131n Kim Karda\u015fyan davas\u0131 - MEYDAN.TV","robots":{"index":"index","follow":"follow","max-snippet":"max-snippet:-1","max-image-preview":"max-image-preview:large","max-video-preview":"max-video-preview:-1"},"canonical":"https:\/\/www.meydan.tv\/az\/article\/xalqimizin-kim-kardasyan-davasi\/","og_locale":"az_AZ","og_type":"article","og_title":"Xalq\u0131m\u0131z\u0131n Kim Karda\u015fyan davas\u0131 - MEYDAN.TV","og_description":"Ciddi xalq\u0131n kimns\u0259 arxas\u0131 il\u0259 davas\u0131 ola bilm\u0259z...","og_url":"https:\/\/www.meydan.tv\/az\/article\/xalqimizin-kim-kardasyan-davasi\/","og_site_name":"MEYDAN.TV","article_published_time":"2015-04-14T00:39:48+00:00","og_image":[{"width":500,"height":500,"url":"https:\/\/www.meydan.tv\/wp-content\/uploads\/6896.jpg","type":"image\/jpeg"}],"author":"user-manager","twitter_card":"summary_large_image","schema":{"@context":"https:\/\/schema.org","@graph":[{"@type":"Article","@id":"https:\/\/www.meydan.tv\/az\/article\/xalqimizin-kim-kardasyan-davasi\/#article","isPartOf":{"@id":"https:\/\/www.meydan.tv\/az\/article\/xalqimizin-kim-kardasyan-davasi\/"},"author":{"name":"user-manager","@id":"https:\/\/www.meydan.tv\/az\/#\/schema\/person\/10d11eccf6da3662cf5fdab9806ea91a"},"headline":"Xalq\u0131m\u0131z\u0131n Kim Karda\u015fyan davas\u0131","datePublished":"2015-04-14T00:39:48+00:00","mainEntityOfPage":{"@id":"https:\/\/www.meydan.tv\/az\/article\/xalqimizin-kim-kardasyan-davasi\/"},"wordCount":687,"publisher":{"@id":"https:\/\/www.meydan.tv\/az\/#organization"},"image":{"@id":"https:\/\/www.meydan.tv\/az\/article\/xalqimizin-kim-kardasyan-davasi\/#primaryimage"},"thumbnailUrl":"https:\/\/www.meydan.tv\/wp-content\/uploads\/6896.jpg","articleSection":["M\u0259nim Fikrimc\u0259"],"inLanguage":"az"},{"@type":"WebPage","@id":"https:\/\/www.meydan.tv\/az\/article\/xalqimizin-kim-kardasyan-davasi\/","url":"https:\/\/www.meydan.tv\/az\/article\/xalqimizin-kim-kardasyan-davasi\/","name":"Xalq\u0131m\u0131z\u0131n Kim Karda\u015fyan davas\u0131 - MEYDAN.TV","isPartOf":{"@id":"https:\/\/www.meydan.tv\/az\/#website"},"primaryImageOfPage":{"@id":"https:\/\/www.meydan.tv\/az\/article\/xalqimizin-kim-kardasyan-davasi\/#primaryimage"},"image":{"@id":"https:\/\/www.meydan.tv\/az\/article\/xalqimizin-kim-kardasyan-davasi\/#primaryimage"},"thumbnailUrl":"https:\/\/www.meydan.tv\/wp-content\/uploads\/6896.jpg","datePublished":"2015-04-14T00:39:48+00:00","breadcrumb":{"@id":"https:\/\/www.meydan.tv\/az\/article\/xalqimizin-kim-kardasyan-davasi\/#breadcrumb"},"inLanguage":"az","potentialAction":[{"@type":"ReadAction","target":["https:\/\/www.meydan.tv\/az\/article\/xalqimizin-kim-kardasyan-davasi\/"]}]},{"@type":"ImageObject","inLanguage":"az","@id":"https:\/\/www.meydan.tv\/az\/article\/xalqimizin-kim-kardasyan-davasi\/#primaryimage","url":"https:\/\/www.meydan.tv\/wp-content\/uploads\/6896.jpg","contentUrl":"https:\/\/www.meydan.tv\/wp-content\/uploads\/6896.jpg","width":500,"height":500,"caption":"Source:"},{"@type":"BreadcrumbList","@id":"https:\/\/www.meydan.tv\/az\/article\/xalqimizin-kim-kardasyan-davasi\/#breadcrumb","itemListElement":[{"@type":"ListItem","position":1,"name":"Ana s\u0259hif\u0259","item":"https:\/\/www.meydan.tv\/az\/"},{"@type":"ListItem","position":2,"name":"M\u0259nim Fikrimc\u0259","item":"https:\/\/www.meydan.tv\/az\/section\/menim-fikrimce\/"},{"@type":"ListItem","position":3,"name":"Xalq\u0131m\u0131z\u0131n Kim Karda\u015fyan davas\u0131"}]},{"@type":"WebSite","@id":"https:\/\/www.meydan.tv\/az\/#website","url":"https:\/\/www.meydan.tv\/az\/","name":"MEYDAN.TV","description":"Meydan TV Az\u0259rbaycan\u0131n media m\u0259kan\u0131ndak\u0131 alternativ s\u0259sidir","publisher":{"@id":"https:\/\/www.meydan.tv\/az\/#organization"},"potentialAction":[{"@type":"SearchAction","target":{"@type":"EntryPoint","urlTemplate":"https:\/\/www.meydan.tv\/az\/?s={search_term_string}"},"query-input":{"@type":"PropertyValueSpecification","valueRequired":true,"valueName":"search_term_string"}}],"inLanguage":"az"},{"@type":"Organization","@id":"https:\/\/www.meydan.tv\/az\/#organization","name":"Meydan TV","url":"https:\/\/www.meydan.tv\/az\/","logo":{"@type":"ImageObject","inLanguage":"az","@id":"https:\/\/www.meydan.tv\/az\/#\/schema\/logo\/image\/","url":"https:\/\/www.meydan.tv\/wp-content\/uploads\/2021\/07\/meydan-logo.svg","contentUrl":"https:\/\/www.meydan.tv\/wp-content\/uploads\/2021\/07\/meydan-logo.svg","width":195,"height":46,"caption":"Meydan TV"},"image":{"@id":"https:\/\/www.meydan.tv\/az\/#\/schema\/logo\/image\/"}},{"@type":"Person","@id":"https:\/\/www.meydan.tv\/az\/#\/schema\/person\/10d11eccf6da3662cf5fdab9806ea91a","name":"user-manager"}]}},"_links":{"self":[{"href":"https:\/\/www.meydan.tv\/az\/wp-json\/wp\/v2\/posts\/167540","targetHints":{"allow":["GET"]}}],"collection":[{"href":"https:\/\/www.meydan.tv\/az\/wp-json\/wp\/v2\/posts"}],"about":[{"href":"https:\/\/www.meydan.tv\/az\/wp-json\/wp\/v2\/types\/post"}],"author":[{"embeddable":true,"href":"https:\/\/www.meydan.tv\/az\/wp-json\/wp\/v2\/users\/11"}],"replies":[{"embeddable":true,"href":"https:\/\/www.meydan.tv\/az\/wp-json\/wp\/v2\/comments?post=167540"}],"version-history":[{"count":0,"href":"https:\/\/www.meydan.tv\/az\/wp-json\/wp\/v2\/posts\/167540\/revisions"}],"wp:featuredmedia":[{"embeddable":true,"href":"https:\/\/www.meydan.tv\/az\/wp-json\/wp\/v2\/media\/19259"}],"wp:attachment":[{"href":"https:\/\/www.meydan.tv\/az\/wp-json\/wp\/v2\/media?parent=167540"}],"wp:term":[{"taxonomy":"category","embeddable":true,"href":"https:\/\/www.meydan.tv\/az\/wp-json\/wp\/v2\/categories?post=167540"},{"taxonomy":"post_tag","embeddable":true,"href":"https:\/\/www.meydan.tv\/az\/wp-json\/wp\/v2\/tags?post=167540"}],"curies":[{"name":"wp","href":"https:\/\/api.w.org\/{rel}","templated":true}]}}