{"id":167539,"date":"2015-04-14T00:23:48","date_gmt":"2015-04-14T00:23:48","guid":{"rendered":"https:\/\/www.meydan.tv\/article\/19-yasli-genc-magazadan-corek-ogurlamayib-fotolar\/"},"modified":"2015-04-14T00:23:48","modified_gmt":"2015-04-14T00:23:48","slug":"19-yasli-genc-magazadan-corek-ogurlamayib-fotolar","status":"publish","type":"post","link":"https:\/\/www.meydan.tv\/az\/article\/19-yasli-genc-magazadan-corek-ogurlamayib-fotolar\/","title":{"rendered":"19 ya\u015fl\u0131 g\u0259nc ma\u011fazadan \u00e7\u00f6r\u0259k o\u011furlamay\u0131b (Fotolar)"},"content":{"rendered":"<figure class=\"wp-block-image size-large\">\n  <img decoding=\"async\" src=\"https:\/\/www.meydan.tv\/az\/22700\/\" alt=\"\" class=\"wp-image-22700\"\/><figcaption><\/figcaption><\/figure>\n<p>\n  Sat\u0131c\u0131 Namiq Mirz\u0259yevin bir ayda \u00fc\u00e7\u00fcnc\u00fc d\u0259f\u0259 o\u011furluq etm\u0259k ist\u0259diyini deyir\n<\/p>\n<p>\n  10 apreld\u0259 M\u0259h\u0259mm\u0259d Hadi k\u00fc\u00e7\u0259sind\u0259 ma\u011fazadan \u00e7\u00f6r\u0259k g\u00f6t\u00fcrm\u0259k ist\u0259y\u0259n Namiq Mirz\u0259yevi ma\u011faza sahibi Fizuli Kaz\u0131movun polis\u0259 t\u0259hvil verdiyi haqda m\u0259lumat yay\u0131lm\u0131\u015fd\u0131. H\u0259min ma\u011fazada sat\u0131c\u0131 i\u015fl\u0259y\u0259n \u015eamama D\u00fcnyamal\u0131yeva Meydan TV-y\u0259 deyib ki, 19 ya\u015fl\u0131 g\u0259nc ma\u011fazada \u00e7\u00f6r\u0259k yox, pul axtar\u0131rm\u0131\u015f. Aprelin 10-na ke\u00e7\u0259n gec\u0259 saat 4-d\u0259 Fizuli Kaz\u0131movun xan\u0131m\u0131 p\u0259nc\u0259r\u0259d\u0259n d\u00fckana baxark\u0259n telefon i\u015f\u0131\u011f\u0131n\u0131 sezib. Daha sonra qap\u0131n\u0131n a\u00e7\u0131ld\u0131\u011f\u0131n\u0131 v\u0259 g\u0259nc o\u011flan\u0131n oradak\u0131 ye\u015fikl\u0259rd\u0259 n\u0259s\u0259 axtard\u0131\u011f\u0131n\u0131 g\u00f6r\u00fcb. Yolda\u015f\u0131n\u0131 yuxudan oyaraq ma\u011fazaya g\u00f6nd\u0259rib. Fizuli Kaz\u0131mov ma\u011fazan\u0131n qap\u0131s\u0131n\u0131 ba\u011flayaraq Namiq Mirz\u0259yevi i\u00e7\u0259rid\u0259 qoyub. Daha sonra polis\u0259 z\u0259ng ed\u0259r\u0259k, 20 ya\u015fl\u0131 g\u0259nci onlara t\u0259hvil verib.\n<\/p>\n<p>\n  Sat\u0131c\u0131 deyir ki, N.Mirz\u0259yev polis\u0259 ifad\u0259sind\u0259 art\u0131q \u00fc\u00e7\u00fcnc\u00fc d\u0259f\u0259dir \u00e7\u00f6r\u0259k d\u00fckan\u0131ndan o\u011furluq etm\u0259k ist\u0259diyini deyib. Bundan \u0259vv\u0259lki hadis\u0259d\u0259 o d\u00fckanda olan \u00e7antadan pul g\u00f6t\u00fcr\u00fcb. Sat\u0131c\u0131 deyir ki, o, bir ay \u0259rzind\u0259 eyni ma\u011fazadan 3 d\u0259f\u0259 o\u011furluq etm\u0259k ist\u0259yib.\n<\/p>\n<p>\n  Hadis\u0259d\u0259n sonra g\u0259ncin dostu oldu\u011funu dey\u0259n bir \u015f\u0259xs sat\u0131c\u0131ya yax\u0131nla\u015faraq, Namiq Mirz\u0259yevin atas\u0131n\u0131n olmad\u0131\u011f\u0131n\u0131, anas\u0131n\u0131n is\u0259 s\u00fcp\u00fcrg\u0259\u00e7i i\u015fl\u0259y\u0259r\u0259k evi doland\u0131rd\u0131\u011f\u0131n\u0131 deyib. O, \u0259lav\u0259 edib ki, 19 ya\u015fl\u0131 g\u0259nc t\u0259l\u0259b\u0259dir.\n<\/p>\n<figure class=\"wp-block-image size-large\">\n  <img decoding=\"async\" src=\"https:\/\/www.meydan.tv\/az\/22703\/\" alt=\"\" class=\"wp-image-22703\"\/><figcaption><\/figcaption><\/figure>\n","protected":false},"excerpt":{"rendered":"<p>Sat\u0131c\u0131 Namiq Mirz\u0259yevin bir ayda \u00fc\u00e7\u00fcnc\u00fc d\u0259f\u0259 o\u011furluq etm\u0259k ist\u0259diyini deyir<\/p>\n","protected":false},"author":11,"featured_media":22700,"comment_status":"closed","ping_status":"open","sticky":false,"template":"","format":"standard","meta":{"_acf_changed":false,"_sitemap_exclude":false,"_sitemap_priority":"","_sitemap_frequency":"","footnotes":""},"categories":[56],"tags":[],"class_list":["post-167539","post","type-post","status-publish","format-standard","has-post-thumbnail","hentry","category-xeberler","infinite-scroll-item","generate-columns","tablet-grid-50","mobile-grid-100","grid-parent","grid-33","no-featured-image-padding"],"acf":[],"yoast_head":"<!-- This site is optimized with the Yoast SEO plugin v28.4 - https:\/\/yoast.com\/product\/yoast-seo-wordpress\/ -->\n<title>19 ya\u015fl\u0131 g\u0259nc ma\u011fazadan \u00e7\u00f6r\u0259k o\u011furlamay\u0131b (Fotolar) - MEYDAN.TV<\/title>\n<meta name=\"robots\" content=\"index, follow, max-snippet:-1, max-image-preview:large, max-video-preview:-1\" \/>\n<link rel=\"canonical\" href=\"https:\/\/www.meydan.tv\/az\/article\/19-yasli-genc-magazadan-corek-ogurlamayib-fotolar\/\" \/>\n<meta property=\"og:locale\" content=\"az_AZ\" \/>\n<meta property=\"og:type\" content=\"article\" \/>\n<meta property=\"og:title\" content=\"19 ya\u015fl\u0131 g\u0259nc ma\u011fazadan \u00e7\u00f6r\u0259k o\u011furlamay\u0131b (Fotolar) - MEYDAN.TV\" \/>\n<meta property=\"og:description\" content=\"Sat\u0131c\u0131 Namiq Mirz\u0259yevin bir ayda \u00fc\u00e7\u00fcnc\u00fc d\u0259f\u0259 o\u011furluq etm\u0259k ist\u0259diyini deyir\" \/>\n<meta property=\"og:url\" content=\"https:\/\/www.meydan.tv\/az\/article\/19-yasli-genc-magazadan-corek-ogurlamayib-fotolar\/\" \/>\n<meta property=\"og:site_name\" content=\"MEYDAN.TV\" \/>\n<meta property=\"article:published_time\" content=\"2015-04-14T00:23:48+00:00\" \/>\n<meta property=\"og:image\" content=\"https:\/\/www.meydan.tv\/wp-content\/uploads\/8236.jpg\" \/>\n\t<meta property=\"og:image:width\" content=\"1071\" \/>\n\t<meta property=\"og:image:height\" content=\"598\" \/>\n\t<meta property=\"og:image:type\" content=\"image\/jpeg\" \/>\n<meta name=\"twitter:card\" content=\"summary_large_image\" \/>\n<!-- \/ Yoast SEO plugin. -->","yoast_head_json":{"title":"19 ya\u015fl\u0131 g\u0259nc ma\u011fazadan \u00e7\u00f6r\u0259k o\u011furlamay\u0131b (Fotolar) - MEYDAN.TV","robots":{"index":"index","follow":"follow","max-snippet":"max-snippet:-1","max-image-preview":"max-image-preview:large","max-video-preview":"max-video-preview:-1"},"canonical":"https:\/\/www.meydan.tv\/az\/article\/19-yasli-genc-magazadan-corek-ogurlamayib-fotolar\/","og_locale":"az_AZ","og_type":"article","og_title":"19 ya\u015fl\u0131 g\u0259nc ma\u011fazadan \u00e7\u00f6r\u0259k o\u011furlamay\u0131b (Fotolar) - MEYDAN.TV","og_description":"Sat\u0131c\u0131 Namiq Mirz\u0259yevin bir ayda \u00fc\u00e7\u00fcnc\u00fc d\u0259f\u0259 o\u011furluq etm\u0259k ist\u0259diyini deyir","og_url":"https:\/\/www.meydan.tv\/az\/article\/19-yasli-genc-magazadan-corek-ogurlamayib-fotolar\/","og_site_name":"MEYDAN.TV","article_published_time":"2015-04-14T00:23:48+00:00","og_image":[{"width":1071,"height":598,"url":"https:\/\/www.meydan.tv\/wp-content\/uploads\/8236.jpg","type":"image\/jpeg"}],"twitter_card":"summary_large_image","schema":{"@context":"https:\/\/schema.org","@graph":[{"@type":"Article","@id":"https:\/\/www.meydan.tv\/az\/article\/19-yasli-genc-magazadan-corek-ogurlamayib-fotolar\/#article","isPartOf":{"@id":"https:\/\/www.meydan.tv\/az\/article\/19-yasli-genc-magazadan-corek-ogurlamayib-fotolar\/"},"author":{"name":"user-manager","@id":"https:\/\/www.meydan.tv\/az\/#\/schema\/person\/10d11eccf6da3662cf5fdab9806ea91a"},"headline":"19 ya\u015fl\u0131 g\u0259nc ma\u011fazadan \u00e7\u00f6r\u0259k o\u011furlamay\u0131b (Fotolar)","datePublished":"2015-04-14T00:23:48+00:00","mainEntityOfPage":{"@id":"https:\/\/www.meydan.tv\/az\/article\/19-yasli-genc-magazadan-corek-ogurlamayib-fotolar\/"},"wordCount":308,"publisher":{"@id":"https:\/\/www.meydan.tv\/az\/#organization"},"image":{"@id":"https:\/\/www.meydan.tv\/az\/article\/19-yasli-genc-magazadan-corek-ogurlamayib-fotolar\/#primaryimage"},"thumbnailUrl":"https:\/\/www.meydan.tv\/wp-content\/uploads\/8236.jpg","articleSection":["X\u0259b\u0259rl\u0259r"],"inLanguage":"az"},{"@type":"WebPage","@id":"https:\/\/www.meydan.tv\/az\/article\/19-yasli-genc-magazadan-corek-ogurlamayib-fotolar\/","url":"https:\/\/www.meydan.tv\/az\/article\/19-yasli-genc-magazadan-corek-ogurlamayib-fotolar\/","name":"19 ya\u015fl\u0131 g\u0259nc ma\u011fazadan \u00e7\u00f6r\u0259k o\u011furlamay\u0131b (Fotolar) - MEYDAN.TV","isPartOf":{"@id":"https:\/\/www.meydan.tv\/az\/#website"},"primaryImageOfPage":{"@id":"https:\/\/www.meydan.tv\/az\/article\/19-yasli-genc-magazadan-corek-ogurlamayib-fotolar\/#primaryimage"},"image":{"@id":"https:\/\/www.meydan.tv\/az\/article\/19-yasli-genc-magazadan-corek-ogurlamayib-fotolar\/#primaryimage"},"thumbnailUrl":"https:\/\/www.meydan.tv\/wp-content\/uploads\/8236.jpg","datePublished":"2015-04-14T00:23:48+00:00","breadcrumb":{"@id":"https:\/\/www.meydan.tv\/az\/article\/19-yasli-genc-magazadan-corek-ogurlamayib-fotolar\/#breadcrumb"},"inLanguage":"az","potentialAction":[{"@type":"ReadAction","target":["https:\/\/www.meydan.tv\/az\/article\/19-yasli-genc-magazadan-corek-ogurlamayib-fotolar\/"]}]},{"@type":"ImageObject","inLanguage":"az","@id":"https:\/\/www.meydan.tv\/az\/article\/19-yasli-genc-magazadan-corek-ogurlamayib-fotolar\/#primaryimage","url":"https:\/\/www.meydan.tv\/wp-content\/uploads\/8236.jpg","contentUrl":"https:\/\/www.meydan.tv\/wp-content\/uploads\/8236.jpg","width":1071,"height":598,"caption":"Source:"},{"@type":"BreadcrumbList","@id":"https:\/\/www.meydan.tv\/az\/article\/19-yasli-genc-magazadan-corek-ogurlamayib-fotolar\/#breadcrumb","itemListElement":[{"@type":"ListItem","position":1,"name":"Ana s\u0259hif\u0259","item":"https:\/\/www.meydan.tv\/az\/"},{"@type":"ListItem","position":2,"name":"X\u0259b\u0259rl\u0259r","item":"https:\/\/www.meydan.tv\/az\/section\/xeberler\/"},{"@type":"ListItem","position":3,"name":"19 ya\u015fl\u0131 g\u0259nc ma\u011fazadan \u00e7\u00f6r\u0259k o\u011furlamay\u0131b (Fotolar)"}]},{"@type":"WebSite","@id":"https:\/\/www.meydan.tv\/az\/#website","url":"https:\/\/www.meydan.tv\/az\/","name":"MEYDAN.TV","description":"Meydan TV Az\u0259rbaycan\u0131n media m\u0259kan\u0131ndak\u0131 alternativ s\u0259sidir","publisher":{"@id":"https:\/\/www.meydan.tv\/az\/#organization"},"potentialAction":[{"@type":"SearchAction","target":{"@type":"EntryPoint","urlTemplate":"https:\/\/www.meydan.tv\/az\/?s={search_term_string}"},"query-input":{"@type":"PropertyValueSpecification","valueRequired":true,"valueName":"search_term_string"}}],"inLanguage":"az"},{"@type":"Organization","@id":"https:\/\/www.meydan.tv\/az\/#organization","name":"Meydan TV","url":"https:\/\/www.meydan.tv\/az\/","logo":{"@type":"ImageObject","inLanguage":"az","@id":"https:\/\/www.meydan.tv\/az\/#\/schema\/logo\/image\/","url":"https:\/\/www.meydan.tv\/wp-content\/uploads\/2021\/07\/meydan-logo.svg","contentUrl":"https:\/\/www.meydan.tv\/wp-content\/uploads\/2021\/07\/meydan-logo.svg","width":195,"height":46,"caption":"Meydan TV"},"image":{"@id":"https:\/\/www.meydan.tv\/az\/#\/schema\/logo\/image\/"}},{"@type":"Person","@id":"https:\/\/www.meydan.tv\/az\/#\/schema\/person\/10d11eccf6da3662cf5fdab9806ea91a","name":"user-manager"}]}},"_links":{"self":[{"href":"https:\/\/www.meydan.tv\/az\/wp-json\/wp\/v2\/posts\/167539","targetHints":{"allow":["GET"]}}],"collection":[{"href":"https:\/\/www.meydan.tv\/az\/wp-json\/wp\/v2\/posts"}],"about":[{"href":"https:\/\/www.meydan.tv\/az\/wp-json\/wp\/v2\/types\/post"}],"author":[{"embeddable":true,"href":"https:\/\/www.meydan.tv\/az\/wp-json\/wp\/v2\/users\/11"}],"replies":[{"embeddable":true,"href":"https:\/\/www.meydan.tv\/az\/wp-json\/wp\/v2\/comments?post=167539"}],"version-history":[{"count":0,"href":"https:\/\/www.meydan.tv\/az\/wp-json\/wp\/v2\/posts\/167539\/revisions"}],"wp:featuredmedia":[{"embeddable":true,"href":"https:\/\/www.meydan.tv\/az\/wp-json\/wp\/v2\/media\/22700"}],"wp:attachment":[{"href":"https:\/\/www.meydan.tv\/az\/wp-json\/wp\/v2\/media?parent=167539"}],"wp:term":[{"taxonomy":"category","embeddable":true,"href":"https:\/\/www.meydan.tv\/az\/wp-json\/wp\/v2\/categories?post=167539"},{"taxonomy":"post_tag","embeddable":true,"href":"https:\/\/www.meydan.tv\/az\/wp-json\/wp\/v2\/tags?post=167539"}],"curies":[{"name":"wp","href":"https:\/\/api.w.org\/{rel}","templated":true}]}}