{"id":167538,"date":"2015-04-13T22:24:49","date_gmt":"2015-04-13T22:24:49","guid":{"rendered":"https:\/\/www.meydan.tv\/article\/lustrasiya-zerureti\/"},"modified":"2015-04-13T22:24:49","modified_gmt":"2015-04-13T22:24:49","slug":"lustrasiya-zerureti","status":"publish","type":"post","link":"https:\/\/www.meydan.tv\/az\/article\/lustrasiya-zerureti\/","title":{"rendered":"L\u00fcstrasiya z\u0259rur\u0259ti"},"content":{"rendered":"<figure class=\"wp-block-image size-large\">\n  <img decoding=\"async\" src=\"https:\/\/www.meydan.tv\/az\/22676\/\" alt=\"\" class=\"wp-image-22676\"\/><figcaption><\/figcaption><\/figure>\n<figure class=\"wp-block-image size-large\">\n  <img decoding=\"async\" src=\"https:\/\/www.meydan.tv\/az\/22673\/\" alt=\"\" class=\"wp-image-22673\"\/><figcaption><\/figcaption><\/figure>\n<p>\n  Yen\u0259 al\u0259m d\u0259ydi bir-birin\u0259, bir \u015feyxin \u201cki\u015finin ac olduqda arvad\u0131n\u0131 yem\u0259k haqq\u0131 var\u201d fitvas\u0131ndan sonra. Ne\u00e7\u0259 g\u00fcnd\u00fc orgiyad\u0131, bu arada m\u0259\u015fhur rus rejissor-oliqarx\u0131 Nikita Mixalkov da \u201cmilli fast-food\u201d a\u00e7maq \u00fc\u00e7\u00fcn Putind\u0259n n\u0259 az, n\u0259 \u00e7ox, d\u00fcz 1 milyard rubl ist\u0259yib, e\u015fq olsun! Ruslar\u0131n pasxas\u0131 da kosmonavtika g\u00fcn\u00fc il\u0259 \u00fcst-\u00fcst\u0259 d\u00fc\u015fd\u00fc, dil g\u0259l izl\u0259 s\u00f6hb\u0259tl\u0259ri, g\u00f6r\u00fcm, nec\u0259 izl\u0259yirs\u0259n.\n<\/p>\n<figure class=\"wp-block-image size-large\">\n  <img decoding=\"async\" src=\"https:\/\/www.meydan.tv\/az\/22677\/\" alt=\"\" class=\"wp-image-22677\"\/><figcaption><\/figcaption><\/figure>\n<p>\n  Amma bu arada Kiyevd\u0259 b\u00fct\u00fcn postsovet m\u0259kan\u0131 \u00fc\u00e7\u00fcn \u00e7ox vacib bir m\u0259qam ba\u015f verdi: Ukraynan\u0131n Ali Radas\u0131 n\u00f6vb\u0259ti 9 may\u0131n lap astanas\u0131nda, \u00f6z\u00fc b\u00f6y\u00fck tarixi \u201cfake\u201d olan (buna h\u0259l\u0259 yaz\u0131da d\u00f6n\u0259c\u0259yik) B\u00f6y\u00fck V\u0259t\u0259n m\u00fcharib\u0259sind\u0259ki q\u0259l\u0259b\u0259nin 70 illiyi \u00f6n\u00fcnd\u0259 1917\/91-ci lill\u0259rd\u0259ki kommunist rejimini cinay\u0259tkar, d\u00f6vl\u0259t terroru siyas\u0259ti aparan hakimiyy\u0259t elan etdi. L\u00fcstrasiya haqdak\u0131 \u00e7ox vacib qanun Ukraynada h\u0259l\u0259 ke\u00e7\u0259n il, Maydan h\u0259r\u0259kat\u0131ndan sonra q\u0259bul edilmi\u015fdi, son qanun is\u0259 art\u0131q bu prosesin gerid\u00f6nm\u0259z xarakter ald\u0131\u011f\u0131n\u0131 g\u00f6st\u0259rir. \u00d6zl\u00fcy\u00fcnd\u0259 is\u0259 bu h\u0259dd\u0259n m\u00fcr\u0259kk\u0259b proses \u041b\u044e\u0441\u0442\u0440\u0430\u0446\u0456\u044f \u0432 \u0423\u043a\u0440\u0430\u0457\u043d\u0456 ismi il\u0259 faktiki h\u0259r\u0259kata \u00e7evrilib. Onu yaln\u0131z bu prosesi yaln\u0131zca l\u00fcstrasiya komit\u0259si yox, tarix\u00e7il\u0259rin, sosioloqlar\u0131n, ictmai xadiml\u0259rin, aktiv g\u0259ncl\u0259rin qismind\u0259 b\u00fct\u00fcn c\u0259miyy\u0259t h\u0259yata ke\u00e7irir.\n<\/p>\n<p>\n  L\u00fcstrasiya prosesinin bizim \u00fc\u00e7\u00fcn d\u0259 n\u0259 q\u0259d\u0259r vacib oldu\u011funu x\u00fcsusi vur\u011fulama\u011fa d\u0259ym\u0259z. Bu haqda fikirl\u0259rimi h\u0259l\u0259 be\u015f il\n<\/p>\n<p>\n  bundan \u00f6nc\u0259 yazm\u0131\u015fd\u0131m, maraqlananlar \u201c<br \/>\n  <a href=\"https:\/\/elmirmirzoev.wordpress.com\/2011\/06\/16\/az%C9%99rbaycanda-lustrasiya-%E2%80%93-mumkunmu-mumkunsuzmu\/\" target=\"_blank\" rel=\"noopener\"><br \/>\n    Az\u0259rbaycanda l\u00fcstrasiya \u2013 m\u00fcmk\u00fcnm\u00fc, m\u00fcmk\u00fcns\u00fczm\u00fc?<br \/>\n  <\/a><br \/>\n  \u201d m\u0259qal\u0259sin\u0259 g\u00f6z ata bil\u0259r. Bu proses b\u00fct\u00fcn \u015e\u0259rqi Avropa v\u0259 postsovet m\u0259kan\u0131 \u00f6lk\u0259l\u0259ri \u00fc\u00e7\u00fcn vaxtil\u0259 Almaniyada ba\u015f vermi\u015f denasifikasiya (alm. &#8211; Entnazifizierung) prosesi q\u0259d\u0259r b\u00f6y\u00fck \u0259h\u0259miyy\u0259t da\u015f\u0131y\u0131r. \u00c7\u00fcnki \u0259ks halda h\u0259qiq\u0259tl\u0259r tam olaraq \u00fcz\u0259 \u00e7\u0131xmayacaq, Rusiyada v\u0259 \u00f6lk\u0259mizd\u0259 oldu\u011fu kimi yen\u0259 ke\u00e7mi\u015f haqda yaln\u0131z x\u0259fif nostlaji tonunda dan\u0131\u015f\u0131lacaq, b\u00fct\u00fcn vacib postlar is\u0259 ke\u00e7mi\u015f kommunist funksionerl\u0259ri v\u0259 x\u00fcsusi xidm\u0259t agenturas\u0131n\u0131n n\u0259zar\u0259tind\u0259 qalacaqd\u0131r. H\u0259qiq\u0259t \u00fcz\u0259 \u00e7\u0131xmay\u0131nca, ke\u00e7mi\u015fin yalanlar\u0131 i\u015fl\u0259k qalacaq v\u0259 ist\u0259nil\u0259n g\u0259l\u0259c\u0259yi \u00fcz\u00fcm\u00fcz\u0259 qapadacaq.\n<\/p>\n<p>\n  Yeri g\u0259lmi\u015fk\u0259n, Almaniyada 1945-d\u0259n sonra h\u0259l\u0259 denasifikasiya prosesi tam g\u00fcc\u00fc il\u0259 i\u015f\u0259 d\u00fc\u015fm\u0259zd\u0259n \u0259vv\u0259l, c\u0259miyy\u0259td\u0259 nasional-sosializm haqda \u201c\u0259la ideyad\u0131r, amma zibilini \u00e7\u0131xartd\u0131lar\u201d, \u201cfikir kimi yax\u015f\u0131 idi, amma Hitler v\u0259 \u0259traf\u0131 \u00e7ox pis h\u0259yata ke\u00e7irdi\u201d kimi s\u00f6hb\u0259tl\u0259r ya\u015famaqda idi. \u018fhalinin \u00e7ox b\u00f6y\u00fck qismi aras\u0131nda eyn\u0259n bizd\u0259 olan kimi \u201cideyaya ba\u015f ver\u0259nl\u0259rin n\u0259 d\u0259xli var, Hitlern\u0259n onun adamlar\u0131 pis idi, amma ideya \u0259vv\u0259ld\u0259 \u00f6z\u00fcn\u00fc yax\u015f\u0131 g\u00f6st\u0259rmi\u015fdi\u201d kimi nostalji \u00fcslubda fikirl\u0259r dola\u015f\u0131rd\u0131. Yaln\u0131z denasifikasiya v\u0259 b\u00fct\u00fcn h\u0259qiq\u0259tl\u0259rin qar\u015f\u0131s\u0131ndan p\u0259rd\u0259l\u0259rin tam g\u00f6t\u00fcr\u00fclm\u0259sind\u0259n sonra ba\u015f ver\u0259nl\u0259rin n\u0259 q\u0259d\u0259r d\u0259h\u015f\u0259tli v\u0259 faci\u0259li oldu\u011fu ham\u0131ya ayd\u0131n oldu. Alman c\u0259miyy\u0259ti yaln\u0131z bundan sonra 1945-ci ilin m\u0259hvedici m\u0259\u011flubiyy\u0259tinin n\u0259tic\u0259l\u0259rini d\u0259f edib yenid\u0259n dir\u00e7\u0259lm\u0259y\u0259 \u00f6z\u00fcnd\u0259 g\u00fcc tapd\u0131. Eyni t\u0259cr\u00fcb\u0259 iki alman d\u00f6vl\u0259tinin birl\u0259\u015fm\u0259sind\u0259n, 1990-c\u0131 ild\u0259n sonra ba\u015f verdi. DDR gizli xidm\u0259ti Stasi agenturasin\u0131n siyah\u0131lar\u0131 \u00e7ap edilib ictimaiyy\u0259t\u0259 b\u0259lli edildi, l\u00fcstrasiya prosesi apar\u0131ld\u0131. Sonrak\u0131 25 illik tarix-n\u0259tic\u0259 ham\u0131ya b\u0259lli v\u0259 g\u00f6z qar\u015f\u0131s\u0131ndad\u0131r. AzTV demi\u015fk\u0259n: \u201cAlmaniya ac\u0131ndan \u00f6l\u00fcr\u201d.\n<\/p>\n<figure class=\"wp-block-image size-large\">\n  <img decoding=\"async\" src=\"https:\/\/www.meydan.tv\/az\/22682\/\" alt=\"\" class=\"wp-image-22682\"\/><figcaption><\/figcaption><\/figure>\n<p>\n  Bu proses \u015e\u0259rqi Avropada v\u0259 Baltik \u00f6lk\u0259l\u0259rind\u0259 apar\u0131lsa da, ba\u015fqa postsovet \u00f6lk\u0259l\u0259rind\u0259 apar\u0131lmad\u0131 v\u0259 bunun x\u00fcsusil\u0259 a\u011f\u0131rl\u0131 n\u0259tic\u0259l\u0259ri bu g\u00fcn \u00f6z\u00fcn\u00fc Rusiyada qabar\u0131q \u015f\u0259kild\u0259 g\u00f6st\u0259rm\u0259kd\u0259dir. Bir zamanlar \u00f6z\u00fcn\u00fc d\u00fcnyan\u0131n \u0259n beyn\u0259lmil\u0259l \u00f6lk\u0259si elan ed\u0259n Rusiyada indi isterik fa\u015fist ritorikas\u0131 faktiki d\u00f6vl\u0259t t\u0259r\u0259find\u0259n d\u0259st\u0259kl\u0259nir. Bu ritorikan\u0131n fonunda he\u00e7 bir \u00f6z\u00fcn\u0259 h\u00f6rm\u0259t qoyan q\u0259rb lideri, qar\u015f\u0131dan g\u0259l\u0259n 9 may q\u0259l\u0259b\u0259sinin 70 illiyin\u0259 Moskvaya g\u0259lm\u0259y\u0259c\u0259kdir. \u018fslind\u0259 is\u0259 II D\u00fcnya M\u00fcharib\u0259sini bir fakt olaraq Hitlerin m\u00fctt\u0259fiqi kimi onunla bir yerd\u0259 ba\u015flayan Sovet \u0130ttifaq\u0131 m\u00fcharib\u0259nin q\u0131z\u0131\u015fd\u0131r\u0131c\u0131lar\u0131ndan biri olmu\u015fdu.\n<\/p>\n<p>\n  Yaln\u0131z sonradan, Hitlerin hiyl\u0259g\u0259rlikd\u0259 Stalini qabaqlay\u0131b, sovetl\u0259r\u0259 h\u00fccumu B\u00f6y\u00fck V\u0259t\u0259n m\u00fcharib\u0259si haqda mifi yaratma\u011f\u0131 z\u0259ruri etdi. \u018fhalinin bu haqda m\u0259lumats\u0131z olmas\u0131 da h\u0259qiq\u0259tl\u0259rin deyilm\u0259m\u0259sinin \u0259lav\u0259 t\u0259sirl\u0259rind\u0259ndir.\n<\/p>\n<p>\n  1992\/93-c\u00fc ill\u0259rd\u0259 m\u00f6vcud olmu\u015f El\u00e7ib\u0259y hakimiyy\u0259tinin u\u011fursuzlu\u011funun b\u00f6y\u00fck s\u0259b\u0259bl\u0259rind\u0259n biri d\u0259 m\u0259hz l\u00fcstrasiya start\u0131n\u0131n verilm\u0259m\u0259si q\u0259tiyy\u0259tsizliyind\u0259 idi.\n<\/p>\n<\/p>\n<p>\n  Bunlar\u0131n alt\u0131nda Yeltsinin Rusiyada l\u00fcstrasiya t\u0259r\u0259fdarlar\u0131na q\u0131m\u0131\u015faraq dediyi: \u201cOnda deyin, m\u0259nd\u0259n ba\u015flayacaqs\u0131z ki!\u201d kimi d\u0259rin eyhamlar yatmaqda idi. Lakin bu m\u0259s\u0259l\u0259nin s\u0131rf ba\u015fqa t\u0259r\u0259fl\u0259ri d\u0259 var, i\u015f oras\u0131ndad\u0131r ki, bir zamanlar Az\u0259rbaycanda m\u00f6vcud olmu\u015f s\u0131sqa dissident fikrind\u0259 sovetl\u0259r v\u0259 kommunizm, individum \u00fcz\u0259rind\u0259 i\u015fg\u0259nc\u0259l\u0259r aparan v\u0259 c\u0259miyy\u0259ti saxta ideallara k\u00f6kl\u0259y\u0259r\u0259k k\u00fctl\u0259y\u0259 \u00e7evir\u0259n totalitar rejim kimi yox, sad\u0259c\u0259 Az\u0259rbaycan\u0131 i\u015f\u011fal etmi\u015f yadellil\u0259rin z\u00fclm\u00fc kimi xarakteriz\u0259 olunurdu. Az\u0259rbaycandak\u0131 \u00e7ox az sayl\u0131 dissidentl\u0259r m\u0259hz mill\u0259t\u00e7il\u0259r idi, bununla b\u0259rab\u0259r 60-c\u0131 ill\u0259r Az\u0259rbaycan \u0259d\u0259biyyat\u0131nda peyda olan b\u0259zi x\u0131rda eyhamlar da fundamental insan azadl\u0131qlar\u0131 anlam\u0131nda yox, m\u0259hz mill\u0259t\u00e7ilik paradiqmas\u0131nda qurulmu\u015fdu. Bu s\u0259s\u0259bl\u0259rd\u0259n l\u00fcstrasiya start\u0131 verilm\u0259di v\u0259 indiy\u0259 kimi h\u0259tta m\u00fcxalif\u0259tf\u0259 bel\u0259 bu haqda birm\u0259nal\u0131 fikir yoxdur.\n<\/p>\n<p>\n  Haz\u0131rda l\u00fcstrasiya prosesi ke\u00e7mi\u015f sovet \u00f6lk\u0259l\u0259rind\u0259n yaln\u0131z G\u00fcrc\u00fcstan v\u0259 Ukraynada ba\u015f verm\u0259kd\u0259dir, sonuncu \u00f6lk\u0259 Rusiyaya m\u00fc\u0259yy\u0259n m\u0259nada alternativ kimi bizim \u00fc\u00e7\u00fcn d\u0259 m\u00fcst\u0259sna xarakter da\u015f\u0131y\u0131r, h\u0259r\u00e7\u0259nd ki, biz l\u00fcstrasiya haqda yaln\u0131z x\u0259yallar\u0131m\u0131zda d\u00fc\u015f\u00fcn\u0259 bil\u0259rik. Ke\u00e7mi\u015f KGB agenturas\u0131 is\u0259 n\u0259inki hakim dair\u0259l\u0259rd\u0259 v\u0259 ictimai sferada, h\u0259tta q\u0259lbl\u0259rd\u0259 bel\u0259 xalq \u015fairl\u0259ri v\u0259 xalq artistl\u0259ri qismind\u0259, \u015firin xatir\u0259l\u0259r i\u00e7ind\u0259 ya\u015famaqdad\u0131r. V\u0259 b\u00fct\u00fcn bunlar l\u00fcstrasiyaya u\u011framay\u0131nca, h\u0259r has\u0131sa m\u00fcsb\u0259t d\u0259yi\u015fiklikl\u0259r\u0259 \u00fcmid etm\u0259yin\u0259 d\u0259ym\u0259z.\n<\/p>\n<p>\n  <b><br \/>\n    Yaz\u0131dak\u0131 fikirl\u0259r m\u00fc\u0259llif\u0259 m\u0259xsusdur v\u0259 onlara g\u00f6r\u0259 Meydan TV m\u0259suliyy\u0259t da\u015f\u0131m\u0131r.<br \/>\n  <\/b><\/p>\n","protected":false},"excerpt":{"rendered":"<p>El\u00e7ib\u0259y hakimiyy\u0259tinin u\u011fursuzlu\u011funun b\u00f6y\u00fck s\u0259b\u0259bl\u0259rind\u0259n biri&#8230;<\/p>\n","protected":false},"author":11,"featured_media":22676,"comment_status":"closed","ping_status":"open","sticky":false,"template":"","format":"standard","meta":{"_acf_changed":false,"_sitemap_exclude":false,"_sitemap_priority":"","_sitemap_frequency":"","footnotes":""},"categories":[57],"tags":[],"class_list":["post-167538","post","type-post","status-publish","format-standard","has-post-thumbnail","hentry","category-menim-fikrimce","infinite-scroll-item","generate-columns","tablet-grid-50","mobile-grid-100","grid-parent","grid-33","no-featured-image-padding"],"acf":[],"yoast_head":"<!-- This site is optimized with the Yoast SEO plugin v27.5 - https:\/\/yoast.com\/product\/yoast-seo-wordpress\/ -->\n<title>L\u00fcstrasiya z\u0259rur\u0259ti - MEYDAN.TV<\/title>\n<meta name=\"robots\" content=\"index, follow, max-snippet:-1, max-image-preview:large, max-video-preview:-1\" \/>\n<link rel=\"canonical\" href=\"https:\/\/www.meydan.tv\/az\/article\/lustrasiya-zerureti\/\" \/>\n<meta property=\"og:locale\" content=\"az_AZ\" \/>\n<meta property=\"og:type\" content=\"article\" \/>\n<meta property=\"og:title\" content=\"L\u00fcstrasiya z\u0259rur\u0259ti - MEYDAN.TV\" \/>\n<meta property=\"og:description\" content=\"El\u00e7ib\u0259y hakimiyy\u0259tinin u\u011fursuzlu\u011funun b\u00f6y\u00fck s\u0259b\u0259bl\u0259rind\u0259n biri...\" \/>\n<meta property=\"og:url\" content=\"https:\/\/www.meydan.tv\/az\/article\/lustrasiya-zerureti\/\" \/>\n<meta property=\"og:site_name\" content=\"MEYDAN.TV\" \/>\n<meta property=\"article:published_time\" content=\"2015-04-13T22:24:49+00:00\" \/>\n<meta property=\"og:image\" content=\"https:\/\/www.meydan.tv\/wp-content\/uploads\/238.png\" \/>\n\t<meta property=\"og:image:width\" content=\"400\" \/>\n\t<meta property=\"og:image:height\" content=\"400\" \/>\n\t<meta property=\"og:image:type\" content=\"image\/png\" \/>\n<meta name=\"author\" content=\"user-manager\" \/>\n<meta name=\"twitter:card\" content=\"summary_large_image\" \/>\n<script type=\"application\/ld+json\" class=\"yoast-schema-graph\">{\"@context\":\"https:\\\/\\\/schema.org\",\"@graph\":[{\"@type\":\"Article\",\"@id\":\"https:\\\/\\\/www.meydan.tv\\\/az\\\/article\\\/lustrasiya-zerureti\\\/#article\",\"isPartOf\":{\"@id\":\"https:\\\/\\\/www.meydan.tv\\\/az\\\/article\\\/lustrasiya-zerureti\\\/\"},\"author\":{\"name\":\"user-manager\",\"@id\":\"https:\\\/\\\/www.meydan.tv\\\/az\\\/#\\\/schema\\\/person\\\/10d11eccf6da3662cf5fdab9806ea91a\"},\"headline\":\"L\u00fcstrasiya z\u0259rur\u0259ti\",\"datePublished\":\"2015-04-13T22:24:49+00:00\",\"mainEntityOfPage\":{\"@id\":\"https:\\\/\\\/www.meydan.tv\\\/az\\\/article\\\/lustrasiya-zerureti\\\/\"},\"wordCount\":1424,\"publisher\":{\"@id\":\"https:\\\/\\\/www.meydan.tv\\\/az\\\/#organization\"},\"image\":{\"@id\":\"https:\\\/\\\/www.meydan.tv\\\/az\\\/article\\\/lustrasiya-zerureti\\\/#primaryimage\"},\"thumbnailUrl\":\"https:\\\/\\\/www.meydan.tv\\\/wp-content\\\/uploads\\\/238.png\",\"articleSection\":[\"M\u0259nim Fikrimc\u0259\"],\"inLanguage\":\"az\"},{\"@type\":\"WebPage\",\"@id\":\"https:\\\/\\\/www.meydan.tv\\\/az\\\/article\\\/lustrasiya-zerureti\\\/\",\"url\":\"https:\\\/\\\/www.meydan.tv\\\/az\\\/article\\\/lustrasiya-zerureti\\\/\",\"name\":\"L\u00fcstrasiya z\u0259rur\u0259ti - MEYDAN.TV\",\"isPartOf\":{\"@id\":\"https:\\\/\\\/www.meydan.tv\\\/az\\\/#website\"},\"primaryImageOfPage\":{\"@id\":\"https:\\\/\\\/www.meydan.tv\\\/az\\\/article\\\/lustrasiya-zerureti\\\/#primaryimage\"},\"image\":{\"@id\":\"https:\\\/\\\/www.meydan.tv\\\/az\\\/article\\\/lustrasiya-zerureti\\\/#primaryimage\"},\"thumbnailUrl\":\"https:\\\/\\\/www.meydan.tv\\\/wp-content\\\/uploads\\\/238.png\",\"datePublished\":\"2015-04-13T22:24:49+00:00\",\"breadcrumb\":{\"@id\":\"https:\\\/\\\/www.meydan.tv\\\/az\\\/article\\\/lustrasiya-zerureti\\\/#breadcrumb\"},\"inLanguage\":\"az\",\"potentialAction\":[{\"@type\":\"ReadAction\",\"target\":[\"https:\\\/\\\/www.meydan.tv\\\/az\\\/article\\\/lustrasiya-zerureti\\\/\"]}]},{\"@type\":\"ImageObject\",\"inLanguage\":\"az\",\"@id\":\"https:\\\/\\\/www.meydan.tv\\\/az\\\/article\\\/lustrasiya-zerureti\\\/#primaryimage\",\"url\":\"https:\\\/\\\/www.meydan.tv\\\/wp-content\\\/uploads\\\/238.png\",\"contentUrl\":\"https:\\\/\\\/www.meydan.tv\\\/wp-content\\\/uploads\\\/238.png\",\"width\":400,\"height\":400,\"caption\":\"Source:\"},{\"@type\":\"BreadcrumbList\",\"@id\":\"https:\\\/\\\/www.meydan.tv\\\/az\\\/article\\\/lustrasiya-zerureti\\\/#breadcrumb\",\"itemListElement\":[{\"@type\":\"ListItem\",\"position\":1,\"name\":\"Ana s\u0259hif\u0259\",\"item\":\"https:\\\/\\\/www.meydan.tv\\\/az\\\/\"},{\"@type\":\"ListItem\",\"position\":2,\"name\":\"M\u0259nim Fikrimc\u0259\",\"item\":\"https:\\\/\\\/www.meydan.tv\\\/az\\\/section\\\/menim-fikrimce\\\/\"},{\"@type\":\"ListItem\",\"position\":3,\"name\":\"L\u00fcstrasiya z\u0259rur\u0259ti\"}]},{\"@type\":\"WebSite\",\"@id\":\"https:\\\/\\\/www.meydan.tv\\\/az\\\/#website\",\"url\":\"https:\\\/\\\/www.meydan.tv\\\/az\\\/\",\"name\":\"MEYDAN.TV\",\"description\":\"Meydan TV Az\u0259rbaycan\u0131n media m\u0259kan\u0131ndak\u0131 alternativ s\u0259sidir\",\"publisher\":{\"@id\":\"https:\\\/\\\/www.meydan.tv\\\/az\\\/#organization\"},\"potentialAction\":[{\"@type\":\"SearchAction\",\"target\":{\"@type\":\"EntryPoint\",\"urlTemplate\":\"https:\\\/\\\/www.meydan.tv\\\/az\\\/?s={search_term_string}\"},\"query-input\":{\"@type\":\"PropertyValueSpecification\",\"valueRequired\":true,\"valueName\":\"search_term_string\"}}],\"inLanguage\":\"az\"},{\"@type\":\"Organization\",\"@id\":\"https:\\\/\\\/www.meydan.tv\\\/az\\\/#organization\",\"name\":\"Meydan TV\",\"url\":\"https:\\\/\\\/www.meydan.tv\\\/az\\\/\",\"logo\":{\"@type\":\"ImageObject\",\"inLanguage\":\"az\",\"@id\":\"https:\\\/\\\/www.meydan.tv\\\/az\\\/#\\\/schema\\\/logo\\\/image\\\/\",\"url\":\"https:\\\/\\\/www.meydan.tv\\\/wp-content\\\/uploads\\\/2021\\\/07\\\/meydan-logo.svg\",\"contentUrl\":\"https:\\\/\\\/www.meydan.tv\\\/wp-content\\\/uploads\\\/2021\\\/07\\\/meydan-logo.svg\",\"width\":195,\"height\":46,\"caption\":\"Meydan TV\"},\"image\":{\"@id\":\"https:\\\/\\\/www.meydan.tv\\\/az\\\/#\\\/schema\\\/logo\\\/image\\\/\"}},{\"@type\":\"Person\",\"@id\":\"https:\\\/\\\/www.meydan.tv\\\/az\\\/#\\\/schema\\\/person\\\/10d11eccf6da3662cf5fdab9806ea91a\",\"name\":\"user-manager\"}]}<\/script>\n<!-- \/ Yoast SEO plugin. -->","yoast_head_json":{"title":"L\u00fcstrasiya z\u0259rur\u0259ti - MEYDAN.TV","robots":{"index":"index","follow":"follow","max-snippet":"max-snippet:-1","max-image-preview":"max-image-preview:large","max-video-preview":"max-video-preview:-1"},"canonical":"https:\/\/www.meydan.tv\/az\/article\/lustrasiya-zerureti\/","og_locale":"az_AZ","og_type":"article","og_title":"L\u00fcstrasiya z\u0259rur\u0259ti - MEYDAN.TV","og_description":"El\u00e7ib\u0259y hakimiyy\u0259tinin u\u011fursuzlu\u011funun b\u00f6y\u00fck s\u0259b\u0259bl\u0259rind\u0259n biri...","og_url":"https:\/\/www.meydan.tv\/az\/article\/lustrasiya-zerureti\/","og_site_name":"MEYDAN.TV","article_published_time":"2015-04-13T22:24:49+00:00","og_image":[{"width":400,"height":400,"url":"https:\/\/www.meydan.tv\/wp-content\/uploads\/238.png","type":"image\/png"}],"author":"user-manager","twitter_card":"summary_large_image","schema":{"@context":"https:\/\/schema.org","@graph":[{"@type":"Article","@id":"https:\/\/www.meydan.tv\/az\/article\/lustrasiya-zerureti\/#article","isPartOf":{"@id":"https:\/\/www.meydan.tv\/az\/article\/lustrasiya-zerureti\/"},"author":{"name":"user-manager","@id":"https:\/\/www.meydan.tv\/az\/#\/schema\/person\/10d11eccf6da3662cf5fdab9806ea91a"},"headline":"L\u00fcstrasiya z\u0259rur\u0259ti","datePublished":"2015-04-13T22:24:49+00:00","mainEntityOfPage":{"@id":"https:\/\/www.meydan.tv\/az\/article\/lustrasiya-zerureti\/"},"wordCount":1424,"publisher":{"@id":"https:\/\/www.meydan.tv\/az\/#organization"},"image":{"@id":"https:\/\/www.meydan.tv\/az\/article\/lustrasiya-zerureti\/#primaryimage"},"thumbnailUrl":"https:\/\/www.meydan.tv\/wp-content\/uploads\/238.png","articleSection":["M\u0259nim Fikrimc\u0259"],"inLanguage":"az"},{"@type":"WebPage","@id":"https:\/\/www.meydan.tv\/az\/article\/lustrasiya-zerureti\/","url":"https:\/\/www.meydan.tv\/az\/article\/lustrasiya-zerureti\/","name":"L\u00fcstrasiya z\u0259rur\u0259ti - MEYDAN.TV","isPartOf":{"@id":"https:\/\/www.meydan.tv\/az\/#website"},"primaryImageOfPage":{"@id":"https:\/\/www.meydan.tv\/az\/article\/lustrasiya-zerureti\/#primaryimage"},"image":{"@id":"https:\/\/www.meydan.tv\/az\/article\/lustrasiya-zerureti\/#primaryimage"},"thumbnailUrl":"https:\/\/www.meydan.tv\/wp-content\/uploads\/238.png","datePublished":"2015-04-13T22:24:49+00:00","breadcrumb":{"@id":"https:\/\/www.meydan.tv\/az\/article\/lustrasiya-zerureti\/#breadcrumb"},"inLanguage":"az","potentialAction":[{"@type":"ReadAction","target":["https:\/\/www.meydan.tv\/az\/article\/lustrasiya-zerureti\/"]}]},{"@type":"ImageObject","inLanguage":"az","@id":"https:\/\/www.meydan.tv\/az\/article\/lustrasiya-zerureti\/#primaryimage","url":"https:\/\/www.meydan.tv\/wp-content\/uploads\/238.png","contentUrl":"https:\/\/www.meydan.tv\/wp-content\/uploads\/238.png","width":400,"height":400,"caption":"Source:"},{"@type":"BreadcrumbList","@id":"https:\/\/www.meydan.tv\/az\/article\/lustrasiya-zerureti\/#breadcrumb","itemListElement":[{"@type":"ListItem","position":1,"name":"Ana s\u0259hif\u0259","item":"https:\/\/www.meydan.tv\/az\/"},{"@type":"ListItem","position":2,"name":"M\u0259nim Fikrimc\u0259","item":"https:\/\/www.meydan.tv\/az\/section\/menim-fikrimce\/"},{"@type":"ListItem","position":3,"name":"L\u00fcstrasiya z\u0259rur\u0259ti"}]},{"@type":"WebSite","@id":"https:\/\/www.meydan.tv\/az\/#website","url":"https:\/\/www.meydan.tv\/az\/","name":"MEYDAN.TV","description":"Meydan TV Az\u0259rbaycan\u0131n media m\u0259kan\u0131ndak\u0131 alternativ s\u0259sidir","publisher":{"@id":"https:\/\/www.meydan.tv\/az\/#organization"},"potentialAction":[{"@type":"SearchAction","target":{"@type":"EntryPoint","urlTemplate":"https:\/\/www.meydan.tv\/az\/?s={search_term_string}"},"query-input":{"@type":"PropertyValueSpecification","valueRequired":true,"valueName":"search_term_string"}}],"inLanguage":"az"},{"@type":"Organization","@id":"https:\/\/www.meydan.tv\/az\/#organization","name":"Meydan TV","url":"https:\/\/www.meydan.tv\/az\/","logo":{"@type":"ImageObject","inLanguage":"az","@id":"https:\/\/www.meydan.tv\/az\/#\/schema\/logo\/image\/","url":"https:\/\/www.meydan.tv\/wp-content\/uploads\/2021\/07\/meydan-logo.svg","contentUrl":"https:\/\/www.meydan.tv\/wp-content\/uploads\/2021\/07\/meydan-logo.svg","width":195,"height":46,"caption":"Meydan TV"},"image":{"@id":"https:\/\/www.meydan.tv\/az\/#\/schema\/logo\/image\/"}},{"@type":"Person","@id":"https:\/\/www.meydan.tv\/az\/#\/schema\/person\/10d11eccf6da3662cf5fdab9806ea91a","name":"user-manager"}]}},"_links":{"self":[{"href":"https:\/\/www.meydan.tv\/az\/wp-json\/wp\/v2\/posts\/167538","targetHints":{"allow":["GET"]}}],"collection":[{"href":"https:\/\/www.meydan.tv\/az\/wp-json\/wp\/v2\/posts"}],"about":[{"href":"https:\/\/www.meydan.tv\/az\/wp-json\/wp\/v2\/types\/post"}],"author":[{"embeddable":true,"href":"https:\/\/www.meydan.tv\/az\/wp-json\/wp\/v2\/users\/11"}],"replies":[{"embeddable":true,"href":"https:\/\/www.meydan.tv\/az\/wp-json\/wp\/v2\/comments?post=167538"}],"version-history":[{"count":0,"href":"https:\/\/www.meydan.tv\/az\/wp-json\/wp\/v2\/posts\/167538\/revisions"}],"wp:featuredmedia":[{"embeddable":true,"href":"https:\/\/www.meydan.tv\/az\/wp-json\/wp\/v2\/media\/22676"}],"wp:attachment":[{"href":"https:\/\/www.meydan.tv\/az\/wp-json\/wp\/v2\/media?parent=167538"}],"wp:term":[{"taxonomy":"category","embeddable":true,"href":"https:\/\/www.meydan.tv\/az\/wp-json\/wp\/v2\/categories?post=167538"},{"taxonomy":"post_tag","embeddable":true,"href":"https:\/\/www.meydan.tv\/az\/wp-json\/wp\/v2\/tags?post=167538"}],"curies":[{"name":"wp","href":"https:\/\/api.w.org\/{rel}","templated":true}]}}