{"id":167534,"date":"2015-04-13T19:26:47","date_gmt":"2015-04-13T19:26:47","guid":{"rendered":"https:\/\/www.meydan.tv\/article\/2-ayda-iki-min-aile-dagilib\/"},"modified":"2015-04-13T19:26:47","modified_gmt":"2015-04-13T19:26:47","slug":"2-ayda-iki-min-aile-dagilib","status":"publish","type":"post","link":"https:\/\/www.meydan.tv\/az\/article\/2-ayda-iki-min-aile-dagilib\/","title":{"rendered":"2 ayda iki min ail\u0259 da\u011f\u0131l\u0131b"},"content":{"rendered":"<figure class=\"wp-block-image size-large\">\n  <img decoding=\"async\" src=\"https:\/\/www.meydan.tv\/az\/22658\/\" alt=\"\" class=\"wp-image-22658\"\/><figcaption><\/figcaption><\/figure>\n<figure class=\"wp-block-image size-large\">\n  <img decoding=\"async\" src=\"https:\/\/www.meydan.tv\/az\/22658\/\" alt=\"\" class=\"wp-image-22658\"\/><figcaption><\/figcaption><\/figure>\n<p>\n  Bu ilin yanvar-fevral aylar\u0131 \u0259rzind\u0259 r\u0259smi orqanlar t\u0259r\u0259find\u0259n Az\u0259rbaycanda 11,1 min nikah v\u0259 2,1 min bo\u015fanma hallar\u0131 qeyd\u0259 al\u0131n\u0131b.\n<\/p>\n<p><div><\/div>\n<\/p>\n<p><div>\n    \u201cAPA-Economics\u201din D\u00f6vl\u0259t Statistika Komit\u0259sin\u0259 istinad\u0259n verdiyi m\u0259lumata g\u00f6r\u0259, \u0259halinin h\u0259r 1 000 n\u0259f\u0259rin\u0259 hesab\u0131 il\u0259 nikahlar\u0131n say\u0131 7,2, bo\u015fanmalar\u0131n say\u0131 is\u0259 1,4 t\u0259\u015fkil edib.\n  <\/div>\n<\/p>\n<p><div><\/div>\n<\/p>\n<p><div>\n    Bu ilin yanvar-fevral aylar\u0131 \u0259rzind\u0259 Daxili \u0130\u015fl\u0259r Nazirliyi v\u0259 D\u00f6vl\u0259t Miqrasiya Xidm\u0259tinin m\u00fcvafiq qurumlar\u0131 t\u0259r\u0259find\u0259n Az\u0259rbaycana daimi ya\u015famaq \u00fc\u00e7\u00fcn 227 n\u0259f\u0259r g\u0259l\u0259n v\u0259 119 n\u0259f\u0259r \u00f6lk\u0259d\u0259n ged\u0259n qeyd\u0259 al\u0131n\u0131b.\n  <\/div><\/p>\n","protected":false},"excerpt":{"rendered":"<p>Bu ilin yanvar-fevral aylar\u0131 \u0259rzind\u0259 r\u0259smi orqanlar t\u0259r\u0259find\u0259n Az\u0259rbaycanda 11,1 &#8230; <\/p>\n<p class=\"read-more-container\"><a title=\"2 ayda iki min ail\u0259 da\u011f\u0131l\u0131b\" class=\"read-more button\" href=\"https:\/\/www.meydan.tv\/az\/article\/2-ayda-iki-min-aile-dagilib\/#more-167534\" aria-label=\"Read more about 2 ayda iki min ail\u0259 da\u011f\u0131l\u0131b\">Davam\u0131<\/a><\/p>\n","protected":false},"author":11,"featured_media":22658,"comment_status":"closed","ping_status":"open","sticky":false,"template":"","format":"standard","meta":{"_acf_changed":false,"_sitemap_exclude":false,"_sitemap_priority":"","_sitemap_frequency":"","footnotes":""},"categories":[56],"tags":[],"class_list":["post-167534","post","type-post","status-publish","format-standard","has-post-thumbnail","hentry","category-xeberler","infinite-scroll-item","generate-columns","tablet-grid-50","mobile-grid-100","grid-parent","grid-33","no-featured-image-padding"],"acf":[],"yoast_head":"<!-- This site is optimized with the Yoast SEO plugin v28.4 - https:\/\/yoast.com\/product\/yoast-seo-wordpress\/ -->\n<title>2 ayda iki min ail\u0259 da\u011f\u0131l\u0131b - MEYDAN.TV<\/title>\n<meta name=\"robots\" content=\"index, follow, max-snippet:-1, max-image-preview:large, max-video-preview:-1\" \/>\n<link rel=\"canonical\" href=\"https:\/\/www.meydan.tv\/az\/article\/2-ayda-iki-min-aile-dagilib\/\" \/>\n<meta property=\"og:locale\" content=\"az_AZ\" \/>\n<meta property=\"og:type\" content=\"article\" \/>\n<meta property=\"og:title\" content=\"2 ayda iki min ail\u0259 da\u011f\u0131l\u0131b - MEYDAN.TV\" \/>\n<meta property=\"og:description\" content=\"Bu ilin yanvar-fevral aylar\u0131 \u0259rzind\u0259 r\u0259smi orqanlar t\u0259r\u0259find\u0259n Az\u0259rbaycanda 11,1 ... Davam\u0131\" \/>\n<meta property=\"og:url\" content=\"https:\/\/www.meydan.tv\/az\/article\/2-ayda-iki-min-aile-dagilib\/\" \/>\n<meta property=\"og:site_name\" content=\"MEYDAN.TV\" \/>\n<meta property=\"article:published_time\" content=\"2015-04-13T19:26:47+00:00\" \/>\n<meta property=\"og:image\" content=\"https:\/\/www.meydan.tv\/wp-content\/uploads\/8228.jpg\" \/>\n\t<meta property=\"og:image:width\" content=\"300\" \/>\n\t<meta property=\"og:image:height\" content=\"285\" \/>\n\t<meta property=\"og:image:type\" content=\"image\/jpeg\" \/>\n<meta name=\"twitter:card\" content=\"summary_large_image\" \/>\n<!-- \/ Yoast SEO plugin. -->","yoast_head_json":{"title":"2 ayda iki min ail\u0259 da\u011f\u0131l\u0131b - MEYDAN.TV","robots":{"index":"index","follow":"follow","max-snippet":"max-snippet:-1","max-image-preview":"max-image-preview:large","max-video-preview":"max-video-preview:-1"},"canonical":"https:\/\/www.meydan.tv\/az\/article\/2-ayda-iki-min-aile-dagilib\/","og_locale":"az_AZ","og_type":"article","og_title":"2 ayda iki min ail\u0259 da\u011f\u0131l\u0131b - MEYDAN.TV","og_description":"Bu ilin yanvar-fevral aylar\u0131 \u0259rzind\u0259 r\u0259smi orqanlar t\u0259r\u0259find\u0259n Az\u0259rbaycanda 11,1 ... Davam\u0131","og_url":"https:\/\/www.meydan.tv\/az\/article\/2-ayda-iki-min-aile-dagilib\/","og_site_name":"MEYDAN.TV","article_published_time":"2015-04-13T19:26:47+00:00","og_image":[{"width":300,"height":285,"url":"https:\/\/www.meydan.tv\/wp-content\/uploads\/8228.jpg","type":"image\/jpeg"}],"twitter_card":"summary_large_image","schema":{"@context":"https:\/\/schema.org","@graph":[{"@type":"Article","@id":"https:\/\/www.meydan.tv\/az\/article\/2-ayda-iki-min-aile-dagilib\/#article","isPartOf":{"@id":"https:\/\/www.meydan.tv\/az\/article\/2-ayda-iki-min-aile-dagilib\/"},"author":{"name":"user-manager","@id":"https:\/\/www.meydan.tv\/az\/#\/schema\/person\/10d11eccf6da3662cf5fdab9806ea91a"},"headline":"2 ayda iki min ail\u0259 da\u011f\u0131l\u0131b","datePublished":"2015-04-13T19:26:47+00:00","mainEntityOfPage":{"@id":"https:\/\/www.meydan.tv\/az\/article\/2-ayda-iki-min-aile-dagilib\/"},"wordCount":114,"publisher":{"@id":"https:\/\/www.meydan.tv\/az\/#organization"},"image":{"@id":"https:\/\/www.meydan.tv\/az\/article\/2-ayda-iki-min-aile-dagilib\/#primaryimage"},"thumbnailUrl":"https:\/\/www.meydan.tv\/wp-content\/uploads\/8228.jpg","articleSection":["X\u0259b\u0259rl\u0259r"],"inLanguage":"az"},{"@type":"WebPage","@id":"https:\/\/www.meydan.tv\/az\/article\/2-ayda-iki-min-aile-dagilib\/","url":"https:\/\/www.meydan.tv\/az\/article\/2-ayda-iki-min-aile-dagilib\/","name":"2 ayda iki min ail\u0259 da\u011f\u0131l\u0131b - MEYDAN.TV","isPartOf":{"@id":"https:\/\/www.meydan.tv\/az\/#website"},"primaryImageOfPage":{"@id":"https:\/\/www.meydan.tv\/az\/article\/2-ayda-iki-min-aile-dagilib\/#primaryimage"},"image":{"@id":"https:\/\/www.meydan.tv\/az\/article\/2-ayda-iki-min-aile-dagilib\/#primaryimage"},"thumbnailUrl":"https:\/\/www.meydan.tv\/wp-content\/uploads\/8228.jpg","datePublished":"2015-04-13T19:26:47+00:00","breadcrumb":{"@id":"https:\/\/www.meydan.tv\/az\/article\/2-ayda-iki-min-aile-dagilib\/#breadcrumb"},"inLanguage":"az","potentialAction":[{"@type":"ReadAction","target":["https:\/\/www.meydan.tv\/az\/article\/2-ayda-iki-min-aile-dagilib\/"]}]},{"@type":"ImageObject","inLanguage":"az","@id":"https:\/\/www.meydan.tv\/az\/article\/2-ayda-iki-min-aile-dagilib\/#primaryimage","url":"https:\/\/www.meydan.tv\/wp-content\/uploads\/8228.jpg","contentUrl":"https:\/\/www.meydan.tv\/wp-content\/uploads\/8228.jpg","width":300,"height":285,"caption":"Source:"},{"@type":"BreadcrumbList","@id":"https:\/\/www.meydan.tv\/az\/article\/2-ayda-iki-min-aile-dagilib\/#breadcrumb","itemListElement":[{"@type":"ListItem","position":1,"name":"Ana s\u0259hif\u0259","item":"https:\/\/www.meydan.tv\/az\/"},{"@type":"ListItem","position":2,"name":"X\u0259b\u0259rl\u0259r","item":"https:\/\/www.meydan.tv\/az\/section\/xeberler\/"},{"@type":"ListItem","position":3,"name":"2 ayda iki min ail\u0259 da\u011f\u0131l\u0131b"}]},{"@type":"WebSite","@id":"https:\/\/www.meydan.tv\/az\/#website","url":"https:\/\/www.meydan.tv\/az\/","name":"MEYDAN.TV","description":"Meydan TV Az\u0259rbaycan\u0131n media m\u0259kan\u0131ndak\u0131 alternativ s\u0259sidir","publisher":{"@id":"https:\/\/www.meydan.tv\/az\/#organization"},"potentialAction":[{"@type":"SearchAction","target":{"@type":"EntryPoint","urlTemplate":"https:\/\/www.meydan.tv\/az\/?s={search_term_string}"},"query-input":{"@type":"PropertyValueSpecification","valueRequired":true,"valueName":"search_term_string"}}],"inLanguage":"az"},{"@type":"Organization","@id":"https:\/\/www.meydan.tv\/az\/#organization","name":"Meydan TV","url":"https:\/\/www.meydan.tv\/az\/","logo":{"@type":"ImageObject","inLanguage":"az","@id":"https:\/\/www.meydan.tv\/az\/#\/schema\/logo\/image\/","url":"https:\/\/www.meydan.tv\/wp-content\/uploads\/2021\/07\/meydan-logo.svg","contentUrl":"https:\/\/www.meydan.tv\/wp-content\/uploads\/2021\/07\/meydan-logo.svg","width":195,"height":46,"caption":"Meydan TV"},"image":{"@id":"https:\/\/www.meydan.tv\/az\/#\/schema\/logo\/image\/"}},{"@type":"Person","@id":"https:\/\/www.meydan.tv\/az\/#\/schema\/person\/10d11eccf6da3662cf5fdab9806ea91a","name":"user-manager"}]}},"_links":{"self":[{"href":"https:\/\/www.meydan.tv\/az\/wp-json\/wp\/v2\/posts\/167534","targetHints":{"allow":["GET"]}}],"collection":[{"href":"https:\/\/www.meydan.tv\/az\/wp-json\/wp\/v2\/posts"}],"about":[{"href":"https:\/\/www.meydan.tv\/az\/wp-json\/wp\/v2\/types\/post"}],"author":[{"embeddable":true,"href":"https:\/\/www.meydan.tv\/az\/wp-json\/wp\/v2\/users\/11"}],"replies":[{"embeddable":true,"href":"https:\/\/www.meydan.tv\/az\/wp-json\/wp\/v2\/comments?post=167534"}],"version-history":[{"count":0,"href":"https:\/\/www.meydan.tv\/az\/wp-json\/wp\/v2\/posts\/167534\/revisions"}],"wp:featuredmedia":[{"embeddable":true,"href":"https:\/\/www.meydan.tv\/az\/wp-json\/wp\/v2\/media\/22658"}],"wp:attachment":[{"href":"https:\/\/www.meydan.tv\/az\/wp-json\/wp\/v2\/media?parent=167534"}],"wp:term":[{"taxonomy":"category","embeddable":true,"href":"https:\/\/www.meydan.tv\/az\/wp-json\/wp\/v2\/categories?post=167534"},{"taxonomy":"post_tag","embeddable":true,"href":"https:\/\/www.meydan.tv\/az\/wp-json\/wp\/v2\/tags?post=167534"}],"curies":[{"name":"wp","href":"https:\/\/api.w.org\/{rel}","templated":true}]}}