{"id":167533,"date":"2015-04-13T18:45:05","date_gmt":"2015-04-13T18:45:05","guid":{"rendered":"https:\/\/www.meydan.tv\/article\/zererceken-mehkeme-qerarini-edaletsiz-sayir\/"},"modified":"2015-04-13T18:45:05","modified_gmt":"2015-04-13T18:45:05","slug":"zererceken-mehkeme-qerarini-edaletsiz-sayir","status":"publish","type":"post","link":"https:\/\/www.meydan.tv\/az\/article\/zererceken-mehkeme-qerarini-edaletsiz-sayir\/","title":{"rendered":"&#8220;Z\u0259r\u0259r\u00e7\u0259k\u0259n&#8221; m\u0259hk\u0259m\u0259 q\u0259rar\u0131n\u0131 \u0259dal\u0259tsiz say\u0131r"},"content":{"rendered":"<figure class=\"wp-block-image size-large\">\n  <img decoding=\"async\" src=\"https:\/\/www.meydan.tv\/az\/22664\/\" alt=\"\" class=\"wp-image-22664\"\/><figcaption><\/figcaption><\/figure>\n<figure class=\"wp-block-image size-large\">\n  <img decoding=\"async\" src=\"https:\/\/www.meydan.tv\/az\/22664\/\" alt=\"\" class=\"wp-image-22664\"\/><figcaption><\/figcaption><\/figure>\n<p><div>\n    <i><br \/>\n      C\u0259mil H\u0259s\u0259nlinin q\u0131z\u0131n\u0131n m\u0259hk\u0259m\u0259 prosesi ke\u00e7irilib<br \/>\n    <\/i>\n  <\/div>\n<\/p>\n<p>\n  Aprelin 13-d\u0259 Bak\u0131 Apellyasiya M\u0259hk\u0259m\u0259sind\u0259 hakim \u018fflatun Qas\u0131movun s\u0259drliyi il\u0259 Milli \u015euran\u0131n s\u0259dri, professor C\u0259mil H\u0259s\u0259nlinin q\u0131z\u0131 G\u00fcnel H\u0259s\u0259nlinin apellyasiya \u015fikay\u0259tin\u0259 bax\u0131l\u0131b. Prosesd\u0259 z\u0259r\u0259r\u00e7\u0259k\u0259n qismind\u0259 Adil\u0259 S\u0259limova da i\u015ftirak edib.\n<\/p>\n<p>\n  Meydan TV-in islas\u0131 izl\u0259y\u0259n \u0259m\u0259kda\u015f\u0131 bildirib ki, v\u0259kill\u0259r Adil \u0130smay\u0131lov v\u0259 F\u0259xr\u0259ddin Mehdiyev yenid\u0259n tibbi ekspertiza v\u0259 m\u0259hk\u0259m\u0259 istintaq\u0131 t\u0259yin olunmas\u0131 bar\u0259d\u0259 v\u0259sat\u0259t qald\u0131rsalar da, r\u0259dd olunub.\n<\/p>\n<p>\n  Adil\u0259 S\u0259limova Meydan TV-in \u0259m\u0259kda\u015f\u0131na bildirib ki, o, h\u00f6km\u00fc \u0259dal\u0259tsiz hesab etdiyi \u00fc\u00e7\u00fcn apellyasiya \u015fikay\u0259ti verib: &#8220;M\u0259n ya\u015fl\u0131 qad\u0131nam, he\u00e7 bir \u015fikay\u0259tim yoxdur. Bir balaca \u0259zilmi\u015fdim, h\u0259min g\u00fcn\u00fc h\u0259kim\u0259 apar\u0131blar. Aya\u011f\u0131mdak\u0131 o biri x\u0259sar\u0259t 2008-ci ild\u0259 y\u0131x\u0131lm\u0131\u015fam, o vaxtdan qal\u0131b&#8221;.\n<\/p>\n<p>\n  AXCP s\u0259dri \u018fli K\u0259rimli d\u0259 m\u0259hk\u0259m\u0259 prosesinin sifari\u015fli oldu\u011funu v\u0259 C\u0259mil H\u0259s\u0259nlini q\u0131z\u0131n\u0131n vasit\u0259sil\u0259 c\u0259zaland\u0131r\u0131ld\u0131\u011f\u0131n\u0131 deyib.\n<\/p>\n<p>\n  N\u00f6vb\u0259ti aprelin 24-n\u0259 t\u0259yin olunub.<\/p>\n","protected":false},"excerpt":{"rendered":"<p>C\u0259mil H\u0259s\u0259nlinin q\u0131z\u0131n\u0131n m\u0259hk\u0259m\u0259 prosesi ke\u00e7irilib<\/p>\n","protected":false},"author":11,"featured_media":22664,"comment_status":"closed","ping_status":"open","sticky":false,"template":"","format":"standard","meta":{"_acf_changed":false,"_sitemap_exclude":false,"_sitemap_priority":"","_sitemap_frequency":"","footnotes":""},"categories":[56],"tags":[],"class_list":["post-167533","post","type-post","status-publish","format-standard","has-post-thumbnail","hentry","category-xeberler","infinite-scroll-item","generate-columns","tablet-grid-50","mobile-grid-100","grid-parent","grid-33","no-featured-image-padding"],"acf":[],"yoast_head":"<!-- This site is optimized with the Yoast SEO plugin v28.4 - https:\/\/yoast.com\/product\/yoast-seo-wordpress\/ -->\n<title>&quot;Z\u0259r\u0259r\u00e7\u0259k\u0259n&quot; m\u0259hk\u0259m\u0259 q\u0259rar\u0131n\u0131 \u0259dal\u0259tsiz say\u0131r - MEYDAN.TV<\/title>\n<meta name=\"robots\" content=\"index, follow, max-snippet:-1, max-image-preview:large, max-video-preview:-1\" \/>\n<link rel=\"canonical\" href=\"https:\/\/www.meydan.tv\/az\/article\/zererceken-mehkeme-qerarini-edaletsiz-sayir\/\" \/>\n<meta property=\"og:locale\" content=\"az_AZ\" \/>\n<meta property=\"og:type\" content=\"article\" \/>\n<meta property=\"og:title\" content=\"&quot;Z\u0259r\u0259r\u00e7\u0259k\u0259n&quot; m\u0259hk\u0259m\u0259 q\u0259rar\u0131n\u0131 \u0259dal\u0259tsiz say\u0131r - MEYDAN.TV\" \/>\n<meta property=\"og:description\" content=\"C\u0259mil H\u0259s\u0259nlinin q\u0131z\u0131n\u0131n m\u0259hk\u0259m\u0259 prosesi ke\u00e7irilib\" \/>\n<meta property=\"og:url\" content=\"https:\/\/www.meydan.tv\/az\/article\/zererceken-mehkeme-qerarini-edaletsiz-sayir\/\" \/>\n<meta property=\"og:site_name\" content=\"MEYDAN.TV\" \/>\n<meta property=\"article:published_time\" content=\"2015-04-13T18:45:05+00:00\" \/>\n<meta property=\"og:image\" content=\"https:\/\/www.meydan.tv\/wp-content\/uploads\/8227.jpg\" \/>\n\t<meta property=\"og:image:width\" content=\"459\" \/>\n\t<meta property=\"og:image:height\" content=\"300\" \/>\n\t<meta property=\"og:image:type\" content=\"image\/jpeg\" \/>\n<meta name=\"twitter:card\" content=\"summary_large_image\" \/>\n<!-- \/ Yoast SEO plugin. -->","yoast_head_json":{"title":"\"Z\u0259r\u0259r\u00e7\u0259k\u0259n\" m\u0259hk\u0259m\u0259 q\u0259rar\u0131n\u0131 \u0259dal\u0259tsiz say\u0131r - MEYDAN.TV","robots":{"index":"index","follow":"follow","max-snippet":"max-snippet:-1","max-image-preview":"max-image-preview:large","max-video-preview":"max-video-preview:-1"},"canonical":"https:\/\/www.meydan.tv\/az\/article\/zererceken-mehkeme-qerarini-edaletsiz-sayir\/","og_locale":"az_AZ","og_type":"article","og_title":"\"Z\u0259r\u0259r\u00e7\u0259k\u0259n\" m\u0259hk\u0259m\u0259 q\u0259rar\u0131n\u0131 \u0259dal\u0259tsiz say\u0131r - MEYDAN.TV","og_description":"C\u0259mil H\u0259s\u0259nlinin q\u0131z\u0131n\u0131n m\u0259hk\u0259m\u0259 prosesi ke\u00e7irilib","og_url":"https:\/\/www.meydan.tv\/az\/article\/zererceken-mehkeme-qerarini-edaletsiz-sayir\/","og_site_name":"MEYDAN.TV","article_published_time":"2015-04-13T18:45:05+00:00","og_image":[{"width":459,"height":300,"url":"https:\/\/www.meydan.tv\/wp-content\/uploads\/8227.jpg","type":"image\/jpeg"}],"twitter_card":"summary_large_image","schema":{"@context":"https:\/\/schema.org","@graph":[{"@type":"Article","@id":"https:\/\/www.meydan.tv\/az\/article\/zererceken-mehkeme-qerarini-edaletsiz-sayir\/#article","isPartOf":{"@id":"https:\/\/www.meydan.tv\/az\/article\/zererceken-mehkeme-qerarini-edaletsiz-sayir\/"},"author":{"name":"user-manager","@id":"https:\/\/www.meydan.tv\/az\/#\/schema\/person\/10d11eccf6da3662cf5fdab9806ea91a"},"headline":"&#8220;Z\u0259r\u0259r\u00e7\u0259k\u0259n&#8221; m\u0259hk\u0259m\u0259 q\u0259rar\u0131n\u0131 \u0259dal\u0259tsiz say\u0131r","datePublished":"2015-04-13T18:45:05+00:00","mainEntityOfPage":{"@id":"https:\/\/www.meydan.tv\/az\/article\/zererceken-mehkeme-qerarini-edaletsiz-sayir\/"},"wordCount":230,"publisher":{"@id":"https:\/\/www.meydan.tv\/az\/#organization"},"image":{"@id":"https:\/\/www.meydan.tv\/az\/article\/zererceken-mehkeme-qerarini-edaletsiz-sayir\/#primaryimage"},"thumbnailUrl":"https:\/\/www.meydan.tv\/wp-content\/uploads\/8227.jpg","articleSection":["X\u0259b\u0259rl\u0259r"],"inLanguage":"az"},{"@type":"WebPage","@id":"https:\/\/www.meydan.tv\/az\/article\/zererceken-mehkeme-qerarini-edaletsiz-sayir\/","url":"https:\/\/www.meydan.tv\/az\/article\/zererceken-mehkeme-qerarini-edaletsiz-sayir\/","name":"\"Z\u0259r\u0259r\u00e7\u0259k\u0259n\" m\u0259hk\u0259m\u0259 q\u0259rar\u0131n\u0131 \u0259dal\u0259tsiz say\u0131r - MEYDAN.TV","isPartOf":{"@id":"https:\/\/www.meydan.tv\/az\/#website"},"primaryImageOfPage":{"@id":"https:\/\/www.meydan.tv\/az\/article\/zererceken-mehkeme-qerarini-edaletsiz-sayir\/#primaryimage"},"image":{"@id":"https:\/\/www.meydan.tv\/az\/article\/zererceken-mehkeme-qerarini-edaletsiz-sayir\/#primaryimage"},"thumbnailUrl":"https:\/\/www.meydan.tv\/wp-content\/uploads\/8227.jpg","datePublished":"2015-04-13T18:45:05+00:00","breadcrumb":{"@id":"https:\/\/www.meydan.tv\/az\/article\/zererceken-mehkeme-qerarini-edaletsiz-sayir\/#breadcrumb"},"inLanguage":"az","potentialAction":[{"@type":"ReadAction","target":["https:\/\/www.meydan.tv\/az\/article\/zererceken-mehkeme-qerarini-edaletsiz-sayir\/"]}]},{"@type":"ImageObject","inLanguage":"az","@id":"https:\/\/www.meydan.tv\/az\/article\/zererceken-mehkeme-qerarini-edaletsiz-sayir\/#primaryimage","url":"https:\/\/www.meydan.tv\/wp-content\/uploads\/8227.jpg","contentUrl":"https:\/\/www.meydan.tv\/wp-content\/uploads\/8227.jpg","width":459,"height":300,"caption":"Source:"},{"@type":"BreadcrumbList","@id":"https:\/\/www.meydan.tv\/az\/article\/zererceken-mehkeme-qerarini-edaletsiz-sayir\/#breadcrumb","itemListElement":[{"@type":"ListItem","position":1,"name":"Ana s\u0259hif\u0259","item":"https:\/\/www.meydan.tv\/az\/"},{"@type":"ListItem","position":2,"name":"X\u0259b\u0259rl\u0259r","item":"https:\/\/www.meydan.tv\/az\/section\/xeberler\/"},{"@type":"ListItem","position":3,"name":"&#8220;Z\u0259r\u0259r\u00e7\u0259k\u0259n&#8221; m\u0259hk\u0259m\u0259 q\u0259rar\u0131n\u0131 \u0259dal\u0259tsiz say\u0131r"}]},{"@type":"WebSite","@id":"https:\/\/www.meydan.tv\/az\/#website","url":"https:\/\/www.meydan.tv\/az\/","name":"MEYDAN.TV","description":"Meydan TV Az\u0259rbaycan\u0131n media m\u0259kan\u0131ndak\u0131 alternativ s\u0259sidir","publisher":{"@id":"https:\/\/www.meydan.tv\/az\/#organization"},"potentialAction":[{"@type":"SearchAction","target":{"@type":"EntryPoint","urlTemplate":"https:\/\/www.meydan.tv\/az\/?s={search_term_string}"},"query-input":{"@type":"PropertyValueSpecification","valueRequired":true,"valueName":"search_term_string"}}],"inLanguage":"az"},{"@type":"Organization","@id":"https:\/\/www.meydan.tv\/az\/#organization","name":"Meydan TV","url":"https:\/\/www.meydan.tv\/az\/","logo":{"@type":"ImageObject","inLanguage":"az","@id":"https:\/\/www.meydan.tv\/az\/#\/schema\/logo\/image\/","url":"https:\/\/www.meydan.tv\/wp-content\/uploads\/2021\/07\/meydan-logo.svg","contentUrl":"https:\/\/www.meydan.tv\/wp-content\/uploads\/2021\/07\/meydan-logo.svg","width":195,"height":46,"caption":"Meydan TV"},"image":{"@id":"https:\/\/www.meydan.tv\/az\/#\/schema\/logo\/image\/"}},{"@type":"Person","@id":"https:\/\/www.meydan.tv\/az\/#\/schema\/person\/10d11eccf6da3662cf5fdab9806ea91a","name":"user-manager"}]}},"_links":{"self":[{"href":"https:\/\/www.meydan.tv\/az\/wp-json\/wp\/v2\/posts\/167533","targetHints":{"allow":["GET"]}}],"collection":[{"href":"https:\/\/www.meydan.tv\/az\/wp-json\/wp\/v2\/posts"}],"about":[{"href":"https:\/\/www.meydan.tv\/az\/wp-json\/wp\/v2\/types\/post"}],"author":[{"embeddable":true,"href":"https:\/\/www.meydan.tv\/az\/wp-json\/wp\/v2\/users\/11"}],"replies":[{"embeddable":true,"href":"https:\/\/www.meydan.tv\/az\/wp-json\/wp\/v2\/comments?post=167533"}],"version-history":[{"count":0,"href":"https:\/\/www.meydan.tv\/az\/wp-json\/wp\/v2\/posts\/167533\/revisions"}],"wp:featuredmedia":[{"embeddable":true,"href":"https:\/\/www.meydan.tv\/az\/wp-json\/wp\/v2\/media\/22664"}],"wp:attachment":[{"href":"https:\/\/www.meydan.tv\/az\/wp-json\/wp\/v2\/media?parent=167533"}],"wp:term":[{"taxonomy":"category","embeddable":true,"href":"https:\/\/www.meydan.tv\/az\/wp-json\/wp\/v2\/categories?post=167533"},{"taxonomy":"post_tag","embeddable":true,"href":"https:\/\/www.meydan.tv\/az\/wp-json\/wp\/v2\/tags?post=167533"}],"curies":[{"name":"wp","href":"https:\/\/api.w.org\/{rel}","templated":true}]}}