{"id":167531,"date":"2015-04-13T17:37:20","date_gmt":"2015-04-13T17:37:20","guid":{"rendered":"https:\/\/www.meydan.tv\/article\/ugurlu-iqtisadiyyata-geden-yol-tehlil\/"},"modified":"2015-04-13T17:37:20","modified_gmt":"2015-04-13T17:37:20","slug":"ugurlu-iqtisadiyyata-geden-yol-tehlil","status":"publish","type":"post","link":"https:\/\/www.meydan.tv\/az\/article\/ugurlu-iqtisadiyyata-geden-yol-tehlil\/","title":{"rendered":"\u201cU\u011furlu\u201d iqtisadiyyata ged\u0259n yol \u2013 T\u0259hlil"},"content":{"rendered":"<figure class=\"wp-block-image size-large\">\n  <img decoding=\"async\" src=\"https:\/\/www.meydan.tv\/az\/22655\/\" alt=\"\" class=\"wp-image-22655\"\/><figcaption><\/figcaption><\/figure>\n<figure class=\"wp-block-image size-large\">\n  <img decoding=\"async\" src=\"https:\/\/www.meydan.tv\/az\/22655\/\" alt=\"\" class=\"wp-image-22655\"\/><figcaption><\/figcaption><\/figure>\n<p>\n  <i><br \/>\n    \u201cPrezidentin \u00a0\u201cm\u00fcasirl\u0259\u015fm\u0259\u201d s\u00f6z\u00fcn\u00fcn d\u0259f\u0259l\u0259rl\u0259 istifad\u0259si onun art\u0131q Az\u0259rbaycan\u0131n m\u00fcasirl\u0259\u015fm\u0259si \u00fczr\u0259 Avropa proqram\u0131 il\u0259 raz\u0131la\u015fd\u0131\u011f\u0131n\u0131 g\u00f6st\u0259rir\u201d<br \/>\n  <\/i>\n<\/p>\n<p>\n  D\u00f6vl\u0259tin inhisar\u00e7\u0131 m\u00fcdaxil\u0259si v\u0259 Az\u0259rbaycan\u0131n iqtisadi, ictimai v\u0259 siyasi h\u0259yat\u0131n\u0131n manipulyasiyas\u0131 kursu davam etm\u0259kd\u0259dir. Az\u0259rbaycan prezidenti \u0130lham \u018fliyevin h\u00f6kum\u0259tin aprelin 10-da ke\u00e7iril\u0259n m\u00fc\u015favir\u0259sind\u0259ki \u00e7\u0131x\u0131\u015f\u0131 \u0259sas\u0131nda bel\u0259 bir n\u0259tic\u0259y\u0259 g\u0259lm\u0259k olar.\n<\/p>\n<p>\n  \u0130clasdak\u0131 \u00e7\u0131x\u0131\u015f prezident t\u0259r\u0259find\u0259n u\u011furlu olaraq s\u0259ciyy\u0259l\u0259ndiril\u0259n 2015-ci ilin birinci r\u00fcb\u00fcn\u00fcn yekunlar\u0131 \u00fcz\u0259rind\u0259 qurulsa da, vaxt \u00e7\u0259r\u00e7iv\u0259sini a\u015faraq, 2014-c\u00fc ilin yekunlar\u0131n\u0131 v\u0259 cari ilin perspektivl\u0259rini d\u0259 \u0259hat\u0259 edirdi.\n<\/p>\n<p>\n  \u201cU\u011furlu\u201d r\u00fcb\u00fcn yekunlar\u0131 r\u0259q\u0259ml\u0259rl\u0259 ifad\u0259d\u0259 sanki h\u0259qiq\u0259t\u0259n d\u0259 g\u00f6r\u00fcn\u00fcr; \u00dcDM-in 5 faizlik art\u0131m\u0131, qeyri-neft sektorunun 7 faizlik s\u0259naye art\u0131m\u0131 kimi. Lakin ilk \u00fc\u00e7 ay\u0131n xronikas\u0131n\u0131 t\u0259hlil ets\u0259k, g\u00f6rm\u0259k olar ki, art\u0131m \u00dcDM m\u0259bl\u0259\u011fin 33 faiz ucuzla\u015fan manatla deyil, dollarla hesablanmas\u0131 say\u0259sind\u0259 qeyd\u0259 al\u0131n\u0131b. Devalvasiyaya u\u011fram\u0131\u015f manatla olan b\u00fcdc\u0259nin a\u015fa\u011f\u0131 dollar ekvivalenti il\u0259 yenid\u0259n hesablanmas\u0131 kimi. Qeyri-neft sektorunun inki\u015faf\u0131 is\u0259 neft qiym\u0259tl\u0259rinin k\u0259skin \u015f\u0259kild\u0259 ucuzla\u015fmas\u0131 v\u0259 m\u00fcvafiq olaraq neft sektorunun \u00dcDM-d\u0259ki pay\u0131n\u0131n azalmas\u0131 say\u0259sind\u0259 ba\u015f verib.\n<\/p>\n<p>\n  Prezident manat\u0131n devalvasiyas\u0131 haqq\u0131nda u\u011furlu v\u0259 vaxt\u0131nda h\u0259yata ke\u00e7irilmi\u015f \u0259m\u0259liyyat kimi dan\u0131\u015f\u0131b. Onun fikrinc\u0259, bu \u0259m\u0259liyyat insanlar\u0131n h\u0259yat s\u0259viyy\u0259sin\u0259 t\u0259sir g\u00f6st\u0259rm\u0259yib. Amma he\u00e7 kim \u00fc\u00e7\u00fcn sirr deyil ki, milyonlarla insan, ilk n\u00f6vb\u0259d\u0259, istehlak s\u0259b\u0259tind\u0259 b\u00f6y\u00fck yer tutan idxal qeyri-\u0259rzaq m\u0259hsullar\u0131n\u0131n al\u0131c\u0131l\u0131q qabiliyy\u0259tini 30 faiz itirib.\n<\/p>\n<p>\n  \u018fliyev, \u0259vv\u0259lki kimi, q\u0259z\u0259bli \u015f\u0259kild\u0259 \u00f6z avtonom kursunun h\u0259yata ke\u00e7irilm\u0259sin\u0259 xarici m\u00fcdaxil\u0259nin yolverilm\u0259z oldu\u011fundan dan\u0131\u015fsa da, \u201cm\u00fcasirl\u0259\u015fm\u0259\u201d s\u00f6z\u00fcn\u00fcn d\u0259f\u0259l\u0259rl\u0259 istifad\u0259si onun art\u0131q Az\u0259rbaycan\u0131n m\u00fcasirl\u0259\u015fm\u0259si \u00fczr\u0259 Avropa proqram\u0131 il\u0259 raz\u0131la\u015fd\u0131\u011f\u0131n\u0131 g\u00f6st\u0259rir. Bu proqram Br\u00fcssel t\u0259r\u0259find\u0259n yum\u015faq \u015f\u0259kild\u0259 \u00f6t\u00fcr\u00fcls\u0259 d\u0259, amma s\u0259rt \u00e7\u0259r\u00e7iv\u0259y\u0259 malikdir. A\u0130 v\u0259 Az\u0259rbaycan aras\u0131nda \u201cstrateji m\u00fcasirl\u0259\u015fm\u0259 haqq\u0131nda\u201d Sazi\u015f h\u0259l\u0259 \u00f6t\u0259n ild\u0259n haz\u0131r olsa da, yaln\u0131z mayda A\u0130 \u015e\u0259rq T\u0259r\u0259fda\u015fl\u0131\u011f\u0131 Sammitind\u0259 imzalanacaq. S\u0259n\u0259d inhisardan, proteksionizmd\u0259n, h\u0259r yerd\u0259 olan d\u00f6vl\u0259t n\u0259zar\u0259tind\u0259n imtinan\u0131 n\u0259z\u0259rd\u0259 tutur, h\u0259m\u00e7inin \u0259dal\u0259tli r\u0259qam\u0259t, iqtisadi v\u0259 siyasi azadl\u0131\u011f\u0131n t\u0259\u015fviqi \u00fc\u00e7\u00fcn \u015f\u0259rait yarad\u0131r. Prezident \u00f6z yekun nitqind\u0259 bu tezisl\u0259ri xat\u0131rlad\u0131b.\n<\/p>\n<p>\n  \u018flb\u0259tt\u0259, h\u0259r \u015fey o q\u0259d\u0259r d\u0259 g\u00f6z\u0259l olmayacaq v\u0259 bu, ilk n\u00f6vb\u0259d\u0259, hakim elitan\u0131n kapitallar\u0131n v\u0259 maddi resurslar\u0131n eyni \u0259ll\u0259rd\u0259 c\u0259ml\u0259\u015fm\u0259sin\u0259 y\u00f6n\u0259lmi\u015f \u015f\u0259xsi layih\u0259l\u0259rinin ir\u0259li s\u00fcr\u00fclm\u0259si \u00fc\u00e7\u00fcn d\u00f6vl\u0259t vasit\u0259l\u0259rind\u0259n v\u0259 al\u0259tl\u0259rind\u0259n istifad\u0259 siyas\u0259tind\u0259n imtina etm\u0259k ist\u0259yinin olmamas\u0131 il\u0259 ba\u011fl\u0131d\u0131r. 2008-ci ild\u0259 BVF-nin qabaqcadan x\u0259b\u0259r verdiyi haz\u0131rki b\u00f6hrandan \u00e7\u0131xan, maliyy\u0259 v\u0259 istehsal sisteminin neft qiym\u0259tl\u0259rind\u0259n, habel\u0259 inhisarlardan h\u0259ddind\u0259n art\u0131q as\u0131l\u0131 oldu\u011funu n\u00fcmayi\u015f etdir\u0259n d\u0259rsl\u0259r g\u00f6st\u0259rir ki, bu siyas\u0259tin davam etdirilm\u0259si \u0259vv\u0259lki kimi orta t\u0259b\u0259q\u0259si geni\u015f v\u0259 g\u00fccl\u00fc olan c\u0259miyy\u0259tin m\u00fcxt\u0259lifl\u0259\u015fmi\u015f inki\u015faf\u0131n\u0131 gecikdir\u0259c\u0259k.\n<\/p>\n<p>\n  Az\u0259rbaycan\u0131n m\u00fcst\u0259qillik \u0259ld\u0259 etdikd\u0259n sonrak\u0131 20 ild\u0259n \u00e7ox t\u0259cr\u00fcb\u0259si g\u00f6st\u0259rdi ki, siyasi rejim bir s\u0259b\u0259bd\u0259n \u00c7in, Dubay, Sinqapur, Malayziya, Pol\u015fa, Baltika \u00f6lk\u0259l\u0259rinin ke\u00e7id iqtisadiyyatlar\u0131n\u0131n n\u00fcmun\u0259sind\u0259 \u00f6lk\u0259nin inki\u015faf\u0131n\u0131 t\u0259min ed\u0259 bilm\u0259di \u2013 iqtisadi azadl\u0131qlar v\u0259 kapitallar\u0131n h\u0259r\u0259k\u0259t azadl\u0131\u011f\u0131na z\u0259man\u0259t verilm\u0259yib. V\u0259 bu g\u00fcn h\u00f6kum\u0259t m\u00fc\u015favir\u0259sinin yekunlar\u0131na g\u00f6r\u0259 \u0259minlikl\u0259 dem\u0259k olar ki, n\u0259 \u00dcDM, n\u0259 \u0259halinin h\u0259yat s\u0259viyy\u0259si \u00f6lk\u0259nin potensial\u0131na v\u0259 ilk n\u00f6vb\u0259d\u0259, Az\u0259rbaycan\u0131n insan kapital\u0131na uy\u011fun deyil.\n<\/p>\n<p>\n  Buna n\u00fcmun\u0259 2014-c\u00fc il \u00fc\u00e7\u00fcn adamba\u015f\u0131na d\u00fc\u015f\u0259n \u00dcDM, orta ayl\u0131q \u0259m\u0259k haqq\u0131 v\u0259 pensiya kimi onsuz da y\u00fcks\u0259k olmayan g\u00f6st\u0259ricil\u0259rdir. Beyn\u0259lxalq hesabatlarda bu g\u00f6st\u0259ricil\u0259r manatdan 33 faiz ucuz olan dollar ekvivalentind\u0259 g\u00f6st\u0259rilib. 2014-c\u00fc ild\u0259 Az\u0259rbaycan \u00dcDM-in h\u0259cmi 58977,8 mlrd. manat v\u0259 ya 1 USD 0,7844 AZN m\u0259z\u0259nn\u0259si il\u0259 75,188 mlrd. dollar t\u0259\u015fkil edib. Bu, onu g\u00f6st\u0259rir ki, 2015-ci ild\u0259 \u00dcDM \u0259n az 33 faiz, y\u0259ni manat\u0131n devalvasiyaya u\u011frad\u0131\u011f\u0131 q\u0259d\u0259r azalacaq. Bu, o dem\u0259kdir ki, birincisi, \u00dcDM t\u0259xmin\u0259n 55 mlrd. dollara q\u0259d\u0259r azalacaq. \u0130kincisi, orta ayl\u0131q \u0259m\u0259k haqq\u0131 v\u0259 pensiyan\u0131n dollar g\u00f6st\u0259ricil\u0259ri d\u0259 eyni nisb\u0259td\u0259 azalacaq \u2013 m\u00fcvafiq olaraq 540 dollardan 422 dollara (422 manat) v\u0259 234 dollardan 182 dollara (182 manat) q\u0259d\u0259r. \u0130dxal olunan mallar\u0131n v\u0259 xidm\u0259tl\u0259rin d\u0259y\u0259rinin 30 faiz v\u0259 daha \u00e7ox bahala\u015fd\u0131\u011f\u0131n\u0131 da buraya \u0259lav\u0259 ets\u0259k, v\u0259t\u0259nda\u015flar\u0131n itkil\u0259ri b\u00f6y\u00fck olacaq.\n<\/p>\n<p>\n  B\u00fct\u00fcn bu g\u00f6st\u0259ricil\u0259r \u00fczr\u0259 Az\u0259rbaycan yuxar\u0131da qeyd edilmi\u015f a\u00e7\u0131q iqtisadiyyatl\u0131 \u00f6lk\u0259l\u0259rd\u0259n xeyli v\u0259 qanunauy\u011fun \u015f\u0259kild\u0259 geri qal\u0131b v\u0259 indi bu m\u0259saf\u0259 art\u0131r. V\u0259 Avropa m\u00fcasirl\u0259\u015fm\u0259 proqram\u0131 olmadan prezidentin b\u0259yan etdiyi u\u011furlu iqtisadiyyat v\u0259 haz\u0131rki kurs bu u\u00e7urumu azaltmaq iqtidar\u0131nda deyil.\n<\/p>\n<p>\n  <b><br \/>\n    Turan Analitika Xidm\u0259ti<br \/>\n  <\/b><\/p>\n","protected":false},"excerpt":{"rendered":"<p>\u201cPrezidentin  \u201cm\u00fcasirl\u0259\u015fm\u0259\u201d s\u00f6z\u00fcn\u00fcn d\u0259f\u0259l\u0259rl\u0259 istifad\u0259si onun art\u0131q Az\u0259rbaycan\u0131n m\u00fcasirl\u0259\u015fm\u0259si \u00fczr\u0259 Avropa proqram\u0131 il\u0259 raz\u0131la\u015fd\u0131\u011f\u0131n\u0131 g\u00f6st\u0259rir\u201d<\/p>\n","protected":false},"author":11,"featured_media":22655,"comment_status":"closed","ping_status":"open","sticky":false,"template":"","format":"standard","meta":{"_acf_changed":false,"_sitemap_exclude":false,"_sitemap_priority":"","_sitemap_frequency":"","footnotes":""},"categories":[56],"tags":[],"class_list":["post-167531","post","type-post","status-publish","format-standard","has-post-thumbnail","hentry","category-xeberler","infinite-scroll-item","generate-columns","tablet-grid-50","mobile-grid-100","grid-parent","grid-33","no-featured-image-padding"],"acf":[],"yoast_head":"<!-- This site is optimized with the Yoast SEO plugin v28.4 - https:\/\/yoast.com\/product\/yoast-seo-wordpress\/ -->\n<title>\u201cU\u011furlu\u201d iqtisadiyyata ged\u0259n yol \u2013 T\u0259hlil - MEYDAN.TV<\/title>\n<meta name=\"robots\" content=\"index, follow, max-snippet:-1, max-image-preview:large, max-video-preview:-1\" \/>\n<link rel=\"canonical\" href=\"https:\/\/www.meydan.tv\/az\/article\/ugurlu-iqtisadiyyata-geden-yol-tehlil\/\" \/>\n<meta property=\"og:locale\" content=\"az_AZ\" \/>\n<meta property=\"og:type\" content=\"article\" \/>\n<meta property=\"og:title\" content=\"\u201cU\u011furlu\u201d iqtisadiyyata ged\u0259n yol \u2013 T\u0259hlil - MEYDAN.TV\" \/>\n<meta property=\"og:description\" content=\"\u201cPrezidentin \u201cm\u00fcasirl\u0259\u015fm\u0259\u201d s\u00f6z\u00fcn\u00fcn d\u0259f\u0259l\u0259rl\u0259 istifad\u0259si onun art\u0131q Az\u0259rbaycan\u0131n m\u00fcasirl\u0259\u015fm\u0259si \u00fczr\u0259 Avropa proqram\u0131 il\u0259 raz\u0131la\u015fd\u0131\u011f\u0131n\u0131 g\u00f6st\u0259rir\u201d\" \/>\n<meta property=\"og:url\" content=\"https:\/\/www.meydan.tv\/az\/article\/ugurlu-iqtisadiyyata-geden-yol-tehlil\/\" \/>\n<meta property=\"og:site_name\" content=\"MEYDAN.TV\" \/>\n<meta property=\"article:published_time\" content=\"2015-04-13T17:37:20+00:00\" \/>\n<meta property=\"og:image\" content=\"https:\/\/www.meydan.tv\/wp-content\/uploads\/8225.jpg\" \/>\n\t<meta property=\"og:image:width\" content=\"604\" \/>\n\t<meta property=\"og:image:height\" content=\"400\" \/>\n\t<meta property=\"og:image:type\" content=\"image\/jpeg\" \/>\n<meta name=\"twitter:card\" content=\"summary_large_image\" \/>\n<!-- \/ Yoast SEO plugin. -->","yoast_head_json":{"title":"\u201cU\u011furlu\u201d iqtisadiyyata ged\u0259n yol \u2013 T\u0259hlil - MEYDAN.TV","robots":{"index":"index","follow":"follow","max-snippet":"max-snippet:-1","max-image-preview":"max-image-preview:large","max-video-preview":"max-video-preview:-1"},"canonical":"https:\/\/www.meydan.tv\/az\/article\/ugurlu-iqtisadiyyata-geden-yol-tehlil\/","og_locale":"az_AZ","og_type":"article","og_title":"\u201cU\u011furlu\u201d iqtisadiyyata ged\u0259n yol \u2013 T\u0259hlil - MEYDAN.TV","og_description":"\u201cPrezidentin \u201cm\u00fcasirl\u0259\u015fm\u0259\u201d s\u00f6z\u00fcn\u00fcn d\u0259f\u0259l\u0259rl\u0259 istifad\u0259si onun art\u0131q Az\u0259rbaycan\u0131n m\u00fcasirl\u0259\u015fm\u0259si \u00fczr\u0259 Avropa proqram\u0131 il\u0259 raz\u0131la\u015fd\u0131\u011f\u0131n\u0131 g\u00f6st\u0259rir\u201d","og_url":"https:\/\/www.meydan.tv\/az\/article\/ugurlu-iqtisadiyyata-geden-yol-tehlil\/","og_site_name":"MEYDAN.TV","article_published_time":"2015-04-13T17:37:20+00:00","og_image":[{"width":604,"height":400,"url":"https:\/\/www.meydan.tv\/wp-content\/uploads\/8225.jpg","type":"image\/jpeg"}],"twitter_card":"summary_large_image","schema":{"@context":"https:\/\/schema.org","@graph":[{"@type":"Article","@id":"https:\/\/www.meydan.tv\/az\/article\/ugurlu-iqtisadiyyata-geden-yol-tehlil\/#article","isPartOf":{"@id":"https:\/\/www.meydan.tv\/az\/article\/ugurlu-iqtisadiyyata-geden-yol-tehlil\/"},"author":{"name":"user-manager","@id":"https:\/\/www.meydan.tv\/az\/#\/schema\/person\/10d11eccf6da3662cf5fdab9806ea91a"},"headline":"\u201cU\u011furlu\u201d iqtisadiyyata ged\u0259n yol \u2013 T\u0259hlil","datePublished":"2015-04-13T17:37:20+00:00","mainEntityOfPage":{"@id":"https:\/\/www.meydan.tv\/az\/article\/ugurlu-iqtisadiyyata-geden-yol-tehlil\/"},"wordCount":1014,"publisher":{"@id":"https:\/\/www.meydan.tv\/az\/#organization"},"image":{"@id":"https:\/\/www.meydan.tv\/az\/article\/ugurlu-iqtisadiyyata-geden-yol-tehlil\/#primaryimage"},"thumbnailUrl":"https:\/\/www.meydan.tv\/wp-content\/uploads\/8225.jpg","articleSection":["X\u0259b\u0259rl\u0259r"],"inLanguage":"az"},{"@type":"WebPage","@id":"https:\/\/www.meydan.tv\/az\/article\/ugurlu-iqtisadiyyata-geden-yol-tehlil\/","url":"https:\/\/www.meydan.tv\/az\/article\/ugurlu-iqtisadiyyata-geden-yol-tehlil\/","name":"\u201cU\u011furlu\u201d iqtisadiyyata ged\u0259n yol \u2013 T\u0259hlil - MEYDAN.TV","isPartOf":{"@id":"https:\/\/www.meydan.tv\/az\/#website"},"primaryImageOfPage":{"@id":"https:\/\/www.meydan.tv\/az\/article\/ugurlu-iqtisadiyyata-geden-yol-tehlil\/#primaryimage"},"image":{"@id":"https:\/\/www.meydan.tv\/az\/article\/ugurlu-iqtisadiyyata-geden-yol-tehlil\/#primaryimage"},"thumbnailUrl":"https:\/\/www.meydan.tv\/wp-content\/uploads\/8225.jpg","datePublished":"2015-04-13T17:37:20+00:00","breadcrumb":{"@id":"https:\/\/www.meydan.tv\/az\/article\/ugurlu-iqtisadiyyata-geden-yol-tehlil\/#breadcrumb"},"inLanguage":"az","potentialAction":[{"@type":"ReadAction","target":["https:\/\/www.meydan.tv\/az\/article\/ugurlu-iqtisadiyyata-geden-yol-tehlil\/"]}]},{"@type":"ImageObject","inLanguage":"az","@id":"https:\/\/www.meydan.tv\/az\/article\/ugurlu-iqtisadiyyata-geden-yol-tehlil\/#primaryimage","url":"https:\/\/www.meydan.tv\/wp-content\/uploads\/8225.jpg","contentUrl":"https:\/\/www.meydan.tv\/wp-content\/uploads\/8225.jpg","width":604,"height":400,"caption":"Source:"},{"@type":"BreadcrumbList","@id":"https:\/\/www.meydan.tv\/az\/article\/ugurlu-iqtisadiyyata-geden-yol-tehlil\/#breadcrumb","itemListElement":[{"@type":"ListItem","position":1,"name":"Ana s\u0259hif\u0259","item":"https:\/\/www.meydan.tv\/az\/"},{"@type":"ListItem","position":2,"name":"X\u0259b\u0259rl\u0259r","item":"https:\/\/www.meydan.tv\/az\/section\/xeberler\/"},{"@type":"ListItem","position":3,"name":"\u201cU\u011furlu\u201d iqtisadiyyata ged\u0259n yol \u2013 T\u0259hlil"}]},{"@type":"WebSite","@id":"https:\/\/www.meydan.tv\/az\/#website","url":"https:\/\/www.meydan.tv\/az\/","name":"MEYDAN.TV","description":"Meydan TV Az\u0259rbaycan\u0131n media m\u0259kan\u0131ndak\u0131 alternativ s\u0259sidir","publisher":{"@id":"https:\/\/www.meydan.tv\/az\/#organization"},"potentialAction":[{"@type":"SearchAction","target":{"@type":"EntryPoint","urlTemplate":"https:\/\/www.meydan.tv\/az\/?s={search_term_string}"},"query-input":{"@type":"PropertyValueSpecification","valueRequired":true,"valueName":"search_term_string"}}],"inLanguage":"az"},{"@type":"Organization","@id":"https:\/\/www.meydan.tv\/az\/#organization","name":"Meydan TV","url":"https:\/\/www.meydan.tv\/az\/","logo":{"@type":"ImageObject","inLanguage":"az","@id":"https:\/\/www.meydan.tv\/az\/#\/schema\/logo\/image\/","url":"https:\/\/www.meydan.tv\/wp-content\/uploads\/2021\/07\/meydan-logo.svg","contentUrl":"https:\/\/www.meydan.tv\/wp-content\/uploads\/2021\/07\/meydan-logo.svg","width":195,"height":46,"caption":"Meydan TV"},"image":{"@id":"https:\/\/www.meydan.tv\/az\/#\/schema\/logo\/image\/"}},{"@type":"Person","@id":"https:\/\/www.meydan.tv\/az\/#\/schema\/person\/10d11eccf6da3662cf5fdab9806ea91a","name":"user-manager"}]}},"_links":{"self":[{"href":"https:\/\/www.meydan.tv\/az\/wp-json\/wp\/v2\/posts\/167531","targetHints":{"allow":["GET"]}}],"collection":[{"href":"https:\/\/www.meydan.tv\/az\/wp-json\/wp\/v2\/posts"}],"about":[{"href":"https:\/\/www.meydan.tv\/az\/wp-json\/wp\/v2\/types\/post"}],"author":[{"embeddable":true,"href":"https:\/\/www.meydan.tv\/az\/wp-json\/wp\/v2\/users\/11"}],"replies":[{"embeddable":true,"href":"https:\/\/www.meydan.tv\/az\/wp-json\/wp\/v2\/comments?post=167531"}],"version-history":[{"count":0,"href":"https:\/\/www.meydan.tv\/az\/wp-json\/wp\/v2\/posts\/167531\/revisions"}],"wp:featuredmedia":[{"embeddable":true,"href":"https:\/\/www.meydan.tv\/az\/wp-json\/wp\/v2\/media\/22655"}],"wp:attachment":[{"href":"https:\/\/www.meydan.tv\/az\/wp-json\/wp\/v2\/media?parent=167531"}],"wp:term":[{"taxonomy":"category","embeddable":true,"href":"https:\/\/www.meydan.tv\/az\/wp-json\/wp\/v2\/categories?post=167531"},{"taxonomy":"post_tag","embeddable":true,"href":"https:\/\/www.meydan.tv\/az\/wp-json\/wp\/v2\/tags?post=167531"}],"curies":[{"name":"wp","href":"https:\/\/api.w.org\/{rel}","templated":true}]}}