{"id":167529,"date":"2015-04-13T17:23:26","date_gmt":"2015-04-13T17:23:26","guid":{"rendered":"https:\/\/www.meydan.tv\/article\/borc-meselesi-gelecekde-probleme-cevrile-biler\/"},"modified":"2015-04-13T17:23:26","modified_gmt":"2015-04-13T17:23:26","slug":"borc-meselesi-gelecekde-probleme-cevrile-biler","status":"publish","type":"post","link":"https:\/\/www.meydan.tv\/az\/article\/borc-meselesi-gelecekde-probleme-cevrile-biler\/","title":{"rendered":"Borc m\u0259s\u0259l\u0259si g\u0259l\u0259c\u0259kd\u0259 problem\u0259 \u00e7evril\u0259 bil\u0259r"},"content":{"rendered":"<figure class=\"wp-block-image size-large\">\n  <img decoding=\"async\" src=\"https:\/\/www.meydan.tv\/az\/22646\/\" alt=\"\" class=\"wp-image-22646\"\/><figcaption><\/figcaption><\/figure>\n<figure class=\"wp-block-image size-large\">\n  <img decoding=\"async\" src=\"https:\/\/www.meydan.tv\/az\/22649\/\" alt=\"\" class=\"wp-image-22649\"\/><figcaption><\/figcaption><\/figure>\n<p>\n  <i><br \/>\n    Samir \u018fliyev: &#8220;D\u00f6vl\u0259t \u0259haliy\u0259 d\u0259y\u0259n z\u0259r\u0259ri aradan qald\u0131rmaq \u00fc\u00e7\u00fcn istehlak krediti \u00fczr\u0259 \u0259halinin pay\u0131na d\u00fc\u015f\u0259n z\u0259r\u0259ri \u00f6z \u00fcz\u0259rin\u0259 g\u00f6t\u00fcrm\u0259lidir&#8221;<br \/>\n  <\/i>\n<\/p>\n<p>\n  &#8220;Devalvasiyadan art\u0131q 2 aya yax\u0131n m\u00fcdd\u0259t ke\u00e7ib. H\u0259l\u0259 d\u0259 bir s\u0131ra sullar cavabs\u0131z qal\u0131b. Onlardan biri d\u0259 xarici valyutada, x\u00fcsus\u0259n d\u0259 dollarda olan kreditl\u0259rin hans\u0131 m\u0259z\u0259nn\u0259 il\u0259 qaytar\u0131lmas\u0131 m\u0259s\u0259l\u0259sidir. Banklar v\u0259 \u0259hali aras\u0131nda g\u0259rginlik yaranmas\u0131na r\u0259\u011fm\u0259n h\u00f6kum\u0259t m\u00fc\u015fahid\u0259\u00e7i m\u00f6vqeyind\u0259dir. H\u0259m M\u0259rk\u0259zi Bank\u0131n, h\u0259m d\u0259 Konstitusiya M\u0259hk\u0259m\u0259sinin ortaya konkret m\u00f6vqe qoymamas\u0131 kredit \u00f6d\u0259ni\u015find\u0259 kimin haql\u0131 olmas\u0131n\u0131 m\u00fc\u0259yy\u0259nl\u0259\u015fdirm\u0259y\u0259 \u00e7\u0259tinlik yarad\u0131r. Banklar is\u0259 m\u00fc\u0259yy\u0259n g\u00fcz\u0259\u015ftin (m\u00fcdd\u0259tin uzad\u0131lmas\u0131 v\u0259 faiz d\u0259r\u0259c\u0259sinin a\u015fa\u011f\u0131 sal\u0131nmas\u0131) m\u00fcqabilind\u0259 problemi m\u00fcv\u0259qq\u0259ti \u201cdondura\u201d bilibl\u0259r&#8221;.\n<\/p>\n<p>\n  Bu fikirl\u0259ri iqtisad\u00e7\u0131 Samir \u018fliyev \u00f6z Facebook s\u0259hif\u0259sind\u0259 payla\u015f\u0131b. Onun s\u00f6zl\u0259rin\u0259 g\u00f6r\u0259, se\u00e7im imkan\u0131 olmayan v\u0259 m\u00fcdafi\u0259siz qalan \u0259hali kreditl\u0259rini yeni m\u0259z\u0259nn\u0259 il\u0259 \u00f6d\u0259m\u0259li olurlar: &#8220;Reall\u0131q budur ki, devalvasiya z\u0259rb\u0259si h\u0259r iki t\u0259r\u0259f\u0259 d\u0259yib: m\u00fc\u015ft\u0259ril\u0259rin y\u00fczl\u0259rl\u0259 v\u0259 ya minl\u0259rl\u0259 \u00f6l\u00e7\u00fcl\u0259n ayl\u0131q kredit \u00f6d\u0259ni\u015fi, banklar\u0131n is\u0259 milyonlarla \u00f6l\u00e7\u00fcl\u0259n \u00f6hd\u0259likl\u0259ri 34 faiz art\u0131b. M\u0259lumat \u00fc\u00e7\u00fcn bildirim ki, \u0259halinin z\u0259r\u0259ri \u00fcmumilikd\u0259 1,7 milyard manatd\u0131r. Dollar \u0259man\u0259t\u00e7il\u0259rin qazanc\u0131 t\u0259xmin\u0259n 970 milyon manatd\u0131r. Banklar\u0131n z\u0259r\u0259ri is\u0259 t\u0259xmin\u0259n 2,7 milyard manat qiym\u0259tl\u0259ndirilir. Bunlar\u0131n t\u0259xmin\u0259n 1 milyard manat\u0131n\u0131 dollar krediti vasit\u0259sil\u0259 b\u0259rpa ed\u0259 bil\u0259rl\u0259r (o da vaxt\u0131 uzatmaqla). A\u00e7\u0131q valyuta m\u00f6vqeyinn\u0259 g\u00f6r\u0259 banklar devalvasiyadan \u0259lav\u0259 olaraq milyonlarla dollar m\u0259bl\u0259\u011find\u0259 v\u0259sait itiribl\u0259r&#8221;.\n<\/p>\n<p>\n  \u0130qtisad\u00e7\u0131 deyir ki, qanunvericilikd\u0259 olan bo\u015fluq m\u0259s\u0259l\u0259y\u0259 h\u0259r k\u0259sin \u00f6z n\u00f6qteyi-n\u0259z\u0259rind\u0259n baxmas\u0131na \u0259sas yarad\u0131r. Banklar t\u0259z\u0259 m\u0259z\u0259nn\u0259 il\u0259 \u00f6d\u0259ni\u015fi t\u0259l\u0259b edir, m\u00fc\u015ft\u0259ril\u0259r is\u0259 k\u00f6hn\u0259 m\u0259z\u0259nn\u0259 il\u0259 \u00f6d\u0259m\u0259k ist\u0259dikl\u0259rini bildiril\u0259r. H\u0259r ikisi yana\u015fmada qanunvericiliy\u0259 istinad edilir. Qanunvericilik is\u0259 bu m\u0259s\u0259l\u0259d\u0259 birm\u0259nal\u0131 m\u00f6vqe ortaya qoya bilmir.\n<\/p>\n<p>\n  &#8220;Bir qrup m\u00fct\u0259x\u0259ssis \u0259sas diqq\u0259ti M\u00fclki M\u0259c\u0259ll\u0259nin 439.7-ci madd\u0259sin\u0259 y\u00f6n\u0259ld\u0259r\u0259k xarici valyutada olan kreditl\u0259rin m\u00fcqavil\u0259 ba\u011flanan halda olan m\u0259z\u0259nn\u0259 \u0259sas\u0131nda \u00f6d\u0259nilm\u0259li oldu\u011funu bildirir. \u018fsas kimi M\u0259c\u0259ll\u0259d\u0259 g\u00f6st\u0259ril\u0259n \u201c\u00f6hd\u0259liyin \u0259m\u0259l\u0259 g\u0259ldiyi vaxt\u201d g\u00f6t\u00fcr\u00fcl\u00fcr. Bu halda kredit \u00f6d\u0259ni\u015fl\u0259ri k\u00f6hn\u0259 m\u0259z\u0259nn\u0259 il\u0259 ed\u0259nilm\u0259lidir.\n<\/p>\n<p>\n  Dig\u0259r qrup is\u0259 M\u00fclki M\u0259c\u0259ll\u0259nin 439.2-ci madd\u0259sin\u0259 istinad ed\u0259r\u0259k \u201c\u00f6d\u0259ni\u015f an\u0131nda \u00f6d\u0259ni\u015f yerinin m\u0259z\u0259nn\u0259 qiym\u0259ti \u00fczr\u0259 apar\u0131l\u0131r\u201d fikrini \u0259sas g\u00f6t\u00fcr\u00fcrl\u0259r v\u0259 yeni m\u0259z\u0259nn\u0259 il\u0259 \u00f6d\u0259nilm\u0259li oldu\u011funu qabard\u0131rlar.\n<\/p>\n<figure class=\"wp-block-image size-large\">\n  <img decoding=\"async\" src=\"https:\/\/www.meydan.tv\/az\/22646\/\" alt=\"\" class=\"wp-image-22646\"\/><figcaption><\/figcaption><\/figure>\n<p>\n  Problem h\u00fcquq\u015f\u00fcnaslar\u0131n da qeyd etdiyi kimi, qanunlar\u0131m\u0131z\u0131n dilinin q\u00fcsurlu olmas\u0131nda, h\u0259rfi t\u0259rc\u00fcm\u0259 n\u0259tic\u0259sind\u0259 fikirl\u0259rin anla\u015f\u0131ql\u0131 olmamas\u0131nda, birm\u0259nal\u0131 fikir y\u00fcr\u00fctm\u0259k imkanlar\u0131n\u0131n m\u0259hdud olmas\u0131ndad\u0131r.\n<\/p>\n<p>\n  \u018fslind\u0259 kim haql\u0131d\u0131r? M\u0259ntiq bax\u0131m\u0131ndan banklar, sosial g\u0259rginlik bax\u0131m\u0131ndan \u0259hali haql\u0131d\u0131r. Fikrimc\u0259, b\u00fct\u00fcn qeyri-m\u00fc\u0259yy\u0259nlikl\u0259r\u0259 r\u0259\u011fm\u0259n bu m\u0259s\u0259l\u0259d\u0259 qanunvericilik banklar\u0131n m\u00f6vqeyinin daha da \u00fcst\u00fcn oldu\u011funu g\u00f6st\u0259rir. H\u0259tta Ali M\u0259hk\u0259m\u0259nin Plenumunun 4 sayl\u0131 24 noyabr 2005-ci il tarixli Q\u0259rar\u0131 da banklar\u0131n m\u00f6vqeyini g\u00fccl\u0259ndirir. Q\u0259rar\u0131n 10-cu b\u0259ndind\u0259 bel\u0259 bir hiss\u0259 var: \u201c\u018fg\u0259r iddia t\u0259l\u0259bi xarici valyuta il\u0259 g\u00f6st\u0259ril\u0259rs\u0259, al\u0131nan v\u0259 ya \u00f6d\u0259nil\u0259n m\u0259bl\u0259\u011fin q\u0259tnam\u0259nin icra olundu\u011fu g\u00fcn\u0259 olan manat m\u0259z\u0259nn\u0259si il\u0259 hesablanmas\u0131 g\u00f6st\u0259rilm\u0259lidir\u201d. Bu b\u0259nd g\u00f6st\u0259rir ki, ist\u0259nil\u0259n xarici valyutada olan borc \u00f6d\u0259ni\u015f tarixin\u0259 olan m\u0259z\u0259nn\u0259 il\u0259 \u00f6d\u0259nilm\u0259lidir&#8221; &#8211; deyir Samir \u018fliyev.\n<\/p>\n<p>\n  \u0130qtisad\u00e7\u0131 bir m\u0259s\u0259l\u0259y\u0259 d\u0259 diqq\u0259t \u00e7\u0259kir: &#8220;H\u00fcquq\u015f\u00fcnaslar yax\u015f\u0131 bilir ki, Ali M\u0259hk\u0259m\u0259nin Plenimunun Q\u0259rarlar\u0131 t\u00f6vsiy\u0259vi xarakter da\u015f\u0131sa da, bir qayda olaraq m\u0259hk\u0259m\u0259l\u0259r bu q\u0259rar\u0131 f\u0259aliyy\u0259tl\u0259rind\u0259 \u0259sas kimi g\u00f6t\u00fcr\u00fcrl\u0259r. Ona g\u00f6r\u0259 d\u0259 m\u00fc\u015ft\u0259ril\u0259rin k\u00f6hn\u0259 m\u0259z\u0259nn\u0259 il\u0259 \u00f6d\u0259m\u0259k bar\u0259d\u0259 iddia qald\u0131rmas\u0131n\u0131n m\u0259hk\u0259m\u0259 perspektivi yoxdur. Bu vaxta q\u0259d\u0259r banklar\u0131n \u0259leyhin\u0259 \u00e7\u0131xar\u0131lm\u0131\u015f q\u0259rarlar\u0131n is\u0259 Appelyasiya perspektivi sual alt\u0131nda qal\u0131r.\n<\/p>\n<p>\n  Az\u0259rbaycan qanunlar\u0131n\u0131n \u0259sas m\u0259nb\u0259l\u0259rind\u0259n biri olan Rusiya qanunvericiliyind\u0259 bu m\u0259s\u0259l\u0259 d\u0259qiq g\u00f6st\u0259rilir. Rusiya M\u00fclki M\u0259c\u0259ll\u0259sinin \u201cPul \u00f6hd\u0259likl\u0259rinin valyutas\u0131\u201d adlanman 317-ci madd\u0259sin\u0259 \u0259sas\u0259n, xarici valyutada olan borc \u00f6hd\u0259likl\u0259ri rublla \u00f6d\u0259nilir. \u018fg\u0259r qanunvericilikd\u0259 v\u0259 ya t\u0259r\u0259fl\u0259rin raz\u0131la\u015fmas\u0131nda ba\u015fqa m\u0259z\u0259nn\u0259 n\u0259z\u0259rd\u0259 tutulmay\u0131bsa, bu zaman \u00f6d\u0259ni\u015f g\u00fcn\u00fcn\u0259 olan r\u0259smi kursu \u0259sas g\u00f6t\u00fcr\u00fcl\u00fcr&#8221;.\n<\/p>\n<p>\n  Samir \u018fliyev hesab edir ki, problemi \u201cdondurmaq\u201ddansa, onun h\u0259lli daha vacibdir: &#8220;Borc m\u0259s\u0259l\u0259si g\u0259l\u0259c\u0259kd\u0259 problem\u0259 \u00e7evril\u0259 bil\u0259r. N\u0259z\u0259r\u0259 almaq laz\u0131md\u0131r ki, banklar da ox\u015far add\u0131m\u0131 xarici valyuta \u0259man\u0259t\u00e7il\u0259rin\u0259 qar\u015f\u0131 ata bil\u0259r. Bu m\u0259s\u0259l\u0259d\u0259 Konstitusiya M\u0259hk\u0259m\u0259si orta konkret m\u00f6vqe qoymal\u0131d\u0131r. \u018fn yax\u015f\u0131s\u0131 is\u0259 qanunvericiliy\u0259 d\u0259yi\u015fiklik ed\u0259r\u0259k madd\u0259l\u0259r d\u0259qiql\u0259\u015fdirilm\u0259lidir.\n<\/p>\n<p>\n  \u0130ndi m\u0259lumat g\u0259ldi ki, Konstitusiya M\u0259hk\u0259m\u0259si Az\u0259rbaycanda dollarla g\u00f6t\u00fcr\u00fclm\u00fc\u015f kreditl\u0259rin hans\u0131 m\u0259z\u0259nn\u0259 il\u0259 qaytar\u0131lmas\u0131na ayd\u0131nl\u0131q g\u0259tirm\u0259k \u00fc\u00e7\u00fcn may\u0131n 7-n\u0259 iclas t\u0259yin edib. B\u00f6y\u00fck ehtimalla q\u0259rar banklar\u0131n xeyrin\u0259 olacaq.\n<\/p>\n<p>\n  D\u00f6vl\u0259t \u0259haliy\u0259 d\u0259y\u0259n z\u0259r\u0259ri aradan qald\u0131rmaq \u00fc\u00e7\u00fcn istehlak krediti \u00fczr\u0259 \u0259halinin pay\u0131na d\u00fc\u015f\u0259n z\u0259r\u0259ri \u00f6z \u00fcz\u0259rin\u0259 g\u00f6t\u00fcrm\u0259lidir. S\u00f6hb\u0259t t\u0259xmini hesablamalara g\u00f6r\u0259 380 milyon manat v\u0259saitd\u0259n gedir&#8221;.<\/p>\n","protected":false},"excerpt":{"rendered":"<p>Samir \u018fliyev: &#8220;D\u00f6vl\u0259t \u0259haliy\u0259 d\u0259y\u0259n z\u0259r\u0259ri aradan qald\u0131rmaq \u00fc\u00e7\u00fcn istehlak krediti \u00fczr\u0259 \u0259halinin pay\u0131na d\u00fc\u015f\u0259n z\u0259r\u0259ri \u00f6z \u00fcz\u0259rin\u0259 g\u00f6t\u00fcrm\u0259lidir&#8221;<\/p>\n","protected":false},"author":11,"featured_media":22646,"comment_status":"closed","ping_status":"open","sticky":false,"template":"","format":"standard","meta":{"_acf_changed":false,"_sitemap_exclude":false,"_sitemap_priority":"","_sitemap_frequency":"","footnotes":""},"categories":[56],"tags":[],"class_list":["post-167529","post","type-post","status-publish","format-standard","has-post-thumbnail","hentry","category-xeberler","infinite-scroll-item","generate-columns","tablet-grid-50","mobile-grid-100","grid-parent","grid-33","no-featured-image-padding"],"acf":[],"yoast_head":"<!-- This site is optimized with the Yoast SEO plugin v28.4 - https:\/\/yoast.com\/product\/yoast-seo-wordpress\/ -->\n<title>Borc m\u0259s\u0259l\u0259si g\u0259l\u0259c\u0259kd\u0259 problem\u0259 \u00e7evril\u0259 bil\u0259r - MEYDAN.TV<\/title>\n<meta name=\"robots\" content=\"index, follow, max-snippet:-1, max-image-preview:large, max-video-preview:-1\" \/>\n<link rel=\"canonical\" href=\"https:\/\/www.meydan.tv\/az\/article\/borc-meselesi-gelecekde-probleme-cevrile-biler\/\" \/>\n<meta property=\"og:locale\" content=\"az_AZ\" \/>\n<meta property=\"og:type\" content=\"article\" \/>\n<meta property=\"og:title\" content=\"Borc m\u0259s\u0259l\u0259si g\u0259l\u0259c\u0259kd\u0259 problem\u0259 \u00e7evril\u0259 bil\u0259r - MEYDAN.TV\" \/>\n<meta property=\"og:description\" content=\"Samir \u018fliyev: &quot;D\u00f6vl\u0259t \u0259haliy\u0259 d\u0259y\u0259n z\u0259r\u0259ri aradan qald\u0131rmaq \u00fc\u00e7\u00fcn istehlak krediti \u00fczr\u0259 \u0259halinin pay\u0131na d\u00fc\u015f\u0259n z\u0259r\u0259ri \u00f6z \u00fcz\u0259rin\u0259 g\u00f6t\u00fcrm\u0259lidir&quot;\" \/>\n<meta property=\"og:url\" content=\"https:\/\/www.meydan.tv\/az\/article\/borc-meselesi-gelecekde-probleme-cevrile-biler\/\" \/>\n<meta property=\"og:site_name\" content=\"MEYDAN.TV\" \/>\n<meta property=\"article:published_time\" content=\"2015-04-13T17:23:26+00:00\" \/>\n<meta property=\"og:image\" content=\"https:\/\/www.meydan.tv\/wp-content\/uploads\/8222.jpg\" \/>\n\t<meta property=\"og:image:width\" content=\"322\" \/>\n\t<meta property=\"og:image:height\" content=\"300\" \/>\n\t<meta property=\"og:image:type\" content=\"image\/jpeg\" \/>\n<meta name=\"twitter:card\" content=\"summary_large_image\" \/>\n<!-- \/ Yoast SEO plugin. -->","yoast_head_json":{"title":"Borc m\u0259s\u0259l\u0259si g\u0259l\u0259c\u0259kd\u0259 problem\u0259 \u00e7evril\u0259 bil\u0259r - MEYDAN.TV","robots":{"index":"index","follow":"follow","max-snippet":"max-snippet:-1","max-image-preview":"max-image-preview:large","max-video-preview":"max-video-preview:-1"},"canonical":"https:\/\/www.meydan.tv\/az\/article\/borc-meselesi-gelecekde-probleme-cevrile-biler\/","og_locale":"az_AZ","og_type":"article","og_title":"Borc m\u0259s\u0259l\u0259si g\u0259l\u0259c\u0259kd\u0259 problem\u0259 \u00e7evril\u0259 bil\u0259r - MEYDAN.TV","og_description":"Samir \u018fliyev: \"D\u00f6vl\u0259t \u0259haliy\u0259 d\u0259y\u0259n z\u0259r\u0259ri aradan qald\u0131rmaq \u00fc\u00e7\u00fcn istehlak krediti \u00fczr\u0259 \u0259halinin pay\u0131na d\u00fc\u015f\u0259n z\u0259r\u0259ri \u00f6z \u00fcz\u0259rin\u0259 g\u00f6t\u00fcrm\u0259lidir\"","og_url":"https:\/\/www.meydan.tv\/az\/article\/borc-meselesi-gelecekde-probleme-cevrile-biler\/","og_site_name":"MEYDAN.TV","article_published_time":"2015-04-13T17:23:26+00:00","og_image":[{"width":322,"height":300,"url":"https:\/\/www.meydan.tv\/wp-content\/uploads\/8222.jpg","type":"image\/jpeg"}],"twitter_card":"summary_large_image","schema":{"@context":"https:\/\/schema.org","@graph":[{"@type":"Article","@id":"https:\/\/www.meydan.tv\/az\/article\/borc-meselesi-gelecekde-probleme-cevrile-biler\/#article","isPartOf":{"@id":"https:\/\/www.meydan.tv\/az\/article\/borc-meselesi-gelecekde-probleme-cevrile-biler\/"},"author":{"name":"user-manager","@id":"https:\/\/www.meydan.tv\/az\/#\/schema\/person\/10d11eccf6da3662cf5fdab9806ea91a"},"headline":"Borc m\u0259s\u0259l\u0259si g\u0259l\u0259c\u0259kd\u0259 problem\u0259 \u00e7evril\u0259 bil\u0259r","datePublished":"2015-04-13T17:23:26+00:00","mainEntityOfPage":{"@id":"https:\/\/www.meydan.tv\/az\/article\/borc-meselesi-gelecekde-probleme-cevrile-biler\/"},"wordCount":1151,"publisher":{"@id":"https:\/\/www.meydan.tv\/az\/#organization"},"image":{"@id":"https:\/\/www.meydan.tv\/az\/article\/borc-meselesi-gelecekde-probleme-cevrile-biler\/#primaryimage"},"thumbnailUrl":"https:\/\/www.meydan.tv\/wp-content\/uploads\/8222.jpg","articleSection":["X\u0259b\u0259rl\u0259r"],"inLanguage":"az"},{"@type":"WebPage","@id":"https:\/\/www.meydan.tv\/az\/article\/borc-meselesi-gelecekde-probleme-cevrile-biler\/","url":"https:\/\/www.meydan.tv\/az\/article\/borc-meselesi-gelecekde-probleme-cevrile-biler\/","name":"Borc m\u0259s\u0259l\u0259si g\u0259l\u0259c\u0259kd\u0259 problem\u0259 \u00e7evril\u0259 bil\u0259r - MEYDAN.TV","isPartOf":{"@id":"https:\/\/www.meydan.tv\/az\/#website"},"primaryImageOfPage":{"@id":"https:\/\/www.meydan.tv\/az\/article\/borc-meselesi-gelecekde-probleme-cevrile-biler\/#primaryimage"},"image":{"@id":"https:\/\/www.meydan.tv\/az\/article\/borc-meselesi-gelecekde-probleme-cevrile-biler\/#primaryimage"},"thumbnailUrl":"https:\/\/www.meydan.tv\/wp-content\/uploads\/8222.jpg","datePublished":"2015-04-13T17:23:26+00:00","breadcrumb":{"@id":"https:\/\/www.meydan.tv\/az\/article\/borc-meselesi-gelecekde-probleme-cevrile-biler\/#breadcrumb"},"inLanguage":"az","potentialAction":[{"@type":"ReadAction","target":["https:\/\/www.meydan.tv\/az\/article\/borc-meselesi-gelecekde-probleme-cevrile-biler\/"]}]},{"@type":"ImageObject","inLanguage":"az","@id":"https:\/\/www.meydan.tv\/az\/article\/borc-meselesi-gelecekde-probleme-cevrile-biler\/#primaryimage","url":"https:\/\/www.meydan.tv\/wp-content\/uploads\/8222.jpg","contentUrl":"https:\/\/www.meydan.tv\/wp-content\/uploads\/8222.jpg","width":322,"height":300,"caption":"Source:"},{"@type":"BreadcrumbList","@id":"https:\/\/www.meydan.tv\/az\/article\/borc-meselesi-gelecekde-probleme-cevrile-biler\/#breadcrumb","itemListElement":[{"@type":"ListItem","position":1,"name":"Ana s\u0259hif\u0259","item":"https:\/\/www.meydan.tv\/az\/"},{"@type":"ListItem","position":2,"name":"X\u0259b\u0259rl\u0259r","item":"https:\/\/www.meydan.tv\/az\/section\/xeberler\/"},{"@type":"ListItem","position":3,"name":"Borc m\u0259s\u0259l\u0259si g\u0259l\u0259c\u0259kd\u0259 problem\u0259 \u00e7evril\u0259 bil\u0259r"}]},{"@type":"WebSite","@id":"https:\/\/www.meydan.tv\/az\/#website","url":"https:\/\/www.meydan.tv\/az\/","name":"MEYDAN.TV","description":"Meydan TV Az\u0259rbaycan\u0131n media m\u0259kan\u0131ndak\u0131 alternativ s\u0259sidir","publisher":{"@id":"https:\/\/www.meydan.tv\/az\/#organization"},"potentialAction":[{"@type":"SearchAction","target":{"@type":"EntryPoint","urlTemplate":"https:\/\/www.meydan.tv\/az\/?s={search_term_string}"},"query-input":{"@type":"PropertyValueSpecification","valueRequired":true,"valueName":"search_term_string"}}],"inLanguage":"az"},{"@type":"Organization","@id":"https:\/\/www.meydan.tv\/az\/#organization","name":"Meydan TV","url":"https:\/\/www.meydan.tv\/az\/","logo":{"@type":"ImageObject","inLanguage":"az","@id":"https:\/\/www.meydan.tv\/az\/#\/schema\/logo\/image\/","url":"https:\/\/www.meydan.tv\/wp-content\/uploads\/2021\/07\/meydan-logo.svg","contentUrl":"https:\/\/www.meydan.tv\/wp-content\/uploads\/2021\/07\/meydan-logo.svg","width":195,"height":46,"caption":"Meydan TV"},"image":{"@id":"https:\/\/www.meydan.tv\/az\/#\/schema\/logo\/image\/"}},{"@type":"Person","@id":"https:\/\/www.meydan.tv\/az\/#\/schema\/person\/10d11eccf6da3662cf5fdab9806ea91a","name":"user-manager"}]}},"_links":{"self":[{"href":"https:\/\/www.meydan.tv\/az\/wp-json\/wp\/v2\/posts\/167529","targetHints":{"allow":["GET"]}}],"collection":[{"href":"https:\/\/www.meydan.tv\/az\/wp-json\/wp\/v2\/posts"}],"about":[{"href":"https:\/\/www.meydan.tv\/az\/wp-json\/wp\/v2\/types\/post"}],"author":[{"embeddable":true,"href":"https:\/\/www.meydan.tv\/az\/wp-json\/wp\/v2\/users\/11"}],"replies":[{"embeddable":true,"href":"https:\/\/www.meydan.tv\/az\/wp-json\/wp\/v2\/comments?post=167529"}],"version-history":[{"count":0,"href":"https:\/\/www.meydan.tv\/az\/wp-json\/wp\/v2\/posts\/167529\/revisions"}],"wp:featuredmedia":[{"embeddable":true,"href":"https:\/\/www.meydan.tv\/az\/wp-json\/wp\/v2\/media\/22646"}],"wp:attachment":[{"href":"https:\/\/www.meydan.tv\/az\/wp-json\/wp\/v2\/media?parent=167529"}],"wp:term":[{"taxonomy":"category","embeddable":true,"href":"https:\/\/www.meydan.tv\/az\/wp-json\/wp\/v2\/categories?post=167529"},{"taxonomy":"post_tag","embeddable":true,"href":"https:\/\/www.meydan.tv\/az\/wp-json\/wp\/v2\/tags?post=167529"}],"curies":[{"name":"wp","href":"https:\/\/api.w.org\/{rel}","templated":true}]}}