{"id":167528,"date":"2015-04-13T16:58:34","date_gmt":"2015-04-13T16:58:34","guid":{"rendered":"https:\/\/www.meydan.tv\/article\/zerercekenler-ozlerini-zereceken-hesab-etmirler\/"},"modified":"2015-04-13T16:58:34","modified_gmt":"2015-04-13T16:58:34","slug":"zerercekenler-ozlerini-zereceken-hesab-etmirler","status":"publish","type":"post","link":"https:\/\/www.meydan.tv\/az\/article\/zerercekenler-ozlerini-zereceken-hesab-etmirler\/","title":{"rendered":"Z\u0259r\u0259r\u00e7\u0259k\u0259nl\u0259r \u00f6zl\u0259rini &#8220;z\u0259r\u0259\u00e7\u0259k\u0259n&#8221; hesab etmirl\u0259r"},"content":{"rendered":"<figure class=\"wp-block-image size-large\">\n  <img decoding=\"async\" src=\"https:\/\/www.meydan.tv\/az\/22634\/\" alt=\"\" class=\"wp-image-22634\"\/><figcaption><\/figcaption><\/figure>\n<figure class=\"wp-block-image size-large\">\n  <img decoding=\"async\" src=\"https:\/\/www.meydan.tv\/az\/22634\/\" alt=\"\" class=\"wp-image-22634\"\/><figcaption><\/figcaption><\/figure>\n<p>\n  <i><br \/>\n    Dindiril\u0259n \u015f\u0259xsl\u0259r Abdulla Abdullayev\u0259 qar\u015f\u0131 t\u0259l\u0259bl\u0259rinin olmad\u0131\u011f\u0131n\u0131 deyirl\u0259r<br \/>\n  <\/i>\n<\/p>\n<p>\n  Aprelin 13-d\u0259 Bak\u0131 A\u011f\u0131r Cinay\u0259tl\u0259r M\u0259hk\u0259m\u0259sind\u0259 &#8220;AMAY&#8221; \u015eirk\u0259tl\u0259r Qrupunun r\u0259hb\u0259ri Abdulla Abdullayev v\u0259 onunla birg\u0259 t\u0259qsirl\u0259ndiril\u0259n daha 5 n\u0259f\u0259rl\u0259 ba\u011fl\u0131 n\u00f6vb\u0259ti m\u0259hk\u0259m\u0259 prosesi ke\u00e7irilib.\n<\/p>\n<p>\n  M\u0259hk\u0259m\u0259 prosesind\u0259 ittiham t\u0259r\u0259fin \u201cz\u0259r\u0259r\u00e7\u0259k\u0259n\u201d kimi tan\u0131d\u0131\u011f\u0131 daha bir qrup ifad\u0259 verib. \u201cZ\u0259r\u0259r\u00e7\u0259k\u0259nl\u0259r\u201d Atat\u00fcrk prospekti 78\/80-37-d\u0259 tikil\u0259n h\u00fcnd\u00fcrm\u0259rt\u0259b\u0259li binada m\u0259nzil ald\u0131qlar\u0131n\u0131, b\u0259zil\u0259ri t\u0259mir\u0259 ba\u015flad\u0131qlar\u0131n\u0131 bildiribl\u0259r. Onlar m\u0259nzill\u0259rin sahibi kimi \u015f\u0259had\u0259tnam\u0259 almaq \u00fc\u00e7\u00fcn binan\u0131n tam t\u0259mir olunaraq d\u00f6vl\u0259t komissiyas\u0131na t\u0259hvil verilm\u0259sini ist\u0259dikl\u0259rini deyibl\u0259r. Bel\u0259likl\u0259,\u00a0m\u0259hk\u0259m\u0259 prosesi davam ed\u0259n iki ay yar\u0131m \u0259rzind\u0259\u00a0ittiham t\u0259r\u0259fin \u201cz\u0259r\u0259r\u00e7\u0259k\u0259n\u201d kimi tan\u0131d\u0131\u011f\u0131 200 \u015f\u0259xsin 50-d\u0259n \u00e7oxu dindirilib. Bu \u015f\u0259xsl\u0259r Abdulla Abdullayev\u0259 qar\u015f\u0131 h\u0259r hans\u0131 t\u0259l\u0259bl\u0259ri olmad\u0131qlar\u0131n\u0131 b\u0259yan edibl\u0259r.\n<\/p>\n<p>\n  Z\u0259r\u0259r\u00e7\u0259k\u0259nl\u0259r dindirildikd\u0259n sonra hakim \u018ffqan Hac\u0131yev m\u0259hk\u0259m\u0259 prosesini aprelin 14-\u00fc saat 10:30-a kimi t\u0259xir\u0259 sal\u0131b.\n<\/p>\n<p>\n  A.Abdullayev 2014-c\u00fc ilin aprelin 4-d\u0259 h\u0259bs\u0259 al\u0131n\u0131b. Ona qar\u015f\u0131 d\u00f6vl\u0259t v\u0259saitini k\u00fclli miqdarda m\u0259nims\u0259m\u0259k, d\u0259l\u0259duzluq, s\u0259lahiyy\u0259t h\u0259ddini a\u015fmaq kimi ittihamlar ir\u0259li s\u00fcr\u00fcl\u00fcb. A.Abdullayev v\u0259 t\u0259qsil\u0259ndiril\u0259n 5 n\u0259f\u0259r ir\u0259li s\u00fcr\u00fcl\u0259n ittihamlar\u0131 birm\u0259nal\u0131 r\u0259dd ed\u0259r\u0259k \u00f6zl\u0259rini t\u0259qsirli saym\u0131rlar.<\/p>\n","protected":false},"excerpt":{"rendered":"<p>Dindiril\u0259n \u015f\u0259xsl\u0259r Abdulla Abdullayev\u0259 qar\u015f\u0131 t\u0259l\u0259bl\u0259rinin olmad\u0131\u011f\u0131n\u0131 deyirl\u0259r<\/p>\n","protected":false},"author":11,"featured_media":22634,"comment_status":"closed","ping_status":"open","sticky":false,"template":"","format":"standard","meta":{"_acf_changed":false,"_sitemap_exclude":false,"_sitemap_priority":"","_sitemap_frequency":"","footnotes":""},"categories":[56],"tags":[],"class_list":["post-167528","post","type-post","status-publish","format-standard","has-post-thumbnail","hentry","category-xeberler","infinite-scroll-item","generate-columns","tablet-grid-50","mobile-grid-100","grid-parent","grid-33","no-featured-image-padding"],"acf":[],"yoast_head":"<!-- This site is optimized with the Yoast SEO plugin v28.4 - https:\/\/yoast.com\/product\/yoast-seo-wordpress\/ -->\n<title>Z\u0259r\u0259r\u00e7\u0259k\u0259nl\u0259r \u00f6zl\u0259rini &quot;z\u0259r\u0259\u00e7\u0259k\u0259n&quot; hesab etmirl\u0259r - MEYDAN.TV<\/title>\n<meta name=\"robots\" content=\"index, follow, max-snippet:-1, max-image-preview:large, max-video-preview:-1\" \/>\n<link rel=\"canonical\" href=\"https:\/\/www.meydan.tv\/az\/article\/zerercekenler-ozlerini-zereceken-hesab-etmirler\/\" \/>\n<meta property=\"og:locale\" content=\"az_AZ\" \/>\n<meta property=\"og:type\" content=\"article\" \/>\n<meta property=\"og:title\" content=\"Z\u0259r\u0259r\u00e7\u0259k\u0259nl\u0259r \u00f6zl\u0259rini &quot;z\u0259r\u0259\u00e7\u0259k\u0259n&quot; hesab etmirl\u0259r - MEYDAN.TV\" \/>\n<meta property=\"og:description\" content=\"Dindiril\u0259n \u015f\u0259xsl\u0259r Abdulla Abdullayev\u0259 qar\u015f\u0131 t\u0259l\u0259bl\u0259rinin olmad\u0131\u011f\u0131n\u0131 deyirl\u0259r\" \/>\n<meta property=\"og:url\" content=\"https:\/\/www.meydan.tv\/az\/article\/zerercekenler-ozlerini-zereceken-hesab-etmirler\/\" \/>\n<meta property=\"og:site_name\" content=\"MEYDAN.TV\" \/>\n<meta property=\"article:published_time\" content=\"2015-04-13T16:58:34+00:00\" \/>\n<meta property=\"og:image\" content=\"https:\/\/www.meydan.tv\/wp-content\/uploads\/8221.jpg\" \/>\n\t<meta property=\"og:image:width\" content=\"400\" \/>\n\t<meta property=\"og:image:height\" content=\"266\" \/>\n\t<meta property=\"og:image:type\" content=\"image\/jpeg\" \/>\n<meta name=\"twitter:card\" content=\"summary_large_image\" \/>\n<!-- \/ Yoast SEO plugin. -->","yoast_head_json":{"title":"Z\u0259r\u0259r\u00e7\u0259k\u0259nl\u0259r \u00f6zl\u0259rini \"z\u0259r\u0259\u00e7\u0259k\u0259n\" hesab etmirl\u0259r - MEYDAN.TV","robots":{"index":"index","follow":"follow","max-snippet":"max-snippet:-1","max-image-preview":"max-image-preview:large","max-video-preview":"max-video-preview:-1"},"canonical":"https:\/\/www.meydan.tv\/az\/article\/zerercekenler-ozlerini-zereceken-hesab-etmirler\/","og_locale":"az_AZ","og_type":"article","og_title":"Z\u0259r\u0259r\u00e7\u0259k\u0259nl\u0259r \u00f6zl\u0259rini \"z\u0259r\u0259\u00e7\u0259k\u0259n\" hesab etmirl\u0259r - MEYDAN.TV","og_description":"Dindiril\u0259n \u015f\u0259xsl\u0259r Abdulla Abdullayev\u0259 qar\u015f\u0131 t\u0259l\u0259bl\u0259rinin olmad\u0131\u011f\u0131n\u0131 deyirl\u0259r","og_url":"https:\/\/www.meydan.tv\/az\/article\/zerercekenler-ozlerini-zereceken-hesab-etmirler\/","og_site_name":"MEYDAN.TV","article_published_time":"2015-04-13T16:58:34+00:00","og_image":[{"width":400,"height":266,"url":"https:\/\/www.meydan.tv\/wp-content\/uploads\/8221.jpg","type":"image\/jpeg"}],"twitter_card":"summary_large_image","schema":{"@context":"https:\/\/schema.org","@graph":[{"@type":"Article","@id":"https:\/\/www.meydan.tv\/az\/article\/zerercekenler-ozlerini-zereceken-hesab-etmirler\/#article","isPartOf":{"@id":"https:\/\/www.meydan.tv\/az\/article\/zerercekenler-ozlerini-zereceken-hesab-etmirler\/"},"author":{"name":"user-manager","@id":"https:\/\/www.meydan.tv\/az\/#\/schema\/person\/10d11eccf6da3662cf5fdab9806ea91a"},"headline":"Z\u0259r\u0259r\u00e7\u0259k\u0259nl\u0259r \u00f6zl\u0259rini &#8220;z\u0259r\u0259\u00e7\u0259k\u0259n&#8221; hesab etmirl\u0259r","datePublished":"2015-04-13T16:58:34+00:00","mainEntityOfPage":{"@id":"https:\/\/www.meydan.tv\/az\/article\/zerercekenler-ozlerini-zereceken-hesab-etmirler\/"},"wordCount":311,"publisher":{"@id":"https:\/\/www.meydan.tv\/az\/#organization"},"image":{"@id":"https:\/\/www.meydan.tv\/az\/article\/zerercekenler-ozlerini-zereceken-hesab-etmirler\/#primaryimage"},"thumbnailUrl":"https:\/\/www.meydan.tv\/wp-content\/uploads\/8221.jpg","articleSection":["X\u0259b\u0259rl\u0259r"],"inLanguage":"az"},{"@type":"WebPage","@id":"https:\/\/www.meydan.tv\/az\/article\/zerercekenler-ozlerini-zereceken-hesab-etmirler\/","url":"https:\/\/www.meydan.tv\/az\/article\/zerercekenler-ozlerini-zereceken-hesab-etmirler\/","name":"Z\u0259r\u0259r\u00e7\u0259k\u0259nl\u0259r \u00f6zl\u0259rini \"z\u0259r\u0259\u00e7\u0259k\u0259n\" hesab etmirl\u0259r - MEYDAN.TV","isPartOf":{"@id":"https:\/\/www.meydan.tv\/az\/#website"},"primaryImageOfPage":{"@id":"https:\/\/www.meydan.tv\/az\/article\/zerercekenler-ozlerini-zereceken-hesab-etmirler\/#primaryimage"},"image":{"@id":"https:\/\/www.meydan.tv\/az\/article\/zerercekenler-ozlerini-zereceken-hesab-etmirler\/#primaryimage"},"thumbnailUrl":"https:\/\/www.meydan.tv\/wp-content\/uploads\/8221.jpg","datePublished":"2015-04-13T16:58:34+00:00","breadcrumb":{"@id":"https:\/\/www.meydan.tv\/az\/article\/zerercekenler-ozlerini-zereceken-hesab-etmirler\/#breadcrumb"},"inLanguage":"az","potentialAction":[{"@type":"ReadAction","target":["https:\/\/www.meydan.tv\/az\/article\/zerercekenler-ozlerini-zereceken-hesab-etmirler\/"]}]},{"@type":"ImageObject","inLanguage":"az","@id":"https:\/\/www.meydan.tv\/az\/article\/zerercekenler-ozlerini-zereceken-hesab-etmirler\/#primaryimage","url":"https:\/\/www.meydan.tv\/wp-content\/uploads\/8221.jpg","contentUrl":"https:\/\/www.meydan.tv\/wp-content\/uploads\/8221.jpg","width":400,"height":266,"caption":"Source:"},{"@type":"BreadcrumbList","@id":"https:\/\/www.meydan.tv\/az\/article\/zerercekenler-ozlerini-zereceken-hesab-etmirler\/#breadcrumb","itemListElement":[{"@type":"ListItem","position":1,"name":"Ana s\u0259hif\u0259","item":"https:\/\/www.meydan.tv\/az\/"},{"@type":"ListItem","position":2,"name":"X\u0259b\u0259rl\u0259r","item":"https:\/\/www.meydan.tv\/az\/section\/xeberler\/"},{"@type":"ListItem","position":3,"name":"Z\u0259r\u0259r\u00e7\u0259k\u0259nl\u0259r \u00f6zl\u0259rini &#8220;z\u0259r\u0259\u00e7\u0259k\u0259n&#8221; hesab etmirl\u0259r"}]},{"@type":"WebSite","@id":"https:\/\/www.meydan.tv\/az\/#website","url":"https:\/\/www.meydan.tv\/az\/","name":"MEYDAN.TV","description":"Meydan TV Az\u0259rbaycan\u0131n media m\u0259kan\u0131ndak\u0131 alternativ s\u0259sidir","publisher":{"@id":"https:\/\/www.meydan.tv\/az\/#organization"},"potentialAction":[{"@type":"SearchAction","target":{"@type":"EntryPoint","urlTemplate":"https:\/\/www.meydan.tv\/az\/?s={search_term_string}"},"query-input":{"@type":"PropertyValueSpecification","valueRequired":true,"valueName":"search_term_string"}}],"inLanguage":"az"},{"@type":"Organization","@id":"https:\/\/www.meydan.tv\/az\/#organization","name":"Meydan TV","url":"https:\/\/www.meydan.tv\/az\/","logo":{"@type":"ImageObject","inLanguage":"az","@id":"https:\/\/www.meydan.tv\/az\/#\/schema\/logo\/image\/","url":"https:\/\/www.meydan.tv\/wp-content\/uploads\/2021\/07\/meydan-logo.svg","contentUrl":"https:\/\/www.meydan.tv\/wp-content\/uploads\/2021\/07\/meydan-logo.svg","width":195,"height":46,"caption":"Meydan TV"},"image":{"@id":"https:\/\/www.meydan.tv\/az\/#\/schema\/logo\/image\/"}},{"@type":"Person","@id":"https:\/\/www.meydan.tv\/az\/#\/schema\/person\/10d11eccf6da3662cf5fdab9806ea91a","name":"user-manager"}]}},"_links":{"self":[{"href":"https:\/\/www.meydan.tv\/az\/wp-json\/wp\/v2\/posts\/167528","targetHints":{"allow":["GET"]}}],"collection":[{"href":"https:\/\/www.meydan.tv\/az\/wp-json\/wp\/v2\/posts"}],"about":[{"href":"https:\/\/www.meydan.tv\/az\/wp-json\/wp\/v2\/types\/post"}],"author":[{"embeddable":true,"href":"https:\/\/www.meydan.tv\/az\/wp-json\/wp\/v2\/users\/11"}],"replies":[{"embeddable":true,"href":"https:\/\/www.meydan.tv\/az\/wp-json\/wp\/v2\/comments?post=167528"}],"version-history":[{"count":0,"href":"https:\/\/www.meydan.tv\/az\/wp-json\/wp\/v2\/posts\/167528\/revisions"}],"wp:featuredmedia":[{"embeddable":true,"href":"https:\/\/www.meydan.tv\/az\/wp-json\/wp\/v2\/media\/22634"}],"wp:attachment":[{"href":"https:\/\/www.meydan.tv\/az\/wp-json\/wp\/v2\/media?parent=167528"}],"wp:term":[{"taxonomy":"category","embeddable":true,"href":"https:\/\/www.meydan.tv\/az\/wp-json\/wp\/v2\/categories?post=167528"},{"taxonomy":"post_tag","embeddable":true,"href":"https:\/\/www.meydan.tv\/az\/wp-json\/wp\/v2\/tags?post=167528"}],"curies":[{"name":"wp","href":"https:\/\/api.w.org\/{rel}","templated":true}]}}