{"id":167527,"date":"2015-04-13T16:03:02","date_gmt":"2015-04-13T16:03:02","guid":{"rendered":"https:\/\/www.meydan.tv\/article\/ermenistan-vetendasi-mehkemede-azerbaycan-prezidentine-tesekkur-etdi\/"},"modified":"2015-04-13T16:03:02","modified_gmt":"2015-04-13T16:03:02","slug":"ermenistan-vetendasi-mehkemede-azerbaycan-prezidentine-tesekkur-etdi","status":"publish","type":"post","link":"https:\/\/www.meydan.tv\/az\/article\/ermenistan-vetendasi-mehkemede-azerbaycan-prezidentine-tesekkur-etdi\/","title":{"rendered":"Erm\u0259nistan v\u0259t\u0259nda\u015f\u0131 m\u0259hk\u0259m\u0259d\u0259 Az\u0259rbaycan prezidentin\u0259 t\u0259\u015f\u0259kk\u00fcr etdi"},"content":{"rendered":"<figure class=\"wp-block-image size-large\">\n  <img decoding=\"async\" src=\"https:\/\/www.meydan.tv\/az\/22643\/\" alt=\"\" class=\"wp-image-22643\"\/><figcaption><\/figcaption><\/figure>\n<figure class=\"wp-block-image size-large\">\n  <img decoding=\"async\" src=\"https:\/\/www.meydan.tv\/az\/22643\/\" alt=\"\" class=\"wp-image-22643\"\/><figcaption><\/figcaption><\/figure>\n<p>\n  <i><br \/>\n    Arsen Baqdasaryan: &#8220;H\u0259bsd\u0259 oldu\u011fum m\u00fcdd\u0259tc\u0259 m\u0259n\u0259 qar\u015f\u0131 yax\u015f\u0131 r\u0259ftar olunub, geyim v\u0259 qida il\u0259 daim t\u0259min edilmi\u015f\u0259m&#8221;<br \/>\n  <\/i>\n<\/p>\n<p>\n  G\u0259nc\u0259 A\u011f\u0131r Cinay\u0259tl\u0259r M\u0259hk\u0259m\u0259sind\u0259 \u00f6t\u0259n ilin dekabr\u0131nda A\u011fdam rayonu istiqam\u0259tind\u0259 qo\u015funlar\u0131n t\u0259mas x\u0259ttini ke\u00e7\u0259r\u0259k, k\u0259\u015ffiyyat aparmaqda ittiham edil\u0259n Arsen Baqdasaryan\u0131n cinay\u0259t i\u015fi \u00fczr\u0259 birinci bax\u0131\u015f iclas\u0131 ke\u00e7irilib. &#8220;K\u0259p\u0259z TV&#8221;nin m\u0259lumat\u0131na g\u00f6r\u0259, iclas hakiml\u0259r Elb\u0259y Allahverdiyevin s\u0259drliyi, Zabil Qas\u0131mov v\u0259\u00a0 Elmin R\u00fcst\u0259movun i\u015ftirak\u0131 il\u0259 t\u0259\u015fkil olunub.\n<\/p>\n<p>\n  M\u0259hk\u0259m\u0259d\u0259 Erm\u0259nistan v\u0259t\u0259nda\u015f\u0131n\u0131 A\u011fdam rayonunun Z\u0259ngi\u015fal\u0131 k\u0259ndi \u0259razisind\u0259 \u0259l\u0259 ke\u00e7ir\u0259n az\u0259rbaycanl\u0131 h\u0259rb\u00e7il\u0259r d\u0259 i\u015ftirak edib.\n<\/p>\n<p>\n  Haz\u0131rl\u0131q iclas\u0131nda n\u00f6vb\u0259ti m\u0259hk\u0259m\u0259nin qapal\u0131 olaca\u011f\u0131 bildirilmi\u015fdi. Ancaq aprelin 13-d\u0259 ke\u00e7iril\u0259n birinci bax\u0131\u015f iclas\u0131nda m\u0259hk\u0259minin qism\u0259n a\u00e7\u0131q ke\u00e7irilm\u0259si q\u0259rara al\u0131n\u0131b. M\u0259hk\u0259m\u0259 prosesini m\u0259tbuat n\u00fcmay\u0259nd\u0259l\u0259ri d\u0259 izl\u0259y\u0259 bilibl\u0259r.\n<\/p>\n<p><div>\n    Arsen Baqdasaryan 2 n\u0259f\u0259r t\u0259rc\u00fcm\u0259\u00e7i (S\u0259id\u0259 Abbasova v\u0259 F\u0259rhad \u0130sg\u0259nd\u0259rov) il\u0259 t\u0259min edilib. \u018fsir g\u00f6t\u00fcr\u00fcl\u0259n k\u0259\u015ffiyyat\u00e7\u0131n\u0131n m\u00fcdafi\u0259\u00e7isi V\u0259kill\u0259r Kollegiyas\u0131n\u0131n \u00fczv\u00fc Ramiz Abdullayevdir. M\u0259hk\u0259m\u0259 iclas\u0131nda 4 n\u0259f\u0259r z\u0259r\u0259r\u00e7\u0259k\u0259n h\u0259rb\u00e7i v\u0259 2 n\u00fcmay\u0259nd\u0259 i\u015ftirak edib.\n  <\/div>\n<\/p>\n<p>\n  Erm\u0259nistan v\u0259t\u0259nda\u015f\u0131 ona qar\u015f\u0131 qald\u0131r\u0131lan ittihamlara etiraz etm\u0259yib. O, Erm\u0259nistan h\u00f6kum\u0259tin\u0259 m\u00fcraci\u0259t ed\u0259r\u0259k, Az\u0259rbaycana m\u0259xsus torpaqlar\u0131n azad olunmas\u0131n\u0131 ist\u0259yib: \u201cAz\u0259rbaycanl\u0131larla erm\u0259nil\u0259r ill\u0259rl\u0259 yax\u015f\u0131 m\u00fcnasib\u0259td\u0259 olub. Erm\u0259nistan az\u0259rbaycanl\u0131lar\u0131n torpa\u011f\u0131n\u0131 geri qaytarmal\u0131d\u0131r. Az\u0259rbaycan m\u00fcharib\u0259 ist\u0259mir, Az\u0259rbaycan ona m\u0259xsus torpaqlar\u0131 t\u0259l\u0259b edir. Erm\u0259ni \u0259sg\u0259rl\u0259r\u0259 s\u0259sl\u0259n\u0259r\u0259k bildirir\u0259m ki, siz ba\u015fqas\u0131n\u0131n torpa\u011f\u0131ndan geri \u00e7\u0259kilm\u0259lisiniz. Erm\u0259nistanda olan az\u0259rbaycanl\u0131 \u0259sirl\u0259r geri qaytar\u0131lmal\u0131d\u0131r. H\u0259bsd\u0259 oldu\u011fum m\u00fcdd\u0259tc\u0259 m\u0259n\u0259 qar\u015f\u0131 yax\u015f\u0131 r\u0259ftar olunub, geyim v\u0259 qida il\u0259 daim t\u0259min edilmi\u015f\u0259m. Bunun \u00fc\u00e7\u00fcn Az\u0259rbaycan prezidentin\u0259 t\u0259\u015f\u0259kk\u00fcr edir\u0259m. Diqq\u0259tiniz\u0259 \u00e7atd\u0131r\u0131ram ki, bu s\u00f6yl\u0259dikl\u0259rimi m\u0259n\u0259 he\u00e7 k\u0259s diqt\u0259 etm\u0259yib, bu, m\u0259nim s\u0259rb\u0259st d\u00fc\u015f\u00fcnc\u0259mdir\u201d.\n<\/p>\n<p>\n  Proses davam edir.<\/p>\n","protected":false},"excerpt":{"rendered":"<p>Arsen Baqdasaryan: &#8220;H\u0259bsd\u0259 oldu\u011fum m\u00fcdd\u0259tc\u0259 m\u0259n\u0259 qar\u015f\u0131 yax\u015f\u0131 r\u0259ftar olunub, geyim v\u0259 qida il\u0259 daim t\u0259min edilmi\u015f\u0259m&#8221;<\/p>\n","protected":false},"author":11,"featured_media":22643,"comment_status":"closed","ping_status":"open","sticky":false,"template":"","format":"standard","meta":{"_acf_changed":false,"_sitemap_exclude":false,"_sitemap_priority":"","_sitemap_frequency":"","footnotes":""},"categories":[56],"tags":[],"class_list":["post-167527","post","type-post","status-publish","format-standard","has-post-thumbnail","hentry","category-xeberler","infinite-scroll-item","generate-columns","tablet-grid-50","mobile-grid-100","grid-parent","grid-33","no-featured-image-padding"],"acf":[],"yoast_head":"<!-- This site is optimized with the Yoast SEO plugin v28.4 - https:\/\/yoast.com\/product\/yoast-seo-wordpress\/ -->\n<title>Erm\u0259nistan v\u0259t\u0259nda\u015f\u0131 m\u0259hk\u0259m\u0259d\u0259 Az\u0259rbaycan prezidentin\u0259 t\u0259\u015f\u0259kk\u00fcr etdi - MEYDAN.TV<\/title>\n<meta name=\"robots\" content=\"index, follow, max-snippet:-1, max-image-preview:large, max-video-preview:-1\" \/>\n<link rel=\"canonical\" href=\"https:\/\/www.meydan.tv\/az\/article\/ermenistan-vetendasi-mehkemede-azerbaycan-prezidentine-tesekkur-etdi\/\" \/>\n<meta property=\"og:locale\" content=\"az_AZ\" \/>\n<meta property=\"og:type\" content=\"article\" \/>\n<meta property=\"og:title\" content=\"Erm\u0259nistan v\u0259t\u0259nda\u015f\u0131 m\u0259hk\u0259m\u0259d\u0259 Az\u0259rbaycan prezidentin\u0259 t\u0259\u015f\u0259kk\u00fcr etdi - MEYDAN.TV\" \/>\n<meta property=\"og:description\" content=\"Arsen Baqdasaryan: &quot;H\u0259bsd\u0259 oldu\u011fum m\u00fcdd\u0259tc\u0259 m\u0259n\u0259 qar\u015f\u0131 yax\u015f\u0131 r\u0259ftar olunub, geyim v\u0259 qida il\u0259 daim t\u0259min edilmi\u015f\u0259m&quot;\" \/>\n<meta property=\"og:url\" content=\"https:\/\/www.meydan.tv\/az\/article\/ermenistan-vetendasi-mehkemede-azerbaycan-prezidentine-tesekkur-etdi\/\" \/>\n<meta property=\"og:site_name\" content=\"MEYDAN.TV\" \/>\n<meta property=\"article:published_time\" content=\"2015-04-13T16:03:02+00:00\" \/>\n<meta property=\"og:image\" content=\"https:\/\/www.meydan.tv\/wp-content\/uploads\/8220.jpg\" \/>\n\t<meta property=\"og:image:width\" content=\"533\" \/>\n\t<meta property=\"og:image:height\" content=\"300\" \/>\n\t<meta property=\"og:image:type\" content=\"image\/jpeg\" \/>\n<meta name=\"twitter:card\" content=\"summary_large_image\" \/>\n<!-- \/ Yoast SEO plugin. -->","yoast_head_json":{"title":"Erm\u0259nistan v\u0259t\u0259nda\u015f\u0131 m\u0259hk\u0259m\u0259d\u0259 Az\u0259rbaycan prezidentin\u0259 t\u0259\u015f\u0259kk\u00fcr etdi - MEYDAN.TV","robots":{"index":"index","follow":"follow","max-snippet":"max-snippet:-1","max-image-preview":"max-image-preview:large","max-video-preview":"max-video-preview:-1"},"canonical":"https:\/\/www.meydan.tv\/az\/article\/ermenistan-vetendasi-mehkemede-azerbaycan-prezidentine-tesekkur-etdi\/","og_locale":"az_AZ","og_type":"article","og_title":"Erm\u0259nistan v\u0259t\u0259nda\u015f\u0131 m\u0259hk\u0259m\u0259d\u0259 Az\u0259rbaycan prezidentin\u0259 t\u0259\u015f\u0259kk\u00fcr etdi - MEYDAN.TV","og_description":"Arsen Baqdasaryan: \"H\u0259bsd\u0259 oldu\u011fum m\u00fcdd\u0259tc\u0259 m\u0259n\u0259 qar\u015f\u0131 yax\u015f\u0131 r\u0259ftar olunub, geyim v\u0259 qida il\u0259 daim t\u0259min edilmi\u015f\u0259m\"","og_url":"https:\/\/www.meydan.tv\/az\/article\/ermenistan-vetendasi-mehkemede-azerbaycan-prezidentine-tesekkur-etdi\/","og_site_name":"MEYDAN.TV","article_published_time":"2015-04-13T16:03:02+00:00","og_image":[{"width":533,"height":300,"url":"https:\/\/www.meydan.tv\/wp-content\/uploads\/8220.jpg","type":"image\/jpeg"}],"twitter_card":"summary_large_image","schema":{"@context":"https:\/\/schema.org","@graph":[{"@type":"Article","@id":"https:\/\/www.meydan.tv\/az\/article\/ermenistan-vetendasi-mehkemede-azerbaycan-prezidentine-tesekkur-etdi\/#article","isPartOf":{"@id":"https:\/\/www.meydan.tv\/az\/article\/ermenistan-vetendasi-mehkemede-azerbaycan-prezidentine-tesekkur-etdi\/"},"author":{"name":"user-manager","@id":"https:\/\/www.meydan.tv\/az\/#\/schema\/person\/10d11eccf6da3662cf5fdab9806ea91a"},"headline":"Erm\u0259nistan v\u0259t\u0259nda\u015f\u0131 m\u0259hk\u0259m\u0259d\u0259 Az\u0259rbaycan prezidentin\u0259 t\u0259\u015f\u0259kk\u00fcr etdi","datePublished":"2015-04-13T16:03:02+00:00","mainEntityOfPage":{"@id":"https:\/\/www.meydan.tv\/az\/article\/ermenistan-vetendasi-mehkemede-azerbaycan-prezidentine-tesekkur-etdi\/"},"wordCount":457,"publisher":{"@id":"https:\/\/www.meydan.tv\/az\/#organization"},"image":{"@id":"https:\/\/www.meydan.tv\/az\/article\/ermenistan-vetendasi-mehkemede-azerbaycan-prezidentine-tesekkur-etdi\/#primaryimage"},"thumbnailUrl":"https:\/\/www.meydan.tv\/wp-content\/uploads\/8220.jpg","articleSection":["X\u0259b\u0259rl\u0259r"],"inLanguage":"az"},{"@type":"WebPage","@id":"https:\/\/www.meydan.tv\/az\/article\/ermenistan-vetendasi-mehkemede-azerbaycan-prezidentine-tesekkur-etdi\/","url":"https:\/\/www.meydan.tv\/az\/article\/ermenistan-vetendasi-mehkemede-azerbaycan-prezidentine-tesekkur-etdi\/","name":"Erm\u0259nistan v\u0259t\u0259nda\u015f\u0131 m\u0259hk\u0259m\u0259d\u0259 Az\u0259rbaycan prezidentin\u0259 t\u0259\u015f\u0259kk\u00fcr etdi - MEYDAN.TV","isPartOf":{"@id":"https:\/\/www.meydan.tv\/az\/#website"},"primaryImageOfPage":{"@id":"https:\/\/www.meydan.tv\/az\/article\/ermenistan-vetendasi-mehkemede-azerbaycan-prezidentine-tesekkur-etdi\/#primaryimage"},"image":{"@id":"https:\/\/www.meydan.tv\/az\/article\/ermenistan-vetendasi-mehkemede-azerbaycan-prezidentine-tesekkur-etdi\/#primaryimage"},"thumbnailUrl":"https:\/\/www.meydan.tv\/wp-content\/uploads\/8220.jpg","datePublished":"2015-04-13T16:03:02+00:00","breadcrumb":{"@id":"https:\/\/www.meydan.tv\/az\/article\/ermenistan-vetendasi-mehkemede-azerbaycan-prezidentine-tesekkur-etdi\/#breadcrumb"},"inLanguage":"az","potentialAction":[{"@type":"ReadAction","target":["https:\/\/www.meydan.tv\/az\/article\/ermenistan-vetendasi-mehkemede-azerbaycan-prezidentine-tesekkur-etdi\/"]}]},{"@type":"ImageObject","inLanguage":"az","@id":"https:\/\/www.meydan.tv\/az\/article\/ermenistan-vetendasi-mehkemede-azerbaycan-prezidentine-tesekkur-etdi\/#primaryimage","url":"https:\/\/www.meydan.tv\/wp-content\/uploads\/8220.jpg","contentUrl":"https:\/\/www.meydan.tv\/wp-content\/uploads\/8220.jpg","width":533,"height":300,"caption":"Source:"},{"@type":"BreadcrumbList","@id":"https:\/\/www.meydan.tv\/az\/article\/ermenistan-vetendasi-mehkemede-azerbaycan-prezidentine-tesekkur-etdi\/#breadcrumb","itemListElement":[{"@type":"ListItem","position":1,"name":"Ana s\u0259hif\u0259","item":"https:\/\/www.meydan.tv\/az\/"},{"@type":"ListItem","position":2,"name":"X\u0259b\u0259rl\u0259r","item":"https:\/\/www.meydan.tv\/az\/section\/xeberler\/"},{"@type":"ListItem","position":3,"name":"Erm\u0259nistan v\u0259t\u0259nda\u015f\u0131 m\u0259hk\u0259m\u0259d\u0259 Az\u0259rbaycan prezidentin\u0259 t\u0259\u015f\u0259kk\u00fcr etdi"}]},{"@type":"WebSite","@id":"https:\/\/www.meydan.tv\/az\/#website","url":"https:\/\/www.meydan.tv\/az\/","name":"MEYDAN.TV","description":"Meydan TV Az\u0259rbaycan\u0131n media m\u0259kan\u0131ndak\u0131 alternativ s\u0259sidir","publisher":{"@id":"https:\/\/www.meydan.tv\/az\/#organization"},"potentialAction":[{"@type":"SearchAction","target":{"@type":"EntryPoint","urlTemplate":"https:\/\/www.meydan.tv\/az\/?s={search_term_string}"},"query-input":{"@type":"PropertyValueSpecification","valueRequired":true,"valueName":"search_term_string"}}],"inLanguage":"az"},{"@type":"Organization","@id":"https:\/\/www.meydan.tv\/az\/#organization","name":"Meydan TV","url":"https:\/\/www.meydan.tv\/az\/","logo":{"@type":"ImageObject","inLanguage":"az","@id":"https:\/\/www.meydan.tv\/az\/#\/schema\/logo\/image\/","url":"https:\/\/www.meydan.tv\/wp-content\/uploads\/2021\/07\/meydan-logo.svg","contentUrl":"https:\/\/www.meydan.tv\/wp-content\/uploads\/2021\/07\/meydan-logo.svg","width":195,"height":46,"caption":"Meydan TV"},"image":{"@id":"https:\/\/www.meydan.tv\/az\/#\/schema\/logo\/image\/"}},{"@type":"Person","@id":"https:\/\/www.meydan.tv\/az\/#\/schema\/person\/10d11eccf6da3662cf5fdab9806ea91a","name":"user-manager"}]}},"_links":{"self":[{"href":"https:\/\/www.meydan.tv\/az\/wp-json\/wp\/v2\/posts\/167527","targetHints":{"allow":["GET"]}}],"collection":[{"href":"https:\/\/www.meydan.tv\/az\/wp-json\/wp\/v2\/posts"}],"about":[{"href":"https:\/\/www.meydan.tv\/az\/wp-json\/wp\/v2\/types\/post"}],"author":[{"embeddable":true,"href":"https:\/\/www.meydan.tv\/az\/wp-json\/wp\/v2\/users\/11"}],"replies":[{"embeddable":true,"href":"https:\/\/www.meydan.tv\/az\/wp-json\/wp\/v2\/comments?post=167527"}],"version-history":[{"count":0,"href":"https:\/\/www.meydan.tv\/az\/wp-json\/wp\/v2\/posts\/167527\/revisions"}],"wp:featuredmedia":[{"embeddable":true,"href":"https:\/\/www.meydan.tv\/az\/wp-json\/wp\/v2\/media\/22643"}],"wp:attachment":[{"href":"https:\/\/www.meydan.tv\/az\/wp-json\/wp\/v2\/media?parent=167527"}],"wp:term":[{"taxonomy":"category","embeddable":true,"href":"https:\/\/www.meydan.tv\/az\/wp-json\/wp\/v2\/categories?post=167527"},{"taxonomy":"post_tag","embeddable":true,"href":"https:\/\/www.meydan.tv\/az\/wp-json\/wp\/v2\/tags?post=167527"}],"curies":[{"name":"wp","href":"https:\/\/api.w.org\/{rel}","templated":true}]}}