{"id":167526,"date":"2015-04-13T15:53:18","date_gmt":"2015-04-13T15:53:18","guid":{"rendered":"https:\/\/www.meydan.tv\/article\/siyasi-mehbuslarin-qezet-problemi-hele-de-hell-olunmayib\/"},"modified":"2015-04-13T15:53:18","modified_gmt":"2015-04-13T15:53:18","slug":"siyasi-mehbuslarin-qezet-problemi-hele-de-hell-olunmayib","status":"publish","type":"post","link":"https:\/\/www.meydan.tv\/az\/article\/siyasi-mehbuslarin-qezet-problemi-hele-de-hell-olunmayib\/","title":{"rendered":"Siyasi m\u0259hbuslar\u0131n q\u0259zet problemi h\u0259l\u0259 d\u0259 h\u0259ll olunmay\u0131b"},"content":{"rendered":"<figure class=\"wp-block-image size-large\">\n  <img decoding=\"async\" src=\"https:\/\/www.meydan.tv\/az\/22640\/\" alt=\"\" class=\"wp-image-22640\"\/><figcaption><\/figcaption><\/figure>\n<figure class=\"wp-block-image size-large\">\n  <img decoding=\"async\" src=\"https:\/\/www.meydan.tv\/az\/22640\/\" alt=\"\" class=\"wp-image-22640\"\/><figcaption><\/figcaption><\/figure>\n<p>\n  <i><br \/>\n    13 sayl\u0131 c\u0259za\u00e7\u0259km\u0259 m\u00fc\u0259ssis\u0259sin\u0259 i\u015f\u0131q, qaz, su fasil\u0259l\u0259rl\u0259 verilir<br \/>\n  <\/i><\/p>\n<p>  Aprelin 12-d\u0259 ail\u0259 \u00fczvl\u0259ri Penitensiar Xidm\u0259tin 13 sayl\u0131 c\u0259za\u00e7\u0259km\u0259 m\u00fc\u0259ssis\u0259sind\u0259 saxlan\u0131lan Se\u00e7kil\u0259rin Monitorinqi v\u0259 Demokratiyan\u0131n T\u0259drisi M\u0259rk\u0259zinin r\u0259hb\u0259ri, vicdan m\u0259hbusu Anar M\u0259mm\u0259dli il\u0259 g\u00f6r\u00fc\u015f\u00fcbl\u0259r. Bu haqda Meydan TV-y\u0259 A.M\u0259mm\u0259dlinin ail\u0259 \u00fczvl\u0259ri m\u0259lumat verib.\n<\/p>\n<p>\n  Onlar\u0131n s\u00f6zl\u0259rin\u0259 g\u00f6r\u0259, A.M\u0259mm\u0259dlinin \u0259hval-ruhiyy\u0259si yax\u015f\u0131d\u0131r, dostlar\u0131na salam g\u00f6nd\u0259rib.\n<\/p>\n<p>\n  Ail\u0259 \u00fczvl\u0259rinin dediyin\u0259 g\u00f6r\u0259, Anar M\u0259mm\u0259dli bildirib ki, ona v\u0259 13 sayl\u0131 c\u0259za\u00e7\u0259km\u0259 m\u00fc\u0259ssis\u0259sind\u0259 saxlan\u0131lan dig\u0259r siyasi m\u0259hbuslar\u0131n q\u0259zet problem\u0131 h\u0259l\u0259 d\u0259 h\u0259ll olunmay\u0131b. Bel\u0259 ki, xeyli m\u00fcdd\u0259tdir ki, ordak\u0131 siyasi m\u0259hbuslara veril\u0259n q\u0259zetl\u0259rd\u0259 onlara aid olan v\u0259 siyasi xarakterli yaz\u0131lar k\u0259sil\u0259r\u0259k g\u00f6t\u00fcr\u00fcl\u00fcr.\n<\/p>\n<p>\n  M\u0259lumatda bildirilir ki, buna etiraz olaraq 13 sayl\u0131 c\u0259za\u00e7\u0259km\u0259 m\u00fc\u0259ssis\u0259sind\u0259 saxlan\u0131lan siyasi m\u0259hbuslar\u00a0 iki h\u0259ft\u0259dir ki, q\u0259zet oxumaqdan imtina edibl\u0259r.\n<\/p>\n<p>\n  H\u0259m\u00e7inin, son vaxtlar c\u0259za\u00e7\u0259km\u0259 m\u00fc\u0259ssis\u0259sin\u0259 i\u015f\u0131q, qaz, su fasil\u0259l\u0259rl\u0259 verilir. Buna etiraz ed\u0259nd\u0259 is\u0259, c\u0259za\u00e7\u0259km\u0259 m\u00fc\u0259ssis\u0259sinin \u0259m\u0259kda\u015flar\u0131 deyibl\u0259r ki, q\u0259na\u0259t edirl\u0259r. Anar M\u0259mm\u0259dli deyib ki, \u00fcmumiyy\u0259tl\u0259 c\u0259za\u00e7\u0259km\u0259 m\u00fc\u0259ssis\u0259sinin elektrik naqill\u0259ri xarabd\u0131r, bir az k\u00fcl\u0259k \u0259s\u0259n kimi i\u015f\u0131qlar s\u00f6n\u00fcr.\n<\/p>\n<p>\n  Anar M\u0259mm\u0259dli 16 dekabr 2013-c\u00fc ild\u0259 h\u0259bs edilib. Bak\u0131 A\u011f\u0131r Cinay\u0259tl\u0259r M\u0259hk\u0259m\u0259si onu qanunsuz sahibkarl\u0131q, v\u0259zif\u0259 m\u00f6vqeyind\u0259n sui-istifad\u0259 v\u0259 vergi \u00f6d\u0259ni\u015find\u0259n yay\u0131nma ittihamlar\u0131 il\u0259 5 il 6 ay m\u00fcdd\u0259tin\u0259 azadl\u0131qdan m\u0259hrum edib.\n<\/p>\n<p>\n  Amnesty \u0130nternational t\u0259\u015fkilat\u0131 Anar M\u0259mm\u0259dlini vicdan m\u0259hbusu elan edib. Yerli v\u0259 beyn\u0259lxalq t\u0259\u015fkilatlar Anar M\u0259mm\u0259dliy\u0259 qar\u015f\u0131 ir\u0259li s\u00fcr\u00fcl\u0259n ittihamlar\u0131 v\u0259 \u00e7\u0131xar\u0131lan m\u0259hk\u0259m\u0259 hokm\u00fcn\u00fc siyasi xarakterli oldu\u011funu bildirirl\u0259r v\u0259 onun d\u0259rhal azad edilm\u0259sini t\u0259l\u0259b edirl\u0259r.\n<\/p>\n<p>\n  O, A\u015ePA-nin t\u0259sis etdiyi Vatslav Havel m\u00fckafat\u0131na layiq g\u00f6r\u00fcl\u00fcb.\n<\/p><\/p>\n","protected":false},"excerpt":{"rendered":"<p>13 sayl\u0131 c\u0259za\u00e7\u0259km\u0259 m\u00fc\u0259ssis\u0259sin\u0259 i\u015f\u0131q, qaz, su fasil\u0259l\u0259rl\u0259 verilir<\/p>\n","protected":false},"author":11,"featured_media":22640,"comment_status":"closed","ping_status":"open","sticky":false,"template":"","format":"standard","meta":{"_acf_changed":false,"_sitemap_exclude":false,"_sitemap_priority":"","_sitemap_frequency":"","footnotes":""},"categories":[56],"tags":[],"class_list":["post-167526","post","type-post","status-publish","format-standard","has-post-thumbnail","hentry","category-xeberler","infinite-scroll-item","generate-columns","tablet-grid-50","mobile-grid-100","grid-parent","grid-33","no-featured-image-padding"],"acf":[],"yoast_head":"<!-- This site is optimized with the Yoast SEO plugin v28.4 - https:\/\/yoast.com\/product\/yoast-seo-wordpress\/ -->\n<title>Siyasi m\u0259hbuslar\u0131n q\u0259zet problemi h\u0259l\u0259 d\u0259 h\u0259ll olunmay\u0131b - MEYDAN.TV<\/title>\n<meta name=\"robots\" content=\"index, follow, max-snippet:-1, max-image-preview:large, max-video-preview:-1\" \/>\n<link rel=\"canonical\" href=\"https:\/\/www.meydan.tv\/az\/article\/siyasi-mehbuslarin-qezet-problemi-hele-de-hell-olunmayib\/\" \/>\n<meta property=\"og:locale\" content=\"az_AZ\" \/>\n<meta property=\"og:type\" content=\"article\" \/>\n<meta property=\"og:title\" content=\"Siyasi m\u0259hbuslar\u0131n q\u0259zet problemi h\u0259l\u0259 d\u0259 h\u0259ll olunmay\u0131b - MEYDAN.TV\" \/>\n<meta property=\"og:description\" content=\"13 sayl\u0131 c\u0259za\u00e7\u0259km\u0259 m\u00fc\u0259ssis\u0259sin\u0259 i\u015f\u0131q, qaz, su fasil\u0259l\u0259rl\u0259 verilir\" \/>\n<meta property=\"og:url\" content=\"https:\/\/www.meydan.tv\/az\/article\/siyasi-mehbuslarin-qezet-problemi-hele-de-hell-olunmayib\/\" \/>\n<meta property=\"og:site_name\" content=\"MEYDAN.TV\" \/>\n<meta property=\"article:published_time\" content=\"2015-04-13T15:53:18+00:00\" \/>\n<meta property=\"og:image\" content=\"https:\/\/www.meydan.tv\/wp-content\/uploads\/8219.jpg\" \/>\n\t<meta property=\"og:image:width\" content=\"368\" \/>\n\t<meta property=\"og:image:height\" content=\"250\" \/>\n\t<meta property=\"og:image:type\" content=\"image\/jpeg\" \/>\n<meta name=\"twitter:card\" content=\"summary_large_image\" \/>\n<!-- \/ Yoast SEO plugin. -->","yoast_head_json":{"title":"Siyasi m\u0259hbuslar\u0131n q\u0259zet problemi h\u0259l\u0259 d\u0259 h\u0259ll olunmay\u0131b - MEYDAN.TV","robots":{"index":"index","follow":"follow","max-snippet":"max-snippet:-1","max-image-preview":"max-image-preview:large","max-video-preview":"max-video-preview:-1"},"canonical":"https:\/\/www.meydan.tv\/az\/article\/siyasi-mehbuslarin-qezet-problemi-hele-de-hell-olunmayib\/","og_locale":"az_AZ","og_type":"article","og_title":"Siyasi m\u0259hbuslar\u0131n q\u0259zet problemi h\u0259l\u0259 d\u0259 h\u0259ll olunmay\u0131b - MEYDAN.TV","og_description":"13 sayl\u0131 c\u0259za\u00e7\u0259km\u0259 m\u00fc\u0259ssis\u0259sin\u0259 i\u015f\u0131q, qaz, su fasil\u0259l\u0259rl\u0259 verilir","og_url":"https:\/\/www.meydan.tv\/az\/article\/siyasi-mehbuslarin-qezet-problemi-hele-de-hell-olunmayib\/","og_site_name":"MEYDAN.TV","article_published_time":"2015-04-13T15:53:18+00:00","og_image":[{"width":368,"height":250,"url":"https:\/\/www.meydan.tv\/wp-content\/uploads\/8219.jpg","type":"image\/jpeg"}],"twitter_card":"summary_large_image","schema":{"@context":"https:\/\/schema.org","@graph":[{"@type":"Article","@id":"https:\/\/www.meydan.tv\/az\/article\/siyasi-mehbuslarin-qezet-problemi-hele-de-hell-olunmayib\/#article","isPartOf":{"@id":"https:\/\/www.meydan.tv\/az\/article\/siyasi-mehbuslarin-qezet-problemi-hele-de-hell-olunmayib\/"},"author":{"name":"user-manager","@id":"https:\/\/www.meydan.tv\/az\/#\/schema\/person\/10d11eccf6da3662cf5fdab9806ea91a"},"headline":"Siyasi m\u0259hbuslar\u0131n q\u0259zet problemi h\u0259l\u0259 d\u0259 h\u0259ll olunmay\u0131b","datePublished":"2015-04-13T15:53:18+00:00","mainEntityOfPage":{"@id":"https:\/\/www.meydan.tv\/az\/article\/siyasi-mehbuslarin-qezet-problemi-hele-de-hell-olunmayib\/"},"wordCount":407,"publisher":{"@id":"https:\/\/www.meydan.tv\/az\/#organization"},"image":{"@id":"https:\/\/www.meydan.tv\/az\/article\/siyasi-mehbuslarin-qezet-problemi-hele-de-hell-olunmayib\/#primaryimage"},"thumbnailUrl":"https:\/\/www.meydan.tv\/wp-content\/uploads\/8219.jpg","articleSection":["X\u0259b\u0259rl\u0259r"],"inLanguage":"az"},{"@type":"WebPage","@id":"https:\/\/www.meydan.tv\/az\/article\/siyasi-mehbuslarin-qezet-problemi-hele-de-hell-olunmayib\/","url":"https:\/\/www.meydan.tv\/az\/article\/siyasi-mehbuslarin-qezet-problemi-hele-de-hell-olunmayib\/","name":"Siyasi m\u0259hbuslar\u0131n q\u0259zet problemi h\u0259l\u0259 d\u0259 h\u0259ll olunmay\u0131b - MEYDAN.TV","isPartOf":{"@id":"https:\/\/www.meydan.tv\/az\/#website"},"primaryImageOfPage":{"@id":"https:\/\/www.meydan.tv\/az\/article\/siyasi-mehbuslarin-qezet-problemi-hele-de-hell-olunmayib\/#primaryimage"},"image":{"@id":"https:\/\/www.meydan.tv\/az\/article\/siyasi-mehbuslarin-qezet-problemi-hele-de-hell-olunmayib\/#primaryimage"},"thumbnailUrl":"https:\/\/www.meydan.tv\/wp-content\/uploads\/8219.jpg","datePublished":"2015-04-13T15:53:18+00:00","breadcrumb":{"@id":"https:\/\/www.meydan.tv\/az\/article\/siyasi-mehbuslarin-qezet-problemi-hele-de-hell-olunmayib\/#breadcrumb"},"inLanguage":"az","potentialAction":[{"@type":"ReadAction","target":["https:\/\/www.meydan.tv\/az\/article\/siyasi-mehbuslarin-qezet-problemi-hele-de-hell-olunmayib\/"]}]},{"@type":"ImageObject","inLanguage":"az","@id":"https:\/\/www.meydan.tv\/az\/article\/siyasi-mehbuslarin-qezet-problemi-hele-de-hell-olunmayib\/#primaryimage","url":"https:\/\/www.meydan.tv\/wp-content\/uploads\/8219.jpg","contentUrl":"https:\/\/www.meydan.tv\/wp-content\/uploads\/8219.jpg","width":368,"height":250,"caption":"Source:"},{"@type":"BreadcrumbList","@id":"https:\/\/www.meydan.tv\/az\/article\/siyasi-mehbuslarin-qezet-problemi-hele-de-hell-olunmayib\/#breadcrumb","itemListElement":[{"@type":"ListItem","position":1,"name":"Ana s\u0259hif\u0259","item":"https:\/\/www.meydan.tv\/az\/"},{"@type":"ListItem","position":2,"name":"X\u0259b\u0259rl\u0259r","item":"https:\/\/www.meydan.tv\/az\/section\/xeberler\/"},{"@type":"ListItem","position":3,"name":"Siyasi m\u0259hbuslar\u0131n q\u0259zet problemi h\u0259l\u0259 d\u0259 h\u0259ll olunmay\u0131b"}]},{"@type":"WebSite","@id":"https:\/\/www.meydan.tv\/az\/#website","url":"https:\/\/www.meydan.tv\/az\/","name":"MEYDAN.TV","description":"Meydan TV Az\u0259rbaycan\u0131n media m\u0259kan\u0131ndak\u0131 alternativ s\u0259sidir","publisher":{"@id":"https:\/\/www.meydan.tv\/az\/#organization"},"potentialAction":[{"@type":"SearchAction","target":{"@type":"EntryPoint","urlTemplate":"https:\/\/www.meydan.tv\/az\/?s={search_term_string}"},"query-input":{"@type":"PropertyValueSpecification","valueRequired":true,"valueName":"search_term_string"}}],"inLanguage":"az"},{"@type":"Organization","@id":"https:\/\/www.meydan.tv\/az\/#organization","name":"Meydan TV","url":"https:\/\/www.meydan.tv\/az\/","logo":{"@type":"ImageObject","inLanguage":"az","@id":"https:\/\/www.meydan.tv\/az\/#\/schema\/logo\/image\/","url":"https:\/\/www.meydan.tv\/wp-content\/uploads\/2021\/07\/meydan-logo.svg","contentUrl":"https:\/\/www.meydan.tv\/wp-content\/uploads\/2021\/07\/meydan-logo.svg","width":195,"height":46,"caption":"Meydan TV"},"image":{"@id":"https:\/\/www.meydan.tv\/az\/#\/schema\/logo\/image\/"}},{"@type":"Person","@id":"https:\/\/www.meydan.tv\/az\/#\/schema\/person\/10d11eccf6da3662cf5fdab9806ea91a","name":"user-manager"}]}},"_links":{"self":[{"href":"https:\/\/www.meydan.tv\/az\/wp-json\/wp\/v2\/posts\/167526","targetHints":{"allow":["GET"]}}],"collection":[{"href":"https:\/\/www.meydan.tv\/az\/wp-json\/wp\/v2\/posts"}],"about":[{"href":"https:\/\/www.meydan.tv\/az\/wp-json\/wp\/v2\/types\/post"}],"author":[{"embeddable":true,"href":"https:\/\/www.meydan.tv\/az\/wp-json\/wp\/v2\/users\/11"}],"replies":[{"embeddable":true,"href":"https:\/\/www.meydan.tv\/az\/wp-json\/wp\/v2\/comments?post=167526"}],"version-history":[{"count":0,"href":"https:\/\/www.meydan.tv\/az\/wp-json\/wp\/v2\/posts\/167526\/revisions"}],"wp:featuredmedia":[{"embeddable":true,"href":"https:\/\/www.meydan.tv\/az\/wp-json\/wp\/v2\/media\/22640"}],"wp:attachment":[{"href":"https:\/\/www.meydan.tv\/az\/wp-json\/wp\/v2\/media?parent=167526"}],"wp:term":[{"taxonomy":"category","embeddable":true,"href":"https:\/\/www.meydan.tv\/az\/wp-json\/wp\/v2\/categories?post=167526"},{"taxonomy":"post_tag","embeddable":true,"href":"https:\/\/www.meydan.tv\/az\/wp-json\/wp\/v2\/tags?post=167526"}],"curies":[{"name":"wp","href":"https:\/\/api.w.org\/{rel}","templated":true}]}}