{"id":167525,"date":"2015-04-13T15:45:43","date_gmt":"2015-04-13T15:45:43","guid":{"rendered":"https:\/\/www.meydan.tv\/article\/xin-gurcustan-yazicisinin-adini-arzuolunmaz-sexsler-siyahisindan-cixarib\/"},"modified":"2015-04-13T15:45:43","modified_gmt":"2015-04-13T15:45:43","slug":"xin-gurcustan-yazicisinin-adini-arzuolunmaz-sexsler-siyahisindan-cixarib","status":"publish","type":"post","link":"https:\/\/www.meydan.tv\/az\/article\/xin-gurcustan-yazicisinin-adini-arzuolunmaz-sexsler-siyahisindan-cixarib\/","title":{"rendered":"X\u0130N G\u00fcrc\u00fcstan yaz\u0131\u00e7\u0131s\u0131n\u0131n ad\u0131n\u0131 \u201carzuolunmaz \u015f\u0259xsl\u0259r\u201d siyah\u0131s\u0131ndan \u00e7\u0131xar\u0131b"},"content":{"rendered":"<figure class=\"wp-block-image size-large\">\n  <img decoding=\"async\" src=\"https:\/\/www.meydan.tv\/az\/22637\/\" alt=\"\" class=\"wp-image-22637\"\/><figcaption><\/figcaption><\/figure>\n<figure class=\"wp-block-image size-large\">\n  <img decoding=\"async\" src=\"https:\/\/www.meydan.tv\/az\/22637\/\" alt=\"\" class=\"wp-image-22637\"\/><figcaption><\/figcaption><\/figure>\n<p><div>\n    <i><br \/>\n      Hikm\u0259t Hac\u0131yev: &#8220;David Tura\u015fvilinin m\u00fcraci\u0259ti m\u00fcvafiq qaydada n\u0259z\u0259rd\u0259n ke\u00e7irilib v\u0259 onun ad\u0131n\u0131n \u201carzuolunmaz \u015f\u0259xsl\u0259r\u201d siyah\u0131s\u0131ndan \u00e7\u0131xar\u0131lmas\u0131na dair q\u0259rar q\u0259bul edilib&#8221;<br \/>\n    <\/i>\n  <\/div>\n<\/p>\n<p><div><\/div>\n<\/p>\n<p><div>\n    Az\u0259rbaycan Xarici \u0130\u015fl\u0259r Nazirliyinin m\u0259tbuat xidm\u0259tinin r\u0259hb\u0259ri Hikm\u0259t Hac\u0131yev G\u00fcrc\u00fcstan v\u0259t\u0259nda\u015f\u0131 David Tura\u015fvilinin ad\u0131n\u0131n \u201carzuolunmaz \u015f\u0259xsl\u0259r\u201d siyah\u0131s\u0131ndan \u00e7\u0131xar\u0131ld\u0131\u011f\u0131n\u0131 a\u00e7\u0131qlay\u0131b.\n  <\/div>\n<\/p>\n<p>\n  X\u0130N-in m\u0259tbuat xidm\u0259tind\u0259n<br \/>\n  <a href=\"https:\/\/apa.az\"><br \/>\n    APA<br \/>\n  <\/a><br \/>\n  -ya veril\u0259n m\u0259lumata g\u00f6r\u0259, H. Hac\u0131yev bildirib ki, Az\u0259rbaycan Respublikas\u0131n\u0131n i\u015f\u011fal olunmu\u015f \u0259razil\u0259rin\u0259 qanunsuz s\u0259f\u0259r ed\u0259r\u0259k \u00f6lk\u0259nin \u201cD\u00f6vl\u0259t s\u0259rh\u0259di haqq\u0131nda&#8221; qanununu pozmu\u015f v\u0259 buna g\u00f6r\u0259 d\u0259<br \/>\n  <a href=\"http:\/\/az.apa.az\/tag\/Xarici+%C4%B0%C5%9Fl%C9%99r+Nazirliyi\"><br \/>\n    Xarici \u0130\u015fl\u0259r Nazirliyi<br \/>\n  <\/a><br \/>\n  t\u0259r\u0259find\u0259n t\u0259rtib olunmu\u015f \u201carzuolunmaz \u015f\u0259xsl\u0259r\u201d siyah\u0131s\u0131na daxil edilmi\u015f G\u00fcrc\u00fcstan v\u0259t\u0259nda\u015f\u0131, yaz\u0131\u00e7\u0131 David Tura\u015fvili ad\u0131n\u0131n bu siyah\u0131dan \u00e7\u0131xar\u0131lmas\u0131 xahi\u015fi il\u0259 Az\u0259rbaycan X\u0130N-\u0259 m\u0259ktubla m\u00fcraci\u0259t edib:\n<\/p>\n<p>\n  \u201cM\u0259ktubda David Tura\u015fvili bu s\u0259f\u0259rin t\u0259sad\u00fcfi v\u0259 q\u0259r\u0259zsiz oldu\u011funu, he\u00e7 bir halda Az\u0259rbaycan Respublikas\u0131n\u0131n \u0259razi b\u00fct\u00f6vl\u00fcy\u00fc, suverenliyi v\u0259 qanunlar\u0131na h\u00f6rm\u0259tsizlik xarakteri da\u015f\u0131mad\u0131\u011f\u0131n\u0131 bildirib. O, m\u00fcst\u0259sna hal kimi \u201carzuolunmaz \u015f\u0259xsl\u0259r\u201d siyah\u0131s\u0131na sal\u0131nmas\u0131 bar\u0259sind\u0259 q\u0259rar\u0131n l\u0259\u011fv edilm\u0259sini xahi\u015f edib.\u00a0David Tura\u015fvilinin m\u00fcraci\u0259ti m\u00fcvafiq qaydada n\u0259z\u0259rd\u0259n ke\u00e7irilib v\u0259 onun ad\u0131n\u0131n \u201carzuolunmaz \u015f\u0259xsl\u0259r\u201d siyah\u0131s\u0131ndan \u00e7\u0131xar\u0131lmas\u0131na dair q\u0259rar q\u0259bul edilib\u201d<\/p>\n","protected":false},"excerpt":{"rendered":"<p>Hikm\u0259t Hac\u0131yev: &#8220;David Tura\u015fvilinin m\u00fcraci\u0259ti m\u00fcvafiq qaydada n\u0259z\u0259rd\u0259n ke\u00e7irilib v\u0259 onun ad\u0131n\u0131n \u201carzuolunmaz \u015f\u0259xsl\u0259r\u201d siyah\u0131s\u0131ndan \u00e7\u0131xar\u0131lmas\u0131na dair q\u0259rar q\u0259bul edilib&#8221;<\/p>\n","protected":false},"author":11,"featured_media":22637,"comment_status":"closed","ping_status":"open","sticky":false,"template":"","format":"standard","meta":{"_acf_changed":false,"_sitemap_exclude":false,"_sitemap_priority":"","_sitemap_frequency":"","footnotes":""},"categories":[56],"tags":[],"class_list":["post-167525","post","type-post","status-publish","format-standard","has-post-thumbnail","hentry","category-xeberler","infinite-scroll-item","generate-columns","tablet-grid-50","mobile-grid-100","grid-parent","grid-33","no-featured-image-padding"],"acf":[],"yoast_head":"<!-- This site is optimized with the Yoast SEO plugin v28.4 - https:\/\/yoast.com\/product\/yoast-seo-wordpress\/ -->\n<title>X\u0130N G\u00fcrc\u00fcstan yaz\u0131\u00e7\u0131s\u0131n\u0131n ad\u0131n\u0131 \u201carzuolunmaz \u015f\u0259xsl\u0259r\u201d siyah\u0131s\u0131ndan \u00e7\u0131xar\u0131b - MEYDAN.TV<\/title>\n<meta name=\"robots\" content=\"index, follow, max-snippet:-1, max-image-preview:large, max-video-preview:-1\" \/>\n<link rel=\"canonical\" href=\"https:\/\/www.meydan.tv\/az\/article\/xin-gurcustan-yazicisinin-adini-arzuolunmaz-sexsler-siyahisindan-cixarib\/\" \/>\n<meta property=\"og:locale\" content=\"az_AZ\" \/>\n<meta property=\"og:type\" content=\"article\" \/>\n<meta property=\"og:title\" content=\"X\u0130N G\u00fcrc\u00fcstan yaz\u0131\u00e7\u0131s\u0131n\u0131n ad\u0131n\u0131 \u201carzuolunmaz \u015f\u0259xsl\u0259r\u201d siyah\u0131s\u0131ndan \u00e7\u0131xar\u0131b - MEYDAN.TV\" \/>\n<meta property=\"og:description\" content=\"Hikm\u0259t Hac\u0131yev: &quot;David Tura\u015fvilinin m\u00fcraci\u0259ti m\u00fcvafiq qaydada n\u0259z\u0259rd\u0259n ke\u00e7irilib v\u0259 onun ad\u0131n\u0131n \u201carzuolunmaz \u015f\u0259xsl\u0259r\u201d siyah\u0131s\u0131ndan \u00e7\u0131xar\u0131lmas\u0131na dair q\u0259rar q\u0259bul edilib&quot;\" \/>\n<meta property=\"og:url\" content=\"https:\/\/www.meydan.tv\/az\/article\/xin-gurcustan-yazicisinin-adini-arzuolunmaz-sexsler-siyahisindan-cixarib\/\" \/>\n<meta property=\"og:site_name\" content=\"MEYDAN.TV\" \/>\n<meta property=\"article:published_time\" content=\"2015-04-13T15:45:43+00:00\" \/>\n<meta property=\"og:image\" content=\"https:\/\/www.meydan.tv\/wp-content\/uploads\/8218.jpg\" \/>\n\t<meta property=\"og:image:width\" content=\"635\" \/>\n\t<meta property=\"og:image:height\" content=\"475\" \/>\n\t<meta property=\"og:image:type\" content=\"image\/jpeg\" \/>\n<meta name=\"twitter:card\" content=\"summary_large_image\" \/>\n<!-- \/ Yoast SEO plugin. -->","yoast_head_json":{"title":"X\u0130N G\u00fcrc\u00fcstan yaz\u0131\u00e7\u0131s\u0131n\u0131n ad\u0131n\u0131 \u201carzuolunmaz \u015f\u0259xsl\u0259r\u201d siyah\u0131s\u0131ndan \u00e7\u0131xar\u0131b - MEYDAN.TV","robots":{"index":"index","follow":"follow","max-snippet":"max-snippet:-1","max-image-preview":"max-image-preview:large","max-video-preview":"max-video-preview:-1"},"canonical":"https:\/\/www.meydan.tv\/az\/article\/xin-gurcustan-yazicisinin-adini-arzuolunmaz-sexsler-siyahisindan-cixarib\/","og_locale":"az_AZ","og_type":"article","og_title":"X\u0130N G\u00fcrc\u00fcstan yaz\u0131\u00e7\u0131s\u0131n\u0131n ad\u0131n\u0131 \u201carzuolunmaz \u015f\u0259xsl\u0259r\u201d siyah\u0131s\u0131ndan \u00e7\u0131xar\u0131b - MEYDAN.TV","og_description":"Hikm\u0259t Hac\u0131yev: \"David Tura\u015fvilinin m\u00fcraci\u0259ti m\u00fcvafiq qaydada n\u0259z\u0259rd\u0259n ke\u00e7irilib v\u0259 onun ad\u0131n\u0131n \u201carzuolunmaz \u015f\u0259xsl\u0259r\u201d siyah\u0131s\u0131ndan \u00e7\u0131xar\u0131lmas\u0131na dair q\u0259rar q\u0259bul edilib\"","og_url":"https:\/\/www.meydan.tv\/az\/article\/xin-gurcustan-yazicisinin-adini-arzuolunmaz-sexsler-siyahisindan-cixarib\/","og_site_name":"MEYDAN.TV","article_published_time":"2015-04-13T15:45:43+00:00","og_image":[{"width":635,"height":475,"url":"https:\/\/www.meydan.tv\/wp-content\/uploads\/8218.jpg","type":"image\/jpeg"}],"twitter_card":"summary_large_image","schema":{"@context":"https:\/\/schema.org","@graph":[{"@type":"Article","@id":"https:\/\/www.meydan.tv\/az\/article\/xin-gurcustan-yazicisinin-adini-arzuolunmaz-sexsler-siyahisindan-cixarib\/#article","isPartOf":{"@id":"https:\/\/www.meydan.tv\/az\/article\/xin-gurcustan-yazicisinin-adini-arzuolunmaz-sexsler-siyahisindan-cixarib\/"},"author":{"name":"user-manager","@id":"https:\/\/www.meydan.tv\/az\/#\/schema\/person\/10d11eccf6da3662cf5fdab9806ea91a"},"headline":"X\u0130N G\u00fcrc\u00fcstan yaz\u0131\u00e7\u0131s\u0131n\u0131n ad\u0131n\u0131 \u201carzuolunmaz \u015f\u0259xsl\u0259r\u201d siyah\u0131s\u0131ndan \u00e7\u0131xar\u0131b","datePublished":"2015-04-13T15:45:43+00:00","mainEntityOfPage":{"@id":"https:\/\/www.meydan.tv\/az\/article\/xin-gurcustan-yazicisinin-adini-arzuolunmaz-sexsler-siyahisindan-cixarib\/"},"wordCount":306,"publisher":{"@id":"https:\/\/www.meydan.tv\/az\/#organization"},"image":{"@id":"https:\/\/www.meydan.tv\/az\/article\/xin-gurcustan-yazicisinin-adini-arzuolunmaz-sexsler-siyahisindan-cixarib\/#primaryimage"},"thumbnailUrl":"https:\/\/www.meydan.tv\/wp-content\/uploads\/8218.jpg","articleSection":["X\u0259b\u0259rl\u0259r"],"inLanguage":"az"},{"@type":"WebPage","@id":"https:\/\/www.meydan.tv\/az\/article\/xin-gurcustan-yazicisinin-adini-arzuolunmaz-sexsler-siyahisindan-cixarib\/","url":"https:\/\/www.meydan.tv\/az\/article\/xin-gurcustan-yazicisinin-adini-arzuolunmaz-sexsler-siyahisindan-cixarib\/","name":"X\u0130N G\u00fcrc\u00fcstan yaz\u0131\u00e7\u0131s\u0131n\u0131n ad\u0131n\u0131 \u201carzuolunmaz \u015f\u0259xsl\u0259r\u201d siyah\u0131s\u0131ndan \u00e7\u0131xar\u0131b - MEYDAN.TV","isPartOf":{"@id":"https:\/\/www.meydan.tv\/az\/#website"},"primaryImageOfPage":{"@id":"https:\/\/www.meydan.tv\/az\/article\/xin-gurcustan-yazicisinin-adini-arzuolunmaz-sexsler-siyahisindan-cixarib\/#primaryimage"},"image":{"@id":"https:\/\/www.meydan.tv\/az\/article\/xin-gurcustan-yazicisinin-adini-arzuolunmaz-sexsler-siyahisindan-cixarib\/#primaryimage"},"thumbnailUrl":"https:\/\/www.meydan.tv\/wp-content\/uploads\/8218.jpg","datePublished":"2015-04-13T15:45:43+00:00","breadcrumb":{"@id":"https:\/\/www.meydan.tv\/az\/article\/xin-gurcustan-yazicisinin-adini-arzuolunmaz-sexsler-siyahisindan-cixarib\/#breadcrumb"},"inLanguage":"az","potentialAction":[{"@type":"ReadAction","target":["https:\/\/www.meydan.tv\/az\/article\/xin-gurcustan-yazicisinin-adini-arzuolunmaz-sexsler-siyahisindan-cixarib\/"]}]},{"@type":"ImageObject","inLanguage":"az","@id":"https:\/\/www.meydan.tv\/az\/article\/xin-gurcustan-yazicisinin-adini-arzuolunmaz-sexsler-siyahisindan-cixarib\/#primaryimage","url":"https:\/\/www.meydan.tv\/wp-content\/uploads\/8218.jpg","contentUrl":"https:\/\/www.meydan.tv\/wp-content\/uploads\/8218.jpg","width":635,"height":475,"caption":"Source:"},{"@type":"BreadcrumbList","@id":"https:\/\/www.meydan.tv\/az\/article\/xin-gurcustan-yazicisinin-adini-arzuolunmaz-sexsler-siyahisindan-cixarib\/#breadcrumb","itemListElement":[{"@type":"ListItem","position":1,"name":"Ana s\u0259hif\u0259","item":"https:\/\/www.meydan.tv\/az\/"},{"@type":"ListItem","position":2,"name":"X\u0259b\u0259rl\u0259r","item":"https:\/\/www.meydan.tv\/az\/section\/xeberler\/"},{"@type":"ListItem","position":3,"name":"X\u0130N G\u00fcrc\u00fcstan yaz\u0131\u00e7\u0131s\u0131n\u0131n ad\u0131n\u0131 \u201carzuolunmaz \u015f\u0259xsl\u0259r\u201d siyah\u0131s\u0131ndan \u00e7\u0131xar\u0131b"}]},{"@type":"WebSite","@id":"https:\/\/www.meydan.tv\/az\/#website","url":"https:\/\/www.meydan.tv\/az\/","name":"MEYDAN.TV","description":"Meydan TV Az\u0259rbaycan\u0131n media m\u0259kan\u0131ndak\u0131 alternativ s\u0259sidir","publisher":{"@id":"https:\/\/www.meydan.tv\/az\/#organization"},"potentialAction":[{"@type":"SearchAction","target":{"@type":"EntryPoint","urlTemplate":"https:\/\/www.meydan.tv\/az\/?s={search_term_string}"},"query-input":{"@type":"PropertyValueSpecification","valueRequired":true,"valueName":"search_term_string"}}],"inLanguage":"az"},{"@type":"Organization","@id":"https:\/\/www.meydan.tv\/az\/#organization","name":"Meydan TV","url":"https:\/\/www.meydan.tv\/az\/","logo":{"@type":"ImageObject","inLanguage":"az","@id":"https:\/\/www.meydan.tv\/az\/#\/schema\/logo\/image\/","url":"https:\/\/www.meydan.tv\/wp-content\/uploads\/2021\/07\/meydan-logo.svg","contentUrl":"https:\/\/www.meydan.tv\/wp-content\/uploads\/2021\/07\/meydan-logo.svg","width":195,"height":46,"caption":"Meydan TV"},"image":{"@id":"https:\/\/www.meydan.tv\/az\/#\/schema\/logo\/image\/"}},{"@type":"Person","@id":"https:\/\/www.meydan.tv\/az\/#\/schema\/person\/10d11eccf6da3662cf5fdab9806ea91a","name":"user-manager"}]}},"_links":{"self":[{"href":"https:\/\/www.meydan.tv\/az\/wp-json\/wp\/v2\/posts\/167525","targetHints":{"allow":["GET"]}}],"collection":[{"href":"https:\/\/www.meydan.tv\/az\/wp-json\/wp\/v2\/posts"}],"about":[{"href":"https:\/\/www.meydan.tv\/az\/wp-json\/wp\/v2\/types\/post"}],"author":[{"embeddable":true,"href":"https:\/\/www.meydan.tv\/az\/wp-json\/wp\/v2\/users\/11"}],"replies":[{"embeddable":true,"href":"https:\/\/www.meydan.tv\/az\/wp-json\/wp\/v2\/comments?post=167525"}],"version-history":[{"count":0,"href":"https:\/\/www.meydan.tv\/az\/wp-json\/wp\/v2\/posts\/167525\/revisions"}],"wp:featuredmedia":[{"embeddable":true,"href":"https:\/\/www.meydan.tv\/az\/wp-json\/wp\/v2\/media\/22637"}],"wp:attachment":[{"href":"https:\/\/www.meydan.tv\/az\/wp-json\/wp\/v2\/media?parent=167525"}],"wp:term":[{"taxonomy":"category","embeddable":true,"href":"https:\/\/www.meydan.tv\/az\/wp-json\/wp\/v2\/categories?post=167525"},{"taxonomy":"post_tag","embeddable":true,"href":"https:\/\/www.meydan.tv\/az\/wp-json\/wp\/v2\/tags?post=167525"}],"curies":[{"name":"wp","href":"https:\/\/api.w.org\/{rel}","templated":true}]}}