{"id":167524,"date":"2015-04-13T15:39:05","date_gmt":"2015-04-13T15:39:05","guid":{"rendered":"https:\/\/www.meydan.tv\/article\/kecmis-siyasi-mehbus-serhedden-buraxilmadi\/"},"modified":"2015-04-13T15:39:05","modified_gmt":"2015-04-13T15:39:05","slug":"kecmis-siyasi-mehbus-serhedden-buraxilmadi","status":"publish","type":"post","link":"https:\/\/www.meydan.tv\/az\/article\/kecmis-siyasi-mehbus-serhedden-buraxilmadi\/","title":{"rendered":"Ke\u00e7mi\u015f siyasi m\u0259hbus s\u0259rh\u0259dd\u0259n burax\u0131lmad\u0131"},"content":{"rendered":"<figure class=\"wp-block-image size-large\">\n  <img decoding=\"async\" src=\"https:\/\/www.meydan.tv\/az\/22631\/\" alt=\"\" class=\"wp-image-22631\"\/><figcaption><\/figcaption><\/figure>\n<figure class=\"wp-block-image size-large\">\n  <img decoding=\"async\" src=\"https:\/\/www.meydan.tv\/az\/22631\/\" alt=\"\" class=\"wp-image-22631\"\/><figcaption><\/figcaption><\/figure>\n<p><div>\n    <i><br \/>\n      \u0130rana m\u00fcalic\u0259y\u0259 ged\u0259n El\u015f\u0259n H\u0259s\u0259nov niy\u0259 \u00f6lk\u0259d\u0259n burax\u0131lmad\u0131\u011f\u0131n\u0131n s\u0259b\u0259bini bilmir<br \/>\n    <\/i>\n  <\/div>\n<\/p>\n<p>\n  M\u00fcsavat Partiyas\u0131n\u0131n \u00fczv\u00fc, 2011-ci ilin 2 aprel aksiyas\u0131nda h\u0259bs olunaraq 2 il azadl\u0131qdan m\u0259hrum edil\u0259n El\u015f\u0259n H\u0259s\u0259nov \u0130ran \u0130slam Respublikas\u0131na m\u00fcalic\u0259y\u0259 ged\u0259rk\u0259n Bil\u0259suvar s\u0259rh\u0259d m\u0259nt\u0259q\u0259sind\u0259 saxlan\u0131l\u0131b.\n<\/p>\n<p>\n  Bu bar\u0259d\u0259 Meydan TV-y\u0259 ke\u00e7mi\u015f siyasi m\u0259hbus El\u015f\u0259n H\u0259s\u0259novun \u00f6z\u00fc m\u0259lumat verib. O, haz\u0131rda o, Bil\u0259suvar s\u0259rh\u0259d m\u0259nt\u0259q\u0259sind\u0259n geriy\u0259, Bak\u0131ya qay\u0131d\u0131r: &#8220;M\u0259n \u0130rana m\u00fcalic\u0259y\u0259 getm\u0259k ist\u0259yirdim. S\u0259rh\u0259dd\u0259 saxlay\u0131b, bir ota\u011fa apard\u0131lar. Dedil\u0259r ki, \u018fdliyy\u0259 Nazirliyi 2013-c\u00fc ild\u0259 sizin \u00f6lk\u0259d\u0259n \u00e7\u0131x\u015f\u0131n\u0131za qada\u011fa qoyub. Bunu anlad\u0131m, amma \u00fcz\u0259rimd\u0259 a\u015fa\u011f\u0131lay\u0131c\u0131 t\u0259rzd\u0259 yoxlama apard\u0131lar. Sonra bir zabit g\u0259ldi, sual etdi ki, prezidentl\u0259 orta m\u0259kt\u0259bd\u0259 bir yerd\u0259 oxumusunuz, t\u0259sdil\u0259dim. Zabit \u00e7ox \u0259d\u0259bli davran\u0131rd\u0131. \u00dcz\u00fcn\u00fc tabeliyind\u0259 olanlara tutub dedi: &#8220;Bu, n\u0259 h\u0259r\u0259k\u0259tdi v\u0259t\u0259nda\u015fa qar\u015f\u0131 etmisiniz?&#8221; Ondan sonra buraxd\u0131lar. Ancaq m\u0259n\u0259 a\u015fa\u011f\u0131lay\u0131c\u0131 t\u0259rzd\u0259 yoxlamalar\u0131 v\u0259 ard\u0131nca da prezidentin m\u0259kt\u0259b yolda\u015f\u0131 oldu\u011fumu \u00f6yr\u0259n\u0259nd\u0259n sonra azad etm\u0259kl\u0259ri t\u0259\u0259cc\u00fcbl\u00fc g\u0259ldi. Bilirsiniz, \u0130randan qay\u0131tm\u0131ram ki, bu \u015f\u0259kild\u0259 yoxlamaya ehtiyac olsun&#8221;.\n<\/p>\n<p>\n  El\u015f\u0259n H\u0259s\u0259nov bildirib ki, o, 2012-ci ild\u0259 azadl\u0131\u011fa \u00e7\u0131xandan sonra Tiflis\u0259 gedib, amma he\u00e7 bir probleml\u0259 \u00fczl\u0259\u015fm\u0259yib: &#8220;Qada\u011fan\u0131n 2013-c\u00fc ild\u0259 qoyulmas\u0131n\u0131n s\u0259b\u0259bini bilmir\u0259m&#8221;.<\/p>\n","protected":false},"excerpt":{"rendered":"<p>\u0130rana m\u00fcalic\u0259y\u0259 ged\u0259n El\u015f\u0259n H\u0259s\u0259nov niy\u0259 \u00f6lk\u0259d\u0259n burax\u0131lmad\u0131\u011f\u0131n\u0131n s\u0259b\u0259bini bilmir<\/p>\n","protected":false},"author":11,"featured_media":22631,"comment_status":"closed","ping_status":"open","sticky":false,"template":"","format":"standard","meta":{"_acf_changed":false,"_sitemap_exclude":false,"_sitemap_priority":"","_sitemap_frequency":"","footnotes":""},"categories":[56],"tags":[],"class_list":["post-167524","post","type-post","status-publish","format-standard","has-post-thumbnail","hentry","category-xeberler","infinite-scroll-item","generate-columns","tablet-grid-50","mobile-grid-100","grid-parent","grid-33","no-featured-image-padding"],"acf":[],"yoast_head":"<!-- This site is optimized with the Yoast SEO plugin v28.4 - https:\/\/yoast.com\/product\/yoast-seo-wordpress\/ -->\n<title>Ke\u00e7mi\u015f siyasi m\u0259hbus s\u0259rh\u0259dd\u0259n burax\u0131lmad\u0131 - MEYDAN.TV<\/title>\n<meta name=\"robots\" content=\"index, follow, max-snippet:-1, max-image-preview:large, max-video-preview:-1\" \/>\n<link rel=\"canonical\" href=\"https:\/\/www.meydan.tv\/az\/article\/kecmis-siyasi-mehbus-serhedden-buraxilmadi\/\" \/>\n<meta property=\"og:locale\" content=\"az_AZ\" \/>\n<meta property=\"og:type\" content=\"article\" \/>\n<meta property=\"og:title\" content=\"Ke\u00e7mi\u015f siyasi m\u0259hbus s\u0259rh\u0259dd\u0259n burax\u0131lmad\u0131 - MEYDAN.TV\" \/>\n<meta property=\"og:description\" content=\"\u0130rana m\u00fcalic\u0259y\u0259 ged\u0259n El\u015f\u0259n H\u0259s\u0259nov niy\u0259 \u00f6lk\u0259d\u0259n burax\u0131lmad\u0131\u011f\u0131n\u0131n s\u0259b\u0259bini bilmir\" \/>\n<meta property=\"og:url\" content=\"https:\/\/www.meydan.tv\/az\/article\/kecmis-siyasi-mehbus-serhedden-buraxilmadi\/\" \/>\n<meta property=\"og:site_name\" content=\"MEYDAN.TV\" \/>\n<meta property=\"article:published_time\" content=\"2015-04-13T15:39:05+00:00\" \/>\n<meta property=\"og:image\" content=\"https:\/\/www.meydan.tv\/wp-content\/uploads\/8217.jpg\" \/>\n\t<meta property=\"og:image:width\" content=\"430\" \/>\n\t<meta property=\"og:image:height\" content=\"330\" \/>\n\t<meta property=\"og:image:type\" content=\"image\/jpeg\" \/>\n<meta name=\"twitter:card\" content=\"summary_large_image\" \/>\n<!-- \/ Yoast SEO plugin. -->","yoast_head_json":{"title":"Ke\u00e7mi\u015f siyasi m\u0259hbus s\u0259rh\u0259dd\u0259n burax\u0131lmad\u0131 - MEYDAN.TV","robots":{"index":"index","follow":"follow","max-snippet":"max-snippet:-1","max-image-preview":"max-image-preview:large","max-video-preview":"max-video-preview:-1"},"canonical":"https:\/\/www.meydan.tv\/az\/article\/kecmis-siyasi-mehbus-serhedden-buraxilmadi\/","og_locale":"az_AZ","og_type":"article","og_title":"Ke\u00e7mi\u015f siyasi m\u0259hbus s\u0259rh\u0259dd\u0259n burax\u0131lmad\u0131 - MEYDAN.TV","og_description":"\u0130rana m\u00fcalic\u0259y\u0259 ged\u0259n El\u015f\u0259n H\u0259s\u0259nov niy\u0259 \u00f6lk\u0259d\u0259n burax\u0131lmad\u0131\u011f\u0131n\u0131n s\u0259b\u0259bini bilmir","og_url":"https:\/\/www.meydan.tv\/az\/article\/kecmis-siyasi-mehbus-serhedden-buraxilmadi\/","og_site_name":"MEYDAN.TV","article_published_time":"2015-04-13T15:39:05+00:00","og_image":[{"width":430,"height":330,"url":"https:\/\/www.meydan.tv\/wp-content\/uploads\/8217.jpg","type":"image\/jpeg"}],"twitter_card":"summary_large_image","schema":{"@context":"https:\/\/schema.org","@graph":[{"@type":"Article","@id":"https:\/\/www.meydan.tv\/az\/article\/kecmis-siyasi-mehbus-serhedden-buraxilmadi\/#article","isPartOf":{"@id":"https:\/\/www.meydan.tv\/az\/article\/kecmis-siyasi-mehbus-serhedden-buraxilmadi\/"},"author":{"name":"user-manager","@id":"https:\/\/www.meydan.tv\/az\/#\/schema\/person\/10d11eccf6da3662cf5fdab9806ea91a"},"headline":"Ke\u00e7mi\u015f siyasi m\u0259hbus s\u0259rh\u0259dd\u0259n burax\u0131lmad\u0131","datePublished":"2015-04-13T15:39:05+00:00","mainEntityOfPage":{"@id":"https:\/\/www.meydan.tv\/az\/article\/kecmis-siyasi-mehbus-serhedden-buraxilmadi\/"},"wordCount":302,"publisher":{"@id":"https:\/\/www.meydan.tv\/az\/#organization"},"image":{"@id":"https:\/\/www.meydan.tv\/az\/article\/kecmis-siyasi-mehbus-serhedden-buraxilmadi\/#primaryimage"},"thumbnailUrl":"https:\/\/www.meydan.tv\/wp-content\/uploads\/8217.jpg","articleSection":["X\u0259b\u0259rl\u0259r"],"inLanguage":"az"},{"@type":"WebPage","@id":"https:\/\/www.meydan.tv\/az\/article\/kecmis-siyasi-mehbus-serhedden-buraxilmadi\/","url":"https:\/\/www.meydan.tv\/az\/article\/kecmis-siyasi-mehbus-serhedden-buraxilmadi\/","name":"Ke\u00e7mi\u015f siyasi m\u0259hbus s\u0259rh\u0259dd\u0259n burax\u0131lmad\u0131 - MEYDAN.TV","isPartOf":{"@id":"https:\/\/www.meydan.tv\/az\/#website"},"primaryImageOfPage":{"@id":"https:\/\/www.meydan.tv\/az\/article\/kecmis-siyasi-mehbus-serhedden-buraxilmadi\/#primaryimage"},"image":{"@id":"https:\/\/www.meydan.tv\/az\/article\/kecmis-siyasi-mehbus-serhedden-buraxilmadi\/#primaryimage"},"thumbnailUrl":"https:\/\/www.meydan.tv\/wp-content\/uploads\/8217.jpg","datePublished":"2015-04-13T15:39:05+00:00","breadcrumb":{"@id":"https:\/\/www.meydan.tv\/az\/article\/kecmis-siyasi-mehbus-serhedden-buraxilmadi\/#breadcrumb"},"inLanguage":"az","potentialAction":[{"@type":"ReadAction","target":["https:\/\/www.meydan.tv\/az\/article\/kecmis-siyasi-mehbus-serhedden-buraxilmadi\/"]}]},{"@type":"ImageObject","inLanguage":"az","@id":"https:\/\/www.meydan.tv\/az\/article\/kecmis-siyasi-mehbus-serhedden-buraxilmadi\/#primaryimage","url":"https:\/\/www.meydan.tv\/wp-content\/uploads\/8217.jpg","contentUrl":"https:\/\/www.meydan.tv\/wp-content\/uploads\/8217.jpg","width":430,"height":330,"caption":"Source:"},{"@type":"BreadcrumbList","@id":"https:\/\/www.meydan.tv\/az\/article\/kecmis-siyasi-mehbus-serhedden-buraxilmadi\/#breadcrumb","itemListElement":[{"@type":"ListItem","position":1,"name":"Ana s\u0259hif\u0259","item":"https:\/\/www.meydan.tv\/az\/"},{"@type":"ListItem","position":2,"name":"X\u0259b\u0259rl\u0259r","item":"https:\/\/www.meydan.tv\/az\/section\/xeberler\/"},{"@type":"ListItem","position":3,"name":"Ke\u00e7mi\u015f siyasi m\u0259hbus s\u0259rh\u0259dd\u0259n burax\u0131lmad\u0131"}]},{"@type":"WebSite","@id":"https:\/\/www.meydan.tv\/az\/#website","url":"https:\/\/www.meydan.tv\/az\/","name":"MEYDAN.TV","description":"Meydan TV Az\u0259rbaycan\u0131n media m\u0259kan\u0131ndak\u0131 alternativ s\u0259sidir","publisher":{"@id":"https:\/\/www.meydan.tv\/az\/#organization"},"potentialAction":[{"@type":"SearchAction","target":{"@type":"EntryPoint","urlTemplate":"https:\/\/www.meydan.tv\/az\/?s={search_term_string}"},"query-input":{"@type":"PropertyValueSpecification","valueRequired":true,"valueName":"search_term_string"}}],"inLanguage":"az"},{"@type":"Organization","@id":"https:\/\/www.meydan.tv\/az\/#organization","name":"Meydan TV","url":"https:\/\/www.meydan.tv\/az\/","logo":{"@type":"ImageObject","inLanguage":"az","@id":"https:\/\/www.meydan.tv\/az\/#\/schema\/logo\/image\/","url":"https:\/\/www.meydan.tv\/wp-content\/uploads\/2021\/07\/meydan-logo.svg","contentUrl":"https:\/\/www.meydan.tv\/wp-content\/uploads\/2021\/07\/meydan-logo.svg","width":195,"height":46,"caption":"Meydan TV"},"image":{"@id":"https:\/\/www.meydan.tv\/az\/#\/schema\/logo\/image\/"}},{"@type":"Person","@id":"https:\/\/www.meydan.tv\/az\/#\/schema\/person\/10d11eccf6da3662cf5fdab9806ea91a","name":"user-manager"}]}},"_links":{"self":[{"href":"https:\/\/www.meydan.tv\/az\/wp-json\/wp\/v2\/posts\/167524","targetHints":{"allow":["GET"]}}],"collection":[{"href":"https:\/\/www.meydan.tv\/az\/wp-json\/wp\/v2\/posts"}],"about":[{"href":"https:\/\/www.meydan.tv\/az\/wp-json\/wp\/v2\/types\/post"}],"author":[{"embeddable":true,"href":"https:\/\/www.meydan.tv\/az\/wp-json\/wp\/v2\/users\/11"}],"replies":[{"embeddable":true,"href":"https:\/\/www.meydan.tv\/az\/wp-json\/wp\/v2\/comments?post=167524"}],"version-history":[{"count":0,"href":"https:\/\/www.meydan.tv\/az\/wp-json\/wp\/v2\/posts\/167524\/revisions"}],"wp:featuredmedia":[{"embeddable":true,"href":"https:\/\/www.meydan.tv\/az\/wp-json\/wp\/v2\/media\/22631"}],"wp:attachment":[{"href":"https:\/\/www.meydan.tv\/az\/wp-json\/wp\/v2\/media?parent=167524"}],"wp:term":[{"taxonomy":"category","embeddable":true,"href":"https:\/\/www.meydan.tv\/az\/wp-json\/wp\/v2\/categories?post=167524"},{"taxonomy":"post_tag","embeddable":true,"href":"https:\/\/www.meydan.tv\/az\/wp-json\/wp\/v2\/tags?post=167524"}],"curies":[{"name":"wp","href":"https:\/\/api.w.org\/{rel}","templated":true}]}}