{"id":167523,"date":"2015-04-13T13:53:40","date_gmt":"2015-04-13T13:53:40","guid":{"rendered":"https:\/\/www.meydan.tv\/article\/qeyri-sabit-hava-seraiti-sabaha-kimi-davam-edecek\/"},"modified":"2015-04-13T13:53:40","modified_gmt":"2015-04-13T13:53:40","slug":"qeyri-sabit-hava-seraiti-sabaha-kimi-davam-edecek","status":"publish","type":"post","link":"https:\/\/www.meydan.tv\/az\/article\/qeyri-sabit-hava-seraiti-sabaha-kimi-davam-edecek\/","title":{"rendered":"Qeyri-sabit hava \u015f\u0259raiti sabaha kimi davam ed\u0259c\u0259k"},"content":{"rendered":"<figure class=\"wp-block-image size-large\">\n  <img decoding=\"async\" src=\"https:\/\/www.meydan.tv\/az\/22628\/\" alt=\"\" class=\"wp-image-22628\"\/><figcaption><\/figcaption><\/figure>\n<figure class=\"wp-block-image size-large\">\n  <img decoding=\"async\" src=\"https:\/\/www.meydan.tv\/az\/22628\/\" alt=\"\" class=\"wp-image-22628\"\/><figcaption><\/figcaption><\/figure>\n<p>\n  <i><br \/>\n    Havan\u0131n temperaturu da aprelin 14-d\u0259n ba\u015flayaraq t\u0259dric\u0259n y\u00fcks\u0259l\u0259c\u0259k<br \/>\n  <\/i>\n<\/p>\n<p>\n  Ekologiya v\u0259 T\u0259bii S\u0259rv\u0259tl\u0259r Nazirliyinin Milli Hidrometeorologiya Departamentinin Hidrometeoroloji Proqnozlar B\u00fcrosunun ba\u015f hidroloqu\u00a0Asif Verdiyev<br \/>\n  <a href=\"https:\/\/apa.az\"><br \/>\n    APA<br \/>\n  <\/a><br \/>\n  -ya bildirib ki, aprelin 10-u g\u00fcnd\u00fczd\u0259n ba\u015flayaraq aprelin 11-i, 12-si v\u0259 13-d\u0259 \u00f6lk\u0259 \u0259razisind\u0259<br \/>\n  <a href=\"http:\/\/az.apa.az\/tag\/hava\"><br \/>\n    hava<br \/>\n  <\/a><br \/>\n  \u015f\u0259raiti d\u0259yi\u015fib, qeyri-sabit ke\u00e7ib, ya\u011f\u0131\u015f, da\u011fl\u0131q \u0259razil\u0259rd\u0259 sulu qar, qar ya\u011f\u0131b.\u00a0 \u018fn \u00e7ox qar Quban\u0131n da\u011fl\u0131q \u0259razil\u0259rin\u0259 ya\u011f\u0131b v\u0259 burada qar \u00f6rt\u00fcy\u00fc 10 sm-\u0259 kimi olub. Qar \u00f6rt\u00fcy\u00fc Da\u015fk\u0259s\u0259nd\u0259, G\u0259d\u0259b\u0259yd\u0259, G\u00f6yg\u00f6l\u00fcn da\u011fl\u0131q \u0259razil\u0259rind\u0259, Lerikd\u0259, K\u0259rv\u0259zd\u0259, Sar\u0131ba\u015fda da m\u00fc\u015fahid\u0259 edilib.\n<\/p>\n<p>\n  Bak\u0131da v\u0259 Ab\u015feron yar\u0131madas\u0131nda da ya\u011f\u0131\u015f ya\u011f\u0131b, arabir g\u00fccl\u0259n\u0259n \u015fimal-q\u0259rb k\u00fcl\u0259yi \u0259sib.\n<\/p>\n<p>\n  Aprelin 13-d\u0259 \u00f6lk\u0259 \u0259razisind\u0259 qeyri-sabit<br \/>\n  <a href=\"http:\/\/az.apa.az\/tag\/hava\"><br \/>\n    hava<br \/>\n  <\/a><br \/>\n  \u015f\u0259raiti davam ed\u0259c\u0259k. Aprelin 14-\u00fc g\u00fcnd\u00fczd\u0259n etibar\u0259n \u00f6lk\u0259 \u0259razisind\u0259 ya\u011f\u0131nt\u0131n\u0131n t\u0259dric\u0259n k\u0259sil\u0259c\u0259yi, aprelin 15-d\u0259 is\u0259 \u0259ks\u0259r rayonlarda \u0259sas\u0259n ya\u011fmursuz olaca\u011f\u0131 g\u00f6zl\u0259nilir. Havan\u0131n temperaturu da aprelin 14-d\u0259n ba\u015flayaraq t\u0259dric\u0259n y\u00fcks\u0259l\u0259c\u0259k.\n<\/p>\n<p>\n  Az\u0259rbaycan qeyri-sabit<br \/>\n  <a href=\"http:\/\/az.apa.az\/tag\/hava\"><br \/>\n    hava<br \/>\n  <\/a><br \/>\n  \u015f\u0259raiti m\u00fc\u015fahid\u0259 olunsa da, temperatur iqlim normas\u0131na yax\u0131n olub v\u0259 bu, aprel ay\u0131 \u00fc\u00e7\u00fcn xarakterikdir. Ayr\u0131-ayr\u0131 ill\u0259rd\u0259 d\u0259 aprel ay\u0131nda<br \/>\n  <a href=\"http:\/\/az.apa.az\/tag\/hava\"><br \/>\n    hava<br \/>\n  <\/a><br \/>\n  n\u0131n qeyri-sabit ke\u00e7m\u0259si, qar ya\u011fmas\u0131 m\u00fc\u015fahid\u0259 edilib.<\/p>\n","protected":false},"excerpt":{"rendered":"<p>Havan\u0131n temperaturu da aprelin 14-d\u0259n ba\u015flayaraq t\u0259dric\u0259n y\u00fcks\u0259l\u0259c\u0259k<\/p>\n","protected":false},"author":11,"featured_media":22628,"comment_status":"closed","ping_status":"open","sticky":false,"template":"","format":"standard","meta":{"_acf_changed":false,"_sitemap_exclude":false,"_sitemap_priority":"","_sitemap_frequency":"","footnotes":""},"categories":[56],"tags":[],"class_list":["post-167523","post","type-post","status-publish","format-standard","has-post-thumbnail","hentry","category-xeberler","infinite-scroll-item","generate-columns","tablet-grid-50","mobile-grid-100","grid-parent","grid-33","no-featured-image-padding"],"acf":[],"yoast_head":"<!-- This site is optimized with the Yoast SEO plugin v28.4 - https:\/\/yoast.com\/product\/yoast-seo-wordpress\/ -->\n<title>Qeyri-sabit hava \u015f\u0259raiti sabaha kimi davam ed\u0259c\u0259k - MEYDAN.TV<\/title>\n<meta name=\"robots\" content=\"index, follow, max-snippet:-1, max-image-preview:large, max-video-preview:-1\" \/>\n<link rel=\"canonical\" href=\"https:\/\/www.meydan.tv\/az\/article\/qeyri-sabit-hava-seraiti-sabaha-kimi-davam-edecek\/\" \/>\n<meta property=\"og:locale\" content=\"az_AZ\" \/>\n<meta property=\"og:type\" content=\"article\" \/>\n<meta property=\"og:title\" content=\"Qeyri-sabit hava \u015f\u0259raiti sabaha kimi davam ed\u0259c\u0259k - MEYDAN.TV\" \/>\n<meta property=\"og:description\" content=\"Havan\u0131n temperaturu da aprelin 14-d\u0259n ba\u015flayaraq t\u0259dric\u0259n y\u00fcks\u0259l\u0259c\u0259k\" \/>\n<meta property=\"og:url\" content=\"https:\/\/www.meydan.tv\/az\/article\/qeyri-sabit-hava-seraiti-sabaha-kimi-davam-edecek\/\" \/>\n<meta property=\"og:site_name\" content=\"MEYDAN.TV\" \/>\n<meta property=\"article:published_time\" content=\"2015-04-13T13:53:40+00:00\" \/>\n<meta property=\"og:image\" content=\"https:\/\/www.meydan.tv\/wp-content\/uploads\/8215.jpg\" \/>\n\t<meta property=\"og:image:width\" content=\"535\" \/>\n\t<meta property=\"og:image:height\" content=\"336\" \/>\n\t<meta property=\"og:image:type\" content=\"image\/jpeg\" \/>\n<meta name=\"twitter:card\" content=\"summary_large_image\" \/>\n<!-- \/ Yoast SEO plugin. -->","yoast_head_json":{"title":"Qeyri-sabit hava \u015f\u0259raiti sabaha kimi davam ed\u0259c\u0259k - MEYDAN.TV","robots":{"index":"index","follow":"follow","max-snippet":"max-snippet:-1","max-image-preview":"max-image-preview:large","max-video-preview":"max-video-preview:-1"},"canonical":"https:\/\/www.meydan.tv\/az\/article\/qeyri-sabit-hava-seraiti-sabaha-kimi-davam-edecek\/","og_locale":"az_AZ","og_type":"article","og_title":"Qeyri-sabit hava \u015f\u0259raiti sabaha kimi davam ed\u0259c\u0259k - MEYDAN.TV","og_description":"Havan\u0131n temperaturu da aprelin 14-d\u0259n ba\u015flayaraq t\u0259dric\u0259n y\u00fcks\u0259l\u0259c\u0259k","og_url":"https:\/\/www.meydan.tv\/az\/article\/qeyri-sabit-hava-seraiti-sabaha-kimi-davam-edecek\/","og_site_name":"MEYDAN.TV","article_published_time":"2015-04-13T13:53:40+00:00","og_image":[{"width":535,"height":336,"url":"https:\/\/www.meydan.tv\/wp-content\/uploads\/8215.jpg","type":"image\/jpeg"}],"twitter_card":"summary_large_image","schema":{"@context":"https:\/\/schema.org","@graph":[{"@type":"Article","@id":"https:\/\/www.meydan.tv\/az\/article\/qeyri-sabit-hava-seraiti-sabaha-kimi-davam-edecek\/#article","isPartOf":{"@id":"https:\/\/www.meydan.tv\/az\/article\/qeyri-sabit-hava-seraiti-sabaha-kimi-davam-edecek\/"},"author":{"name":"user-manager","@id":"https:\/\/www.meydan.tv\/az\/#\/schema\/person\/10d11eccf6da3662cf5fdab9806ea91a"},"headline":"Qeyri-sabit hava \u015f\u0259raiti sabaha kimi davam ed\u0259c\u0259k","datePublished":"2015-04-13T13:53:40+00:00","mainEntityOfPage":{"@id":"https:\/\/www.meydan.tv\/az\/article\/qeyri-sabit-hava-seraiti-sabaha-kimi-davam-edecek\/"},"wordCount":264,"publisher":{"@id":"https:\/\/www.meydan.tv\/az\/#organization"},"image":{"@id":"https:\/\/www.meydan.tv\/az\/article\/qeyri-sabit-hava-seraiti-sabaha-kimi-davam-edecek\/#primaryimage"},"thumbnailUrl":"https:\/\/www.meydan.tv\/wp-content\/uploads\/8215.jpg","articleSection":["X\u0259b\u0259rl\u0259r"],"inLanguage":"az"},{"@type":"WebPage","@id":"https:\/\/www.meydan.tv\/az\/article\/qeyri-sabit-hava-seraiti-sabaha-kimi-davam-edecek\/","url":"https:\/\/www.meydan.tv\/az\/article\/qeyri-sabit-hava-seraiti-sabaha-kimi-davam-edecek\/","name":"Qeyri-sabit hava \u015f\u0259raiti sabaha kimi davam ed\u0259c\u0259k - MEYDAN.TV","isPartOf":{"@id":"https:\/\/www.meydan.tv\/az\/#website"},"primaryImageOfPage":{"@id":"https:\/\/www.meydan.tv\/az\/article\/qeyri-sabit-hava-seraiti-sabaha-kimi-davam-edecek\/#primaryimage"},"image":{"@id":"https:\/\/www.meydan.tv\/az\/article\/qeyri-sabit-hava-seraiti-sabaha-kimi-davam-edecek\/#primaryimage"},"thumbnailUrl":"https:\/\/www.meydan.tv\/wp-content\/uploads\/8215.jpg","datePublished":"2015-04-13T13:53:40+00:00","breadcrumb":{"@id":"https:\/\/www.meydan.tv\/az\/article\/qeyri-sabit-hava-seraiti-sabaha-kimi-davam-edecek\/#breadcrumb"},"inLanguage":"az","potentialAction":[{"@type":"ReadAction","target":["https:\/\/www.meydan.tv\/az\/article\/qeyri-sabit-hava-seraiti-sabaha-kimi-davam-edecek\/"]}]},{"@type":"ImageObject","inLanguage":"az","@id":"https:\/\/www.meydan.tv\/az\/article\/qeyri-sabit-hava-seraiti-sabaha-kimi-davam-edecek\/#primaryimage","url":"https:\/\/www.meydan.tv\/wp-content\/uploads\/8215.jpg","contentUrl":"https:\/\/www.meydan.tv\/wp-content\/uploads\/8215.jpg","width":535,"height":336,"caption":"Source:"},{"@type":"BreadcrumbList","@id":"https:\/\/www.meydan.tv\/az\/article\/qeyri-sabit-hava-seraiti-sabaha-kimi-davam-edecek\/#breadcrumb","itemListElement":[{"@type":"ListItem","position":1,"name":"Ana s\u0259hif\u0259","item":"https:\/\/www.meydan.tv\/az\/"},{"@type":"ListItem","position":2,"name":"X\u0259b\u0259rl\u0259r","item":"https:\/\/www.meydan.tv\/az\/section\/xeberler\/"},{"@type":"ListItem","position":3,"name":"Qeyri-sabit hava \u015f\u0259raiti sabaha kimi davam ed\u0259c\u0259k"}]},{"@type":"WebSite","@id":"https:\/\/www.meydan.tv\/az\/#website","url":"https:\/\/www.meydan.tv\/az\/","name":"MEYDAN.TV","description":"Meydan TV Az\u0259rbaycan\u0131n media m\u0259kan\u0131ndak\u0131 alternativ s\u0259sidir","publisher":{"@id":"https:\/\/www.meydan.tv\/az\/#organization"},"potentialAction":[{"@type":"SearchAction","target":{"@type":"EntryPoint","urlTemplate":"https:\/\/www.meydan.tv\/az\/?s={search_term_string}"},"query-input":{"@type":"PropertyValueSpecification","valueRequired":true,"valueName":"search_term_string"}}],"inLanguage":"az"},{"@type":"Organization","@id":"https:\/\/www.meydan.tv\/az\/#organization","name":"Meydan TV","url":"https:\/\/www.meydan.tv\/az\/","logo":{"@type":"ImageObject","inLanguage":"az","@id":"https:\/\/www.meydan.tv\/az\/#\/schema\/logo\/image\/","url":"https:\/\/www.meydan.tv\/wp-content\/uploads\/2021\/07\/meydan-logo.svg","contentUrl":"https:\/\/www.meydan.tv\/wp-content\/uploads\/2021\/07\/meydan-logo.svg","width":195,"height":46,"caption":"Meydan TV"},"image":{"@id":"https:\/\/www.meydan.tv\/az\/#\/schema\/logo\/image\/"}},{"@type":"Person","@id":"https:\/\/www.meydan.tv\/az\/#\/schema\/person\/10d11eccf6da3662cf5fdab9806ea91a","name":"user-manager"}]}},"_links":{"self":[{"href":"https:\/\/www.meydan.tv\/az\/wp-json\/wp\/v2\/posts\/167523","targetHints":{"allow":["GET"]}}],"collection":[{"href":"https:\/\/www.meydan.tv\/az\/wp-json\/wp\/v2\/posts"}],"about":[{"href":"https:\/\/www.meydan.tv\/az\/wp-json\/wp\/v2\/types\/post"}],"author":[{"embeddable":true,"href":"https:\/\/www.meydan.tv\/az\/wp-json\/wp\/v2\/users\/11"}],"replies":[{"embeddable":true,"href":"https:\/\/www.meydan.tv\/az\/wp-json\/wp\/v2\/comments?post=167523"}],"version-history":[{"count":0,"href":"https:\/\/www.meydan.tv\/az\/wp-json\/wp\/v2\/posts\/167523\/revisions"}],"wp:featuredmedia":[{"embeddable":true,"href":"https:\/\/www.meydan.tv\/az\/wp-json\/wp\/v2\/media\/22628"}],"wp:attachment":[{"href":"https:\/\/www.meydan.tv\/az\/wp-json\/wp\/v2\/media?parent=167523"}],"wp:term":[{"taxonomy":"category","embeddable":true,"href":"https:\/\/www.meydan.tv\/az\/wp-json\/wp\/v2\/categories?post=167523"},{"taxonomy":"post_tag","embeddable":true,"href":"https:\/\/www.meydan.tv\/az\/wp-json\/wp\/v2\/tags?post=167523"}],"curies":[{"name":"wp","href":"https:\/\/api.w.org\/{rel}","templated":true}]}}