{"id":167521,"date":"2015-04-12T22:15:55","date_gmt":"2015-04-12T22:15:55","guid":{"rendered":"https:\/\/www.meydan.tv\/article\/metropark-ticaret-merkezinde-kutlevi-zeherlenme-yenilenib\/"},"modified":"2015-04-12T22:15:55","modified_gmt":"2015-04-12T22:15:55","slug":"metropark-ticaret-merkezinde-kutlevi-zeherlenme-yenilenib","status":"publish","type":"post","link":"https:\/\/www.meydan.tv\/az\/article\/metropark-ticaret-merkezinde-kutlevi-zeherlenme-yenilenib\/","title":{"rendered":"\u201cMetropark\u201d Ticar\u0259t M\u0259rk\u0259zind\u0259 k\u00fctl\u0259vi z\u0259h\u0259rl\u0259nm\u0259 (yenil\u0259nib)"},"content":{"rendered":"<figure class=\"wp-block-image size-large\">\n  <img decoding=\"async\" src=\"https:\/\/www.meydan.tv\/az\/22613\/\" alt=\"\" class=\"wp-image-22613\"\/><figcaption><\/figcaption><\/figure>\n<figure class=\"wp-block-image size-large\">\n  <img decoding=\"async\" src=\"https:\/\/www.meydan.tv\/az\/22613\/\" alt=\"\" class=\"wp-image-22613\"\/><figcaption><\/figcaption><\/figure>\n<p>\n  <i><br \/>\n    12.01. Ba\u015f Prokurorlu\u011fun m\u0259tbuat xidm\u0259tinin r\u0259hb\u0259ri Eldar Sultanov Trend-\u0259 bildirib ki, aprelin 12-d\u0259 \u201cMetropark\u201d ticar\u0259t m\u0259rk\u0259zind\u0259 ba\u015f vermi\u015f k\u00fctl\u0259vi z\u0259h\u0259rl\u0259nm\u0259 fakt\u0131 il\u0259 ba\u011fl\u0131 Cinay\u0259t M\u0259c\u0259ll\u0259sinin 314.2 (s\u0259hl\u0259nkarl\u0131q; eyni \u0259m\u0259ll\u0259r ehtiyats\u0131zl\u0131qdan z\u0259r\u0259r\u00e7\u0259kmi\u015f \u015f\u0259xsin \u00f6l\u00fcm\u00fcn\u0259 v\u0259 ya dig\u0259r a\u011f\u0131r n\u0259tic\u0259l\u0259r\u0259 s\u0259b\u0259b olduqda) madd\u0259si il\u0259 cinay\u0259t i\u015fi ba\u015flan\u0131b, m\u00fcvafiq ekspertizalar t\u0259yin edilib. Haz\u0131rda i\u015f \u00fczr\u0259 istintaq t\u0259dbirl\u0259ri davam etdirilir.<br \/>\n    <br \/>\n  <\/i>\n<\/p>\n<p>\n  <i><br \/>\n    Hadis\u0259nin ba\u015fverm\u0259 s\u0259b\u0259bl\u0259rinin m\u00fc\u0259yy\u0259nl\u0259\u015fdirilm\u0259si istiqam\u0259tind\u0259 z\u0259ruri t\u0259dbirl\u0259r g\u00f6r\u00fcl\u00fcr<br \/>\n  <\/i>\n<\/p>\n<p>\n  Aprelin 12-d\u0259 \u201cMetropark\u201d ticar\u0259t m\u0259rk\u0259zind\u0259 ba\u015f ver\u0259n k\u00fctl\u0259vi z\u0259h\u0259rl\u0259nm\u0259 il\u0259 \u0259laq\u0259dar hadis\u0259 yerin\u0259 16 t\u0259cili tibbi yard\u0131m briqadas\u0131 v\u0259 insanlar\u0131 da\u015f\u0131maq \u00fc\u00e7\u00fcn bir ne\u00e7\u0259 k\u00fctl\u0259vi x\u00fcsusi t\u0259cili yard\u0131m ma\u015f\u0131n\u0131 g\u00f6nd\u0259rilib. Hadis\u0259 yerind\u0259 30-a yax\u0131n \u015f\u0259xs\u0259 ilkin tibbi yard\u0131m g\u00f6st\u0259rilib, 15 n\u0259f\u0259r is\u0259 hospitalla\u015fd\u0131r\u0131l\u0131b.\n<\/p>\n<p>\n  \u00a0S\u0259hiyy\u0259 Nazirliyind\u0259n APA-ya bildiribl\u0259r ki, art\u0131q x\u0259st\u0259xanaya yerl\u0259\u015fdirilmi\u015f b\u00fct\u00fcn \u015f\u0259xsl\u0259r ev\u0259 burax\u0131l\u0131blar.\n<\/p>\n<p>\n  \u00a0Ba\u015f ver\u0259n k\u00fctl\u0259vi z\u0259h\u0259rl\u0259nm\u0259 il\u0259 \u0259laq\u0259dar Kliniki Tibbi M\u0259rk\u0259z\u0259 (KTM) 27 z\u0259r\u0259r\u00e7\u0259k\u0259n g\u0259tirilib. KTM-in Toksikologiya \u015f\u00f6b\u0259sinin m\u00fcdiri, respublikan\u0131n ba\u015f toksikoloqu Az\u0259r Maqsudov bildirib ki, x\u0259st\u0259l\u0259rin v\u0259ziyy\u0259ti orta a\u011f\u0131r olub: \u201cZ\u0259r\u0259r\u00e7\u0259k\u0259nl\u0259rin ham\u0131s\u0131 m\u00fcayin\u0259 olunaraq tibbi yard\u0131m g\u00f6st\u0259rilib. Onlar\u0131\u0442 ham\u0131s\u0131 art\u0131q evl\u0259rin\u0259 burax\u0131l\u0131b.\n<\/p>\n<p>\n  \u201cOnlar ba\u015fgic\u0259ll\u0259nm\u0259si v\u0259 \u00fcr\u0259k bulanmas\u0131ndan \u015fikay\u0259tl\u0259nirl\u0259r. V\u0259ziyy\u0259tl\u0259ri orta a\u011f\u0131rd\u0131r. \u0130lkin m\u0259lumata g\u00f6r\u0259, z\u0259h\u0259rl\u0259nm\u0259 qaz s\u0131zmas\u0131ndan ba\u015f verib. Lakin d\u0259qiq s\u0259b\u0259bl\u0259r ara\u015fd\u0131r\u0131l\u0131r. Z\u0259h\u0259rl\u0259n\u0259nl\u0259r aras\u0131nda ticar\u0259t m\u0259rk\u0259zinin i\u015f\u00e7il\u0259ri v\u0259 ticar\u0259t m\u0259rk\u0259zin\u0259 g\u0259l\u0259n v\u0259t\u0259nda\u015flar var\u201d, &#8211; dey\u0259 ba\u015f toksikoloq qeyd edib.\n<\/p>\n<p>\n  Ba\u015f Prokurorlu\u011fun m\u0259tbuat xidm\u0259tinin r\u0259hb\u0259ri Eldar Sultanov<br \/>\n  <a href=\"https:\/\/apa.az\"><br \/>\n    APA<br \/>\n  <\/a><br \/>\n  -ya bildirib ki, haz\u0131rda N\u0259rimanov Rayon Prokurorlu\u011fu, Rayon Polis \u0130dar\u0259si, F\u00f6vq\u0259lad\u0259 Hallar v\u0259 S\u0259hiyy\u0259 nazirlikl\u0259rinin aidiyy\u0259ti qurumlar\u0131n\u0131n i\u015ftirak\u0131 il\u0259 hadis\u0259 yerin\u0259 bax\u0131\u015f ke\u00e7irilir. Hadis\u0259nin ba\u015fverm\u0259 s\u0259b\u0259bl\u0259rinin m\u00fc\u0259yy\u0259nl\u0259\u015fdirilm\u0259si istiqam\u0259tind\u0259 z\u0259ruri t\u0259dbirl\u0259r g\u00f6r\u00fcl\u00fcr.\n<\/p>\n<p>\n  E.Sultanov n\u0259tic\u0259 bar\u0259d\u0259 ictimaiyy\u0259t\u0259 m\u0259lumat veril\u0259c\u0259yini s\u00f6yl\u0259yib.<\/p>\n","protected":false},"excerpt":{"rendered":"<p>Hadis\u0259nin ba\u015fverm\u0259 s\u0259b\u0259bl\u0259rinin m\u00fc\u0259yy\u0259nl\u0259\u015fdirilm\u0259si istiqam\u0259tind\u0259 z\u0259ruri t\u0259dbirl\u0259r g\u00f6r\u00fcl\u00fcr<\/p>\n","protected":false},"author":11,"featured_media":22613,"comment_status":"closed","ping_status":"open","sticky":false,"template":"","format":"standard","meta":{"_acf_changed":false,"_sitemap_exclude":false,"_sitemap_priority":"","_sitemap_frequency":"","footnotes":""},"categories":[56],"tags":[],"class_list":["post-167521","post","type-post","status-publish","format-standard","has-post-thumbnail","hentry","category-xeberler","infinite-scroll-item","generate-columns","tablet-grid-50","mobile-grid-100","grid-parent","grid-33","no-featured-image-padding"],"acf":[],"yoast_head":"<!-- This site is optimized with the Yoast SEO plugin v28.4 - https:\/\/yoast.com\/product\/yoast-seo-wordpress\/ -->\n<title>\u201cMetropark\u201d Ticar\u0259t M\u0259rk\u0259zind\u0259 k\u00fctl\u0259vi z\u0259h\u0259rl\u0259nm\u0259 (yenil\u0259nib) - MEYDAN.TV<\/title>\n<meta name=\"robots\" content=\"index, follow, max-snippet:-1, max-image-preview:large, max-video-preview:-1\" \/>\n<link rel=\"canonical\" href=\"https:\/\/www.meydan.tv\/az\/article\/metropark-ticaret-merkezinde-kutlevi-zeherlenme-yenilenib\/\" \/>\n<meta property=\"og:locale\" content=\"az_AZ\" \/>\n<meta property=\"og:type\" content=\"article\" \/>\n<meta property=\"og:title\" content=\"\u201cMetropark\u201d Ticar\u0259t M\u0259rk\u0259zind\u0259 k\u00fctl\u0259vi z\u0259h\u0259rl\u0259nm\u0259 (yenil\u0259nib) - MEYDAN.TV\" \/>\n<meta property=\"og:description\" content=\"Hadis\u0259nin ba\u015fverm\u0259 s\u0259b\u0259bl\u0259rinin m\u00fc\u0259yy\u0259nl\u0259\u015fdirilm\u0259si istiqam\u0259tind\u0259 z\u0259ruri t\u0259dbirl\u0259r g\u00f6r\u00fcl\u00fcr\" \/>\n<meta property=\"og:url\" content=\"https:\/\/www.meydan.tv\/az\/article\/metropark-ticaret-merkezinde-kutlevi-zeherlenme-yenilenib\/\" \/>\n<meta property=\"og:site_name\" content=\"MEYDAN.TV\" \/>\n<meta property=\"article:published_time\" content=\"2015-04-12T22:15:55+00:00\" \/>\n<meta property=\"og:image\" content=\"https:\/\/www.meydan.tv\/wp-content\/uploads\/8213.jpg\" \/>\n\t<meta property=\"og:image:width\" content=\"590\" \/>\n\t<meta property=\"og:image:height\" content=\"360\" \/>\n\t<meta property=\"og:image:type\" content=\"image\/jpeg\" \/>\n<meta name=\"twitter:card\" content=\"summary_large_image\" \/>\n<!-- \/ Yoast SEO plugin. -->","yoast_head_json":{"title":"\u201cMetropark\u201d Ticar\u0259t M\u0259rk\u0259zind\u0259 k\u00fctl\u0259vi z\u0259h\u0259rl\u0259nm\u0259 (yenil\u0259nib) - MEYDAN.TV","robots":{"index":"index","follow":"follow","max-snippet":"max-snippet:-1","max-image-preview":"max-image-preview:large","max-video-preview":"max-video-preview:-1"},"canonical":"https:\/\/www.meydan.tv\/az\/article\/metropark-ticaret-merkezinde-kutlevi-zeherlenme-yenilenib\/","og_locale":"az_AZ","og_type":"article","og_title":"\u201cMetropark\u201d Ticar\u0259t M\u0259rk\u0259zind\u0259 k\u00fctl\u0259vi z\u0259h\u0259rl\u0259nm\u0259 (yenil\u0259nib) - MEYDAN.TV","og_description":"Hadis\u0259nin ba\u015fverm\u0259 s\u0259b\u0259bl\u0259rinin m\u00fc\u0259yy\u0259nl\u0259\u015fdirilm\u0259si istiqam\u0259tind\u0259 z\u0259ruri t\u0259dbirl\u0259r g\u00f6r\u00fcl\u00fcr","og_url":"https:\/\/www.meydan.tv\/az\/article\/metropark-ticaret-merkezinde-kutlevi-zeherlenme-yenilenib\/","og_site_name":"MEYDAN.TV","article_published_time":"2015-04-12T22:15:55+00:00","og_image":[{"width":590,"height":360,"url":"https:\/\/www.meydan.tv\/wp-content\/uploads\/8213.jpg","type":"image\/jpeg"}],"twitter_card":"summary_large_image","schema":{"@context":"https:\/\/schema.org","@graph":[{"@type":"Article","@id":"https:\/\/www.meydan.tv\/az\/article\/metropark-ticaret-merkezinde-kutlevi-zeherlenme-yenilenib\/#article","isPartOf":{"@id":"https:\/\/www.meydan.tv\/az\/article\/metropark-ticaret-merkezinde-kutlevi-zeherlenme-yenilenib\/"},"author":{"name":"user-manager","@id":"https:\/\/www.meydan.tv\/az\/#\/schema\/person\/10d11eccf6da3662cf5fdab9806ea91a"},"headline":"\u201cMetropark\u201d Ticar\u0259t M\u0259rk\u0259zind\u0259 k\u00fctl\u0259vi z\u0259h\u0259rl\u0259nm\u0259 (yenil\u0259nib)","datePublished":"2015-04-12T22:15:55+00:00","mainEntityOfPage":{"@id":"https:\/\/www.meydan.tv\/az\/article\/metropark-ticaret-merkezinde-kutlevi-zeherlenme-yenilenib\/"},"wordCount":576,"publisher":{"@id":"https:\/\/www.meydan.tv\/az\/#organization"},"image":{"@id":"https:\/\/www.meydan.tv\/az\/article\/metropark-ticaret-merkezinde-kutlevi-zeherlenme-yenilenib\/#primaryimage"},"thumbnailUrl":"https:\/\/www.meydan.tv\/wp-content\/uploads\/8213.jpg","articleSection":["X\u0259b\u0259rl\u0259r"],"inLanguage":"az"},{"@type":"WebPage","@id":"https:\/\/www.meydan.tv\/az\/article\/metropark-ticaret-merkezinde-kutlevi-zeherlenme-yenilenib\/","url":"https:\/\/www.meydan.tv\/az\/article\/metropark-ticaret-merkezinde-kutlevi-zeherlenme-yenilenib\/","name":"\u201cMetropark\u201d Ticar\u0259t M\u0259rk\u0259zind\u0259 k\u00fctl\u0259vi z\u0259h\u0259rl\u0259nm\u0259 (yenil\u0259nib) - MEYDAN.TV","isPartOf":{"@id":"https:\/\/www.meydan.tv\/az\/#website"},"primaryImageOfPage":{"@id":"https:\/\/www.meydan.tv\/az\/article\/metropark-ticaret-merkezinde-kutlevi-zeherlenme-yenilenib\/#primaryimage"},"image":{"@id":"https:\/\/www.meydan.tv\/az\/article\/metropark-ticaret-merkezinde-kutlevi-zeherlenme-yenilenib\/#primaryimage"},"thumbnailUrl":"https:\/\/www.meydan.tv\/wp-content\/uploads\/8213.jpg","datePublished":"2015-04-12T22:15:55+00:00","breadcrumb":{"@id":"https:\/\/www.meydan.tv\/az\/article\/metropark-ticaret-merkezinde-kutlevi-zeherlenme-yenilenib\/#breadcrumb"},"inLanguage":"az","potentialAction":[{"@type":"ReadAction","target":["https:\/\/www.meydan.tv\/az\/article\/metropark-ticaret-merkezinde-kutlevi-zeherlenme-yenilenib\/"]}]},{"@type":"ImageObject","inLanguage":"az","@id":"https:\/\/www.meydan.tv\/az\/article\/metropark-ticaret-merkezinde-kutlevi-zeherlenme-yenilenib\/#primaryimage","url":"https:\/\/www.meydan.tv\/wp-content\/uploads\/8213.jpg","contentUrl":"https:\/\/www.meydan.tv\/wp-content\/uploads\/8213.jpg","width":590,"height":360,"caption":"Source:"},{"@type":"BreadcrumbList","@id":"https:\/\/www.meydan.tv\/az\/article\/metropark-ticaret-merkezinde-kutlevi-zeherlenme-yenilenib\/#breadcrumb","itemListElement":[{"@type":"ListItem","position":1,"name":"Ana s\u0259hif\u0259","item":"https:\/\/www.meydan.tv\/az\/"},{"@type":"ListItem","position":2,"name":"X\u0259b\u0259rl\u0259r","item":"https:\/\/www.meydan.tv\/az\/section\/xeberler\/"},{"@type":"ListItem","position":3,"name":"\u201cMetropark\u201d Ticar\u0259t M\u0259rk\u0259zind\u0259 k\u00fctl\u0259vi z\u0259h\u0259rl\u0259nm\u0259 (yenil\u0259nib)"}]},{"@type":"WebSite","@id":"https:\/\/www.meydan.tv\/az\/#website","url":"https:\/\/www.meydan.tv\/az\/","name":"MEYDAN.TV","description":"Meydan TV Az\u0259rbaycan\u0131n media m\u0259kan\u0131ndak\u0131 alternativ s\u0259sidir","publisher":{"@id":"https:\/\/www.meydan.tv\/az\/#organization"},"potentialAction":[{"@type":"SearchAction","target":{"@type":"EntryPoint","urlTemplate":"https:\/\/www.meydan.tv\/az\/?s={search_term_string}"},"query-input":{"@type":"PropertyValueSpecification","valueRequired":true,"valueName":"search_term_string"}}],"inLanguage":"az"},{"@type":"Organization","@id":"https:\/\/www.meydan.tv\/az\/#organization","name":"Meydan TV","url":"https:\/\/www.meydan.tv\/az\/","logo":{"@type":"ImageObject","inLanguage":"az","@id":"https:\/\/www.meydan.tv\/az\/#\/schema\/logo\/image\/","url":"https:\/\/www.meydan.tv\/wp-content\/uploads\/2021\/07\/meydan-logo.svg","contentUrl":"https:\/\/www.meydan.tv\/wp-content\/uploads\/2021\/07\/meydan-logo.svg","width":195,"height":46,"caption":"Meydan TV"},"image":{"@id":"https:\/\/www.meydan.tv\/az\/#\/schema\/logo\/image\/"}},{"@type":"Person","@id":"https:\/\/www.meydan.tv\/az\/#\/schema\/person\/10d11eccf6da3662cf5fdab9806ea91a","name":"user-manager"}]}},"_links":{"self":[{"href":"https:\/\/www.meydan.tv\/az\/wp-json\/wp\/v2\/posts\/167521","targetHints":{"allow":["GET"]}}],"collection":[{"href":"https:\/\/www.meydan.tv\/az\/wp-json\/wp\/v2\/posts"}],"about":[{"href":"https:\/\/www.meydan.tv\/az\/wp-json\/wp\/v2\/types\/post"}],"author":[{"embeddable":true,"href":"https:\/\/www.meydan.tv\/az\/wp-json\/wp\/v2\/users\/11"}],"replies":[{"embeddable":true,"href":"https:\/\/www.meydan.tv\/az\/wp-json\/wp\/v2\/comments?post=167521"}],"version-history":[{"count":0,"href":"https:\/\/www.meydan.tv\/az\/wp-json\/wp\/v2\/posts\/167521\/revisions"}],"wp:featuredmedia":[{"embeddable":true,"href":"https:\/\/www.meydan.tv\/az\/wp-json\/wp\/v2\/media\/22613"}],"wp:attachment":[{"href":"https:\/\/www.meydan.tv\/az\/wp-json\/wp\/v2\/media?parent=167521"}],"wp:term":[{"taxonomy":"category","embeddable":true,"href":"https:\/\/www.meydan.tv\/az\/wp-json\/wp\/v2\/categories?post=167521"},{"taxonomy":"post_tag","embeddable":true,"href":"https:\/\/www.meydan.tv\/az\/wp-json\/wp\/v2\/tags?post=167521"}],"curies":[{"name":"wp","href":"https:\/\/api.w.org\/{rel}","templated":true}]}}