{"id":167520,"date":"2015-04-12T18:43:58","date_gmt":"2015-04-12T18:43:58","guid":{"rendered":"https:\/\/www.meydan.tv\/article\/muxalifet-liderinin-kohne-penceyi\/"},"modified":"2015-04-12T18:43:58","modified_gmt":"2015-04-12T18:43:58","slug":"muxalifet-liderinin-kohne-penceyi","status":"publish","type":"post","link":"https:\/\/www.meydan.tv\/az\/article\/muxalifet-liderinin-kohne-penceyi\/","title":{"rendered":"M\u00fcxalif\u0259t liderinin k\u00f6hn\u0259 penc\u0259yi&#8230;"},"content":{"rendered":"<figure class=\"wp-block-image size-large\">\n  <img decoding=\"async\" src=\"https:\/\/www.meydan.tv\/az\/21885\/\" alt=\"\" class=\"wp-image-21885\"\/><figcaption><\/figcaption><\/figure>\n<figure class=\"wp-block-image size-large\">\n  <img decoding=\"async\" src=\"https:\/\/www.meydan.tv\/az\/21882\/\" alt=\"\" class=\"wp-image-21882\"\/><figcaption><\/figcaption><\/figure>\n<p>\n  Biz qurban sev\u0259n mill\u0259tik. H\u0259m \u00f6z\u00fcm\u00fcz\u00fc qurban edib bundan f\u0259xrl\u0259 dan\u0131\u015fma\u011f\u0131, h\u0259m d\u0259 ba\u015fqalar\u0131n\u0131 \u00f6z\u00fcm\u00fcz\u0259 qurban edib bundan q\u00fcrr\u0259l\u0259nm\u0259yi sevirik. Hami bir-birin\u0259 potensial qurban kimi baxir- s\u00f6z\u00fcn \u0259sl m\u0259nas\u0131nda.<\/p>\n<p>  Do\u011fulanda qurban kimi d\u00fcnyaya g\u0259lirik. Q\u0131z ya o\u011flan f\u0259rqi qoymadan valideynl\u0259r, qohum-\u0259qraba \u00f6z d\u0259y\u0259rli m\u0259s\u0259h\u0259tl\u0259rin\u0259 ba\u015flay\u0131r. \u201cXo\u015fb\u0259xt ya\u015famaq \u00fc\u00e7\u00fcn evl\u0259n\u201d demirl\u0259r. \u201cEvl\u0259n, u\u015fa\u011f\u0131n olsun, qocalanda s\u0259n\u0259 kim baxacaq?\u201d deyirl\u0259r. Bel\u0259c\u0259, qurbanl\u0131\u011f\u0131n ilk m\u0259rh\u0259l\u0259si ba\u015flay\u0131r. D\u00fcnyaya yeni qurban g\u0259lir.<\/p>\n<p>  Sonra bu qurban b\u00f6y\u00fcy\u00fcr. O da qan\u0131na i\u015fl\u0259mi\u015f h\u0259rislikl\u0259 \u00f6z\u00fcn\u0259 qurban axtar\u0131r. Q\u0131zd\u0131rsa, naz\u0131n\u0131 \u00e7\u0259k\u0259c\u0259k, ba\u015f\u0131na f\u0131rlanacaq, \u0259lini isti sudan soyuq suya vurdurmayacaq, \u00e7\u00f6r\u0259yini yey\u0259c\u0259yi \u0259r axtar\u0131\u015f\u0131ndad\u0131r. O\u011fland\u0131rsa, a\u011f\u0131ll\u0131- kamall\u0131 ev q\u0131z\u0131, t\u0259kc\u0259 onunla yox, b\u00fct\u00fcn n\u0259sli il\u0259 evl\u0259n\u0259c\u0259k q\u0131z soraqlas\u0131n. Qurban h\u0259l\u0259 \u00fcst\u0259lik ali t\u0259hsilli m\u00fc\u0259llim ya da h\u0259kim olarsa, n\u0259 \u0259la! He\u00e7 olmasa repetitorluq edib evi saxlaya bil\u0259r, yaxud bir-iki s\u0259hv resept yaz\u0131b d\u0259rman firmas\u0131ndan faizini alar. Qurbanl\u0131\u011f\u0131n n\u00f6vb\u0259ti m\u0259rh\u0259l\u0259si bel\u0259 ba\u015flay\u0131r.<\/p>\n<p>  Sonra \u00fc\u00e7\u00fcnc\u00fc, d\u00f6rd\u00fcnc\u00fc&#8230; m\u0259rh\u0259l\u0259. Bu d\u0259f\u0259 c\u0259miyy\u0259t qurban ist\u0259yir. B\u0259db\u0259xts\u0259ns\u0259, c\u0259miyy\u0259t\u0259 pis n\u00fcmun\u0259 olmamaq \u00fc\u00e7\u00fcn el\u0259c\u0259 b\u0259db\u0259xtliyind\u0259 g\u00fcl\u00fcms\u0259. Qurban olursan, bunun f\u0259rqind\u0259s\u0259n? Eybi yoxdur, d\u00f6z, t\u0259ki h\u0259c\u0259rl\u0259rin, nigarlar\u0131n, atan\u0131n, qarda\u015f\u0131n\u0131n, h\u0259l\u0259 \u0259r\u0259 getm\u0259y\u0259n bac\u0131n\u0131n ad\u0131na x\u0259l\u0259l g\u0259lm\u0259sin. Ki\u015fis\u0259ns\u0259, s\u0259n\u0259 bir az ya\u015f\u0131l i\u015f\u0131qd\u0131r, evd\u0259n k\u0259narda daha bir qurban axtar v\u0259 ba\u015fla \u201cya\u015fama\u011fa\u201d. \u018fsas odur ki, evind\u0259 qurban b\u00f6y\u00fcd\u0259s\u0259n.<br \/>\n  <br \/>\n  N\u00f6vb\u0259ti m\u0259rh\u0259l\u0259d\u0259 xalq\u0131n bir n\u00fcmay\u0259nd\u0259si olaraq hakimiyy\u0259tin qurban\u0131na \u00e7evril. B\u00fclleten da\u015f\u0131, \u201cse\u00e7\u201d, se\u00e7dir. Hakimiyy\u0259t xalq\u0131 qurban etsin, xalq m\u00fcxalif\u0259ti, m\u00fcxalif\u0259t liderl\u0259ri \u00f6z fanatlar\u0131n\u0131.<br \/>\n  <br \/>\n  Manat devalivasiya edib, qoy m\u00fcxalif\u0259t meydanlara \u00e7\u0131xs\u0131n, d\u00f6y\u00fcls\u00fcn, s\u00f6y\u00fcls\u00fcn, h\u0259bs olunsun, xalq \u00fc\u00e7\u00fcn \u00f6z\u00fcn\u00fc qurban versin. Zat\u0259n onlar bunun \u00fc\u00e7\u00fcn varlar. Xalq da onun \u00fc\u00e7\u00fcn h\u0259bsd\u0259 yatanlar\u0131n adlar\u0131n\u0131 bel\u0259 xat\u0131rlamadan azadl\u0131\u011fa, demokratiyaya, rifaha, faizsiz ipoteka kreditin\u0259 qovu\u015fsun.<\/p>\n<p>  M\u00fcxalif\u0259t liderl\u0259ri \u015fkafdak\u0131 k\u00f6hn\u0259 penc\u0259yini s\u0131\u011fallay\u0131b geyin\u0259r\u0259k meydana \u00e7\u0131xanlar\u0131 tribunadan x\u0259fif istehza il\u0259 izl\u0259sin. N\u0259 q\u0259d\u0259r ki, he\u00e7 olmasa stadionun ortas\u0131n\u0131 doldurcaq sayda \u201ck\u00f6hn\u0259 penc\u0259kli yeni \u00fcmidli\u201d h\u0259l\u0259 qal\u0131b, m\u00fcxalif\u0259t liderliyin\u0259 iddia etm\u0259k olar.<\/p>\n<p>  Z\u0259ncir dola\u015f\u0131b sonunda yen\u0259 s\u0259n\u0259 g\u0259lsin. S\u0259ns\u0259 d\u00fcnyaya g\u0259tir\u0259c\u0259yin k\u00f6rp\u0259n \u00fc\u00e7\u00fcn \u00f6z\u00fcn\u0259b\u0259nz\u0259r bir h\u0259yat haz\u0131rla- qurban h\u0259yat\u0131&#8230;\n<\/p>\n<p>\n  <b><br \/>\n    Yaz\u0131dak\u0131 fikirl\u0259r m\u00fc\u0259llif\u0259 m\u0259xsusdur v\u0259 onlara g\u00f6r\u0259 Meydan TV m\u0259suliyy\u0259t da\u015f\u0131m\u0131r.<br \/>\n  <\/b><\/p>\n","protected":false},"excerpt":{"rendered":"<p>Qurban axtar\u0131\u015f\u0131nda&#8230; u\u011furlar<\/p>\n","protected":false},"author":11,"featured_media":21885,"comment_status":"closed","ping_status":"open","sticky":false,"template":"","format":"standard","meta":{"_acf_changed":false,"_sitemap_exclude":false,"_sitemap_priority":"","_sitemap_frequency":"","footnotes":""},"categories":[57],"tags":[],"class_list":["post-167520","post","type-post","status-publish","format-standard","has-post-thumbnail","hentry","category-menim-fikrimce","infinite-scroll-item","generate-columns","tablet-grid-50","mobile-grid-100","grid-parent","grid-33","no-featured-image-padding"],"acf":[],"yoast_head":"<!-- This site is optimized with the Yoast SEO plugin v27.5 - https:\/\/yoast.com\/product\/yoast-seo-wordpress\/ -->\n<title>M\u00fcxalif\u0259t liderinin k\u00f6hn\u0259 penc\u0259yi... - MEYDAN.TV<\/title>\n<meta name=\"robots\" content=\"index, follow, max-snippet:-1, max-image-preview:large, max-video-preview:-1\" \/>\n<link rel=\"canonical\" href=\"https:\/\/www.meydan.tv\/az\/article\/muxalifet-liderinin-kohne-penceyi\/\" \/>\n<meta property=\"og:locale\" content=\"az_AZ\" \/>\n<meta property=\"og:type\" content=\"article\" \/>\n<meta property=\"og:title\" content=\"M\u00fcxalif\u0259t liderinin k\u00f6hn\u0259 penc\u0259yi... - MEYDAN.TV\" \/>\n<meta property=\"og:description\" content=\"Qurban axtar\u0131\u015f\u0131nda... u\u011furlar\" \/>\n<meta property=\"og:url\" content=\"https:\/\/www.meydan.tv\/az\/article\/muxalifet-liderinin-kohne-penceyi\/\" \/>\n<meta property=\"og:site_name\" content=\"MEYDAN.TV\" \/>\n<meta property=\"article:published_time\" content=\"2015-04-12T18:43:58+00:00\" \/>\n<meta property=\"og:image\" content=\"https:\/\/www.meydan.tv\/wp-content\/uploads\/7948.jpg\" \/>\n\t<meta property=\"og:image:width\" content=\"500\" \/>\n\t<meta property=\"og:image:height\" content=\"500\" \/>\n\t<meta property=\"og:image:type\" content=\"image\/jpeg\" \/>\n<meta name=\"author\" content=\"user-manager\" \/>\n<meta name=\"twitter:card\" content=\"summary_large_image\" \/>\n<script type=\"application\/ld+json\" class=\"yoast-schema-graph\">{\"@context\":\"https:\\\/\\\/schema.org\",\"@graph\":[{\"@type\":\"Article\",\"@id\":\"https:\\\/\\\/www.meydan.tv\\\/az\\\/article\\\/muxalifet-liderinin-kohne-penceyi\\\/#article\",\"isPartOf\":{\"@id\":\"https:\\\/\\\/www.meydan.tv\\\/az\\\/article\\\/muxalifet-liderinin-kohne-penceyi\\\/\"},\"author\":{\"name\":\"user-manager\",\"@id\":\"https:\\\/\\\/www.meydan.tv\\\/az\\\/#\\\/schema\\\/person\\\/10d11eccf6da3662cf5fdab9806ea91a\"},\"headline\":\"M\u00fcxalif\u0259t liderinin k\u00f6hn\u0259 penc\u0259yi&#8230;\",\"datePublished\":\"2015-04-12T18:43:58+00:00\",\"mainEntityOfPage\":{\"@id\":\"https:\\\/\\\/www.meydan.tv\\\/az\\\/article\\\/muxalifet-liderinin-kohne-penceyi\\\/\"},\"wordCount\":579,\"publisher\":{\"@id\":\"https:\\\/\\\/www.meydan.tv\\\/az\\\/#organization\"},\"image\":{\"@id\":\"https:\\\/\\\/www.meydan.tv\\\/az\\\/article\\\/muxalifet-liderinin-kohne-penceyi\\\/#primaryimage\"},\"thumbnailUrl\":\"https:\\\/\\\/www.meydan.tv\\\/wp-content\\\/uploads\\\/7948.jpg\",\"articleSection\":[\"M\u0259nim Fikrimc\u0259\"],\"inLanguage\":\"az\"},{\"@type\":\"WebPage\",\"@id\":\"https:\\\/\\\/www.meydan.tv\\\/az\\\/article\\\/muxalifet-liderinin-kohne-penceyi\\\/\",\"url\":\"https:\\\/\\\/www.meydan.tv\\\/az\\\/article\\\/muxalifet-liderinin-kohne-penceyi\\\/\",\"name\":\"M\u00fcxalif\u0259t liderinin k\u00f6hn\u0259 penc\u0259yi... - MEYDAN.TV\",\"isPartOf\":{\"@id\":\"https:\\\/\\\/www.meydan.tv\\\/az\\\/#website\"},\"primaryImageOfPage\":{\"@id\":\"https:\\\/\\\/www.meydan.tv\\\/az\\\/article\\\/muxalifet-liderinin-kohne-penceyi\\\/#primaryimage\"},\"image\":{\"@id\":\"https:\\\/\\\/www.meydan.tv\\\/az\\\/article\\\/muxalifet-liderinin-kohne-penceyi\\\/#primaryimage\"},\"thumbnailUrl\":\"https:\\\/\\\/www.meydan.tv\\\/wp-content\\\/uploads\\\/7948.jpg\",\"datePublished\":\"2015-04-12T18:43:58+00:00\",\"breadcrumb\":{\"@id\":\"https:\\\/\\\/www.meydan.tv\\\/az\\\/article\\\/muxalifet-liderinin-kohne-penceyi\\\/#breadcrumb\"},\"inLanguage\":\"az\",\"potentialAction\":[{\"@type\":\"ReadAction\",\"target\":[\"https:\\\/\\\/www.meydan.tv\\\/az\\\/article\\\/muxalifet-liderinin-kohne-penceyi\\\/\"]}]},{\"@type\":\"ImageObject\",\"inLanguage\":\"az\",\"@id\":\"https:\\\/\\\/www.meydan.tv\\\/az\\\/article\\\/muxalifet-liderinin-kohne-penceyi\\\/#primaryimage\",\"url\":\"https:\\\/\\\/www.meydan.tv\\\/wp-content\\\/uploads\\\/7948.jpg\",\"contentUrl\":\"https:\\\/\\\/www.meydan.tv\\\/wp-content\\\/uploads\\\/7948.jpg\",\"width\":500,\"height\":500,\"caption\":\"Source:\"},{\"@type\":\"BreadcrumbList\",\"@id\":\"https:\\\/\\\/www.meydan.tv\\\/az\\\/article\\\/muxalifet-liderinin-kohne-penceyi\\\/#breadcrumb\",\"itemListElement\":[{\"@type\":\"ListItem\",\"position\":1,\"name\":\"Ana s\u0259hif\u0259\",\"item\":\"https:\\\/\\\/www.meydan.tv\\\/az\\\/\"},{\"@type\":\"ListItem\",\"position\":2,\"name\":\"M\u0259nim Fikrimc\u0259\",\"item\":\"https:\\\/\\\/www.meydan.tv\\\/az\\\/section\\\/menim-fikrimce\\\/\"},{\"@type\":\"ListItem\",\"position\":3,\"name\":\"M\u00fcxalif\u0259t liderinin k\u00f6hn\u0259 penc\u0259yi&#8230;\"}]},{\"@type\":\"WebSite\",\"@id\":\"https:\\\/\\\/www.meydan.tv\\\/az\\\/#website\",\"url\":\"https:\\\/\\\/www.meydan.tv\\\/az\\\/\",\"name\":\"MEYDAN.TV\",\"description\":\"Meydan TV Az\u0259rbaycan\u0131n media m\u0259kan\u0131ndak\u0131 alternativ s\u0259sidir\",\"publisher\":{\"@id\":\"https:\\\/\\\/www.meydan.tv\\\/az\\\/#organization\"},\"potentialAction\":[{\"@type\":\"SearchAction\",\"target\":{\"@type\":\"EntryPoint\",\"urlTemplate\":\"https:\\\/\\\/www.meydan.tv\\\/az\\\/?s={search_term_string}\"},\"query-input\":{\"@type\":\"PropertyValueSpecification\",\"valueRequired\":true,\"valueName\":\"search_term_string\"}}],\"inLanguage\":\"az\"},{\"@type\":\"Organization\",\"@id\":\"https:\\\/\\\/www.meydan.tv\\\/az\\\/#organization\",\"name\":\"Meydan TV\",\"url\":\"https:\\\/\\\/www.meydan.tv\\\/az\\\/\",\"logo\":{\"@type\":\"ImageObject\",\"inLanguage\":\"az\",\"@id\":\"https:\\\/\\\/www.meydan.tv\\\/az\\\/#\\\/schema\\\/logo\\\/image\\\/\",\"url\":\"https:\\\/\\\/www.meydan.tv\\\/wp-content\\\/uploads\\\/2021\\\/07\\\/meydan-logo.svg\",\"contentUrl\":\"https:\\\/\\\/www.meydan.tv\\\/wp-content\\\/uploads\\\/2021\\\/07\\\/meydan-logo.svg\",\"width\":195,\"height\":46,\"caption\":\"Meydan TV\"},\"image\":{\"@id\":\"https:\\\/\\\/www.meydan.tv\\\/az\\\/#\\\/schema\\\/logo\\\/image\\\/\"}},{\"@type\":\"Person\",\"@id\":\"https:\\\/\\\/www.meydan.tv\\\/az\\\/#\\\/schema\\\/person\\\/10d11eccf6da3662cf5fdab9806ea91a\",\"name\":\"user-manager\"}]}<\/script>\n<!-- \/ Yoast SEO plugin. -->","yoast_head_json":{"title":"M\u00fcxalif\u0259t liderinin k\u00f6hn\u0259 penc\u0259yi... - MEYDAN.TV","robots":{"index":"index","follow":"follow","max-snippet":"max-snippet:-1","max-image-preview":"max-image-preview:large","max-video-preview":"max-video-preview:-1"},"canonical":"https:\/\/www.meydan.tv\/az\/article\/muxalifet-liderinin-kohne-penceyi\/","og_locale":"az_AZ","og_type":"article","og_title":"M\u00fcxalif\u0259t liderinin k\u00f6hn\u0259 penc\u0259yi... - MEYDAN.TV","og_description":"Qurban axtar\u0131\u015f\u0131nda... u\u011furlar","og_url":"https:\/\/www.meydan.tv\/az\/article\/muxalifet-liderinin-kohne-penceyi\/","og_site_name":"MEYDAN.TV","article_published_time":"2015-04-12T18:43:58+00:00","og_image":[{"width":500,"height":500,"url":"https:\/\/www.meydan.tv\/wp-content\/uploads\/7948.jpg","type":"image\/jpeg"}],"author":"user-manager","twitter_card":"summary_large_image","schema":{"@context":"https:\/\/schema.org","@graph":[{"@type":"Article","@id":"https:\/\/www.meydan.tv\/az\/article\/muxalifet-liderinin-kohne-penceyi\/#article","isPartOf":{"@id":"https:\/\/www.meydan.tv\/az\/article\/muxalifet-liderinin-kohne-penceyi\/"},"author":{"name":"user-manager","@id":"https:\/\/www.meydan.tv\/az\/#\/schema\/person\/10d11eccf6da3662cf5fdab9806ea91a"},"headline":"M\u00fcxalif\u0259t liderinin k\u00f6hn\u0259 penc\u0259yi&#8230;","datePublished":"2015-04-12T18:43:58+00:00","mainEntityOfPage":{"@id":"https:\/\/www.meydan.tv\/az\/article\/muxalifet-liderinin-kohne-penceyi\/"},"wordCount":579,"publisher":{"@id":"https:\/\/www.meydan.tv\/az\/#organization"},"image":{"@id":"https:\/\/www.meydan.tv\/az\/article\/muxalifet-liderinin-kohne-penceyi\/#primaryimage"},"thumbnailUrl":"https:\/\/www.meydan.tv\/wp-content\/uploads\/7948.jpg","articleSection":["M\u0259nim Fikrimc\u0259"],"inLanguage":"az"},{"@type":"WebPage","@id":"https:\/\/www.meydan.tv\/az\/article\/muxalifet-liderinin-kohne-penceyi\/","url":"https:\/\/www.meydan.tv\/az\/article\/muxalifet-liderinin-kohne-penceyi\/","name":"M\u00fcxalif\u0259t liderinin k\u00f6hn\u0259 penc\u0259yi... - MEYDAN.TV","isPartOf":{"@id":"https:\/\/www.meydan.tv\/az\/#website"},"primaryImageOfPage":{"@id":"https:\/\/www.meydan.tv\/az\/article\/muxalifet-liderinin-kohne-penceyi\/#primaryimage"},"image":{"@id":"https:\/\/www.meydan.tv\/az\/article\/muxalifet-liderinin-kohne-penceyi\/#primaryimage"},"thumbnailUrl":"https:\/\/www.meydan.tv\/wp-content\/uploads\/7948.jpg","datePublished":"2015-04-12T18:43:58+00:00","breadcrumb":{"@id":"https:\/\/www.meydan.tv\/az\/article\/muxalifet-liderinin-kohne-penceyi\/#breadcrumb"},"inLanguage":"az","potentialAction":[{"@type":"ReadAction","target":["https:\/\/www.meydan.tv\/az\/article\/muxalifet-liderinin-kohne-penceyi\/"]}]},{"@type":"ImageObject","inLanguage":"az","@id":"https:\/\/www.meydan.tv\/az\/article\/muxalifet-liderinin-kohne-penceyi\/#primaryimage","url":"https:\/\/www.meydan.tv\/wp-content\/uploads\/7948.jpg","contentUrl":"https:\/\/www.meydan.tv\/wp-content\/uploads\/7948.jpg","width":500,"height":500,"caption":"Source:"},{"@type":"BreadcrumbList","@id":"https:\/\/www.meydan.tv\/az\/article\/muxalifet-liderinin-kohne-penceyi\/#breadcrumb","itemListElement":[{"@type":"ListItem","position":1,"name":"Ana s\u0259hif\u0259","item":"https:\/\/www.meydan.tv\/az\/"},{"@type":"ListItem","position":2,"name":"M\u0259nim Fikrimc\u0259","item":"https:\/\/www.meydan.tv\/az\/section\/menim-fikrimce\/"},{"@type":"ListItem","position":3,"name":"M\u00fcxalif\u0259t liderinin k\u00f6hn\u0259 penc\u0259yi&#8230;"}]},{"@type":"WebSite","@id":"https:\/\/www.meydan.tv\/az\/#website","url":"https:\/\/www.meydan.tv\/az\/","name":"MEYDAN.TV","description":"Meydan TV Az\u0259rbaycan\u0131n media m\u0259kan\u0131ndak\u0131 alternativ s\u0259sidir","publisher":{"@id":"https:\/\/www.meydan.tv\/az\/#organization"},"potentialAction":[{"@type":"SearchAction","target":{"@type":"EntryPoint","urlTemplate":"https:\/\/www.meydan.tv\/az\/?s={search_term_string}"},"query-input":{"@type":"PropertyValueSpecification","valueRequired":true,"valueName":"search_term_string"}}],"inLanguage":"az"},{"@type":"Organization","@id":"https:\/\/www.meydan.tv\/az\/#organization","name":"Meydan TV","url":"https:\/\/www.meydan.tv\/az\/","logo":{"@type":"ImageObject","inLanguage":"az","@id":"https:\/\/www.meydan.tv\/az\/#\/schema\/logo\/image\/","url":"https:\/\/www.meydan.tv\/wp-content\/uploads\/2021\/07\/meydan-logo.svg","contentUrl":"https:\/\/www.meydan.tv\/wp-content\/uploads\/2021\/07\/meydan-logo.svg","width":195,"height":46,"caption":"Meydan TV"},"image":{"@id":"https:\/\/www.meydan.tv\/az\/#\/schema\/logo\/image\/"}},{"@type":"Person","@id":"https:\/\/www.meydan.tv\/az\/#\/schema\/person\/10d11eccf6da3662cf5fdab9806ea91a","name":"user-manager"}]}},"_links":{"self":[{"href":"https:\/\/www.meydan.tv\/az\/wp-json\/wp\/v2\/posts\/167520","targetHints":{"allow":["GET"]}}],"collection":[{"href":"https:\/\/www.meydan.tv\/az\/wp-json\/wp\/v2\/posts"}],"about":[{"href":"https:\/\/www.meydan.tv\/az\/wp-json\/wp\/v2\/types\/post"}],"author":[{"embeddable":true,"href":"https:\/\/www.meydan.tv\/az\/wp-json\/wp\/v2\/users\/11"}],"replies":[{"embeddable":true,"href":"https:\/\/www.meydan.tv\/az\/wp-json\/wp\/v2\/comments?post=167520"}],"version-history":[{"count":0,"href":"https:\/\/www.meydan.tv\/az\/wp-json\/wp\/v2\/posts\/167520\/revisions"}],"wp:featuredmedia":[{"embeddable":true,"href":"https:\/\/www.meydan.tv\/az\/wp-json\/wp\/v2\/media\/21885"}],"wp:attachment":[{"href":"https:\/\/www.meydan.tv\/az\/wp-json\/wp\/v2\/media?parent=167520"}],"wp:term":[{"taxonomy":"category","embeddable":true,"href":"https:\/\/www.meydan.tv\/az\/wp-json\/wp\/v2\/categories?post=167520"},{"taxonomy":"post_tag","embeddable":true,"href":"https:\/\/www.meydan.tv\/az\/wp-json\/wp\/v2\/tags?post=167520"}],"curies":[{"name":"wp","href":"https:\/\/api.w.org\/{rel}","templated":true}]}}