{"id":167519,"date":"2015-04-12T02:38:53","date_gmt":"2015-04-12T02:38:53","guid":{"rendered":"https:\/\/www.meydan.tv\/article\/azerbaycan-prezidentinin-seudiyyeye-seferi-muxtelif-nov-tapmacalar-ucun-zemin-yaradib-tehlil\/"},"modified":"2015-04-12T02:38:53","modified_gmt":"2015-04-12T02:38:53","slug":"azerbaycan-prezidentinin-seudiyyeye-seferi-muxtelif-nov-tapmacalar-ucun-zemin-yaradib-tehlil","status":"publish","type":"post","link":"https:\/\/www.meydan.tv\/az\/article\/azerbaycan-prezidentinin-seudiyyeye-seferi-muxtelif-nov-tapmacalar-ucun-zemin-yaradib-tehlil\/","title":{"rendered":"&#8220;Az\u0259rbaycan prezidentinin S\u0259udiyy\u0259y\u0259 s\u0259f\u0259ri m\u00fcxt\u0259lif n\u00f6v tapmacalar \u00fc\u00e7\u00fcn z\u0259min yarad\u0131b&#8221; (T\u0259hlil)"},"content":{"rendered":"<figure class=\"wp-block-image size-large\">\n  <img decoding=\"async\" src=\"https:\/\/www.meydan.tv\/az\/22616\/\" alt=\"\" class=\"wp-image-22616\"\/><figcaption><\/figcaption><\/figure>\n<figure class=\"wp-block-image size-large\">\n  <img decoding=\"async\" src=\"https:\/\/www.meydan.tv\/az\/22616\/\" alt=\"\" class=\"wp-image-22616\"\/><figcaption><\/figcaption><\/figure>\n<p>\n  <i><br \/>\n    &#8220;R\u0259smi xarici turnel\u0259r zaman\u0131 at\u0131lan add\u0131mlar\u0131n \u00e7oxu obyektivin kadrarxas\u0131nda qal\u0131r&#8221;<br \/>\n  <\/i><br \/>\n  <br \/>\n  <b><br \/>\n    <br \/>\n    Bir s\u0131ra xarici K\u0130V-l\u0259r Az\u0259rbaycan prezidenti \u0130lham \u018fliyevin S\u0259udiyy\u0259 \u018fr\u0259bistan\u0131na r\u0259smi s\u0259f\u0259rini (5-7 aprel) \u015f\u0259rh ed\u0259rk\u0259n onu \u201cq\u0259fil\u201d, \u201cm\u0259xfi\u201d, \u201cg\u00f6zl\u0259nilm\u0259y\u0259n\u201d kimi t\u0259rif edibl\u0259r. S\u0259f\u0259r \u015f\u0259klinin bel\u0259 assosiasiyas\u0131 iki s\u0259b\u0259bl\u0259 ba\u011fl\u0131d\u0131r: s\u0259f\u0259r haqq\u0131nda \u0259vv\u0259lc\u0259d\u0259n elan edilm\u0259mi\u015fdi v\u0259 o, \u0130slam d\u00f6vl\u0259ti v\u0259 Y\u0259m\u0259n b\u00f6hran\u0131 ad\u0131 alt\u0131nda faci\u0259 ba\u015f ver\u0259n Yax\u0131n \u015e\u0259rq\u0259 y\u00fcks\u0259k d\u0259y\u0259r d\u00f6vr\u00fcnd\u0259 ba\u015f tutub.<br \/>\n  <\/b>\n<\/p>\n<p>\n  Prezident \u018fliyev demokratik d\u00f6vl\u0259tl\u0259rin liderl\u0259rind\u0259n f\u0259rqli olaraq, dem\u0259k olar ki, he\u00e7 vaxt \u00f6z s\u0259f\u0259rl\u0259rini anons etmir v\u0259 \u00f6z v\u0259t\u0259nda\u015flar\u0131na, xarici rezidentl\u0259r\u0259 s\u00fcrprizl\u0259r etm\u0259y\u0259 \u00fcst\u00fcnl\u00fck verir. V\u0259 r\u0259smi xarici turnel\u0259r zaman\u0131 at\u0131lan add\u0131mlar\u0131n \u00e7oxu obyektivin kadrarxas\u0131nda qal\u0131r. Proqram\u0131n m\u0259d\u0259ni v\u0259 ibad\u0259t hiss\u0259si istisna olmaqla, onun g\u00f6zl\u0259rd\u0259n uzaq olmad\u0131\u011f\u0131n\u0131 n\u0259z\u0259r\u0259 almasaq, S\u0259udiyy\u0259 s\u0259f\u0259ri d\u0259 istisna deyil.\n<\/p>\n<p>\n  Kral Salman ibn \u018fbd\u00fcl-\u018fziz \u018fl S\u0259ud v\u0259 onun nazirl\u0259ri il\u0259 dan\u0131\u015f\u0131qlar haqq\u0131nda m\u0259lumatlar \u00e7ox q\u0131sa idi v\u0259 buna g\u00f6r\u0259 Az\u0259rbaycan prezidentinin s\u0259f\u0259rinin \u0259sl motivl\u0259ri haqq\u0131nda m\u00fcxt\u0259lif n\u00f6v tapmacalar \u00fc\u00e7\u00fcn z\u0259min yarad\u0131b.\n<\/p>\n<p>\n  \u018fliyevin s\u0259f\u0259r zaman\u0131 \u00e7\u0131x\u0131\u015f\u0131 il\u0259 yegan\u0259 \u0259trafl\u0131 hesabat \u0130slam H\u0259mr\u0259yliyi T\u0259\u015fkilat\u0131n\u0131n (\u0130HT) ba\u015f katibi \u0130yad bin Amin Madani il\u0259 g\u00f6r\u00fc\u015f\u0259 aid idi. Maraql\u0131d\u0131r ki, g\u00f6r\u00fc\u015fd\u0259 \u015fahzad\u0259 d\u0259 i\u015ftirak edib ki, bu da Az\u0259rbaycan prezidentin\u0259 x\u00fcsusi m\u00fcnasib\u0259t\u0259 d\u0259lal\u0259t edirdi.\n<\/p>\n<p>\n  \u018fvv\u0259ll\u0259r \u0130slam Konfrans\u0131 T\u0259\u015fkilat\u0131 (\u0130KT) kimi m\u0259\u015fhur olan bu d\u00f6vl\u0259tl\u0259raras\u0131 qurum krall\u0131\u011f\u0131n iqtisadi paytaxt\u0131 olan Cidd\u0259d\u0259 yerl\u0259\u015fir v\u0259 s\u0259udiyy\u0259lil\u0259rin x\u00fcsusi himay\u0259si alt\u0131ndad\u0131r. Az\u0259rbaycan m\u00fcnt\u0259z\u0259m olaraq \u0259razi b\u00fct\u00f6vl\u00fcy\u00fcn\u00fcn Erm\u0259nistan\u0131n q\u0259sdind\u0259n qorunmas\u0131nda \u0130KT (\u0130HT) t\u0259r\u0259find\u0259n siyasi d\u0259st\u0259k al\u0131rd\u0131, x\u00fcsus\u0259n 1994-c\u00fc ild\u0259 prezident Heyd\u0259r \u018fliyevin S\u0259udiyy\u0259 \u018fr\u0259bistan\u0131na s\u0259f\u0259rind\u0259n sonra.\n<\/p>\n<p>\n  Eyni zamanda, Az\u0259rbaycan F\u0259l\u0259stin m\u00f6vzusunda vahid m\u00f6vqed\u0259n \u00e7\u0131x\u0131\u015f ed\u0259r\u0259k, habel\u0259 \u0130slam d\u00fcnyas\u0131n\u0131n m\u0259\u015fhurla\u015fmas\u0131 \u00fczr\u0259 m\u00fcxt\u0259lif n\u00f6v y\u00fcks\u0259k s\u0259viyy\u0259li forumlar t\u0259\u015fkil ed\u0259r\u0259k, ehtiyac\u0131 olan \u00f6lk\u0259l\u0259r\u0259 v\u0259 qruplara maddi-humanitar yard\u0131m g\u00f6st\u0259r\u0259r\u0259k, islam d\u00fcnyas\u0131n\u0131n maraqlar\u0131n\u0131n m\u00fcdafi\u0259sin\u0259 b\u00f6y\u00fck t\u00f6hf\u0259 verirdi. \u0130HT ba\u015f katibi d\u0259 t\u00f6hf\u0259ni qiym\u0259tl\u0259ndirib, o, Az\u0259rbaycan r\u0259hb\u0259rliyinin \u0130slam namin\u0259 h\u0259r\u0259k\u0259tl\u0259rini qeyd ed\u0259rk\u0259n, \u201c\u00fczv-d\u00f6vl\u0259tl\u0259r aras\u0131nda investisiyalar\u0131 art\u0131rma\u011fa\u201d \u00e7a\u011f\u0131r\u0131b.\n<\/p>\n<p>\n  \u018fliyev S\u0259udiyy\u0259 \u018fr\u0259bistan\u0131n\u0131n milli, \u0259n\u0259n\u0259vi v\u0259 dini d\u0259y\u0259rl\u0259rin ayr\u0131-ayr\u0131 qloballa\u015fma aspektl\u0259rinin, x\u00fcsus\u0259n milli maraqlara (oxu &#8211; elitan\u0131n maraqlar\u0131na) t\u0259hl\u00fck\u0259 yaradan aspektl\u0259rin pis t\u0259sirind\u0259n qorunmas\u0131nda rolunu y\u00fcks\u0259k d\u0259y\u0259rl\u0259ndirib.\n<\/p>\n<p>\n  Dem\u0259k olmaz ki, \u018fliyevin s\u0259f\u0259ri Az\u0259rbaycan \u00fc\u00e7\u00fcn bir barrel neftin 60 dollardan az olan d\u0259y\u0259ri d\u00f6vl\u0259tin cari x\u0259rcl\u0259rini qar\u015f\u0131lamad\u0131\u011f\u0131 bir d\u00f6vrd\u0259 yaln\u0131z investisiya d\u0259st\u0259yi \u0259ld\u0259 etm\u0259k m\u0259qs\u0259di da\u015f\u0131y\u0131rd\u0131. Amma g\u00f6rm\u0259m\u0259k olmaz ki, s\u0259f\u0259r qon\u015fu Y\u0259m\u0259nd\u0259 \u015fi\u0259 qiyam\u00e7\u0131lar\u0131na \u00f6z\u00fcn\u0259 m\u0259xsus olmayan t\u0259rzd\u0259 h\u00fccum ed\u0259n S\u0259udiyy\u0259 \u00fc\u00e7\u00fcn m\u0259sul bir zamanda ba\u015f verib. Onu da qeyd etm\u0259k laz\u0131md\u0131r ki, AB\u015e\u00a0 maraqlar\u0131na qar\u015f\u0131 \u00e7\u0131xan iranl\u0131lar v\u0259 ruslar \u00fc\u00e7\u00fcn z\u0259min olan Y\u0259m\u0259n S\u0259udiyy\u0259nin s\u0259rh\u0259dd\u0259ki neft yataqlar\u0131 \u00fcz\u0259rind\u0259ki iddialar\u0131 il\u0259 h\u0259mi\u015f\u0259 ba\u015f a\u011fr\u0131s\u0131 olub.\n<\/p>\n<p>\n  \u00a0\u015ei\u0259l\u0259rin \u00fcst\u00fcnl\u00fck t\u0259\u015fkil etdiyi Az\u0259rbaycan\u0131n prezidentinin s\u0259f\u0259ri ist\u0259r-ist\u0259m\u0259z S\u0259udiyy\u0259 \u018fr\u0259bistan\u0131n\u0131n r\u0259hb\u0259rlik etdiyi s\u00fcnni koalisiyas\u0131n\u0131n Y\u0259m\u0259nd\u0259ki h\u0259r\u0259k\u0259tl\u0259rinin dini z\u0259mind\u0259 olmamas\u0131 n\u00f6qteyi-n\u0259z\u0259rd\u0259n Bak\u0131 v\u0259 \u018fr-Riyad\u0131n qar\u015f\u0131l\u0131ql\u0131 tolerantl\u0131\u011f\u0131n\u0131 n\u00fcmayi\u015f etdirir. Soyad\u0131 \u015fi\u0259l\u0259rin M\u0259h\u0259mm\u0259d Pey\u011f\u0259mb\u0259rd\u0259n sonra ikinci m\u00fcq\u0259dd\u0259s insan olan imam \u018flinin ad\u0131ndan g\u0259l\u0259n \u015fi\u0259 \u018fliyevin y\u00fcks\u0259k s\u0259viyy\u0259d\u0259 q\u0259bulu v\u0259 ona olan h\u00f6rm\u0259t buna d\u0259lal\u0259t edir.\n<\/p>\n<p>\n  Turan Analitika Xidm\u0259ti<\/p>\n","protected":false},"excerpt":{"rendered":"<p>&#8220;R\u0259smi xarici turnel\u0259r zaman\u0131 at\u0131lan add\u0131mlar\u0131n \u00e7oxu obyektivin kadrarxas\u0131nda qal\u0131r&#8221;<\/p>\n","protected":false},"author":11,"featured_media":22616,"comment_status":"closed","ping_status":"open","sticky":false,"template":"","format":"standard","meta":{"_acf_changed":false,"_sitemap_exclude":false,"_sitemap_priority":"","_sitemap_frequency":"","footnotes":""},"categories":[56],"tags":[],"class_list":["post-167519","post","type-post","status-publish","format-standard","has-post-thumbnail","hentry","category-xeberler","infinite-scroll-item","generate-columns","tablet-grid-50","mobile-grid-100","grid-parent","grid-33","no-featured-image-padding"],"acf":[],"yoast_head":"<!-- This site is optimized with the Yoast SEO plugin v28.4 - https:\/\/yoast.com\/product\/yoast-seo-wordpress\/ -->\n<title>&quot;Az\u0259rbaycan prezidentinin S\u0259udiyy\u0259y\u0259 s\u0259f\u0259ri m\u00fcxt\u0259lif n\u00f6v tapmacalar \u00fc\u00e7\u00fcn z\u0259min yarad\u0131b&quot; (T\u0259hlil) - MEYDAN.TV<\/title>\n<meta name=\"robots\" content=\"index, follow, max-snippet:-1, max-image-preview:large, max-video-preview:-1\" \/>\n<link rel=\"canonical\" href=\"https:\/\/www.meydan.tv\/az\/article\/azerbaycan-prezidentinin-seudiyyeye-seferi-muxtelif-nov-tapmacalar-ucun-zemin-yaradib-tehlil\/\" \/>\n<meta property=\"og:locale\" content=\"az_AZ\" \/>\n<meta property=\"og:type\" content=\"article\" \/>\n<meta property=\"og:title\" content=\"&quot;Az\u0259rbaycan prezidentinin S\u0259udiyy\u0259y\u0259 s\u0259f\u0259ri m\u00fcxt\u0259lif n\u00f6v tapmacalar \u00fc\u00e7\u00fcn z\u0259min yarad\u0131b&quot; (T\u0259hlil) - MEYDAN.TV\" \/>\n<meta property=\"og:description\" content=\"&quot;R\u0259smi xarici turnel\u0259r zaman\u0131 at\u0131lan add\u0131mlar\u0131n \u00e7oxu obyektivin kadrarxas\u0131nda qal\u0131r&quot;\" \/>\n<meta property=\"og:url\" content=\"https:\/\/www.meydan.tv\/az\/article\/azerbaycan-prezidentinin-seudiyyeye-seferi-muxtelif-nov-tapmacalar-ucun-zemin-yaradib-tehlil\/\" \/>\n<meta property=\"og:site_name\" content=\"MEYDAN.TV\" \/>\n<meta property=\"article:published_time\" content=\"2015-04-12T02:38:53+00:00\" \/>\n<meta property=\"og:image\" content=\"https:\/\/www.meydan.tv\/wp-content\/uploads\/8212.jpg\" \/>\n\t<meta property=\"og:image:width\" content=\"594\" \/>\n\t<meta property=\"og:image:height\" content=\"450\" \/>\n\t<meta property=\"og:image:type\" content=\"image\/jpeg\" \/>\n<meta name=\"twitter:card\" content=\"summary_large_image\" \/>\n<!-- \/ Yoast SEO plugin. -->","yoast_head_json":{"title":"\"Az\u0259rbaycan prezidentinin S\u0259udiyy\u0259y\u0259 s\u0259f\u0259ri m\u00fcxt\u0259lif n\u00f6v tapmacalar \u00fc\u00e7\u00fcn z\u0259min yarad\u0131b\" (T\u0259hlil) - MEYDAN.TV","robots":{"index":"index","follow":"follow","max-snippet":"max-snippet:-1","max-image-preview":"max-image-preview:large","max-video-preview":"max-video-preview:-1"},"canonical":"https:\/\/www.meydan.tv\/az\/article\/azerbaycan-prezidentinin-seudiyyeye-seferi-muxtelif-nov-tapmacalar-ucun-zemin-yaradib-tehlil\/","og_locale":"az_AZ","og_type":"article","og_title":"\"Az\u0259rbaycan prezidentinin S\u0259udiyy\u0259y\u0259 s\u0259f\u0259ri m\u00fcxt\u0259lif n\u00f6v tapmacalar \u00fc\u00e7\u00fcn z\u0259min yarad\u0131b\" (T\u0259hlil) - MEYDAN.TV","og_description":"\"R\u0259smi xarici turnel\u0259r zaman\u0131 at\u0131lan add\u0131mlar\u0131n \u00e7oxu obyektivin kadrarxas\u0131nda qal\u0131r\"","og_url":"https:\/\/www.meydan.tv\/az\/article\/azerbaycan-prezidentinin-seudiyyeye-seferi-muxtelif-nov-tapmacalar-ucun-zemin-yaradib-tehlil\/","og_site_name":"MEYDAN.TV","article_published_time":"2015-04-12T02:38:53+00:00","og_image":[{"width":594,"height":450,"url":"https:\/\/www.meydan.tv\/wp-content\/uploads\/8212.jpg","type":"image\/jpeg"}],"twitter_card":"summary_large_image","schema":{"@context":"https:\/\/schema.org","@graph":[{"@type":"Article","@id":"https:\/\/www.meydan.tv\/az\/article\/azerbaycan-prezidentinin-seudiyyeye-seferi-muxtelif-nov-tapmacalar-ucun-zemin-yaradib-tehlil\/#article","isPartOf":{"@id":"https:\/\/www.meydan.tv\/az\/article\/azerbaycan-prezidentinin-seudiyyeye-seferi-muxtelif-nov-tapmacalar-ucun-zemin-yaradib-tehlil\/"},"author":{"name":"user-manager","@id":"https:\/\/www.meydan.tv\/az\/#\/schema\/person\/10d11eccf6da3662cf5fdab9806ea91a"},"headline":"&#8220;Az\u0259rbaycan prezidentinin S\u0259udiyy\u0259y\u0259 s\u0259f\u0259ri m\u00fcxt\u0259lif n\u00f6v tapmacalar \u00fc\u00e7\u00fcn z\u0259min yarad\u0131b&#8221; (T\u0259hlil)","datePublished":"2015-04-12T02:38:53+00:00","mainEntityOfPage":{"@id":"https:\/\/www.meydan.tv\/az\/article\/azerbaycan-prezidentinin-seudiyyeye-seferi-muxtelif-nov-tapmacalar-ucun-zemin-yaradib-tehlil\/"},"wordCount":855,"publisher":{"@id":"https:\/\/www.meydan.tv\/az\/#organization"},"image":{"@id":"https:\/\/www.meydan.tv\/az\/article\/azerbaycan-prezidentinin-seudiyyeye-seferi-muxtelif-nov-tapmacalar-ucun-zemin-yaradib-tehlil\/#primaryimage"},"thumbnailUrl":"https:\/\/www.meydan.tv\/wp-content\/uploads\/8212.jpg","articleSection":["X\u0259b\u0259rl\u0259r"],"inLanguage":"az"},{"@type":"WebPage","@id":"https:\/\/www.meydan.tv\/az\/article\/azerbaycan-prezidentinin-seudiyyeye-seferi-muxtelif-nov-tapmacalar-ucun-zemin-yaradib-tehlil\/","url":"https:\/\/www.meydan.tv\/az\/article\/azerbaycan-prezidentinin-seudiyyeye-seferi-muxtelif-nov-tapmacalar-ucun-zemin-yaradib-tehlil\/","name":"\"Az\u0259rbaycan prezidentinin S\u0259udiyy\u0259y\u0259 s\u0259f\u0259ri m\u00fcxt\u0259lif n\u00f6v tapmacalar \u00fc\u00e7\u00fcn z\u0259min yarad\u0131b\" (T\u0259hlil) - MEYDAN.TV","isPartOf":{"@id":"https:\/\/www.meydan.tv\/az\/#website"},"primaryImageOfPage":{"@id":"https:\/\/www.meydan.tv\/az\/article\/azerbaycan-prezidentinin-seudiyyeye-seferi-muxtelif-nov-tapmacalar-ucun-zemin-yaradib-tehlil\/#primaryimage"},"image":{"@id":"https:\/\/www.meydan.tv\/az\/article\/azerbaycan-prezidentinin-seudiyyeye-seferi-muxtelif-nov-tapmacalar-ucun-zemin-yaradib-tehlil\/#primaryimage"},"thumbnailUrl":"https:\/\/www.meydan.tv\/wp-content\/uploads\/8212.jpg","datePublished":"2015-04-12T02:38:53+00:00","breadcrumb":{"@id":"https:\/\/www.meydan.tv\/az\/article\/azerbaycan-prezidentinin-seudiyyeye-seferi-muxtelif-nov-tapmacalar-ucun-zemin-yaradib-tehlil\/#breadcrumb"},"inLanguage":"az","potentialAction":[{"@type":"ReadAction","target":["https:\/\/www.meydan.tv\/az\/article\/azerbaycan-prezidentinin-seudiyyeye-seferi-muxtelif-nov-tapmacalar-ucun-zemin-yaradib-tehlil\/"]}]},{"@type":"ImageObject","inLanguage":"az","@id":"https:\/\/www.meydan.tv\/az\/article\/azerbaycan-prezidentinin-seudiyyeye-seferi-muxtelif-nov-tapmacalar-ucun-zemin-yaradib-tehlil\/#primaryimage","url":"https:\/\/www.meydan.tv\/wp-content\/uploads\/8212.jpg","contentUrl":"https:\/\/www.meydan.tv\/wp-content\/uploads\/8212.jpg","width":594,"height":450,"caption":"Source:"},{"@type":"BreadcrumbList","@id":"https:\/\/www.meydan.tv\/az\/article\/azerbaycan-prezidentinin-seudiyyeye-seferi-muxtelif-nov-tapmacalar-ucun-zemin-yaradib-tehlil\/#breadcrumb","itemListElement":[{"@type":"ListItem","position":1,"name":"Ana s\u0259hif\u0259","item":"https:\/\/www.meydan.tv\/az\/"},{"@type":"ListItem","position":2,"name":"X\u0259b\u0259rl\u0259r","item":"https:\/\/www.meydan.tv\/az\/section\/xeberler\/"},{"@type":"ListItem","position":3,"name":"&#8220;Az\u0259rbaycan prezidentinin S\u0259udiyy\u0259y\u0259 s\u0259f\u0259ri m\u00fcxt\u0259lif n\u00f6v tapmacalar \u00fc\u00e7\u00fcn z\u0259min yarad\u0131b&#8221; (T\u0259hlil)"}]},{"@type":"WebSite","@id":"https:\/\/www.meydan.tv\/az\/#website","url":"https:\/\/www.meydan.tv\/az\/","name":"MEYDAN.TV","description":"Meydan TV Az\u0259rbaycan\u0131n media m\u0259kan\u0131ndak\u0131 alternativ s\u0259sidir","publisher":{"@id":"https:\/\/www.meydan.tv\/az\/#organization"},"potentialAction":[{"@type":"SearchAction","target":{"@type":"EntryPoint","urlTemplate":"https:\/\/www.meydan.tv\/az\/?s={search_term_string}"},"query-input":{"@type":"PropertyValueSpecification","valueRequired":true,"valueName":"search_term_string"}}],"inLanguage":"az"},{"@type":"Organization","@id":"https:\/\/www.meydan.tv\/az\/#organization","name":"Meydan TV","url":"https:\/\/www.meydan.tv\/az\/","logo":{"@type":"ImageObject","inLanguage":"az","@id":"https:\/\/www.meydan.tv\/az\/#\/schema\/logo\/image\/","url":"https:\/\/www.meydan.tv\/wp-content\/uploads\/2021\/07\/meydan-logo.svg","contentUrl":"https:\/\/www.meydan.tv\/wp-content\/uploads\/2021\/07\/meydan-logo.svg","width":195,"height":46,"caption":"Meydan TV"},"image":{"@id":"https:\/\/www.meydan.tv\/az\/#\/schema\/logo\/image\/"}},{"@type":"Person","@id":"https:\/\/www.meydan.tv\/az\/#\/schema\/person\/10d11eccf6da3662cf5fdab9806ea91a","name":"user-manager"}]}},"_links":{"self":[{"href":"https:\/\/www.meydan.tv\/az\/wp-json\/wp\/v2\/posts\/167519","targetHints":{"allow":["GET"]}}],"collection":[{"href":"https:\/\/www.meydan.tv\/az\/wp-json\/wp\/v2\/posts"}],"about":[{"href":"https:\/\/www.meydan.tv\/az\/wp-json\/wp\/v2\/types\/post"}],"author":[{"embeddable":true,"href":"https:\/\/www.meydan.tv\/az\/wp-json\/wp\/v2\/users\/11"}],"replies":[{"embeddable":true,"href":"https:\/\/www.meydan.tv\/az\/wp-json\/wp\/v2\/comments?post=167519"}],"version-history":[{"count":0,"href":"https:\/\/www.meydan.tv\/az\/wp-json\/wp\/v2\/posts\/167519\/revisions"}],"wp:featuredmedia":[{"embeddable":true,"href":"https:\/\/www.meydan.tv\/az\/wp-json\/wp\/v2\/media\/22616"}],"wp:attachment":[{"href":"https:\/\/www.meydan.tv\/az\/wp-json\/wp\/v2\/media?parent=167519"}],"wp:term":[{"taxonomy":"category","embeddable":true,"href":"https:\/\/www.meydan.tv\/az\/wp-json\/wp\/v2\/categories?post=167519"},{"taxonomy":"post_tag","embeddable":true,"href":"https:\/\/www.meydan.tv\/az\/wp-json\/wp\/v2\/tags?post=167519"}],"curies":[{"name":"wp","href":"https:\/\/api.w.org\/{rel}","templated":true}]}}