{"id":167518,"date":"2015-04-11T22:38:50","date_gmt":"2015-04-11T22:38:50","guid":{"rendered":"https:\/\/www.meydan.tv\/article\/generalin-oglu-hebs-edilib\/"},"modified":"2015-04-11T22:38:50","modified_gmt":"2015-04-11T22:38:50","slug":"generalin-oglu-hebs-edilib","status":"publish","type":"post","link":"https:\/\/www.meydan.tv\/az\/article\/generalin-oglu-hebs-edilib\/","title":{"rendered":"General\u0131n o\u011flu h\u0259bs edilib"},"content":{"rendered":"<figure class=\"wp-block-image size-large\">\n  <img decoding=\"async\" src=\"https:\/\/www.meydan.tv\/az\/22610\/\" alt=\"\" class=\"wp-image-22610\"\/><figcaption><\/figcaption><\/figure>\n<figure class=\"wp-block-image size-large\">\n  <img decoding=\"async\" src=\"https:\/\/www.meydan.tv\/az\/22610\/\" alt=\"\" class=\"wp-image-22610\"\/><figcaption><\/figcaption><\/figure>\n<p>\n  Tamerlan \u018fs\u0259dullayev Daxili \u0130\u015fl\u0259r Nazirliyinin (D\u0130N) \u0130nsan Alverin\u0259 Qar\u015f\u0131 M\u00fcbariz\u0259 \u0130dar\u0259sinin r\u0259isi, general-mayor \u015e\u0259rif \u018fs\u0259dullayevin o\u011fludur\n<\/p>\n<p>\n  Aprelin 10-da -da Bak\u0131n\u0131n Yasamal rayonunda f\u0259aliyy\u0259t g\u00f6st\u0259r\u0259n \u201cSenator\u201d restoran\u0131nda dava ba\u015f verib, bir n\u0259f\u0259r b\u0131\u00e7aqlan\u0131b.<\/p>\n<p>  M\u0259s\u0259l\u0259y\u0259 ayd\u0131nl\u0131q g\u0259tir\u0259n Ba\u015f Prokurorlu\u011fun m\u0259tbuat xidm\u0259tinin r\u0259hb\u0259ri Eldar Sultanov bildirib ki, qeyd edil\u0259n faktla ba\u011fl\u0131 Yasamal\n<\/p>\n<p>\n  rayon Polis \u0130dar\u0259sinin \u0130stintaq \u015f\u00f6b\u0259sind\u0259 Cinay\u0259t M\u0259c\u0259ll\u0259sinin 126.2.4-c\u00fc (q\u0259sd\u0259n sa\u011flaml\u0131\u011fa a\u011f\u0131r z\u0259r\u0259r vurma) v\u0259 221.3-c\u00fc (xuliqanl\u0131q) madd\u0259l\u0259ri il\u0259 cinay\u0259t i\u015fi ba\u015flan\u0131b.<\/p>\n<p>  Eyni zamanda E. Sultanov bildirib ki, Tamerlan \u018fs\u0259dullayev i\u015f \u00fczr\u0259 t\u0259qsirl\u0259ndiril\u0259n \u015f\u0259xs qismind\u0259 c\u0259lb edil\u0259r\u0259k, ona h\u0259min madd\u0259l\u0259rd\u0259 n\u0259z\u0259rd\u0259 tutulan ittiham elan olunub v\u0259 Yasamal rayon m\u0259hk\u0259m\u0259sinin m\u00fcvafiq q\u0259rar\u0131 il\u0259 bar\u0259sind\u0259 4 ayl\u0131q h\u0259bs q\u0259ti-imkan t\u0259dbiri se\u00e7ilib.\n<\/p>\n<\/p>\n<p>\n  .<\/p>\n","protected":false},"excerpt":{"rendered":"<p>Tamerlan \u018fs\u0259dullayev Daxili \u0130\u015fl\u0259r Nazirliyinin (D\u0130N) \u0130nsan Alverin\u0259 Qar\u015f\u0131 M\u00fcbariz\u0259 \u0130dar\u0259sinin r\u0259isi, general-mayor \u015e\u0259rif \u018fs\u0259dullayevin o\u011fludur<\/p>\n","protected":false},"author":11,"featured_media":22610,"comment_status":"closed","ping_status":"open","sticky":false,"template":"","format":"standard","meta":{"_acf_changed":false,"_sitemap_exclude":false,"_sitemap_priority":"","_sitemap_frequency":"","footnotes":""},"categories":[56],"tags":[],"class_list":["post-167518","post","type-post","status-publish","format-standard","has-post-thumbnail","hentry","category-xeberler","infinite-scroll-item","generate-columns","tablet-grid-50","mobile-grid-100","grid-parent","grid-33","no-featured-image-padding"],"acf":[],"yoast_head":"<!-- This site is optimized with the Yoast SEO plugin v28.4 - https:\/\/yoast.com\/product\/yoast-seo-wordpress\/ -->\n<title>General\u0131n o\u011flu h\u0259bs edilib - MEYDAN.TV<\/title>\n<meta name=\"robots\" content=\"index, follow, max-snippet:-1, max-image-preview:large, max-video-preview:-1\" \/>\n<link rel=\"canonical\" href=\"https:\/\/www.meydan.tv\/az\/article\/generalin-oglu-hebs-edilib\/\" \/>\n<meta property=\"og:locale\" content=\"az_AZ\" \/>\n<meta property=\"og:type\" content=\"article\" \/>\n<meta property=\"og:title\" content=\"General\u0131n o\u011flu h\u0259bs edilib - MEYDAN.TV\" \/>\n<meta property=\"og:description\" content=\"Tamerlan \u018fs\u0259dullayev Daxili \u0130\u015fl\u0259r Nazirliyinin (D\u0130N) \u0130nsan Alverin\u0259 Qar\u015f\u0131 M\u00fcbariz\u0259 \u0130dar\u0259sinin r\u0259isi, general-mayor \u015e\u0259rif \u018fs\u0259dullayevin o\u011fludur\" \/>\n<meta property=\"og:url\" content=\"https:\/\/www.meydan.tv\/az\/article\/generalin-oglu-hebs-edilib\/\" \/>\n<meta property=\"og:site_name\" content=\"MEYDAN.TV\" \/>\n<meta property=\"article:published_time\" content=\"2015-04-11T22:38:50+00:00\" \/>\n<meta property=\"og:image\" content=\"https:\/\/www.meydan.tv\/wp-content\/uploads\/8210.jpg\" \/>\n\t<meta property=\"og:image:width\" content=\"424\" \/>\n\t<meta property=\"og:image:height\" content=\"262\" \/>\n\t<meta property=\"og:image:type\" content=\"image\/jpeg\" \/>\n<meta name=\"twitter:card\" content=\"summary_large_image\" \/>\n<!-- \/ Yoast SEO plugin. -->","yoast_head_json":{"title":"General\u0131n o\u011flu h\u0259bs edilib - MEYDAN.TV","robots":{"index":"index","follow":"follow","max-snippet":"max-snippet:-1","max-image-preview":"max-image-preview:large","max-video-preview":"max-video-preview:-1"},"canonical":"https:\/\/www.meydan.tv\/az\/article\/generalin-oglu-hebs-edilib\/","og_locale":"az_AZ","og_type":"article","og_title":"General\u0131n o\u011flu h\u0259bs edilib - MEYDAN.TV","og_description":"Tamerlan \u018fs\u0259dullayev Daxili \u0130\u015fl\u0259r Nazirliyinin (D\u0130N) \u0130nsan Alverin\u0259 Qar\u015f\u0131 M\u00fcbariz\u0259 \u0130dar\u0259sinin r\u0259isi, general-mayor \u015e\u0259rif \u018fs\u0259dullayevin o\u011fludur","og_url":"https:\/\/www.meydan.tv\/az\/article\/generalin-oglu-hebs-edilib\/","og_site_name":"MEYDAN.TV","article_published_time":"2015-04-11T22:38:50+00:00","og_image":[{"width":424,"height":262,"url":"https:\/\/www.meydan.tv\/wp-content\/uploads\/8210.jpg","type":"image\/jpeg"}],"twitter_card":"summary_large_image","schema":{"@context":"https:\/\/schema.org","@graph":[{"@type":"Article","@id":"https:\/\/www.meydan.tv\/az\/article\/generalin-oglu-hebs-edilib\/#article","isPartOf":{"@id":"https:\/\/www.meydan.tv\/az\/article\/generalin-oglu-hebs-edilib\/"},"author":{"name":"user-manager","@id":"https:\/\/www.meydan.tv\/az\/#\/schema\/person\/10d11eccf6da3662cf5fdab9806ea91a"},"headline":"General\u0131n o\u011flu h\u0259bs edilib","datePublished":"2015-04-11T22:38:50+00:00","mainEntityOfPage":{"@id":"https:\/\/www.meydan.tv\/az\/article\/generalin-oglu-hebs-edilib\/"},"wordCount":190,"publisher":{"@id":"https:\/\/www.meydan.tv\/az\/#organization"},"image":{"@id":"https:\/\/www.meydan.tv\/az\/article\/generalin-oglu-hebs-edilib\/#primaryimage"},"thumbnailUrl":"https:\/\/www.meydan.tv\/wp-content\/uploads\/8210.jpg","articleSection":["X\u0259b\u0259rl\u0259r"],"inLanguage":"az"},{"@type":"WebPage","@id":"https:\/\/www.meydan.tv\/az\/article\/generalin-oglu-hebs-edilib\/","url":"https:\/\/www.meydan.tv\/az\/article\/generalin-oglu-hebs-edilib\/","name":"General\u0131n o\u011flu h\u0259bs edilib - MEYDAN.TV","isPartOf":{"@id":"https:\/\/www.meydan.tv\/az\/#website"},"primaryImageOfPage":{"@id":"https:\/\/www.meydan.tv\/az\/article\/generalin-oglu-hebs-edilib\/#primaryimage"},"image":{"@id":"https:\/\/www.meydan.tv\/az\/article\/generalin-oglu-hebs-edilib\/#primaryimage"},"thumbnailUrl":"https:\/\/www.meydan.tv\/wp-content\/uploads\/8210.jpg","datePublished":"2015-04-11T22:38:50+00:00","breadcrumb":{"@id":"https:\/\/www.meydan.tv\/az\/article\/generalin-oglu-hebs-edilib\/#breadcrumb"},"inLanguage":"az","potentialAction":[{"@type":"ReadAction","target":["https:\/\/www.meydan.tv\/az\/article\/generalin-oglu-hebs-edilib\/"]}]},{"@type":"ImageObject","inLanguage":"az","@id":"https:\/\/www.meydan.tv\/az\/article\/generalin-oglu-hebs-edilib\/#primaryimage","url":"https:\/\/www.meydan.tv\/wp-content\/uploads\/8210.jpg","contentUrl":"https:\/\/www.meydan.tv\/wp-content\/uploads\/8210.jpg","width":424,"height":262,"caption":"Source:"},{"@type":"BreadcrumbList","@id":"https:\/\/www.meydan.tv\/az\/article\/generalin-oglu-hebs-edilib\/#breadcrumb","itemListElement":[{"@type":"ListItem","position":1,"name":"Ana s\u0259hif\u0259","item":"https:\/\/www.meydan.tv\/az\/"},{"@type":"ListItem","position":2,"name":"X\u0259b\u0259rl\u0259r","item":"https:\/\/www.meydan.tv\/az\/section\/xeberler\/"},{"@type":"ListItem","position":3,"name":"General\u0131n o\u011flu h\u0259bs edilib"}]},{"@type":"WebSite","@id":"https:\/\/www.meydan.tv\/az\/#website","url":"https:\/\/www.meydan.tv\/az\/","name":"MEYDAN.TV","description":"Meydan TV Az\u0259rbaycan\u0131n media m\u0259kan\u0131ndak\u0131 alternativ s\u0259sidir","publisher":{"@id":"https:\/\/www.meydan.tv\/az\/#organization"},"potentialAction":[{"@type":"SearchAction","target":{"@type":"EntryPoint","urlTemplate":"https:\/\/www.meydan.tv\/az\/?s={search_term_string}"},"query-input":{"@type":"PropertyValueSpecification","valueRequired":true,"valueName":"search_term_string"}}],"inLanguage":"az"},{"@type":"Organization","@id":"https:\/\/www.meydan.tv\/az\/#organization","name":"Meydan TV","url":"https:\/\/www.meydan.tv\/az\/","logo":{"@type":"ImageObject","inLanguage":"az","@id":"https:\/\/www.meydan.tv\/az\/#\/schema\/logo\/image\/","url":"https:\/\/www.meydan.tv\/wp-content\/uploads\/2021\/07\/meydan-logo.svg","contentUrl":"https:\/\/www.meydan.tv\/wp-content\/uploads\/2021\/07\/meydan-logo.svg","width":195,"height":46,"caption":"Meydan TV"},"image":{"@id":"https:\/\/www.meydan.tv\/az\/#\/schema\/logo\/image\/"}},{"@type":"Person","@id":"https:\/\/www.meydan.tv\/az\/#\/schema\/person\/10d11eccf6da3662cf5fdab9806ea91a","name":"user-manager"}]}},"_links":{"self":[{"href":"https:\/\/www.meydan.tv\/az\/wp-json\/wp\/v2\/posts\/167518","targetHints":{"allow":["GET"]}}],"collection":[{"href":"https:\/\/www.meydan.tv\/az\/wp-json\/wp\/v2\/posts"}],"about":[{"href":"https:\/\/www.meydan.tv\/az\/wp-json\/wp\/v2\/types\/post"}],"author":[{"embeddable":true,"href":"https:\/\/www.meydan.tv\/az\/wp-json\/wp\/v2\/users\/11"}],"replies":[{"embeddable":true,"href":"https:\/\/www.meydan.tv\/az\/wp-json\/wp\/v2\/comments?post=167518"}],"version-history":[{"count":0,"href":"https:\/\/www.meydan.tv\/az\/wp-json\/wp\/v2\/posts\/167518\/revisions"}],"wp:featuredmedia":[{"embeddable":true,"href":"https:\/\/www.meydan.tv\/az\/wp-json\/wp\/v2\/media\/22610"}],"wp:attachment":[{"href":"https:\/\/www.meydan.tv\/az\/wp-json\/wp\/v2\/media?parent=167518"}],"wp:term":[{"taxonomy":"category","embeddable":true,"href":"https:\/\/www.meydan.tv\/az\/wp-json\/wp\/v2\/categories?post=167518"},{"taxonomy":"post_tag","embeddable":true,"href":"https:\/\/www.meydan.tv\/az\/wp-json\/wp\/v2\/tags?post=167518"}],"curies":[{"name":"wp","href":"https:\/\/api.w.org\/{rel}","templated":true}]}}