{"id":167517,"date":"2015-04-11T22:31:43","date_gmt":"2015-04-11T22:31:43","guid":{"rendered":"https:\/\/www.meydan.tv\/article\/yanan-binanin-sakinlerine-pul-verilib\/"},"modified":"2015-04-11T22:31:43","modified_gmt":"2015-04-11T22:31:43","slug":"yanan-binanin-sakinlerine-pul-verilib","status":"publish","type":"post","link":"https:\/\/www.meydan.tv\/az\/article\/yanan-binanin-sakinlerine-pul-verilib\/","title":{"rendered":"Yanan binan\u0131n sakinl\u0259rin\u0259 pul verilib"},"content":{"rendered":"<figure class=\"wp-block-image size-large\">\n  <img decoding=\"async\" src=\"https:\/\/www.meydan.tv\/az\/22607\/\" alt=\"\" class=\"wp-image-22607\"\/><figcaption><\/figcaption><\/figure>\n<p>\n  \u00a0M\u0259nzill\u0259r t\u0259mir olunacaq\n<\/p>\n<p>\n  Binan\u0131n fasad\u0131 v\u0259 yanan m\u0259nzill\u0259r Bak\u0131 \u015f\u0259h\u0259ri \u0130cra Hakimiyy\u0259ti yan\u0131nda M\u0259nzil Kommunal T\u0259s\u0259rr\u00fcfat\u0131 Departamenti t\u0259r\u0259find\u0259n t\u0259mir olunacaq.<\/p>\n<p>  Aprelin 10-da Bak\u0131da X\u0259tai rayonu, Z\u0131\u011f \u015fossesi 16 \u00fcnvan\u0131nda yan\u011f\u0131n ba\u015f ver\u0259n doqquzm\u0259rt\u0259b\u0259li ya\u015fay\u0131\u015f binas\u0131nda m\u0259nzill\u0259ri olan 60 ail\u0259nin h\u0259r birin\u0259 bu g\u00fcn 500 manat kiray\u0259 pulu verilib.<\/p>\n<p>  Bu bar\u0259d\u0259 APA-ya X\u0259tai Rayon \u0130cra Hakimiyy\u0259tind\u0259n (R\u0130H) bildirilib. R\u0130H-d\u0259n veril\u0259n m\u0259lumata g\u00f6r\u0259, haz\u0131rda yan\u0131n binan\u0131n fasad\u0131 s\u00f6k\u00fcl\u00fcr. Fasad v\u0259 yan\u011f\u0131ndan z\u0259r\u0259r \u00e7\u0259kmi\u015f m\u0259nzill\u0259r Bak\u0131 \u015f\u0259h\u0259ri \u0130cra Hakimiyy\u0259ti yan\u0131nda M\u0259nzil Kommunal T\u0259s\u0259rr\u00fcfat\u0131 Departamenti t\u0259r\u0259find\u0259n t\u0259mir olunacaq.<\/p>\n<p>  Aprelin 10-da Bak\u0131da X\u0259tai rayonu, Z\u0131\u011f \u015fossesi 16 \u00fcnvan\u0131ndak\u0131 107 m\u0259nzilli doqquzm\u0259rt\u0259b\u0259li ya\u015fay\u0131\u015f binas\u0131nda yan\u011f\u0131n ba\u015f verib. Yan\u011f\u0131n n\u0259tic\u0259sind\u0259 binan\u0131n fasad\u0131, 2 m\u0259nzil v\u0259 bir ne\u00e7\u0259 eyvan yan\u0131b. F\u00f6vq\u0259lad\u0259 Hallar Nazirliyinin m\u00fcvafiq xilasetm\u0259 q\u00fcvv\u0259l\u0259rinin hadis\u0259 yerin\u0259 c\u0259lb olunub, binadak\u0131 sakinl\u0259rin ham\u0131s\u0131 t\u0259xliy\u0259 olunub, yan\u011f\u0131n s\u00f6nd\u00fcr\u00fcl\u00fcb.<\/p>\n","protected":false},"excerpt":{"rendered":"<p>M\u0259nzill\u0259r t\u0259mir olunacaq<\/p>\n","protected":false},"author":11,"featured_media":22607,"comment_status":"closed","ping_status":"open","sticky":false,"template":"","format":"standard","meta":{"_acf_changed":false,"_sitemap_exclude":false,"_sitemap_priority":"","_sitemap_frequency":"","footnotes":""},"categories":[56],"tags":[],"class_list":["post-167517","post","type-post","status-publish","format-standard","has-post-thumbnail","hentry","category-xeberler","infinite-scroll-item","generate-columns","tablet-grid-50","mobile-grid-100","grid-parent","grid-33","no-featured-image-padding"],"acf":[],"yoast_head":"<!-- This site is optimized with the Yoast SEO plugin v28.4 - https:\/\/yoast.com\/product\/yoast-seo-wordpress\/ -->\n<title>Yanan binan\u0131n sakinl\u0259rin\u0259 pul verilib - MEYDAN.TV<\/title>\n<meta name=\"robots\" content=\"index, follow, max-snippet:-1, max-image-preview:large, max-video-preview:-1\" \/>\n<link rel=\"canonical\" href=\"https:\/\/www.meydan.tv\/az\/article\/yanan-binanin-sakinlerine-pul-verilib\/\" \/>\n<meta property=\"og:locale\" content=\"az_AZ\" \/>\n<meta property=\"og:type\" content=\"article\" \/>\n<meta property=\"og:title\" content=\"Yanan binan\u0131n sakinl\u0259rin\u0259 pul verilib - MEYDAN.TV\" \/>\n<meta property=\"og:description\" content=\"M\u0259nzill\u0259r t\u0259mir olunacaq\" \/>\n<meta property=\"og:url\" content=\"https:\/\/www.meydan.tv\/az\/article\/yanan-binanin-sakinlerine-pul-verilib\/\" \/>\n<meta property=\"og:site_name\" content=\"MEYDAN.TV\" \/>\n<meta property=\"article:published_time\" content=\"2015-04-11T22:31:43+00:00\" \/>\n<meta property=\"og:image\" content=\"https:\/\/www.meydan.tv\/wp-content\/uploads\/8211.jpg\" \/>\n\t<meta property=\"og:image:width\" content=\"960\" \/>\n\t<meta property=\"og:image:height\" content=\"540\" \/>\n\t<meta property=\"og:image:type\" content=\"image\/jpeg\" \/>\n<meta name=\"twitter:card\" content=\"summary_large_image\" \/>\n<!-- \/ Yoast SEO plugin. -->","yoast_head_json":{"title":"Yanan binan\u0131n sakinl\u0259rin\u0259 pul verilib - MEYDAN.TV","robots":{"index":"index","follow":"follow","max-snippet":"max-snippet:-1","max-image-preview":"max-image-preview:large","max-video-preview":"max-video-preview:-1"},"canonical":"https:\/\/www.meydan.tv\/az\/article\/yanan-binanin-sakinlerine-pul-verilib\/","og_locale":"az_AZ","og_type":"article","og_title":"Yanan binan\u0131n sakinl\u0259rin\u0259 pul verilib - MEYDAN.TV","og_description":"M\u0259nzill\u0259r t\u0259mir olunacaq","og_url":"https:\/\/www.meydan.tv\/az\/article\/yanan-binanin-sakinlerine-pul-verilib\/","og_site_name":"MEYDAN.TV","article_published_time":"2015-04-11T22:31:43+00:00","og_image":[{"width":960,"height":540,"url":"https:\/\/www.meydan.tv\/wp-content\/uploads\/8211.jpg","type":"image\/jpeg"}],"twitter_card":"summary_large_image","schema":{"@context":"https:\/\/schema.org","@graph":[{"@type":"Article","@id":"https:\/\/www.meydan.tv\/az\/article\/yanan-binanin-sakinlerine-pul-verilib\/#article","isPartOf":{"@id":"https:\/\/www.meydan.tv\/az\/article\/yanan-binanin-sakinlerine-pul-verilib\/"},"author":{"name":"user-manager","@id":"https:\/\/www.meydan.tv\/az\/#\/schema\/person\/10d11eccf6da3662cf5fdab9806ea91a"},"headline":"Yanan binan\u0131n sakinl\u0259rin\u0259 pul verilib","datePublished":"2015-04-11T22:31:43+00:00","mainEntityOfPage":{"@id":"https:\/\/www.meydan.tv\/az\/article\/yanan-binanin-sakinlerine-pul-verilib\/"},"wordCount":225,"publisher":{"@id":"https:\/\/www.meydan.tv\/az\/#organization"},"image":{"@id":"https:\/\/www.meydan.tv\/az\/article\/yanan-binanin-sakinlerine-pul-verilib\/#primaryimage"},"thumbnailUrl":"https:\/\/www.meydan.tv\/wp-content\/uploads\/8211.jpg","articleSection":["X\u0259b\u0259rl\u0259r"],"inLanguage":"az"},{"@type":"WebPage","@id":"https:\/\/www.meydan.tv\/az\/article\/yanan-binanin-sakinlerine-pul-verilib\/","url":"https:\/\/www.meydan.tv\/az\/article\/yanan-binanin-sakinlerine-pul-verilib\/","name":"Yanan binan\u0131n sakinl\u0259rin\u0259 pul verilib - MEYDAN.TV","isPartOf":{"@id":"https:\/\/www.meydan.tv\/az\/#website"},"primaryImageOfPage":{"@id":"https:\/\/www.meydan.tv\/az\/article\/yanan-binanin-sakinlerine-pul-verilib\/#primaryimage"},"image":{"@id":"https:\/\/www.meydan.tv\/az\/article\/yanan-binanin-sakinlerine-pul-verilib\/#primaryimage"},"thumbnailUrl":"https:\/\/www.meydan.tv\/wp-content\/uploads\/8211.jpg","datePublished":"2015-04-11T22:31:43+00:00","breadcrumb":{"@id":"https:\/\/www.meydan.tv\/az\/article\/yanan-binanin-sakinlerine-pul-verilib\/#breadcrumb"},"inLanguage":"az","potentialAction":[{"@type":"ReadAction","target":["https:\/\/www.meydan.tv\/az\/article\/yanan-binanin-sakinlerine-pul-verilib\/"]}]},{"@type":"ImageObject","inLanguage":"az","@id":"https:\/\/www.meydan.tv\/az\/article\/yanan-binanin-sakinlerine-pul-verilib\/#primaryimage","url":"https:\/\/www.meydan.tv\/wp-content\/uploads\/8211.jpg","contentUrl":"https:\/\/www.meydan.tv\/wp-content\/uploads\/8211.jpg","width":960,"height":540,"caption":"Source:"},{"@type":"BreadcrumbList","@id":"https:\/\/www.meydan.tv\/az\/article\/yanan-binanin-sakinlerine-pul-verilib\/#breadcrumb","itemListElement":[{"@type":"ListItem","position":1,"name":"Ana s\u0259hif\u0259","item":"https:\/\/www.meydan.tv\/az\/"},{"@type":"ListItem","position":2,"name":"X\u0259b\u0259rl\u0259r","item":"https:\/\/www.meydan.tv\/az\/section\/xeberler\/"},{"@type":"ListItem","position":3,"name":"Yanan binan\u0131n sakinl\u0259rin\u0259 pul verilib"}]},{"@type":"WebSite","@id":"https:\/\/www.meydan.tv\/az\/#website","url":"https:\/\/www.meydan.tv\/az\/","name":"MEYDAN.TV","description":"Meydan TV Az\u0259rbaycan\u0131n media m\u0259kan\u0131ndak\u0131 alternativ s\u0259sidir","publisher":{"@id":"https:\/\/www.meydan.tv\/az\/#organization"},"potentialAction":[{"@type":"SearchAction","target":{"@type":"EntryPoint","urlTemplate":"https:\/\/www.meydan.tv\/az\/?s={search_term_string}"},"query-input":{"@type":"PropertyValueSpecification","valueRequired":true,"valueName":"search_term_string"}}],"inLanguage":"az"},{"@type":"Organization","@id":"https:\/\/www.meydan.tv\/az\/#organization","name":"Meydan TV","url":"https:\/\/www.meydan.tv\/az\/","logo":{"@type":"ImageObject","inLanguage":"az","@id":"https:\/\/www.meydan.tv\/az\/#\/schema\/logo\/image\/","url":"https:\/\/www.meydan.tv\/wp-content\/uploads\/2021\/07\/meydan-logo.svg","contentUrl":"https:\/\/www.meydan.tv\/wp-content\/uploads\/2021\/07\/meydan-logo.svg","width":195,"height":46,"caption":"Meydan TV"},"image":{"@id":"https:\/\/www.meydan.tv\/az\/#\/schema\/logo\/image\/"}},{"@type":"Person","@id":"https:\/\/www.meydan.tv\/az\/#\/schema\/person\/10d11eccf6da3662cf5fdab9806ea91a","name":"user-manager"}]}},"_links":{"self":[{"href":"https:\/\/www.meydan.tv\/az\/wp-json\/wp\/v2\/posts\/167517","targetHints":{"allow":["GET"]}}],"collection":[{"href":"https:\/\/www.meydan.tv\/az\/wp-json\/wp\/v2\/posts"}],"about":[{"href":"https:\/\/www.meydan.tv\/az\/wp-json\/wp\/v2\/types\/post"}],"author":[{"embeddable":true,"href":"https:\/\/www.meydan.tv\/az\/wp-json\/wp\/v2\/users\/11"}],"replies":[{"embeddable":true,"href":"https:\/\/www.meydan.tv\/az\/wp-json\/wp\/v2\/comments?post=167517"}],"version-history":[{"count":0,"href":"https:\/\/www.meydan.tv\/az\/wp-json\/wp\/v2\/posts\/167517\/revisions"}],"wp:featuredmedia":[{"embeddable":true,"href":"https:\/\/www.meydan.tv\/az\/wp-json\/wp\/v2\/media\/22607"}],"wp:attachment":[{"href":"https:\/\/www.meydan.tv\/az\/wp-json\/wp\/v2\/media?parent=167517"}],"wp:term":[{"taxonomy":"category","embeddable":true,"href":"https:\/\/www.meydan.tv\/az\/wp-json\/wp\/v2\/categories?post=167517"},{"taxonomy":"post_tag","embeddable":true,"href":"https:\/\/www.meydan.tv\/az\/wp-json\/wp\/v2\/tags?post=167517"}],"curies":[{"name":"wp","href":"https:\/\/api.w.org\/{rel}","templated":true}]}}