{"id":167516,"date":"2015-04-11T11:23:07","date_gmt":"2015-04-11T11:23:07","guid":{"rendered":"https:\/\/www.meydan.tv\/article\/30-min-is-yeri-ozunu-fiziki-sexslerin-gelir-vergisinde-gostermelidir\/"},"modified":"2015-04-11T11:23:07","modified_gmt":"2015-04-11T11:23:07","slug":"30-min-is-yeri-ozunu-fiziki-sexslerin-gelir-vergisinde-gostermelidir","status":"publish","type":"post","link":"https:\/\/www.meydan.tv\/az\/article\/30-min-is-yeri-ozunu-fiziki-sexslerin-gelir-vergisinde-gostermelidir\/","title":{"rendered":"&#8220;30 min i\u015f yeri \u00f6z\u00fcn\u00fc fiziki \u015f\u0259xsl\u0259rin g\u0259lir vergisind\u0259 g\u00f6st\u0259rm\u0259lidir&#8221;"},"content":{"rendered":"<figure class=\"wp-block-image size-large\">\n  <img decoding=\"async\" src=\"https:\/\/www.meydan.tv\/az\/22595\/\" alt=\"\" class=\"wp-image-22595\"\/><figcaption><\/figcaption><\/figure>\n<figure class=\"wp-block-image size-large\">\n  <img decoding=\"async\" src=\"https:\/\/www.meydan.tv\/az\/22595\/\" alt=\"\" class=\"wp-image-22595\"\/><figcaption><\/figcaption><\/figure>\n<p>\n  <i><br \/>\n    Z\u00f6hrab \u0130smay\u0131l: &#8220;Birinci r\u00fcbd\u0259\u00a0Az\u0259rbaycan iqtisadiyyat\u0131\u00a0ciddi b\u00f6hranla\u00a0\u00fcz-\u00fcz\u0259\u00a0qal\u0131b&#8221;<br \/>\n  <\/i>\n<\/p>\n<p>\n  <i><br \/>\n    R\u00f6v\u015f\u0259n A\u011fayev: &#8220;Qiym\u0259tl\u0259rin sabit qalmas\u0131 haqq\u0131nda deyil\u0259nl\u0259rl\u0259 raz\u0131la\u015fm\u0131ram&#8221;<br \/>\n  <\/i>\n<\/p>\n<p>\n  Aprelin 10-da prezident\u00a0\u0130lham\u00a0\u018fliyevin s\u0259drliyi il\u0259\u00a0Nazirl\u0259r Kabinetinin 2015-ci ilin birinci r\u00fcb\u00fcn\u00fcn sosial-iqtisadi inki\u015faf\u0131n\u0131n yekunlar\u0131na v\u0259\u00a0qar\u015f\u0131da duran v\u0259zif\u0259l\u0259r\u0259\u00a0h\u0259sr olunan iclas\u0131\u00a0ke\u00e7irilib.\n<\/p>\n<\/p>\n<p>\n  Prezident 2015-ci ilin birinci r\u00fcb\u00fcn\u00fcn yekunlar\u0131n\u0131n m\u00fcsb\u0259t oldu\u011funu, bu d\u00f6vrd\u0259\u00a0\u00fcmumi daxili m\u0259hsulun 5 faizd\u0259n\u00a0\u00e7ox artd\u0131\u011f\u0131n\u0131\u00a0deyib.\u00a0O, Az\u0259rbaycanda dinamik inki\u015faf\u0131n t\u0259min edildiyini, son 3 ayda qeyri-neft sektorunun 7 faiz, s\u0259naye istehsal\u0131n\u0131n 4 faiz, k\u0259nd t\u0259s\u0259rr\u00fcfat\u0131n\u0131n is\u0259\u00a03 faizd\u0259n\u00a0\u00e7ox artd\u0131\u011f\u0131n\u0131\u00a0bildirib. Prezident\u00a0\u00f6lk\u0259d\u0259\u00a0inflyasiyan\u0131n a\u015fa\u011f\u0131\u00a0s\u0259viyy\u0259d\u0259\u00a0qald\u0131\u011f\u0131n\u0131, istehlak bazar\u0131na tam n\u0259zar\u0259t edildiyini,\u00a0\u0259halinin pul g\u0259lirl\u0259rinin 5,3 faiz oldu\u011funu da diqq\u0259t\u0259\u00a0\u00e7atd\u0131r\u0131b. Birinci r\u00fcbd\u0259\u00a0d\u0259\u00a0regionlarda m\u00fcsb\u0259t meyill\u0259rin davam etdiyini, 30 min\u0259\u00a0yax\u0131n yeni i\u015f\u00a0yerinin yarad\u0131ld\u0131\u011f\u0131n\u0131\u00a0dey\u0259n\u00a0\u0130lham\u00a0\u018fliyevin s\u00f6zl\u0259rin\u0259\u00a0g\u00f6r\u0259,\u00a0\u00f6lk\u0259d\u0259\u00a0sosial m\u0259s\u0259l\u0259l\u0259rin h\u0259lli yen\u0259\u00a0d\u0259\u00a0diqq\u0259t m\u0259rk\u0259zind\u0259dir (<br \/>\n  <a href=\"http:\/\/www.meydan.tv\/az\/article\/neftin-qiymetinin-dusmesi-azerbaycanin-dinamik-inkisafina-tesir-gostermeyib\/\" target=\"_blank\" rel=\"noopener\"><br \/>\n    http:\/\/meydan.tv\/az\/article\/neftin-qiymetinin-dusmesi-azerbaycanin-dinamik-inkisafina-tesir-gostermeyib\/<br \/>\n  <\/a><br \/>\n  ).\n<\/p>\n<p>\n  D\u00f6vl\u0259t ba\u015f\u00e7\u0131s\u0131n\u0131n \u00e7\u0131x\u0131\u015f\u0131n\u0131 Meydan TV-y\u0259 \u015f\u0259rh ed\u0259n iqtisad\u00e7\u0131\u00a0Z\u00f6hrab\u00a0\u0130smay\u0131l\u00a0D\u00f6vl\u0259t Statistika Komit\u0259sinin bir\u00a0\u00e7ox m\u0259lumatlar\u0131na inanmad\u0131\u011f\u0131n\u0131 v\u0259 prezidentin d\u0259 \u00e7\u0131x\u0131\u015f\u0131n\u0131n komit\u0259nin m\u0259lumat\u0131 \u0259sas\u0131nda haz\u0131rland\u0131\u011f\u0131n\u0131 deyib: \u201cBunlardan biri qeyri-neft sektorundak\u0131\u00a0art\u0131md\u0131rsa, ikincisi d\u0259\u00a0inflyasiya g\u00f6st\u0259ricisidir. Hesab edir\u0259m ki, 2015-ci ilin birinci r\u00fcb\u00fcnd\u0259\u00a0Az\u0259rbaycan iqtisadiyyat\u0131\u00a0ciddi b\u00f6hranla\u00a0\u00fcz-\u00fcz\u0259\u00a0qal\u0131b. Vergi orqanlar\u0131\u00a0sahibkarlar\u0131n qap\u0131s\u0131n\u0131\u00a0k\u0259sdirib,\u00a0\u0259lav\u0259\u00a0vergi t\u0259l\u0259b edirl\u0259r. Amma bel\u0259\u00a0m\u00fcv\u0259qq\u0259ti t\u0259dbirl\u0259r davaml\u0131\u00a0iqtisadi art\u0131ma g\u0259tir\u0259\u00a0bilm\u0259z\u201d.\n<\/p>\n<figure class=\"wp-block-image size-large\">\n  <img decoding=\"async\" src=\"https:\/\/www.meydan.tv\/az\/22598\/\" alt=\"\" class=\"wp-image-22598\"\/><figcaption><\/figcaption><\/figure>\n<p>\n  Z.\u0130smay\u0131l\u0131n s\u00f6zl\u0259rin\u0259 g\u00f6r\u0259, haz\u0131rda Az\u0259rbaycan iqtisadiyyat\u0131nda h\u0259m inatitusional,\u00a0h\u0259m maliyy\u0259, h\u0259m d\u0259\u00a0real sektorun b\u00f6hran\u0131 var: \u201cB\u00fct\u00fcn bunlar i\u015f\u00a0yerl\u0259rinin ixtisar\u0131, manat\u0131n d\u0259y\u0259rini itirm\u0259si, da\u015f\u0131nmaz\u00a0\u0259mlak bazar\u0131nda likvidliyin k\u0259skin azalmas\u0131nda v\u0259\u00a0saird\u0259\u00a0\u00f6z\u00fcn\u00fc\u00a0g\u00f6st\u0259rir.\u00a0\u00c7ox t\u0259\u0259ss\u00fcf ki, anti-b\u00f6hran proqram\u0131\u00a0ortaya qoyub islahatlara ba\u015flamaq\u00a0\u0259v\u0259zin\u0259\u00a0Az\u0259rbaycan hakimiyy\u0259ti\u00a0\u00f6t\u0259n ill\u0259rd\u0259\u00a0uydurdu\u011fu\u00a0\u015firin na\u011f\u0131llar\u0131n t\u0259siri alt\u0131ndan\u00a0\u00e7\u0131xa bilmir\u201d.\n<\/p>\n<p>\n  \u0130qtisad\u00e7\u0131 R\u00f6v\u015f\u0259n A\u011fayev is\u0259 amerikal\u0131 iqtisad\u00e7\u0131, Nobel\u00e7i Stiqlitsin \u201c\u00dcDM-in \u0259n b\u00f6y\u00fck q\u00fcsuru odur ki, o he\u00e7 vaxt iqtisadiyyatda keyfiyy\u0259ti \u00f6l\u00e7\u0259 bilmir\u201d deyimini xat\u0131rlad\u0131b: &#8220;Az\u0259rbaycan hakimiyy\u0259ti neft pullar\u0131n\u0131n g\u0259ldiyi vaxt analoqu olmayan inki\u015faf, \u00dcDM art\u0131m\u0131 bar\u0259d\u0259 \u00e7ox dan\u0131\u015f\u0131rd\u0131lar. H\u00f6kum\u0259tin \u00f6z\u00fcn\u00fc m\u00fcdafi\u0259 etm\u0259si t\u0259biidir, \u00e7\u00fcnki ba\u015f ver\u0259n iqtisadi prosesl\u0259r m\u0259nfi t\u0259sirl\u0259rini art\u0131q g\u00f6st\u0259rib. Normal h\u00f6kum\u0259t olsayd\u0131, bir \u00e7ox m\u0259s\u0259l\u0259l\u0259r\u0259 t\u0259nqidi yana\u015f\u0131b probleml\u0259ri g\u00fcnd\u0259m\u0259 g\u0259tir\u0259rdi. Ancaq Az\u0259rbaycan h\u00f6kum\u0259ti uzun m\u00fcdd\u0259tdir yaln\u0131z pozitiv t\u0259r\u0259fl\u0259r\u0259 \u00fcst\u00fcnl\u00fck verir. Bu yana\u015fma siyasi oldu\u011fundan siyas\u0259t\u00e7il\u0259r \u015f\u0259rh ets\u0259, daha yax\u015f\u0131 olar. M\u0259n iqtisadi\u00e7\u0131 kimi dey\u0259 bil\u0259r\u0259m ki, ilin birinci r\u00fcb\u00fc \u0259vv\u0259lki 10 ild\u0259n f\u0259rql\u0259n\u0259n qeyri-\u0259n\u0259n\u0259vi d\u00f6vr oldu. Birinci \u0259lam\u0259t neftin qiym\u0259tinin k\u0259skin d\u00fc\u015fm\u0259si ixrac g\u0259lirl\u0259rinin art\u0131m tempini \u0259n a\u015fa\u011f\u0131 s\u0259viyy\u0259y\u0259 sald\u0131. \u00c7ox t\u0259\u0259ss\u00fcf ki, h\u00f6kum\u0259t m\u0259lumatlar\u0131 a\u00e7\u0131qlam\u0131r, amma Neft Fondunun g\u0259lirl\u0259ri \u00f6t\u0259n ilin birinci r\u00fcb\u00fc il\u0259 m\u00fcqayis\u0259d\u0259 2 d\u0259f\u0259 azal\u0131b. D\u00f6vl\u0259t b\u00fcdc\u0259sin\u0259 yanvar-fevral aylar\u0131nda vergi daxilolmalar\u0131nda 200 milyon manata q\u0259d\u0259r azalma var. \u018fn ciddi m\u0259s\u0259l\u0259l\u0259rd\u0259n biri t\u0259diyy\u0259 balans\u0131n\u0131n g\u00f6st\u0259ricisidir. Fevral\u0131n n\u0259tic\u0259sin\u0259 g\u00f6r\u0259, ilk d\u0259f\u0259 olaraq 2007-ci ild\u0259n sonra Az\u0259rbaycan\u0131n xarici ticar\u0259t balans\u0131nda m\u0259nfi saldo yarand\u0131. Y\u0259ni \u201cneftin qiym\u0259tinin d\u00fc\u015fm\u0259si Az\u0259rbaycan\u0131n dinamik inki\u015faf\u0131na t\u0259sir g\u00f6st\u0259rm\u0259yib\u201d s\u00f6yl\u0259m\u0259kl\u0259 deyil, neftin qiym\u0259tinin d\u00fc\u015fm\u0259si idxal\u0131n ixrac\u0131 \u00fcst\u0259l\u0259m\u0259sil\u0259 n\u0259tic\u0259l\u0259ndi. Yaxud son ill\u0259rd\u0259 ilk d\u0259f\u0259 olaraq yanvar v\u0259 fevral aylar\u0131nda idxal\u0131n \u00e7ox k\u0259skin art\u0131m\u0131 ba\u015f verm\u0259si m\u0259nfi qiym\u0259tl\u0259ndirilm\u0259lidir. \u0130kinci \u00e7ox ciddi m\u0259s\u0259l\u0259l\u0259rd\u0259n biri: milli valyutam\u0131z son 15 ild\u0259 m\u0259hz bu il k\u0259skin qiym\u0259td\u0259n d\u00fc\u015fd\u00fc. Bel\u0259 olanda nec\u0259 dem\u0259k olar ki, neftin qiym\u0259tinin d\u00fc\u015fm\u0259si iqtisadiyyata t\u0259sir etm\u0259yib?!\u201d\n<\/p>\n<figure class=\"wp-block-image size-large\">\n  <img decoding=\"async\" src=\"https:\/\/www.meydan.tv\/az\/22601\/\" alt=\"\" class=\"wp-image-22601\"\/><figcaption><\/figcaption><\/figure>\n<p>\n  R\u00f6v\u015f\u0259n A\u011fayev 21 fevral devalvasiyas\u0131ndan sonra bank sektorunun \u00e7ox a\u011f\u0131r duruma d\u00fc\u015fd\u00fcy\u00fcn\u00fc xat\u0131rlad\u0131b: \u201cX\u00fcsus\u0259n d\u0259 xaricd\u0259n resurs c\u0259lb ed\u0259n banklar\u0131, n\u0259tic\u0259d\u0259 banklar\u0131n valyuta m\u00f6vqeyi \u0259h\u0259miyy\u0259tli d\u0259r\u0259c\u0259d\u0259 pisl\u0259\u015fdi. \u00c7\u00fcnki \u0259hali k\u00fctl\u0259vi \u015f\u0259kild\u0259 depozitl\u0259rini dollara \u00e7evirdi. N\u0259z\u0259r\u0259 al\u0131n ki, banklar\u0131n \u00f6hd\u0259likl\u0259ri dollarla\u015f\u0131r, aktivl\u0259ri manat \u015f\u0259klind\u0259 qal\u0131r. Bu da yax\u0131n perspektivd\u0259 banklar \u00fc\u00e7\u00fcn ciddi probleml\u0259r v\u0259d edir\u201d.\n<\/p>\n<p>\n  30 min yeni i\u015f yerinin a\u00e7\u0131lmas\u0131na g\u0259linc\u0259, iqtisad\u00e7\u0131 deyir ki, bu, \u00f6z\u00fcn\u00fc fiziki \u015f\u0259xsl\u0259rin g\u0259lir vergisind\u0259 g\u00f6st\u0259rm\u0259lidir.\n<\/p>\n<p>\n  Amma d\u00f6vl\u0259t b\u00fcdc\u0259sinin g\u0259lir vergisinin 75 faizini b\u00fcdc\u0259 t\u0259\u015fkilatlar\u0131nda v\u0259 neft sektorunda \u00e7al\u0131\u015fanlar \u00f6d\u0259yir. Bel\u0259 \u00e7\u0131x\u0131r ki, \u00f6z\u0259l sektor vergi \u00f6d\u0259mir: \u201c Yaxud minl\u0259rl\u0259 i\u015f yeri a\u00e7\u0131l\u0131bsa, Az\u0259rbaycanda \u0259m\u0259k m\u00fcqavil\u0259si il\u0259 i\u015fl\u0259y\u0259nl\u0259rin say\u0131 k\u0259skin \u015f\u0259kild\u0259 artmal\u0131, onlar\u0131n sosial s\u0131\u011fortayla \u0259hat\u0259 s\u0259viyy\u0259si y\u00fcks\u0259lm\u0259liydi. N\u0259hay\u0259t, qiym\u0259tl\u0259rin sabit qalmas\u0131 haqq\u0131nda deyil\u0259nl\u0259rl\u0259 raz\u0131la\u015fm\u0131ram. H\u00f6kum\u0259tin inzitabi t\u0259dbirl\u0259rin\u0259 baxmayaraq, m\u00fcxt\u0259lif m\u0259hsullar\u0131n, x\u00fcsus\u0259n meyv\u0259-t\u0259r\u0259v\u0259zin qiym\u0259tl\u0259rind\u0259 ciddi art\u0131m var. Bir m\u00fcdd\u0259t sonra qiym\u0259tl\u0259rin art\u0131m\u0131n\u0131n daha ayd\u0131n \u015fahidi olaca\u011f\u0131q\u201d.<\/p>\n","protected":false},"excerpt":{"rendered":"<p>Z\u00f6hrab \u0130smay\u0131l: &#8220;Birinci r\u00fcbd\u0259 Az\u0259rbaycan iqtisadiyyat\u0131 ciddi b\u00f6hranla \u00fcz-\u00fcz\u0259 qal\u0131b&#8221;<\/p>\n<p>R\u00f6v\u015f\u0259n A\u011fayev: &#8220;Qiym\u0259tl\u0259rin sabit qalmas\u0131 haqq\u0131nda deyil\u0259nl\u0259rl\u0259 raz\u0131la\u015fm\u0131ram&#8221;<\/p>\n","protected":false},"author":11,"featured_media":22595,"comment_status":"closed","ping_status":"open","sticky":false,"template":"","format":"standard","meta":{"_acf_changed":false,"_sitemap_exclude":false,"_sitemap_priority":"","_sitemap_frequency":"","footnotes":""},"categories":[56],"tags":[],"class_list":["post-167516","post","type-post","status-publish","format-standard","has-post-thumbnail","hentry","category-xeberler","infinite-scroll-item","generate-columns","tablet-grid-50","mobile-grid-100","grid-parent","grid-33","no-featured-image-padding"],"acf":[],"yoast_head":"<!-- This site is optimized with the Yoast SEO plugin v28.4 - https:\/\/yoast.com\/product\/yoast-seo-wordpress\/ -->\n<title>&quot;30 min i\u015f yeri \u00f6z\u00fcn\u00fc fiziki \u015f\u0259xsl\u0259rin g\u0259lir vergisind\u0259 g\u00f6st\u0259rm\u0259lidir&quot; - MEYDAN.TV<\/title>\n<meta name=\"robots\" content=\"index, follow, max-snippet:-1, max-image-preview:large, max-video-preview:-1\" \/>\n<link rel=\"canonical\" href=\"https:\/\/www.meydan.tv\/az\/article\/30-min-is-yeri-ozunu-fiziki-sexslerin-gelir-vergisinde-gostermelidir\/\" \/>\n<meta property=\"og:locale\" content=\"az_AZ\" \/>\n<meta property=\"og:type\" content=\"article\" \/>\n<meta property=\"og:title\" content=\"&quot;30 min i\u015f yeri \u00f6z\u00fcn\u00fc fiziki \u015f\u0259xsl\u0259rin g\u0259lir vergisind\u0259 g\u00f6st\u0259rm\u0259lidir&quot; - MEYDAN.TV\" \/>\n<meta property=\"og:description\" content=\"Z\u00f6hrab \u0130smay\u0131l: &quot;Birinci r\u00fcbd\u0259 Az\u0259rbaycan iqtisadiyyat\u0131 ciddi b\u00f6hranla \u00fcz-\u00fcz\u0259 qal\u0131b&quot;  R\u00f6v\u015f\u0259n A\u011fayev: &quot;Qiym\u0259tl\u0259rin sabit qalmas\u0131 haqq\u0131nda deyil\u0259nl\u0259rl\u0259 raz\u0131la\u015fm\u0131ram&quot;\" \/>\n<meta property=\"og:url\" content=\"https:\/\/www.meydan.tv\/az\/article\/30-min-is-yeri-ozunu-fiziki-sexslerin-gelir-vergisinde-gostermelidir\/\" \/>\n<meta property=\"og:site_name\" content=\"MEYDAN.TV\" \/>\n<meta property=\"article:published_time\" content=\"2015-04-11T11:23:07+00:00\" \/>\n<meta property=\"og:image\" content=\"https:\/\/www.meydan.tv\/wp-content\/uploads\/8205.jpg\" \/>\n\t<meta property=\"og:image:width\" content=\"313\" \/>\n\t<meta property=\"og:image:height\" content=\"250\" \/>\n\t<meta property=\"og:image:type\" content=\"image\/jpeg\" \/>\n<meta name=\"twitter:card\" content=\"summary_large_image\" \/>\n<!-- \/ Yoast SEO plugin. -->","yoast_head_json":{"title":"\"30 min i\u015f yeri \u00f6z\u00fcn\u00fc fiziki \u015f\u0259xsl\u0259rin g\u0259lir vergisind\u0259 g\u00f6st\u0259rm\u0259lidir\" - MEYDAN.TV","robots":{"index":"index","follow":"follow","max-snippet":"max-snippet:-1","max-image-preview":"max-image-preview:large","max-video-preview":"max-video-preview:-1"},"canonical":"https:\/\/www.meydan.tv\/az\/article\/30-min-is-yeri-ozunu-fiziki-sexslerin-gelir-vergisinde-gostermelidir\/","og_locale":"az_AZ","og_type":"article","og_title":"\"30 min i\u015f yeri \u00f6z\u00fcn\u00fc fiziki \u015f\u0259xsl\u0259rin g\u0259lir vergisind\u0259 g\u00f6st\u0259rm\u0259lidir\" - MEYDAN.TV","og_description":"Z\u00f6hrab \u0130smay\u0131l: \"Birinci r\u00fcbd\u0259 Az\u0259rbaycan iqtisadiyyat\u0131 ciddi b\u00f6hranla \u00fcz-\u00fcz\u0259 qal\u0131b\"  R\u00f6v\u015f\u0259n A\u011fayev: \"Qiym\u0259tl\u0259rin sabit qalmas\u0131 haqq\u0131nda deyil\u0259nl\u0259rl\u0259 raz\u0131la\u015fm\u0131ram\"","og_url":"https:\/\/www.meydan.tv\/az\/article\/30-min-is-yeri-ozunu-fiziki-sexslerin-gelir-vergisinde-gostermelidir\/","og_site_name":"MEYDAN.TV","article_published_time":"2015-04-11T11:23:07+00:00","og_image":[{"width":313,"height":250,"url":"https:\/\/www.meydan.tv\/wp-content\/uploads\/8205.jpg","type":"image\/jpeg"}],"twitter_card":"summary_large_image","schema":{"@context":"https:\/\/schema.org","@graph":[{"@type":"Article","@id":"https:\/\/www.meydan.tv\/az\/article\/30-min-is-yeri-ozunu-fiziki-sexslerin-gelir-vergisinde-gostermelidir\/#article","isPartOf":{"@id":"https:\/\/www.meydan.tv\/az\/article\/30-min-is-yeri-ozunu-fiziki-sexslerin-gelir-vergisinde-gostermelidir\/"},"author":{"name":"user-manager","@id":"https:\/\/www.meydan.tv\/az\/#\/schema\/person\/10d11eccf6da3662cf5fdab9806ea91a"},"headline":"&#8220;30 min i\u015f yeri \u00f6z\u00fcn\u00fc fiziki \u015f\u0259xsl\u0259rin g\u0259lir vergisind\u0259 g\u00f6st\u0259rm\u0259lidir&#8221;","datePublished":"2015-04-11T11:23:07+00:00","mainEntityOfPage":{"@id":"https:\/\/www.meydan.tv\/az\/article\/30-min-is-yeri-ozunu-fiziki-sexslerin-gelir-vergisinde-gostermelidir\/"},"wordCount":1117,"publisher":{"@id":"https:\/\/www.meydan.tv\/az\/#organization"},"image":{"@id":"https:\/\/www.meydan.tv\/az\/article\/30-min-is-yeri-ozunu-fiziki-sexslerin-gelir-vergisinde-gostermelidir\/#primaryimage"},"thumbnailUrl":"https:\/\/www.meydan.tv\/wp-content\/uploads\/8205.jpg","articleSection":["X\u0259b\u0259rl\u0259r"],"inLanguage":"az"},{"@type":"WebPage","@id":"https:\/\/www.meydan.tv\/az\/article\/30-min-is-yeri-ozunu-fiziki-sexslerin-gelir-vergisinde-gostermelidir\/","url":"https:\/\/www.meydan.tv\/az\/article\/30-min-is-yeri-ozunu-fiziki-sexslerin-gelir-vergisinde-gostermelidir\/","name":"\"30 min i\u015f yeri \u00f6z\u00fcn\u00fc fiziki \u015f\u0259xsl\u0259rin g\u0259lir vergisind\u0259 g\u00f6st\u0259rm\u0259lidir\" - MEYDAN.TV","isPartOf":{"@id":"https:\/\/www.meydan.tv\/az\/#website"},"primaryImageOfPage":{"@id":"https:\/\/www.meydan.tv\/az\/article\/30-min-is-yeri-ozunu-fiziki-sexslerin-gelir-vergisinde-gostermelidir\/#primaryimage"},"image":{"@id":"https:\/\/www.meydan.tv\/az\/article\/30-min-is-yeri-ozunu-fiziki-sexslerin-gelir-vergisinde-gostermelidir\/#primaryimage"},"thumbnailUrl":"https:\/\/www.meydan.tv\/wp-content\/uploads\/8205.jpg","datePublished":"2015-04-11T11:23:07+00:00","breadcrumb":{"@id":"https:\/\/www.meydan.tv\/az\/article\/30-min-is-yeri-ozunu-fiziki-sexslerin-gelir-vergisinde-gostermelidir\/#breadcrumb"},"inLanguage":"az","potentialAction":[{"@type":"ReadAction","target":["https:\/\/www.meydan.tv\/az\/article\/30-min-is-yeri-ozunu-fiziki-sexslerin-gelir-vergisinde-gostermelidir\/"]}]},{"@type":"ImageObject","inLanguage":"az","@id":"https:\/\/www.meydan.tv\/az\/article\/30-min-is-yeri-ozunu-fiziki-sexslerin-gelir-vergisinde-gostermelidir\/#primaryimage","url":"https:\/\/www.meydan.tv\/wp-content\/uploads\/8205.jpg","contentUrl":"https:\/\/www.meydan.tv\/wp-content\/uploads\/8205.jpg","width":313,"height":250,"caption":"Source:"},{"@type":"BreadcrumbList","@id":"https:\/\/www.meydan.tv\/az\/article\/30-min-is-yeri-ozunu-fiziki-sexslerin-gelir-vergisinde-gostermelidir\/#breadcrumb","itemListElement":[{"@type":"ListItem","position":1,"name":"Ana s\u0259hif\u0259","item":"https:\/\/www.meydan.tv\/az\/"},{"@type":"ListItem","position":2,"name":"X\u0259b\u0259rl\u0259r","item":"https:\/\/www.meydan.tv\/az\/section\/xeberler\/"},{"@type":"ListItem","position":3,"name":"&#8220;30 min i\u015f yeri \u00f6z\u00fcn\u00fc fiziki \u015f\u0259xsl\u0259rin g\u0259lir vergisind\u0259 g\u00f6st\u0259rm\u0259lidir&#8221;"}]},{"@type":"WebSite","@id":"https:\/\/www.meydan.tv\/az\/#website","url":"https:\/\/www.meydan.tv\/az\/","name":"MEYDAN.TV","description":"Meydan TV Az\u0259rbaycan\u0131n media m\u0259kan\u0131ndak\u0131 alternativ s\u0259sidir","publisher":{"@id":"https:\/\/www.meydan.tv\/az\/#organization"},"potentialAction":[{"@type":"SearchAction","target":{"@type":"EntryPoint","urlTemplate":"https:\/\/www.meydan.tv\/az\/?s={search_term_string}"},"query-input":{"@type":"PropertyValueSpecification","valueRequired":true,"valueName":"search_term_string"}}],"inLanguage":"az"},{"@type":"Organization","@id":"https:\/\/www.meydan.tv\/az\/#organization","name":"Meydan TV","url":"https:\/\/www.meydan.tv\/az\/","logo":{"@type":"ImageObject","inLanguage":"az","@id":"https:\/\/www.meydan.tv\/az\/#\/schema\/logo\/image\/","url":"https:\/\/www.meydan.tv\/wp-content\/uploads\/2021\/07\/meydan-logo.svg","contentUrl":"https:\/\/www.meydan.tv\/wp-content\/uploads\/2021\/07\/meydan-logo.svg","width":195,"height":46,"caption":"Meydan TV"},"image":{"@id":"https:\/\/www.meydan.tv\/az\/#\/schema\/logo\/image\/"}},{"@type":"Person","@id":"https:\/\/www.meydan.tv\/az\/#\/schema\/person\/10d11eccf6da3662cf5fdab9806ea91a","name":"user-manager"}]}},"_links":{"self":[{"href":"https:\/\/www.meydan.tv\/az\/wp-json\/wp\/v2\/posts\/167516","targetHints":{"allow":["GET"]}}],"collection":[{"href":"https:\/\/www.meydan.tv\/az\/wp-json\/wp\/v2\/posts"}],"about":[{"href":"https:\/\/www.meydan.tv\/az\/wp-json\/wp\/v2\/types\/post"}],"author":[{"embeddable":true,"href":"https:\/\/www.meydan.tv\/az\/wp-json\/wp\/v2\/users\/11"}],"replies":[{"embeddable":true,"href":"https:\/\/www.meydan.tv\/az\/wp-json\/wp\/v2\/comments?post=167516"}],"version-history":[{"count":0,"href":"https:\/\/www.meydan.tv\/az\/wp-json\/wp\/v2\/posts\/167516\/revisions"}],"wp:featuredmedia":[{"embeddable":true,"href":"https:\/\/www.meydan.tv\/az\/wp-json\/wp\/v2\/media\/22595"}],"wp:attachment":[{"href":"https:\/\/www.meydan.tv\/az\/wp-json\/wp\/v2\/media?parent=167516"}],"wp:term":[{"taxonomy":"category","embeddable":true,"href":"https:\/\/www.meydan.tv\/az\/wp-json\/wp\/v2\/categories?post=167516"},{"taxonomy":"post_tag","embeddable":true,"href":"https:\/\/www.meydan.tv\/az\/wp-json\/wp\/v2\/tags?post=167516"}],"curies":[{"name":"wp","href":"https:\/\/api.w.org\/{rel}","templated":true}]}}