{"id":167513,"date":"2015-04-10T23:32:58","date_gmt":"2015-04-10T23:32:58","guid":{"rendered":"https:\/\/www.meydan.tv\/article\/islamda-qadinin-etini-yemek-caizdirmi\/"},"modified":"2015-04-10T23:32:58","modified_gmt":"2015-04-10T23:32:58","slug":"islamda-qadinin-etini-yemek-caizdirmi","status":"publish","type":"post","link":"https:\/\/www.meydan.tv\/az\/article\/islamda-qadinin-etini-yemek-caizdirmi\/","title":{"rendered":"\u0130slamda qad\u0131n\u0131n \u0259tini yem\u0259k caizdirmi?"},"content":{"rendered":"<figure class=\"wp-block-image size-large\">\n  <img decoding=\"async\" src=\"https:\/\/www.meydan.tv\/az\/21240\/\" alt=\"\" class=\"wp-image-21240\"\/><figcaption><\/figcaption><\/figure>\n<figure class=\"wp-block-image size-large\">\n  <img decoding=\"async\" src=\"https:\/\/www.meydan.tv\/az\/20953\/\" alt=\"\" class=\"wp-image-20953\"\/><figcaption><\/figcaption><\/figure>\n<p>\n  <b><br \/>\n    Quranda bu varm\u0131?<br \/>\n  <\/b>\n<\/p>\n<p>\n  Bu g\u00fcn dem\u0259k olar ki, b\u00fct\u00fcn diqq\u0259tl\u0259r \u0259r\u0259bistanl\u0131 m\u00fcftiy\u0259 istinad edil\u0259n heyr\u0259t do\u011furan m\u0259lum f\u0259tvaya y\u00f6n\u0259ldi. \u00c7a\u015fq\u0131nl\u0131q i\u00e7nd\u0259 oxunan \u201cqad\u0131n \u0259ti yem\u0259k olar\u201d x\u0259b\u0259ri sosial \u015f\u0259b\u0259k\u0259l\u0259rd\u0259 d\u0259 geni\u015f m\u00fczakir\u0259 obyektin\u0259 \u00e7evrildi. Bu x\u0259b\u0259rin do\u011fru v\u0259 yalan olmas\u0131 tam olaraq m\u0259lum deyil. Amma \u0130slam t\u0259liml\u0259ri il\u0259 yax\u0131ndan tan\u0131\u015f olanlar \u00e7ox yax\u015f\u0131 bilirl\u0259r ki, dind\u0259 bel\u0259 bir g\u00f6st\u0259ri\u015f yoxdur. Bununla bel\u0259, \u015f\u00fcbh\u0259siz ki, b\u00f6y\u00fck bir qisim \u00fc\u00e7\u00fcn bu x\u0259b\u0259r sual do\u011furmaya bilm\u0259zdi: bu fitva n\u0259 q\u0259d\u0259r h\u0259qiq\u0259ti \u0259ks edir?\n<\/p>\n<p>\n  Quranda v\u0259 ya s\u00fcnn\u0259d\u0259 bu haqda s\u00f6z a\u00e7\u0131l\u0131rm\u0131?\n<\/p>\n<p>\n  <b><br \/>\n    \u0130slam qad\u0131n il\u0259 ki\u015fi aras\u0131nda f\u0259rq qoymur<br \/>\n  <\/b>\n<\/p>\n<p>\n  Qeyd etm\u0259k laz\u0131md\u0131r ki, \u0130slama g\u00f6r\u0259 \u015f\u0259xsiyy\u0259t bax\u0131m\u0131ndan qad\u0131n v\u0259 ki\u015fi aras\u0131nda he\u00e7 bir f\u0259rq yoxdur v\u0259 biri dig\u0259rin\u0259 nisb\u0259td\u0259 he\u00e7 bir \u00fcst\u00fcnl\u00fck qazanm\u0131r. \u018fg\u0259r b\u0259zi ay\u0259l\u0259rd\u0259 ki\u015finin \u00fcst\u00fcnl\u00fcy\u00fcnd\u0259n s\u00f6z a\u00e7\u0131l\u0131rsa (Nisa 34), yaln\u0131z onun fiziki t\u0259r\u0259fi (g\u00fccl\u00fc, m\u00f6hk\u0259m olmas\u0131) n\u0259z\u0259rd\u0259 tutulur. Yaxud, \u0259g\u0259r ki\u015fiy\u0259 hans\u0131sa m\u0259s\u0259l\u0259l\u0259rd\u0259 \u0259lav\u0259 m\u0259suliyy\u0259tl\u0259r verilirs\u0259, bu, s\u0131rf ail\u0259ni daha yax\u015f\u0131 qorumaq, onalara daha yax\u015f\u0131 xidm\u0259t g\u00f6st\u0259rm\u0259y\u0259 g\u00f6r\u0259dir. Qad\u0131n ki\u015finin m\u00fclk\u00fc deyil (bu bar\u0259d\u0259 \u201c\u0130slam v\u0259 gender b\u0259rab\u0259rliyi\u201d adl\u0131 yaz\u0131da geni\u015f s\u00f6z a\u00e7aca\u011f\u0131q).\n<\/p>\n<p>\n  <b><br \/>\n    Z\u0259r\u0259r yetirm\u0259k g\u00fcnahd\u0131r. Qad\u0131na da, ki\u015fiy\u0259 d\u0259&#8230;<br \/>\n  <\/b>\n<\/p>\n<p>\n  Buna g\u00f6r\u0259 d\u0259, \u201cQad\u0131n ki\u015fiy\u0259 tam ita\u0259t etm\u0259lidir\u201d absurd iddian\u0131 \u0259sas g\u00f6t\u00fcr\u00fcb \u201c ki\u015fi h\u0259yat yolda\u015f\u0131n\u0131n \u0259tini yey\u0259 bil\u0259r\u201d fikri k\u00f6k\u00fcnd\u0259n yanl\u0131\u015f v\u0259 dini prinsipl\u0259r\u0259 ziddir. N\u0259 Qurani-k\u0259rimd\u0259 v\u0259 n\u0259 d\u0259 h\u0259disl\u0259rd\u0259 bel\u0259 bir faktla rastla\u015f\u0131r\u0131q. \u018fksin\u0259, qad\u0131na z\u0259r\u0259r yetirm\u0259m\u0259k \u00e7ox t\u0259kid edilir (2: 231; 65:6; 4: 19). \u00dcmumiyy\u0259tl\u0259 \u0130slam dinin\u0259 g\u00f6r\u0259, kim\u0259s\u0259 z\u0259r\u0259r yetirm\u0259k qada\u011fand\u0131r (Quran, 2: 282), h\u0259zr\u0259t M\u0259h\u0259mm\u0259d \u201c\u0130slamda z\u0259r\u0259r v\u0259 z\u0259r\u0259r yetirm\u0259k yoxdur\u201d, &#8211; dey\u0259 buyurub ( \u201cKafi\u201d, c. 5, s\u0259h. 292). Ba\u015fqalar\u0131na x\u0259sar\u0259t yetir\u0259nl\u0259r \u00fc\u00e7\u00fcn s\u0259rt c\u0259zalar (qisas, qan bahas\u0131) n\u0259z\u0259rd\u0259 tutulub.\n<\/p>\n<p>\n  <b><br \/>\n    Yaz\u0131dak\u0131 fikirl\u0259r m\u00fc\u0259llif\u0259 m\u0259xsusdur v\u0259 onlara g\u00f6r\u0259 Meydan TV m\u0259suliyy\u0259t da\u015f\u0131m\u0131r.<br \/>\n  <\/b><\/p>\n","protected":false},"excerpt":{"rendered":"<p>Quran v\u0259 yaxud s\u00fcnn\u0259 n\u0259 deyir?<\/p>\n","protected":false},"author":11,"featured_media":21240,"comment_status":"closed","ping_status":"open","sticky":false,"template":"","format":"standard","meta":{"_acf_changed":false,"_sitemap_exclude":false,"_sitemap_priority":"","_sitemap_frequency":"","footnotes":""},"categories":[57],"tags":[],"class_list":["post-167513","post","type-post","status-publish","format-standard","has-post-thumbnail","hentry","category-menim-fikrimce","infinite-scroll-item","generate-columns","tablet-grid-50","mobile-grid-100","grid-parent","grid-33","no-featured-image-padding"],"acf":[],"yoast_head":"<!-- This site is optimized with the Yoast SEO plugin v27.4 - https:\/\/yoast.com\/product\/yoast-seo-wordpress\/ -->\n<title>\u0130slamda qad\u0131n\u0131n \u0259tini yem\u0259k caizdirmi? - MEYDAN.TV<\/title>\n<meta name=\"robots\" content=\"index, follow, max-snippet:-1, max-image-preview:large, max-video-preview:-1\" \/>\n<link rel=\"canonical\" href=\"https:\/\/www.meydan.tv\/az\/article\/islamda-qadinin-etini-yemek-caizdirmi\/\" \/>\n<meta property=\"og:locale\" content=\"az_AZ\" \/>\n<meta property=\"og:type\" content=\"article\" \/>\n<meta property=\"og:title\" content=\"\u0130slamda qad\u0131n\u0131n \u0259tini yem\u0259k caizdirmi? - MEYDAN.TV\" \/>\n<meta property=\"og:description\" content=\"Quran v\u0259 yaxud s\u00fcnn\u0259 n\u0259 deyir?\" \/>\n<meta property=\"og:url\" content=\"https:\/\/www.meydan.tv\/az\/article\/islamda-qadinin-etini-yemek-caizdirmi\/\" \/>\n<meta property=\"og:site_name\" content=\"MEYDAN.TV\" \/>\n<meta property=\"article:published_time\" content=\"2015-04-10T23:32:58+00:00\" \/>\n<meta property=\"og:image\" content=\"https:\/\/www.meydan.tv\/wp-content\/uploads\/7652.jpg\" \/>\n\t<meta property=\"og:image:width\" content=\"580\" \/>\n\t<meta property=\"og:image:height\" content=\"580\" \/>\n\t<meta property=\"og:image:type\" content=\"image\/jpeg\" \/>\n<meta name=\"author\" content=\"user-manager\" \/>\n<meta name=\"twitter:card\" content=\"summary_large_image\" \/>\n<script type=\"application\/ld+json\" class=\"yoast-schema-graph\">{\"@context\":\"https:\\\/\\\/schema.org\",\"@graph\":[{\"@type\":\"Article\",\"@id\":\"https:\\\/\\\/www.meydan.tv\\\/az\\\/article\\\/islamda-qadinin-etini-yemek-caizdirmi\\\/#article\",\"isPartOf\":{\"@id\":\"https:\\\/\\\/www.meydan.tv\\\/az\\\/article\\\/islamda-qadinin-etini-yemek-caizdirmi\\\/\"},\"author\":{\"name\":\"user-manager\",\"@id\":\"https:\\\/\\\/www.meydan.tv\\\/az\\\/#\\\/schema\\\/person\\\/10d11eccf6da3662cf5fdab9806ea91a\"},\"headline\":\"\u0130slamda qad\u0131n\u0131n \u0259tini yem\u0259k caizdirmi?\",\"datePublished\":\"2015-04-10T23:32:58+00:00\",\"mainEntityOfPage\":{\"@id\":\"https:\\\/\\\/www.meydan.tv\\\/az\\\/article\\\/islamda-qadinin-etini-yemek-caizdirmi\\\/\"},\"wordCount\":467,\"publisher\":{\"@id\":\"https:\\\/\\\/www.meydan.tv\\\/az\\\/#organization\"},\"image\":{\"@id\":\"https:\\\/\\\/www.meydan.tv\\\/az\\\/article\\\/islamda-qadinin-etini-yemek-caizdirmi\\\/#primaryimage\"},\"thumbnailUrl\":\"https:\\\/\\\/www.meydan.tv\\\/wp-content\\\/uploads\\\/7652.jpg\",\"articleSection\":[\"M\u0259nim Fikrimc\u0259\"],\"inLanguage\":\"az\"},{\"@type\":\"WebPage\",\"@id\":\"https:\\\/\\\/www.meydan.tv\\\/az\\\/article\\\/islamda-qadinin-etini-yemek-caizdirmi\\\/\",\"url\":\"https:\\\/\\\/www.meydan.tv\\\/az\\\/article\\\/islamda-qadinin-etini-yemek-caizdirmi\\\/\",\"name\":\"\u0130slamda qad\u0131n\u0131n \u0259tini yem\u0259k caizdirmi? - MEYDAN.TV\",\"isPartOf\":{\"@id\":\"https:\\\/\\\/www.meydan.tv\\\/az\\\/#website\"},\"primaryImageOfPage\":{\"@id\":\"https:\\\/\\\/www.meydan.tv\\\/az\\\/article\\\/islamda-qadinin-etini-yemek-caizdirmi\\\/#primaryimage\"},\"image\":{\"@id\":\"https:\\\/\\\/www.meydan.tv\\\/az\\\/article\\\/islamda-qadinin-etini-yemek-caizdirmi\\\/#primaryimage\"},\"thumbnailUrl\":\"https:\\\/\\\/www.meydan.tv\\\/wp-content\\\/uploads\\\/7652.jpg\",\"datePublished\":\"2015-04-10T23:32:58+00:00\",\"breadcrumb\":{\"@id\":\"https:\\\/\\\/www.meydan.tv\\\/az\\\/article\\\/islamda-qadinin-etini-yemek-caizdirmi\\\/#breadcrumb\"},\"inLanguage\":\"az\",\"potentialAction\":[{\"@type\":\"ReadAction\",\"target\":[\"https:\\\/\\\/www.meydan.tv\\\/az\\\/article\\\/islamda-qadinin-etini-yemek-caizdirmi\\\/\"]}]},{\"@type\":\"ImageObject\",\"inLanguage\":\"az\",\"@id\":\"https:\\\/\\\/www.meydan.tv\\\/az\\\/article\\\/islamda-qadinin-etini-yemek-caizdirmi\\\/#primaryimage\",\"url\":\"https:\\\/\\\/www.meydan.tv\\\/wp-content\\\/uploads\\\/7652.jpg\",\"contentUrl\":\"https:\\\/\\\/www.meydan.tv\\\/wp-content\\\/uploads\\\/7652.jpg\",\"width\":580,\"height\":580,\"caption\":\"Source:\"},{\"@type\":\"BreadcrumbList\",\"@id\":\"https:\\\/\\\/www.meydan.tv\\\/az\\\/article\\\/islamda-qadinin-etini-yemek-caizdirmi\\\/#breadcrumb\",\"itemListElement\":[{\"@type\":\"ListItem\",\"position\":1,\"name\":\"Ana s\u0259hif\u0259\",\"item\":\"https:\\\/\\\/www.meydan.tv\\\/az\\\/\"},{\"@type\":\"ListItem\",\"position\":2,\"name\":\"M\u0259nim Fikrimc\u0259\",\"item\":\"https:\\\/\\\/www.meydan.tv\\\/az\\\/section\\\/menim-fikrimce\\\/\"},{\"@type\":\"ListItem\",\"position\":3,\"name\":\"\u0130slamda qad\u0131n\u0131n \u0259tini yem\u0259k caizdirmi?\"}]},{\"@type\":\"WebSite\",\"@id\":\"https:\\\/\\\/www.meydan.tv\\\/az\\\/#website\",\"url\":\"https:\\\/\\\/www.meydan.tv\\\/az\\\/\",\"name\":\"MEYDAN.TV\",\"description\":\"Meydan TV Az\u0259rbaycan\u0131n media m\u0259kan\u0131ndak\u0131 alternativ s\u0259sidir\",\"publisher\":{\"@id\":\"https:\\\/\\\/www.meydan.tv\\\/az\\\/#organization\"},\"potentialAction\":[{\"@type\":\"SearchAction\",\"target\":{\"@type\":\"EntryPoint\",\"urlTemplate\":\"https:\\\/\\\/www.meydan.tv\\\/az\\\/?s={search_term_string}\"},\"query-input\":{\"@type\":\"PropertyValueSpecification\",\"valueRequired\":true,\"valueName\":\"search_term_string\"}}],\"inLanguage\":\"az\"},{\"@type\":\"Organization\",\"@id\":\"https:\\\/\\\/www.meydan.tv\\\/az\\\/#organization\",\"name\":\"Meydan TV\",\"url\":\"https:\\\/\\\/www.meydan.tv\\\/az\\\/\",\"logo\":{\"@type\":\"ImageObject\",\"inLanguage\":\"az\",\"@id\":\"https:\\\/\\\/www.meydan.tv\\\/az\\\/#\\\/schema\\\/logo\\\/image\\\/\",\"url\":\"https:\\\/\\\/www.meydan.tv\\\/wp-content\\\/uploads\\\/2021\\\/07\\\/meydan-logo.svg\",\"contentUrl\":\"https:\\\/\\\/www.meydan.tv\\\/wp-content\\\/uploads\\\/2021\\\/07\\\/meydan-logo.svg\",\"width\":195,\"height\":46,\"caption\":\"Meydan TV\"},\"image\":{\"@id\":\"https:\\\/\\\/www.meydan.tv\\\/az\\\/#\\\/schema\\\/logo\\\/image\\\/\"}},{\"@type\":\"Person\",\"@id\":\"https:\\\/\\\/www.meydan.tv\\\/az\\\/#\\\/schema\\\/person\\\/10d11eccf6da3662cf5fdab9806ea91a\",\"name\":\"user-manager\"}]}<\/script>\n<!-- \/ Yoast SEO plugin. -->","yoast_head_json":{"title":"\u0130slamda qad\u0131n\u0131n \u0259tini yem\u0259k caizdirmi? - MEYDAN.TV","robots":{"index":"index","follow":"follow","max-snippet":"max-snippet:-1","max-image-preview":"max-image-preview:large","max-video-preview":"max-video-preview:-1"},"canonical":"https:\/\/www.meydan.tv\/az\/article\/islamda-qadinin-etini-yemek-caizdirmi\/","og_locale":"az_AZ","og_type":"article","og_title":"\u0130slamda qad\u0131n\u0131n \u0259tini yem\u0259k caizdirmi? - MEYDAN.TV","og_description":"Quran v\u0259 yaxud s\u00fcnn\u0259 n\u0259 deyir?","og_url":"https:\/\/www.meydan.tv\/az\/article\/islamda-qadinin-etini-yemek-caizdirmi\/","og_site_name":"MEYDAN.TV","article_published_time":"2015-04-10T23:32:58+00:00","og_image":[{"width":580,"height":580,"url":"https:\/\/www.meydan.tv\/wp-content\/uploads\/7652.jpg","type":"image\/jpeg"}],"author":"user-manager","twitter_card":"summary_large_image","schema":{"@context":"https:\/\/schema.org","@graph":[{"@type":"Article","@id":"https:\/\/www.meydan.tv\/az\/article\/islamda-qadinin-etini-yemek-caizdirmi\/#article","isPartOf":{"@id":"https:\/\/www.meydan.tv\/az\/article\/islamda-qadinin-etini-yemek-caizdirmi\/"},"author":{"name":"user-manager","@id":"https:\/\/www.meydan.tv\/az\/#\/schema\/person\/10d11eccf6da3662cf5fdab9806ea91a"},"headline":"\u0130slamda qad\u0131n\u0131n \u0259tini yem\u0259k caizdirmi?","datePublished":"2015-04-10T23:32:58+00:00","mainEntityOfPage":{"@id":"https:\/\/www.meydan.tv\/az\/article\/islamda-qadinin-etini-yemek-caizdirmi\/"},"wordCount":467,"publisher":{"@id":"https:\/\/www.meydan.tv\/az\/#organization"},"image":{"@id":"https:\/\/www.meydan.tv\/az\/article\/islamda-qadinin-etini-yemek-caizdirmi\/#primaryimage"},"thumbnailUrl":"https:\/\/www.meydan.tv\/wp-content\/uploads\/7652.jpg","articleSection":["M\u0259nim Fikrimc\u0259"],"inLanguage":"az"},{"@type":"WebPage","@id":"https:\/\/www.meydan.tv\/az\/article\/islamda-qadinin-etini-yemek-caizdirmi\/","url":"https:\/\/www.meydan.tv\/az\/article\/islamda-qadinin-etini-yemek-caizdirmi\/","name":"\u0130slamda qad\u0131n\u0131n \u0259tini yem\u0259k caizdirmi? - MEYDAN.TV","isPartOf":{"@id":"https:\/\/www.meydan.tv\/az\/#website"},"primaryImageOfPage":{"@id":"https:\/\/www.meydan.tv\/az\/article\/islamda-qadinin-etini-yemek-caizdirmi\/#primaryimage"},"image":{"@id":"https:\/\/www.meydan.tv\/az\/article\/islamda-qadinin-etini-yemek-caizdirmi\/#primaryimage"},"thumbnailUrl":"https:\/\/www.meydan.tv\/wp-content\/uploads\/7652.jpg","datePublished":"2015-04-10T23:32:58+00:00","breadcrumb":{"@id":"https:\/\/www.meydan.tv\/az\/article\/islamda-qadinin-etini-yemek-caizdirmi\/#breadcrumb"},"inLanguage":"az","potentialAction":[{"@type":"ReadAction","target":["https:\/\/www.meydan.tv\/az\/article\/islamda-qadinin-etini-yemek-caizdirmi\/"]}]},{"@type":"ImageObject","inLanguage":"az","@id":"https:\/\/www.meydan.tv\/az\/article\/islamda-qadinin-etini-yemek-caizdirmi\/#primaryimage","url":"https:\/\/www.meydan.tv\/wp-content\/uploads\/7652.jpg","contentUrl":"https:\/\/www.meydan.tv\/wp-content\/uploads\/7652.jpg","width":580,"height":580,"caption":"Source:"},{"@type":"BreadcrumbList","@id":"https:\/\/www.meydan.tv\/az\/article\/islamda-qadinin-etini-yemek-caizdirmi\/#breadcrumb","itemListElement":[{"@type":"ListItem","position":1,"name":"Ana s\u0259hif\u0259","item":"https:\/\/www.meydan.tv\/az\/"},{"@type":"ListItem","position":2,"name":"M\u0259nim Fikrimc\u0259","item":"https:\/\/www.meydan.tv\/az\/section\/menim-fikrimce\/"},{"@type":"ListItem","position":3,"name":"\u0130slamda qad\u0131n\u0131n \u0259tini yem\u0259k caizdirmi?"}]},{"@type":"WebSite","@id":"https:\/\/www.meydan.tv\/az\/#website","url":"https:\/\/www.meydan.tv\/az\/","name":"MEYDAN.TV","description":"Meydan TV Az\u0259rbaycan\u0131n media m\u0259kan\u0131ndak\u0131 alternativ s\u0259sidir","publisher":{"@id":"https:\/\/www.meydan.tv\/az\/#organization"},"potentialAction":[{"@type":"SearchAction","target":{"@type":"EntryPoint","urlTemplate":"https:\/\/www.meydan.tv\/az\/?s={search_term_string}"},"query-input":{"@type":"PropertyValueSpecification","valueRequired":true,"valueName":"search_term_string"}}],"inLanguage":"az"},{"@type":"Organization","@id":"https:\/\/www.meydan.tv\/az\/#organization","name":"Meydan TV","url":"https:\/\/www.meydan.tv\/az\/","logo":{"@type":"ImageObject","inLanguage":"az","@id":"https:\/\/www.meydan.tv\/az\/#\/schema\/logo\/image\/","url":"https:\/\/www.meydan.tv\/wp-content\/uploads\/2021\/07\/meydan-logo.svg","contentUrl":"https:\/\/www.meydan.tv\/wp-content\/uploads\/2021\/07\/meydan-logo.svg","width":195,"height":46,"caption":"Meydan TV"},"image":{"@id":"https:\/\/www.meydan.tv\/az\/#\/schema\/logo\/image\/"}},{"@type":"Person","@id":"https:\/\/www.meydan.tv\/az\/#\/schema\/person\/10d11eccf6da3662cf5fdab9806ea91a","name":"user-manager"}]}},"_links":{"self":[{"href":"https:\/\/www.meydan.tv\/az\/wp-json\/wp\/v2\/posts\/167513","targetHints":{"allow":["GET"]}}],"collection":[{"href":"https:\/\/www.meydan.tv\/az\/wp-json\/wp\/v2\/posts"}],"about":[{"href":"https:\/\/www.meydan.tv\/az\/wp-json\/wp\/v2\/types\/post"}],"author":[{"embeddable":true,"href":"https:\/\/www.meydan.tv\/az\/wp-json\/wp\/v2\/users\/11"}],"replies":[{"embeddable":true,"href":"https:\/\/www.meydan.tv\/az\/wp-json\/wp\/v2\/comments?post=167513"}],"version-history":[{"count":0,"href":"https:\/\/www.meydan.tv\/az\/wp-json\/wp\/v2\/posts\/167513\/revisions"}],"wp:featuredmedia":[{"embeddable":true,"href":"https:\/\/www.meydan.tv\/az\/wp-json\/wp\/v2\/media\/21240"}],"wp:attachment":[{"href":"https:\/\/www.meydan.tv\/az\/wp-json\/wp\/v2\/media?parent=167513"}],"wp:term":[{"taxonomy":"category","embeddable":true,"href":"https:\/\/www.meydan.tv\/az\/wp-json\/wp\/v2\/categories?post=167513"},{"taxonomy":"post_tag","embeddable":true,"href":"https:\/\/www.meydan.tv\/az\/wp-json\/wp\/v2\/tags?post=167513"}],"curies":[{"name":"wp","href":"https:\/\/api.w.org\/{rel}","templated":true}]}}