{"id":167506,"date":"2015-04-10T17:14:46","date_gmt":"2015-04-10T17:14:46","guid":{"rendered":"https:\/\/www.meydan.tv\/article\/neftin-qiymetinin-dusmesi-azerbaycanin-dinamik-inkisafina-tesir-gostermeyib\/"},"modified":"2015-04-10T17:14:46","modified_gmt":"2015-04-10T17:14:46","slug":"neftin-qiymetinin-dusmesi-azerbaycanin-dinamik-inkisafina-tesir-gostermeyib","status":"publish","type":"post","link":"https:\/\/www.meydan.tv\/az\/article\/neftin-qiymetinin-dusmesi-azerbaycanin-dinamik-inkisafina-tesir-gostermeyib\/","title":{"rendered":"Neftin qiym\u0259tinin d\u00fc\u015fm\u0259si Az\u0259rbaycan\u0131n dinamik inki\u015faf\u0131na t\u0259sir g\u00f6st\u0259rm\u0259yib"},"content":{"rendered":"<figure class=\"wp-block-image size-large\">\n  <img decoding=\"async\" src=\"https:\/\/www.meydan.tv\/az\/22571\/\" alt=\"\" class=\"wp-image-22571\"\/><figcaption><\/figcaption><\/figure>\n<figure class=\"wp-block-image size-large\">\n  <img decoding=\"async\" src=\"https:\/\/www.meydan.tv\/az\/22571\/\" alt=\"\" class=\"wp-image-22571\"\/><figcaption><\/figcaption><\/figure>\n<p>\n  <i><br \/>\n    \u0130lham \u018fliyev Nazirl\u0259r Kabinetinin iclas\u0131nda \u00f6lk\u0259nin u\u011furlar\u0131ndan dan\u0131\u015f\u0131b<br \/>\n  <\/i>\n<\/p>\n<p>\n  Aprelin 10-da prezident \u0130lham \u018fliyevin s\u0259drliyi il\u0259 Nazirl\u0259r Kabinetinin 2015-ci ilin birinci r\u00fcb\u00fcn\u00fcn sosial-iqtisadi inki\u015faf\u0131n\u0131n yekunlar\u0131na v\u0259 qar\u015f\u0131da duran v\u0259zif\u0259l\u0259r\u0259 h\u0259sr olunan iclas\u0131 ke\u00e7irilib.\n<\/p>\n<p>\n  <b><br \/>\n    &#8220;\u00d6lk\u0259d\u0259 infilyasiya a\u015fa\u011f\u0131 s\u0259viyy\u0259d\u0259dir&#8221;<br \/>\n  <\/b>\n<\/p>\n<p>\n  &#8220;Trend&#8221;in m\u0259lumat\u0131na g\u00f6r\u0259, \u0130lham \u018fliyev 2015-ci ilin birinci r\u00fcb\u00fcn\u00fcn yekunlar\u0131n\u0131n m\u00fcsb\u0259t oldu\u011funu, bu d\u00f6vrd\u0259 \u00fcmumi daxili m\u0259hsulun 5 faizd\u0259n \u00e7ox artd\u0131\u011f\u0131n\u0131 deyib. O, Az\u0259rbaycanda dinamik inki\u015faf\u0131n t\u0259min edildiyini, son 3 ayda qeyri-neft sektorunun 7 faiz, s\u0259naye istehsal\u0131n\u0131n 4 faiz, k\u0259nd t\u0259s\u0259rr\u00fcfat\u0131n\u0131n is\u0259 3 faizd\u0259n \u00e7ox artd\u0131\u011f\u0131n\u0131 bildirib. Prezident \u00f6lk\u0259d\u0259 inflyasiyan\u0131n a\u015fa\u011f\u0131 s\u0259viyy\u0259d\u0259 qald\u0131\u011f\u0131n\u0131, istehlak bazar\u0131na tam n\u0259zar\u0259t edildiyini, \u0259halinin pul g\u0259lirl\u0259rinin 5,3 faiz oldu\u011funu da diqq\u0259t\u0259 \u00e7atd\u0131r\u0131b.\n<\/p>\n<p>\n  Birinci r\u00fcbd\u0259 d\u0259 regionlarda m\u00fcsb\u0259t meyill\u0259rin davam etdiyini, 30 min\u0259 yax\u0131n yeni i\u015f yerinin yarad\u0131ld\u0131\u011f\u0131n\u0131 dey\u0259n \u0130lham \u018fliyevin s\u00f6zl\u0259rin\u0259 g\u00f6r\u0259, \u00f6lk\u0259d\u0259 sosial m\u0259s\u0259l\u0259l\u0259rin h\u0259lli yen\u0259 d\u0259 diqq\u0259t m\u0259rk\u0259zind\u0259dir. Haz\u0131rda 20-d\u0259n \u00e7ox tibb m\u00fc\u0259ssis\u0259sinin tikildiyini v\u0259 ya t\u0259mir olundu\u011funu, \u0259halinin m\u00fcayin\u0259d\u0259n ke\u00e7irilm\u0259si prosesinin davam etdirildiyini dey\u0259n d\u00f6vl\u0259t ba\u015f\u00e7\u0131s\u0131 bu il d\u00f6vl\u0259t investisiya proqram\u0131n\u0131n geni\u015f oldu\u011funu, z\u0259ruri layih\u0259l\u0259rin icras\u0131n\u0131n n\u0259z\u0259rd\u0259 tutuldu\u011funu vur\u011fulay\u0131b, \u00f6lk\u0259d\u0259 h\u0259yata ke\u00e7iril\u0259n islahatlar\u0131n apar\u0131c\u0131 beyn\u0259lxalq maliyy\u0259 qurumlar\u0131 t\u0259r\u0259find\u0259n y\u00fcks\u0259k qiym\u0259tl\u0259ndirildiyini bildirib.\n<\/p>\n<p>\n  <b><br \/>\n    &#8220;Erm\u0259nistan s\u00fclh ist\u0259mir&#8221;<br \/>\n  <\/b>\n<\/p>\n<p>\n  Prezident Erm\u0259nistan-Az\u0259rbaycan, Da\u011fl\u0131q Qaraba\u011f m\u00fcnaqi\u015f\u0259sind\u0259n d\u0259 dan\u0131\u015f\u0131b. Bildirib ki, Erm\u0259nistan s\u00fclh ist\u0259mir, status-kvonun d\u0259yi\u015film\u0259z qalmas\u0131na \u00e7al\u0131\u015f\u0131r, buna g\u00f6r\u0259 d\u0259 m\u00fcnaqi\u015f\u0259 h\u0259ll olunmur. \u0130lham \u018fliyev vur\u011fulay\u0131b ki, ke\u00e7\u0259n il h\u0259ms\u0259dr \u00f6lk\u0259l\u0259rin d\u00f6vl\u0259t ba\u015f\u00e7\u0131lar\u0131n\u0131n i\u015ftirak\u0131 il\u0259 t\u0259\u015fkil olunan g\u00f6r\u00fc\u015fl\u0259rd\u0259 Erm\u0259nistan h\u0259r zaman \u00f6z\u00fcn\u00fc qeyri-s\u0259mimi apar\u0131b, m\u00fcnaqi\u015f\u0259nin h\u0259llind\u0259 maraql\u0131 olmay\u0131b, Az\u0259rbaycan \u0259razil\u0259rinin i\u015f\u011fal alt\u0131nda saxlanmas\u0131n\u0131 davam etdirib.\n<\/p>\n<p>\n  O, bir daha vur\u011fulay\u0131b ki, m\u00fcnaqi\u015f\u0259 Az\u0259rbaycan\u0131n \u0259razi b\u00fct\u00f6vl\u00fcy\u00fc v\u0259 beyn\u0259lxalq h\u00fcquq normalar\u0131 \u00e7\u0259r\u00e7iv\u0259sind\u0259 h\u0259ll olunmal\u0131, ikili standartlara son qoyulmal\u0131d\u0131r.\n<\/p>\n<p>\n  D\u00f6vl\u0259t ba\u015f\u00e7\u0131s\u0131 \u00e7\u0131x\u0131\u015f\u0131nda birinci r\u00fcbd\u0259 ba\u015f ver\u0259n iki \u00f6n\u0259mli hadis\u0259y\u0259 &#8211; Bak\u0131da \u201cC\u0259nub\u201d Qaz D\u0259hlizi M\u0259\u015fv\u0259r\u0259t \u015euras\u0131n\u0131n iclas\u0131n\u0131n ke\u00e7irilm\u0259sin\u0259 v\u0259 mart ay\u0131nda Qarsda TANAP layih\u0259sinin t\u0259m\u0259linin qoyulmas\u0131na da toxunub.\n<\/p>\n<p>\n  <b><br \/>\n    &#8220;D\u0259rmanlar bahad\u0131r&#8221;<br \/>\n  <\/b>\n<\/p>\n<p><div>\n    \u0130lham \u018fliyev \u00f6lk\u0259d\u0259 d\u0259rman preparatlar\u0131n\u0131n bahal\u0131\u011f\u0131ndan naraz\u0131l\u0131q edib. APA-n\u0131n m\u0259lumat\u0131na g\u00f6r\u0259, prezident bu sah\u0259d\u0259 v\u0259ziyy\u0259tin ara\u015fd\u0131r\u0131l\u0131b t\u0259dbirl\u0259rin g\u00f6r\u00fclm\u0259si il\u0259 ba\u011fl\u0131 S\u0259hiyy\u0259 Nazirliyin\u0259 tap\u015f\u0131r\u0131qlar verdiyini vur\u011fulay\u0131b.\n  <\/div>\n<\/p>\n<p><div><\/div>\n<\/p>\n<p><div>\n    <b><br \/>\n      Nazirl\u0259r hesabat verib<br \/>\n    <\/b>\n  <\/div>\n<\/p>\n<p><div><\/div>\n<\/p>\n<p>\n  Sonra vergil\u0259r naziri Fazil M\u0259mm\u0259dov, n\u0259qliyyat naziri Ziya M\u0259mm\u0259dov, m\u0259d\u0259niyy\u0259t v\u0259 turizm naziri \u018fb\u00fclf\u0259s Qarayev ilin birinci r\u00fcb\u00fcnd\u0259 g\u00f6r\u00fclm\u00fc\u015f i\u015fl\u0259r v\u0259 qar\u015f\u0131da duran v\u0259zif\u0259l\u0259rl\u0259 ba\u011fl\u0131 m\u0259ruz\u0259 edibl\u0259r.\n<\/p>\n<p>\n  Yekun nitqind\u0259 Prezident \u0130lham \u018fliyev qeyri-neft sektorunun v\u0259 sahibkarl\u0131\u011f\u0131n inki\u015faf\u0131 il\u0259 ba\u011fl\u0131 t\u0259dbirl\u0259rin davam etdirilm\u0259sinin z\u0259ruriliyini vur\u011fulay\u0131b. H\u0259r bir rayonda s\u0259naye zonalar\u0131n\u0131n yarad\u0131lmas\u0131n\u0131n vacibliyini diqq\u0259t\u0259 \u00e7atd\u0131ran d\u00f6vl\u0259t ba\u015f\u00e7\u0131s\u0131 k\u0259nd t\u0259s\u0259rr\u00fcfat\u0131 sektorunun da inki\u015faf\u0131n\u0131n x\u00fcsusi \u0259h\u0259miyy\u0259t k\u0259sb etdiyini, \u00f6lk\u0259nin xarici \u0259rzaq bazarlar\u0131ndan o q\u0259d\u0259r d\u0259 as\u0131l\u0131 olmad\u0131\u011f\u0131n\u0131 bildirib, amma bununla bel\u0259 \u0259rzaq t\u0259hl\u00fck\u0259sizliyinin tam t\u0259min olunmas\u0131, torpaqlar\u0131n elektron u\u00e7otunun t\u0259rtib edilm\u0259si il\u0259 ba\u011fl\u0131 tap\u015f\u0131r\u0131qlar\u0131n\u0131 verib.\n<\/p>\n<p>\n  \u0130lham \u018fliyev \u00e7\u0131x\u0131\u015f\u0131nda manat\u0131n m\u0259z\u0259nn\u0259si il\u0259 ba\u011fl\u0131 m\u0259s\u0259l\u0259y\u0259 d\u0259 toxunub, bu sah\u0259d\u0259 g\u00f6r\u00fcl\u0259n t\u0259dbirl\u0259rin iqtisadi bax\u0131mdan s\u0259m\u0259r\u0259li oldu\u011funu deyib.\n<\/p>\n<p>\n  <b><br \/>\n    Daha 3 &#8220;Asan xidm\u0259t&#8221; a\u00e7\u0131lacaq<br \/>\n  <\/b>\n<\/p>\n<p>\n  Bu il daha 3 \u201cASAN xidm\u0259t\u201d m\u0259rk\u0259zinin a\u00e7\u0131laca\u011f\u0131n\u0131 dey\u0259n d\u00f6vl\u0259t ba\u015f\u00e7\u0131s\u0131 \u0259halinin elektrik enerjisi v\u0259 i\u00e7m\u0259li su il\u0259 t\u0259minat\u0131n\u0131n yax\u015f\u0131la\u015fd\u0131r\u0131lmas\u0131na dair tap\u015f\u0131r\u0131qlar\u0131n\u0131 verib.\n<\/p>\n<p>\n  Nitqinin sonunda Prezident \u00a0ilk Avropa Oyunlar\u0131na haz\u0131rl\u0131\u011f\u0131n y\u00fcks\u0259k s\u0259viyy\u0259d\u0259 getdiyini, art\u0131q bir s\u0131ra idman obyektl\u0259rinin istifad\u0259y\u0259 haz\u0131r oldu\u011funu, Atletl\u0259r K\u0259ndi il\u0259 yana\u015f\u0131, Media K\u0259ndinin d\u0259 yarad\u0131ld\u0131\u011f\u0131n\u0131 bildirib. Paralel olaraq paytaxtda abadl\u0131q-quruculuq i\u015fl\u0259rinin davam etdirildiyini, yeni bulvar x\u0259ttinin sal\u0131nd\u0131\u011f\u0131n\u0131 diqq\u0259t\u0259 \u00e7atd\u0131r\u0131b.\n<\/p><\/p>\n","protected":false},"excerpt":{"rendered":"<p>\u0130lham \u018fliyev Nazirl\u0259r Kabinetinin iclas\u0131nda \u00f6lk\u0259nin u\u011furlar\u0131ndan dan\u0131\u015f\u0131b<\/p>\n","protected":false},"author":11,"featured_media":22571,"comment_status":"closed","ping_status":"open","sticky":false,"template":"","format":"standard","meta":{"_acf_changed":false,"_sitemap_exclude":false,"_sitemap_priority":"","_sitemap_frequency":"","footnotes":""},"categories":[56],"tags":[],"class_list":["post-167506","post","type-post","status-publish","format-standard","has-post-thumbnail","hentry","category-xeberler","infinite-scroll-item","generate-columns","tablet-grid-50","mobile-grid-100","grid-parent","grid-33","no-featured-image-padding"],"acf":[],"yoast_head":"<!-- This site is optimized with the Yoast SEO plugin v28.4 - https:\/\/yoast.com\/product\/yoast-seo-wordpress\/ -->\n<title>Neftin qiym\u0259tinin d\u00fc\u015fm\u0259si Az\u0259rbaycan\u0131n dinamik inki\u015faf\u0131na t\u0259sir g\u00f6st\u0259rm\u0259yib - MEYDAN.TV<\/title>\n<meta name=\"robots\" content=\"index, follow, max-snippet:-1, max-image-preview:large, max-video-preview:-1\" \/>\n<link rel=\"canonical\" href=\"https:\/\/www.meydan.tv\/az\/article\/neftin-qiymetinin-dusmesi-azerbaycanin-dinamik-inkisafina-tesir-gostermeyib\/\" \/>\n<meta property=\"og:locale\" content=\"az_AZ\" \/>\n<meta property=\"og:type\" content=\"article\" \/>\n<meta property=\"og:title\" content=\"Neftin qiym\u0259tinin d\u00fc\u015fm\u0259si Az\u0259rbaycan\u0131n dinamik inki\u015faf\u0131na t\u0259sir g\u00f6st\u0259rm\u0259yib - MEYDAN.TV\" \/>\n<meta property=\"og:description\" content=\"\u0130lham \u018fliyev Nazirl\u0259r Kabinetinin iclas\u0131nda \u00f6lk\u0259nin u\u011furlar\u0131ndan dan\u0131\u015f\u0131b\" \/>\n<meta property=\"og:url\" content=\"https:\/\/www.meydan.tv\/az\/article\/neftin-qiymetinin-dusmesi-azerbaycanin-dinamik-inkisafina-tesir-gostermeyib\/\" \/>\n<meta property=\"og:site_name\" content=\"MEYDAN.TV\" \/>\n<meta property=\"article:published_time\" content=\"2015-04-10T17:14:46+00:00\" \/>\n<meta property=\"og:image\" content=\"https:\/\/www.meydan.tv\/wp-content\/uploads\/8194.jpg\" \/>\n\t<meta property=\"og:image:width\" content=\"410\" \/>\n\t<meta property=\"og:image:height\" content=\"307\" \/>\n\t<meta property=\"og:image:type\" content=\"image\/jpeg\" \/>\n<meta name=\"twitter:card\" content=\"summary_large_image\" \/>\n<!-- \/ Yoast SEO plugin. -->","yoast_head_json":{"title":"Neftin qiym\u0259tinin d\u00fc\u015fm\u0259si Az\u0259rbaycan\u0131n dinamik inki\u015faf\u0131na t\u0259sir g\u00f6st\u0259rm\u0259yib - MEYDAN.TV","robots":{"index":"index","follow":"follow","max-snippet":"max-snippet:-1","max-image-preview":"max-image-preview:large","max-video-preview":"max-video-preview:-1"},"canonical":"https:\/\/www.meydan.tv\/az\/article\/neftin-qiymetinin-dusmesi-azerbaycanin-dinamik-inkisafina-tesir-gostermeyib\/","og_locale":"az_AZ","og_type":"article","og_title":"Neftin qiym\u0259tinin d\u00fc\u015fm\u0259si Az\u0259rbaycan\u0131n dinamik inki\u015faf\u0131na t\u0259sir g\u00f6st\u0259rm\u0259yib - MEYDAN.TV","og_description":"\u0130lham \u018fliyev Nazirl\u0259r Kabinetinin iclas\u0131nda \u00f6lk\u0259nin u\u011furlar\u0131ndan dan\u0131\u015f\u0131b","og_url":"https:\/\/www.meydan.tv\/az\/article\/neftin-qiymetinin-dusmesi-azerbaycanin-dinamik-inkisafina-tesir-gostermeyib\/","og_site_name":"MEYDAN.TV","article_published_time":"2015-04-10T17:14:46+00:00","og_image":[{"width":410,"height":307,"url":"https:\/\/www.meydan.tv\/wp-content\/uploads\/8194.jpg","type":"image\/jpeg"}],"twitter_card":"summary_large_image","schema":{"@context":"https:\/\/schema.org","@graph":[{"@type":"Article","@id":"https:\/\/www.meydan.tv\/az\/article\/neftin-qiymetinin-dusmesi-azerbaycanin-dinamik-inkisafina-tesir-gostermeyib\/#article","isPartOf":{"@id":"https:\/\/www.meydan.tv\/az\/article\/neftin-qiymetinin-dusmesi-azerbaycanin-dinamik-inkisafina-tesir-gostermeyib\/"},"author":{"name":"user-manager","@id":"https:\/\/www.meydan.tv\/az\/#\/schema\/person\/10d11eccf6da3662cf5fdab9806ea91a"},"headline":"Neftin qiym\u0259tinin d\u00fc\u015fm\u0259si Az\u0259rbaycan\u0131n dinamik inki\u015faf\u0131na t\u0259sir g\u00f6st\u0259rm\u0259yib","datePublished":"2015-04-10T17:14:46+00:00","mainEntityOfPage":{"@id":"https:\/\/www.meydan.tv\/az\/article\/neftin-qiymetinin-dusmesi-azerbaycanin-dinamik-inkisafina-tesir-gostermeyib\/"},"wordCount":906,"publisher":{"@id":"https:\/\/www.meydan.tv\/az\/#organization"},"image":{"@id":"https:\/\/www.meydan.tv\/az\/article\/neftin-qiymetinin-dusmesi-azerbaycanin-dinamik-inkisafina-tesir-gostermeyib\/#primaryimage"},"thumbnailUrl":"https:\/\/www.meydan.tv\/wp-content\/uploads\/8194.jpg","articleSection":["X\u0259b\u0259rl\u0259r"],"inLanguage":"az"},{"@type":"WebPage","@id":"https:\/\/www.meydan.tv\/az\/article\/neftin-qiymetinin-dusmesi-azerbaycanin-dinamik-inkisafina-tesir-gostermeyib\/","url":"https:\/\/www.meydan.tv\/az\/article\/neftin-qiymetinin-dusmesi-azerbaycanin-dinamik-inkisafina-tesir-gostermeyib\/","name":"Neftin qiym\u0259tinin d\u00fc\u015fm\u0259si Az\u0259rbaycan\u0131n dinamik inki\u015faf\u0131na t\u0259sir g\u00f6st\u0259rm\u0259yib - MEYDAN.TV","isPartOf":{"@id":"https:\/\/www.meydan.tv\/az\/#website"},"primaryImageOfPage":{"@id":"https:\/\/www.meydan.tv\/az\/article\/neftin-qiymetinin-dusmesi-azerbaycanin-dinamik-inkisafina-tesir-gostermeyib\/#primaryimage"},"image":{"@id":"https:\/\/www.meydan.tv\/az\/article\/neftin-qiymetinin-dusmesi-azerbaycanin-dinamik-inkisafina-tesir-gostermeyib\/#primaryimage"},"thumbnailUrl":"https:\/\/www.meydan.tv\/wp-content\/uploads\/8194.jpg","datePublished":"2015-04-10T17:14:46+00:00","breadcrumb":{"@id":"https:\/\/www.meydan.tv\/az\/article\/neftin-qiymetinin-dusmesi-azerbaycanin-dinamik-inkisafina-tesir-gostermeyib\/#breadcrumb"},"inLanguage":"az","potentialAction":[{"@type":"ReadAction","target":["https:\/\/www.meydan.tv\/az\/article\/neftin-qiymetinin-dusmesi-azerbaycanin-dinamik-inkisafina-tesir-gostermeyib\/"]}]},{"@type":"ImageObject","inLanguage":"az","@id":"https:\/\/www.meydan.tv\/az\/article\/neftin-qiymetinin-dusmesi-azerbaycanin-dinamik-inkisafina-tesir-gostermeyib\/#primaryimage","url":"https:\/\/www.meydan.tv\/wp-content\/uploads\/8194.jpg","contentUrl":"https:\/\/www.meydan.tv\/wp-content\/uploads\/8194.jpg","width":410,"height":307,"caption":"Source:"},{"@type":"BreadcrumbList","@id":"https:\/\/www.meydan.tv\/az\/article\/neftin-qiymetinin-dusmesi-azerbaycanin-dinamik-inkisafina-tesir-gostermeyib\/#breadcrumb","itemListElement":[{"@type":"ListItem","position":1,"name":"Ana s\u0259hif\u0259","item":"https:\/\/www.meydan.tv\/az\/"},{"@type":"ListItem","position":2,"name":"X\u0259b\u0259rl\u0259r","item":"https:\/\/www.meydan.tv\/az\/section\/xeberler\/"},{"@type":"ListItem","position":3,"name":"Neftin qiym\u0259tinin d\u00fc\u015fm\u0259si Az\u0259rbaycan\u0131n dinamik inki\u015faf\u0131na t\u0259sir g\u00f6st\u0259rm\u0259yib"}]},{"@type":"WebSite","@id":"https:\/\/www.meydan.tv\/az\/#website","url":"https:\/\/www.meydan.tv\/az\/","name":"MEYDAN.TV","description":"Meydan TV Az\u0259rbaycan\u0131n media m\u0259kan\u0131ndak\u0131 alternativ s\u0259sidir","publisher":{"@id":"https:\/\/www.meydan.tv\/az\/#organization"},"potentialAction":[{"@type":"SearchAction","target":{"@type":"EntryPoint","urlTemplate":"https:\/\/www.meydan.tv\/az\/?s={search_term_string}"},"query-input":{"@type":"PropertyValueSpecification","valueRequired":true,"valueName":"search_term_string"}}],"inLanguage":"az"},{"@type":"Organization","@id":"https:\/\/www.meydan.tv\/az\/#organization","name":"Meydan TV","url":"https:\/\/www.meydan.tv\/az\/","logo":{"@type":"ImageObject","inLanguage":"az","@id":"https:\/\/www.meydan.tv\/az\/#\/schema\/logo\/image\/","url":"https:\/\/www.meydan.tv\/wp-content\/uploads\/2021\/07\/meydan-logo.svg","contentUrl":"https:\/\/www.meydan.tv\/wp-content\/uploads\/2021\/07\/meydan-logo.svg","width":195,"height":46,"caption":"Meydan TV"},"image":{"@id":"https:\/\/www.meydan.tv\/az\/#\/schema\/logo\/image\/"}},{"@type":"Person","@id":"https:\/\/www.meydan.tv\/az\/#\/schema\/person\/10d11eccf6da3662cf5fdab9806ea91a","name":"user-manager"}]}},"_links":{"self":[{"href":"https:\/\/www.meydan.tv\/az\/wp-json\/wp\/v2\/posts\/167506","targetHints":{"allow":["GET"]}}],"collection":[{"href":"https:\/\/www.meydan.tv\/az\/wp-json\/wp\/v2\/posts"}],"about":[{"href":"https:\/\/www.meydan.tv\/az\/wp-json\/wp\/v2\/types\/post"}],"author":[{"embeddable":true,"href":"https:\/\/www.meydan.tv\/az\/wp-json\/wp\/v2\/users\/11"}],"replies":[{"embeddable":true,"href":"https:\/\/www.meydan.tv\/az\/wp-json\/wp\/v2\/comments?post=167506"}],"version-history":[{"count":0,"href":"https:\/\/www.meydan.tv\/az\/wp-json\/wp\/v2\/posts\/167506\/revisions"}],"wp:featuredmedia":[{"embeddable":true,"href":"https:\/\/www.meydan.tv\/az\/wp-json\/wp\/v2\/media\/22571"}],"wp:attachment":[{"href":"https:\/\/www.meydan.tv\/az\/wp-json\/wp\/v2\/media?parent=167506"}],"wp:term":[{"taxonomy":"category","embeddable":true,"href":"https:\/\/www.meydan.tv\/az\/wp-json\/wp\/v2\/categories?post=167506"},{"taxonomy":"post_tag","embeddable":true,"href":"https:\/\/www.meydan.tv\/az\/wp-json\/wp\/v2\/tags?post=167506"}],"curies":[{"name":"wp","href":"https:\/\/api.w.org\/{rel}","templated":true}]}}