{"id":167505,"date":"2015-04-10T17:10:43","date_gmt":"2015-04-10T17:10:43","guid":{"rendered":"https:\/\/www.meydan.tv\/article\/avropa-surasinin-numayendeleri-bakida-siyasi-mehbuslar-problemini-muzakire-edibler\/"},"modified":"2015-04-10T17:10:43","modified_gmt":"2015-04-10T17:10:43","slug":"avropa-surasinin-numayendeleri-bakida-siyasi-mehbuslar-problemini-muzakire-edibler","status":"publish","type":"post","link":"https:\/\/www.meydan.tv\/az\/article\/avropa-surasinin-numayendeleri-bakida-siyasi-mehbuslar-problemini-muzakire-edibler\/","title":{"rendered":"Avropa \u015euras\u0131n\u0131n n\u00fcmay\u0259nd\u0259l\u0259ri Bak\u0131da siyasi m\u0259hbuslar problemini m\u00fczakir\u0259 edibl\u0259r"},"content":{"rendered":"<figure class=\"wp-block-image size-large\">\n  <img decoding=\"async\" src=\"https:\/\/www.meydan.tv\/az\/22562\/\" alt=\"\" class=\"wp-image-22562\"\/><figcaption><\/figcaption><\/figure>\n<figure class=\"wp-block-image size-large\">\n  <img decoding=\"async\" src=\"https:\/\/www.meydan.tv\/az\/22562\/\" alt=\"\" class=\"wp-image-22562\"\/><figcaption><\/figcaption><\/figure>\n<p>\n  <i><br \/>\n    H\u00fcquq m\u00fcdafi\u0259\u00e7il\u0259ri yenid\u0259n N\u0130DA f\u0259allar\u0131n\u0131n, \u0130lqar M\u0259mm\u0259dovun, \u0130ntiqam \u018fliyevin, Hilal M\u0259mm\u0259dovun v\u0259 dig\u0259r siyasi m\u0259hbuslar\u0131n azad edilm\u0259si m\u0259s\u0259l\u0259sini qald\u0131r\u0131blar<br \/>\n  <\/i>\n<\/p>\n<p>\n  Avropa \u015euras\u0131n\u0131n ba\u015f katibi Torborn Yaqland Az\u0259rbaycanda insan h\u00fcquqlar\u0131 \u00fczr\u0259 birg\u0259 i\u015f\u00e7i qrupun f\u0259aliyy\u0259tini diqq\u0259tl\u0259 izl\u0259yir. Bu bar\u0259d\u0259 aprelin 9-da i\u015f\u00e7i qrupun \u00fczvl\u0259ri il\u0259 g\u00f6r\u00fc\u015fd\u0259 Avropa \u015euras\u0131n\u0131n siyasi m\u0259s\u0259l\u0259l\u0259r \u00fczr\u0259 direktorlu\u011funun r\u0259hb\u0259ri Aleksandr Gessel bildirib.\n<\/p>\n<p>\n  R\u0259smi m\u0259lumata \u0259sas\u0259n, Gessel i\u015f\u00e7i qrupun m\u00fczakir\u0259 etdiyi m\u0259s\u0259l\u0259l\u0259rin \u201cx\u00fcsusi aktuall\u0131\u011f\u0131n\u0131\u201d qeyd edib v\u0259 A\u015e-\u0131n i\u015f\u00e7i qrupa h\u0259r c\u00fcr d\u0259st\u0259k g\u00f6st\u0259rm\u0259y\u0259 haz\u0131r oldu\u011funu bildirib.\n<\/p>\n<p>\n  \u00d6z n\u00f6vb\u0259sind\u0259, i\u015f\u00e7i qrupun h\u0259ms\u0259dri, Prezident Administrasiyas\u0131n\u0131n \u015f\u00f6b\u0259 m\u00fcdiri Fuad \u018fl\u0259sg\u0259rov komissiya il\u0259 \u0259vf m\u0259s\u0259l\u0259l\u0259ri \u00fczr\u0259 qar\u015f\u0131l\u0131ql\u0131 f\u0259aliyy\u0259td\u0259n b\u0259hs edib. Bu \u0259m\u0259kda\u015fl\u0131q n\u0259tic\u0259sind\u0259 yar\u0131m ild\u0259 Az\u0259rbaycan prezidenti 15 n\u0259f\u0259ri \u0259vf edib, dey\u0259 o bildirib.\n<\/p>\n<p>\n  \u0130\u015f\u00e7i qrupun \u00fczv\u00fc, Az\u0259rbaycan Milli Helsinki Komit\u0259sinin s\u0259dri Arzu Abdullayeva &#8220;Turan \u0130A-a bildirib ki, g\u00f6r\u00fc\u015fd\u0259 siyasi m\u0259hbuslar\u0131n azad edilm\u0259si m\u0259s\u0259l\u0259l\u0259ri diqq\u0259t m\u0259rk\u0259zind\u0259 olub. H\u00fcquq m\u00fcdafi\u0259\u00e7il\u0259ri yenid\u0259n N\u0130DA f\u0259allar\u0131n\u0131n, \u0130lqar M\u0259mm\u0259dovun, \u0130ntiqam \u018fliyevin, Hilal M\u0259mm\u0259dovun v\u0259 dig\u0259r siyasi m\u0259hbuslar\u0131n azad edilm\u0259si m\u0259s\u0259l\u0259sini qald\u0131r\u0131blar.\n<\/p>\n<p>\n  Abdullayevan\u0131n s\u00f6zl\u0259rin\u0259 g\u00f6r\u0259, hakimiyy\u0259t n\u00fcmay\u0259nd\u0259l\u0259ri bildiribl\u0259r ki, may\u0131n sonlar\u0131nda yeni \u0259vf f\u0259rman\u0131 veril\u0259 bil\u0259r.\n<\/p>\n<p>\n  H\u00fcquq m\u00fcdafi\u0259\u00e7il\u0259ri h\u0259m\u00e7inin i\u015f\u00e7i qrupun iclas\u0131n\u0131n reqlamenti v\u0259 iclaslar\u0131n m\u00fcnt\u0259z\u0259mliyi m\u0259s\u0259l\u0259sini qald\u0131r\u0131blar.\n<\/p>\n<p>\n  \u0130\u015f\u00e7i qrupda 30 siyasi m\u0259hbusun i\u015fi il\u0259 yana\u015f\u0131, m\u00fcxt\u0259lif islam\u00e7\u0131 qruplar\u0131n, \u00fcmumilikd\u0259 90 n\u0259f\u0259r\u0259 yax\u0131n m\u0259hbusun i\u015fl\u0259ri m\u00fczakir\u0259 olunur.\n<\/p>\n<p>\n  <i><br \/>\n    * Az\u0259rbaycanda hakimiyy\u0259t v\u0259 v\u0259t\u0259nda\u015f c\u0259miyy\u0259ti n\u00fcmay\u0259nd\u0259l\u0259rinin i\u015ftirak\u0131 il\u0259 insan h\u00fcquqlar\u0131 \u00fczr\u0259 birg\u0259 i\u015f\u00e7i qrup A\u015e ba\u015f katibi Yaqland\u0131n t\u0259\u015f\u0259bb\u00fcs\u00fc il\u0259 2014-c\u00fc ilin oktyabr\u0131nda Az\u0259rbaycanda siyasi m\u0259hbuslar probleminin h\u0259llin\u0259 yard\u0131m m\u0259qs\u0259dil\u0259 yarad\u0131l\u0131b.<br \/>\n  <\/i><\/p>\n","protected":false},"excerpt":{"rendered":"<p>H\u00fcquq m\u00fcdafi\u0259\u00e7il\u0259ri yenid\u0259n N\u0130DA f\u0259allar\u0131n\u0131n, \u0130lqar M\u0259mm\u0259dovun, \u0130ntiqam \u018fliyevin, Hilal M\u0259mm\u0259dovun v\u0259 dig\u0259r siyasi m\u0259hbuslar\u0131n azad edilm\u0259si m\u0259s\u0259l\u0259sini qald\u0131r\u0131blar<\/p>\n","protected":false},"author":11,"featured_media":22562,"comment_status":"closed","ping_status":"open","sticky":false,"template":"","format":"standard","meta":{"_acf_changed":false,"_sitemap_exclude":false,"_sitemap_priority":"","_sitemap_frequency":"","footnotes":""},"categories":[56],"tags":[],"class_list":["post-167505","post","type-post","status-publish","format-standard","has-post-thumbnail","hentry","category-xeberler","infinite-scroll-item","generate-columns","tablet-grid-50","mobile-grid-100","grid-parent","grid-33","no-featured-image-padding"],"acf":[],"yoast_head":"<!-- This site is optimized with the Yoast SEO plugin v28.4 - https:\/\/yoast.com\/product\/yoast-seo-wordpress\/ -->\n<title>Avropa \u015euras\u0131n\u0131n n\u00fcmay\u0259nd\u0259l\u0259ri Bak\u0131da siyasi m\u0259hbuslar problemini m\u00fczakir\u0259 edibl\u0259r - MEYDAN.TV<\/title>\n<meta name=\"robots\" content=\"index, follow, max-snippet:-1, max-image-preview:large, max-video-preview:-1\" \/>\n<link rel=\"canonical\" href=\"https:\/\/www.meydan.tv\/az\/article\/avropa-surasinin-numayendeleri-bakida-siyasi-mehbuslar-problemini-muzakire-edibler\/\" \/>\n<meta property=\"og:locale\" content=\"az_AZ\" \/>\n<meta property=\"og:type\" content=\"article\" \/>\n<meta property=\"og:title\" content=\"Avropa \u015euras\u0131n\u0131n n\u00fcmay\u0259nd\u0259l\u0259ri Bak\u0131da siyasi m\u0259hbuslar problemini m\u00fczakir\u0259 edibl\u0259r - MEYDAN.TV\" \/>\n<meta property=\"og:description\" content=\"H\u00fcquq m\u00fcdafi\u0259\u00e7il\u0259ri yenid\u0259n N\u0130DA f\u0259allar\u0131n\u0131n, \u0130lqar M\u0259mm\u0259dovun, \u0130ntiqam \u018fliyevin, Hilal M\u0259mm\u0259dovun v\u0259 dig\u0259r siyasi m\u0259hbuslar\u0131n azad edilm\u0259si m\u0259s\u0259l\u0259sini qald\u0131r\u0131blar\" \/>\n<meta property=\"og:url\" content=\"https:\/\/www.meydan.tv\/az\/article\/avropa-surasinin-numayendeleri-bakida-siyasi-mehbuslar-problemini-muzakire-edibler\/\" \/>\n<meta property=\"og:site_name\" content=\"MEYDAN.TV\" \/>\n<meta property=\"article:published_time\" content=\"2015-04-10T17:10:43+00:00\" \/>\n<meta property=\"og:image\" content=\"https:\/\/www.meydan.tv\/wp-content\/uploads\/8193.jpg\" \/>\n\t<meta property=\"og:image:width\" content=\"533\" \/>\n\t<meta property=\"og:image:height\" content=\"300\" \/>\n\t<meta property=\"og:image:type\" content=\"image\/jpeg\" \/>\n<meta name=\"twitter:card\" content=\"summary_large_image\" \/>\n<!-- \/ Yoast SEO plugin. -->","yoast_head_json":{"title":"Avropa \u015euras\u0131n\u0131n n\u00fcmay\u0259nd\u0259l\u0259ri Bak\u0131da siyasi m\u0259hbuslar problemini m\u00fczakir\u0259 edibl\u0259r - MEYDAN.TV","robots":{"index":"index","follow":"follow","max-snippet":"max-snippet:-1","max-image-preview":"max-image-preview:large","max-video-preview":"max-video-preview:-1"},"canonical":"https:\/\/www.meydan.tv\/az\/article\/avropa-surasinin-numayendeleri-bakida-siyasi-mehbuslar-problemini-muzakire-edibler\/","og_locale":"az_AZ","og_type":"article","og_title":"Avropa \u015euras\u0131n\u0131n n\u00fcmay\u0259nd\u0259l\u0259ri Bak\u0131da siyasi m\u0259hbuslar problemini m\u00fczakir\u0259 edibl\u0259r - MEYDAN.TV","og_description":"H\u00fcquq m\u00fcdafi\u0259\u00e7il\u0259ri yenid\u0259n N\u0130DA f\u0259allar\u0131n\u0131n, \u0130lqar M\u0259mm\u0259dovun, \u0130ntiqam \u018fliyevin, Hilal M\u0259mm\u0259dovun v\u0259 dig\u0259r siyasi m\u0259hbuslar\u0131n azad edilm\u0259si m\u0259s\u0259l\u0259sini qald\u0131r\u0131blar","og_url":"https:\/\/www.meydan.tv\/az\/article\/avropa-surasinin-numayendeleri-bakida-siyasi-mehbuslar-problemini-muzakire-edibler\/","og_site_name":"MEYDAN.TV","article_published_time":"2015-04-10T17:10:43+00:00","og_image":[{"width":533,"height":300,"url":"https:\/\/www.meydan.tv\/wp-content\/uploads\/8193.jpg","type":"image\/jpeg"}],"twitter_card":"summary_large_image","schema":{"@context":"https:\/\/schema.org","@graph":[{"@type":"Article","@id":"https:\/\/www.meydan.tv\/az\/article\/avropa-surasinin-numayendeleri-bakida-siyasi-mehbuslar-problemini-muzakire-edibler\/#article","isPartOf":{"@id":"https:\/\/www.meydan.tv\/az\/article\/avropa-surasinin-numayendeleri-bakida-siyasi-mehbuslar-problemini-muzakire-edibler\/"},"author":{"name":"user-manager","@id":"https:\/\/www.meydan.tv\/az\/#\/schema\/person\/10d11eccf6da3662cf5fdab9806ea91a"},"headline":"Avropa \u015euras\u0131n\u0131n n\u00fcmay\u0259nd\u0259l\u0259ri Bak\u0131da siyasi m\u0259hbuslar problemini m\u00fczakir\u0259 edibl\u0259r","datePublished":"2015-04-10T17:10:43+00:00","mainEntityOfPage":{"@id":"https:\/\/www.meydan.tv\/az\/article\/avropa-surasinin-numayendeleri-bakida-siyasi-mehbuslar-problemini-muzakire-edibler\/"},"wordCount":449,"publisher":{"@id":"https:\/\/www.meydan.tv\/az\/#organization"},"image":{"@id":"https:\/\/www.meydan.tv\/az\/article\/avropa-surasinin-numayendeleri-bakida-siyasi-mehbuslar-problemini-muzakire-edibler\/#primaryimage"},"thumbnailUrl":"https:\/\/www.meydan.tv\/wp-content\/uploads\/8193.jpg","articleSection":["X\u0259b\u0259rl\u0259r"],"inLanguage":"az"},{"@type":"WebPage","@id":"https:\/\/www.meydan.tv\/az\/article\/avropa-surasinin-numayendeleri-bakida-siyasi-mehbuslar-problemini-muzakire-edibler\/","url":"https:\/\/www.meydan.tv\/az\/article\/avropa-surasinin-numayendeleri-bakida-siyasi-mehbuslar-problemini-muzakire-edibler\/","name":"Avropa \u015euras\u0131n\u0131n n\u00fcmay\u0259nd\u0259l\u0259ri Bak\u0131da siyasi m\u0259hbuslar problemini m\u00fczakir\u0259 edibl\u0259r - MEYDAN.TV","isPartOf":{"@id":"https:\/\/www.meydan.tv\/az\/#website"},"primaryImageOfPage":{"@id":"https:\/\/www.meydan.tv\/az\/article\/avropa-surasinin-numayendeleri-bakida-siyasi-mehbuslar-problemini-muzakire-edibler\/#primaryimage"},"image":{"@id":"https:\/\/www.meydan.tv\/az\/article\/avropa-surasinin-numayendeleri-bakida-siyasi-mehbuslar-problemini-muzakire-edibler\/#primaryimage"},"thumbnailUrl":"https:\/\/www.meydan.tv\/wp-content\/uploads\/8193.jpg","datePublished":"2015-04-10T17:10:43+00:00","breadcrumb":{"@id":"https:\/\/www.meydan.tv\/az\/article\/avropa-surasinin-numayendeleri-bakida-siyasi-mehbuslar-problemini-muzakire-edibler\/#breadcrumb"},"inLanguage":"az","potentialAction":[{"@type":"ReadAction","target":["https:\/\/www.meydan.tv\/az\/article\/avropa-surasinin-numayendeleri-bakida-siyasi-mehbuslar-problemini-muzakire-edibler\/"]}]},{"@type":"ImageObject","inLanguage":"az","@id":"https:\/\/www.meydan.tv\/az\/article\/avropa-surasinin-numayendeleri-bakida-siyasi-mehbuslar-problemini-muzakire-edibler\/#primaryimage","url":"https:\/\/www.meydan.tv\/wp-content\/uploads\/8193.jpg","contentUrl":"https:\/\/www.meydan.tv\/wp-content\/uploads\/8193.jpg","width":533,"height":300,"caption":"Source:"},{"@type":"BreadcrumbList","@id":"https:\/\/www.meydan.tv\/az\/article\/avropa-surasinin-numayendeleri-bakida-siyasi-mehbuslar-problemini-muzakire-edibler\/#breadcrumb","itemListElement":[{"@type":"ListItem","position":1,"name":"Ana s\u0259hif\u0259","item":"https:\/\/www.meydan.tv\/az\/"},{"@type":"ListItem","position":2,"name":"X\u0259b\u0259rl\u0259r","item":"https:\/\/www.meydan.tv\/az\/section\/xeberler\/"},{"@type":"ListItem","position":3,"name":"Avropa \u015euras\u0131n\u0131n n\u00fcmay\u0259nd\u0259l\u0259ri Bak\u0131da siyasi m\u0259hbuslar problemini m\u00fczakir\u0259 edibl\u0259r"}]},{"@type":"WebSite","@id":"https:\/\/www.meydan.tv\/az\/#website","url":"https:\/\/www.meydan.tv\/az\/","name":"MEYDAN.TV","description":"Meydan TV Az\u0259rbaycan\u0131n media m\u0259kan\u0131ndak\u0131 alternativ s\u0259sidir","publisher":{"@id":"https:\/\/www.meydan.tv\/az\/#organization"},"potentialAction":[{"@type":"SearchAction","target":{"@type":"EntryPoint","urlTemplate":"https:\/\/www.meydan.tv\/az\/?s={search_term_string}"},"query-input":{"@type":"PropertyValueSpecification","valueRequired":true,"valueName":"search_term_string"}}],"inLanguage":"az"},{"@type":"Organization","@id":"https:\/\/www.meydan.tv\/az\/#organization","name":"Meydan TV","url":"https:\/\/www.meydan.tv\/az\/","logo":{"@type":"ImageObject","inLanguage":"az","@id":"https:\/\/www.meydan.tv\/az\/#\/schema\/logo\/image\/","url":"https:\/\/www.meydan.tv\/wp-content\/uploads\/2021\/07\/meydan-logo.svg","contentUrl":"https:\/\/www.meydan.tv\/wp-content\/uploads\/2021\/07\/meydan-logo.svg","width":195,"height":46,"caption":"Meydan TV"},"image":{"@id":"https:\/\/www.meydan.tv\/az\/#\/schema\/logo\/image\/"}},{"@type":"Person","@id":"https:\/\/www.meydan.tv\/az\/#\/schema\/person\/10d11eccf6da3662cf5fdab9806ea91a","name":"user-manager"}]}},"_links":{"self":[{"href":"https:\/\/www.meydan.tv\/az\/wp-json\/wp\/v2\/posts\/167505","targetHints":{"allow":["GET"]}}],"collection":[{"href":"https:\/\/www.meydan.tv\/az\/wp-json\/wp\/v2\/posts"}],"about":[{"href":"https:\/\/www.meydan.tv\/az\/wp-json\/wp\/v2\/types\/post"}],"author":[{"embeddable":true,"href":"https:\/\/www.meydan.tv\/az\/wp-json\/wp\/v2\/users\/11"}],"replies":[{"embeddable":true,"href":"https:\/\/www.meydan.tv\/az\/wp-json\/wp\/v2\/comments?post=167505"}],"version-history":[{"count":0,"href":"https:\/\/www.meydan.tv\/az\/wp-json\/wp\/v2\/posts\/167505\/revisions"}],"wp:featuredmedia":[{"embeddable":true,"href":"https:\/\/www.meydan.tv\/az\/wp-json\/wp\/v2\/media\/22562"}],"wp:attachment":[{"href":"https:\/\/www.meydan.tv\/az\/wp-json\/wp\/v2\/media?parent=167505"}],"wp:term":[{"taxonomy":"category","embeddable":true,"href":"https:\/\/www.meydan.tv\/az\/wp-json\/wp\/v2\/categories?post=167505"},{"taxonomy":"post_tag","embeddable":true,"href":"https:\/\/www.meydan.tv\/az\/wp-json\/wp\/v2\/tags?post=167505"}],"curies":[{"name":"wp","href":"https:\/\/api.w.org\/{rel}","templated":true}]}}