{"id":167504,"date":"2015-04-10T15:12:15","date_gmt":"2015-04-10T15:12:15","guid":{"rendered":"https:\/\/www.meydan.tv\/article\/real-resul-ceferova-hokm-oxunduqdan-sonra-movqeyini-aciqlayacaq\/"},"modified":"2015-04-10T15:12:15","modified_gmt":"2015-04-10T15:12:15","slug":"real-resul-ceferova-hokm-oxunduqdan-sonra-movqeyini-aciqlayacaq","status":"publish","type":"post","link":"https:\/\/www.meydan.tv\/az\/article\/real-resul-ceferova-hokm-oxunduqdan-sonra-movqeyini-aciqlayacaq\/","title":{"rendered":"REAL R\u0259sul C\u0259f\u0259rova h\u00f6km oxunduqdan sonra m\u00f6vqeyini a\u00e7\u0131qlayacaq"},"content":{"rendered":"<figure class=\"wp-block-image size-large\">\n  <img decoding=\"async\" src=\"https:\/\/www.meydan.tv\/az\/22559\/\" alt=\"\" class=\"wp-image-22559\"\/><figcaption><\/figcaption><\/figure>\n<figure class=\"wp-block-image size-large\">\n  <img decoding=\"async\" src=\"https:\/\/www.meydan.tv\/az\/22559\/\" alt=\"\" class=\"wp-image-22559\"\/><figcaption><\/figcaption><\/figure>\n<p><div>\n    <i><br \/>\n      Natiq C\u0259f\u0259rli: &#8220;REAL\u00a0beyn\u0259lxalq t\u0259\u015fkilatlar\u0131n diqq\u0259tini R\u0259sul C\u0259f\u0259rovun h\u0259bsin\u0259 y\u00f6n\u0259ltm\u0259k \u00fc\u00e7\u00fcn \u00e7ox ciddi i\u015f apar\u0131r&#8221;<br \/>\n    <\/i>\n  <\/div>\n<\/p>\n<p>\n  Aprelin 9-da Bak\u0131 A\u011f\u0131r Cinay\u0259tl\u0259r M\u0259hk\u0259m\u0259sind\u0259 d\u00f6vl\u0259t ittiham\u00e7\u0131s\u0131 M\u00fcbariz Mirili R\u0259sul C\u0259f\u0259rova 9 il azadl\u0131qdan m\u0259hrumetm\u0259 c\u0259zas\u0131 ist\u0259yib.<br \/>\n  <br \/>\n  M\u0259lumat sosial \u015f\u0259b\u0259k\u0259l\u0259rd\u0259 m\u00fczakir\u0259 m\u00f6vzusu olsa da, R\u0259sul C\u0259f\u0259rovun \u00fczv oldu\u011fu REAL V\u0259t\u0259nda\u015f H\u0259r\u0259kat\u0131n\u0131n Facebook-da f\u0259al olan \u00fczvl\u0259rinin susqunluq n\u00fcmayi\u015f etdirm\u0259si diqq\u0259td\u0259n yay\u0131nmad\u0131. Bu bar\u0259d\u0259 naraz\u0131l\u0131qlar da s\u0259sl\u0259ndi.\n<\/p>\n<p>\n  Olay\u0131 Meydan TV-y\u0259 \u015f\u0259rh ed\u0259n REAL \u0130dar\u0259 Hey\u0259tinin \u00fczv\u00fc Natiq C\u0259f\u0259rli t\u0259\u0259ss\u00fcfl\u0259nib ki, b\u0259yanat v\u0259 h\u0259r hans\u0131 bir m\u00f6vqe s\u0259n\u0259dinin ortaya qoyulmas\u0131 Az\u0259rbaycanda \u00e7ox ucuzla\u015f\u0131b: &#8220;H\u00f6kum\u0259tin bu c\u00fcr absurd add\u0131mlar\u0131na qar\u015f\u0131 h\u0259r hans\u0131 b\u0259yanat\u0131n verilm\u0259sinin arxas\u0131nda m\u00fc\u0259yy\u0259n h\u0259r\u0259k\u0259tl\u0259r dayan\u0131r. Biz d\u00fc\u015f\u00fcnd\u00fck ki, b\u0259yanat verm\u0259kd\u0259ns\u0259, daha ciddi f\u0259aliyy\u0259t g\u00f6st\u0259r\u0259k. Yax\u0131nlarda bu bar\u0259d\u0259 geni\u015f a\u00e7\u0131qlamam\u0131z olacaq.\u00a0REAL\u00a0beyn\u0259lxalq t\u0259\u015fkilatlar\u0131n diqq\u0259tini R\u0259sul C\u0259f\u0259rovun h\u0259bsin\u0259 y\u00f6n\u0259ltm\u0259k \u00fc\u00e7\u00fcn \u00e7ox ciddi i\u015f apar\u0131r. D\u00fc\u015f\u00fcn\u00fcr\u0259m ki, bu c\u00fcr f\u0259aliyy\u0259t\u00a0b\u0259yanat verm\u0259kd\u0259n daha effektli olur. \u00c7\u00fcnki d\u0259f\u0259l\u0259rl\u0259 bu kimi i\u015fl\u0259rl\u0259 ba\u011fl\u0131 partiyalar b\u0259yanatla \u00e7\u0131x\u0131\u015f ets\u0259l\u0259r d\u0259, h\u00f6kum\u0259tin reaksiyas\u0131 olmur. Ona g\u00f6r\u0259 b\u0259yanat verm\u0259kd\u0259ns\u0259, real i\u015f R\u0259sul C\u0259f\u0259rova daha \u00e7ox k\u00f6m\u0259k olar. Onsuz da siyasi h\u0259yat sosial \u015f\u0259b\u0259k\u0259l\u0259r\u0259 ke\u00e7ib v\u0259 REAL \u0130dar\u0259 Hey\u0259tinin b\u00fct\u00fcn \u00fczvl\u0259ri d\u00f6vl\u0259t ittiham\u00e7\u0131s\u0131n\u0131n C\u0259f\u0259rova 9 il c\u0259za ist\u0259m\u0259si haqq\u0131nda \u00f6z fikirl\u0259rini bildirdil\u0259r&#8221;.\n<\/p>\n<p>\n  &#8220;REAL-\u00e7\u0131lar\u0131n s\u0259dr \u0130lqar M\u0259mm\u0259dovun h\u0259bsin\u0259 daha h\u0259ssas yana\u015fmas\u0131 a\u00e7\u0131q sezilir, n\u0259inki R\u0259sul C\u0259f\u0259rovun h\u0259bsin\u0259. Bu bar\u0259d\u0259 narahatl\u0131qlar\u0131 b\u00f6l\u00fc\u015f\u00fcrs\u00fcn\u00fczm\u00fc&#8221; sual\u0131na Natiq C\u0259f\u0259rov cavab verib ki, \u0130lqar M\u0259mm\u0259dov siyasi liderdir v\u0259 hakimiyy\u0259t\u0259 real alternativ oldu\u011funa g\u00f6r\u0259 h\u0259bs olunub: &#8220;R\u0259sul C\u0259f\u0259rov is\u0259 QHT f\u0259aliyy\u0259tin\u0259 \u0259sas\u0259n h\u0259bs olunub. Onun v\u0259t\u0259nda\u015f c\u0259miyy\u0259tind\u0259ki f\u0259aliyy\u0259ti daha faydal\u0131yd\u0131. R\u0259sul b\u0259yin h\u0259bs olunmas\u0131 qeyri-h\u00f6kum\u0259t t\u0259\u015fkilatlar\u0131 il\u0259 ba\u011fl\u0131 \u00fcmumi prosesin t\u0259rkib hiss\u0259si idi. Bu bax\u0131mdan R\u0259sul b\u0259yin h\u0259bsini \u00fcmumi basq\u0131n\u0131n t\u0259rkib hiss\u0259si kimi d\u0259y\u0259rl\u0259ndirmi\u015fik. Amma R\u0259sul b\u0259yl\u0259 probleml\u0259rin h\u0259llind\u0259 REAL b\u00fct\u00fcn i\u015fi \u00fcz\u0259rin\u0259 g\u00f6t\u00fcr\u00fcb v\u0259 bug\u00fcn\u0259 q\u0259d\u0259r i\u015f davam edir, ona m\u0259n\u0259vi-maddi d\u0259st\u0259yimiz bundan sonra da olacaq&#8221;.\n<\/p>\n<p>\n  Natiq C\u0259f\u0259rov bildirib ki, R\u0259sul C\u0259f\u0259rova h\u00f6km oxunan proses\u0259 \u0130dar\u0259 Hey\u0259tinin Bak\u0131da olan b\u00fct\u00fcn \u00fczvl\u0259ri qat\u0131lacaq: &#8220;H\u00f6kmd\u0259n sonra REAL-\u0131n r\u0259smi m\u00f6vqeyi a\u00e7\u0131qlanacaq. Hesab edirik ki, prokurorun 9 il i\u015f ist\u0259m\u0259si insanlar\u0131 qorxu alt\u0131nda saxlamaq taktikas\u0131n\u0131n t\u0259rkib hiss\u0259sidir. Onsuz da R\u0259sul C\u0259f\u0259rov v\u0259 \u0130lqar M\u0259mm\u0259dov siyasi sifari\u015fl\u0259 h\u0259bs olunublar, onlara n\u0259 q\u0259d\u0259r c\u0259za vers\u0259l\u0259r d\u0259, yana\u015fman\u0131n mahiyy\u0259ti d\u0259yi\u015fmir. Onsuz da ona 9 il c\u0259za vers\u0259l\u0259r d\u0259, sona q\u0259d\u0259r h\u0259bsd\u0259 qalmayacaq. Sad\u0259c\u0259, b\u00f6y\u00fck r\u0259q\u0259ml\u0259rl\u0259 c\u0259miyy\u0259ti xofda saxlamaq niyy\u0259ti g\u00fcd\u00fcrl\u0259r. Biz d\u0259 ajiotaj\u0131 b\u00f6y\u00fctm\u0259m\u0259k \u00fc\u00e7\u00fcn olaylara sakit v\u0259 soyuqqanl\u0131 yana\u015f\u0131r\u0131q, m\u00fcbariz is\u0259 sistem d\u0259yi\u015f\u0259n\u0259 q\u0259d\u0259r davaml\u0131 olacaq&#8221;.<\/p>\n","protected":false},"excerpt":{"rendered":"<p>Natiq C\u0259f\u0259rli: &#8220;REAL beyn\u0259lxalq t\u0259\u015fkilatlar\u0131n diqq\u0259tini R\u0259sul C\u0259f\u0259rovun h\u0259bsin\u0259 y\u00f6n\u0259ltm\u0259k \u00fc\u00e7\u00fcn \u00e7ox ciddi i\u015f apar\u0131r&#8221;<\/p>\n","protected":false},"author":11,"featured_media":22559,"comment_status":"closed","ping_status":"open","sticky":false,"template":"","format":"standard","meta":{"_acf_changed":false,"_sitemap_exclude":false,"_sitemap_priority":"","_sitemap_frequency":"","footnotes":""},"categories":[56],"tags":[],"class_list":["post-167504","post","type-post","status-publish","format-standard","has-post-thumbnail","hentry","category-xeberler","infinite-scroll-item","generate-columns","tablet-grid-50","mobile-grid-100","grid-parent","grid-33","no-featured-image-padding"],"acf":[],"yoast_head":"<!-- This site is optimized with the Yoast SEO plugin v28.4 - https:\/\/yoast.com\/product\/yoast-seo-wordpress\/ -->\n<title>REAL R\u0259sul C\u0259f\u0259rova h\u00f6km oxunduqdan sonra m\u00f6vqeyini a\u00e7\u0131qlayacaq - MEYDAN.TV<\/title>\n<meta name=\"robots\" content=\"index, follow, max-snippet:-1, max-image-preview:large, max-video-preview:-1\" \/>\n<link rel=\"canonical\" href=\"https:\/\/www.meydan.tv\/az\/article\/real-resul-ceferova-hokm-oxunduqdan-sonra-movqeyini-aciqlayacaq\/\" \/>\n<meta property=\"og:locale\" content=\"az_AZ\" \/>\n<meta property=\"og:type\" content=\"article\" \/>\n<meta property=\"og:title\" content=\"REAL R\u0259sul C\u0259f\u0259rova h\u00f6km oxunduqdan sonra m\u00f6vqeyini a\u00e7\u0131qlayacaq - MEYDAN.TV\" \/>\n<meta property=\"og:description\" content=\"Natiq C\u0259f\u0259rli: &quot;REAL beyn\u0259lxalq t\u0259\u015fkilatlar\u0131n diqq\u0259tini R\u0259sul C\u0259f\u0259rovun h\u0259bsin\u0259 y\u00f6n\u0259ltm\u0259k \u00fc\u00e7\u00fcn \u00e7ox ciddi i\u015f apar\u0131r&quot;\" \/>\n<meta property=\"og:url\" content=\"https:\/\/www.meydan.tv\/az\/article\/real-resul-ceferova-hokm-oxunduqdan-sonra-movqeyini-aciqlayacaq\/\" \/>\n<meta property=\"og:site_name\" content=\"MEYDAN.TV\" \/>\n<meta property=\"article:published_time\" content=\"2015-04-10T15:12:15+00:00\" \/>\n<meta property=\"og:image\" content=\"https:\/\/www.meydan.tv\/wp-content\/uploads\/8192.jpg\" \/>\n\t<meta property=\"og:image:width\" content=\"480\" \/>\n\t<meta property=\"og:image:height\" content=\"360\" \/>\n\t<meta property=\"og:image:type\" content=\"image\/jpeg\" \/>\n<meta name=\"twitter:card\" content=\"summary_large_image\" \/>\n<!-- \/ Yoast SEO plugin. -->","yoast_head_json":{"title":"REAL R\u0259sul C\u0259f\u0259rova h\u00f6km oxunduqdan sonra m\u00f6vqeyini a\u00e7\u0131qlayacaq - MEYDAN.TV","robots":{"index":"index","follow":"follow","max-snippet":"max-snippet:-1","max-image-preview":"max-image-preview:large","max-video-preview":"max-video-preview:-1"},"canonical":"https:\/\/www.meydan.tv\/az\/article\/real-resul-ceferova-hokm-oxunduqdan-sonra-movqeyini-aciqlayacaq\/","og_locale":"az_AZ","og_type":"article","og_title":"REAL R\u0259sul C\u0259f\u0259rova h\u00f6km oxunduqdan sonra m\u00f6vqeyini a\u00e7\u0131qlayacaq - MEYDAN.TV","og_description":"Natiq C\u0259f\u0259rli: \"REAL beyn\u0259lxalq t\u0259\u015fkilatlar\u0131n diqq\u0259tini R\u0259sul C\u0259f\u0259rovun h\u0259bsin\u0259 y\u00f6n\u0259ltm\u0259k \u00fc\u00e7\u00fcn \u00e7ox ciddi i\u015f apar\u0131r\"","og_url":"https:\/\/www.meydan.tv\/az\/article\/real-resul-ceferova-hokm-oxunduqdan-sonra-movqeyini-aciqlayacaq\/","og_site_name":"MEYDAN.TV","article_published_time":"2015-04-10T15:12:15+00:00","og_image":[{"width":480,"height":360,"url":"https:\/\/www.meydan.tv\/wp-content\/uploads\/8192.jpg","type":"image\/jpeg"}],"twitter_card":"summary_large_image","schema":{"@context":"https:\/\/schema.org","@graph":[{"@type":"Article","@id":"https:\/\/www.meydan.tv\/az\/article\/real-resul-ceferova-hokm-oxunduqdan-sonra-movqeyini-aciqlayacaq\/#article","isPartOf":{"@id":"https:\/\/www.meydan.tv\/az\/article\/real-resul-ceferova-hokm-oxunduqdan-sonra-movqeyini-aciqlayacaq\/"},"author":{"name":"user-manager","@id":"https:\/\/www.meydan.tv\/az\/#\/schema\/person\/10d11eccf6da3662cf5fdab9806ea91a"},"headline":"REAL R\u0259sul C\u0259f\u0259rova h\u00f6km oxunduqdan sonra m\u00f6vqeyini a\u00e7\u0131qlayacaq","datePublished":"2015-04-10T15:12:15+00:00","mainEntityOfPage":{"@id":"https:\/\/www.meydan.tv\/az\/article\/real-resul-ceferova-hokm-oxunduqdan-sonra-movqeyini-aciqlayacaq\/"},"wordCount":710,"publisher":{"@id":"https:\/\/www.meydan.tv\/az\/#organization"},"image":{"@id":"https:\/\/www.meydan.tv\/az\/article\/real-resul-ceferova-hokm-oxunduqdan-sonra-movqeyini-aciqlayacaq\/#primaryimage"},"thumbnailUrl":"https:\/\/www.meydan.tv\/wp-content\/uploads\/8192.jpg","articleSection":["X\u0259b\u0259rl\u0259r"],"inLanguage":"az"},{"@type":"WebPage","@id":"https:\/\/www.meydan.tv\/az\/article\/real-resul-ceferova-hokm-oxunduqdan-sonra-movqeyini-aciqlayacaq\/","url":"https:\/\/www.meydan.tv\/az\/article\/real-resul-ceferova-hokm-oxunduqdan-sonra-movqeyini-aciqlayacaq\/","name":"REAL R\u0259sul C\u0259f\u0259rova h\u00f6km oxunduqdan sonra m\u00f6vqeyini a\u00e7\u0131qlayacaq - MEYDAN.TV","isPartOf":{"@id":"https:\/\/www.meydan.tv\/az\/#website"},"primaryImageOfPage":{"@id":"https:\/\/www.meydan.tv\/az\/article\/real-resul-ceferova-hokm-oxunduqdan-sonra-movqeyini-aciqlayacaq\/#primaryimage"},"image":{"@id":"https:\/\/www.meydan.tv\/az\/article\/real-resul-ceferova-hokm-oxunduqdan-sonra-movqeyini-aciqlayacaq\/#primaryimage"},"thumbnailUrl":"https:\/\/www.meydan.tv\/wp-content\/uploads\/8192.jpg","datePublished":"2015-04-10T15:12:15+00:00","breadcrumb":{"@id":"https:\/\/www.meydan.tv\/az\/article\/real-resul-ceferova-hokm-oxunduqdan-sonra-movqeyini-aciqlayacaq\/#breadcrumb"},"inLanguage":"az","potentialAction":[{"@type":"ReadAction","target":["https:\/\/www.meydan.tv\/az\/article\/real-resul-ceferova-hokm-oxunduqdan-sonra-movqeyini-aciqlayacaq\/"]}]},{"@type":"ImageObject","inLanguage":"az","@id":"https:\/\/www.meydan.tv\/az\/article\/real-resul-ceferova-hokm-oxunduqdan-sonra-movqeyini-aciqlayacaq\/#primaryimage","url":"https:\/\/www.meydan.tv\/wp-content\/uploads\/8192.jpg","contentUrl":"https:\/\/www.meydan.tv\/wp-content\/uploads\/8192.jpg","width":480,"height":360,"caption":"Source:"},{"@type":"BreadcrumbList","@id":"https:\/\/www.meydan.tv\/az\/article\/real-resul-ceferova-hokm-oxunduqdan-sonra-movqeyini-aciqlayacaq\/#breadcrumb","itemListElement":[{"@type":"ListItem","position":1,"name":"Ana s\u0259hif\u0259","item":"https:\/\/www.meydan.tv\/az\/"},{"@type":"ListItem","position":2,"name":"X\u0259b\u0259rl\u0259r","item":"https:\/\/www.meydan.tv\/az\/section\/xeberler\/"},{"@type":"ListItem","position":3,"name":"REAL R\u0259sul C\u0259f\u0259rova h\u00f6km oxunduqdan sonra m\u00f6vqeyini a\u00e7\u0131qlayacaq"}]},{"@type":"WebSite","@id":"https:\/\/www.meydan.tv\/az\/#website","url":"https:\/\/www.meydan.tv\/az\/","name":"MEYDAN.TV","description":"Meydan TV Az\u0259rbaycan\u0131n media m\u0259kan\u0131ndak\u0131 alternativ s\u0259sidir","publisher":{"@id":"https:\/\/www.meydan.tv\/az\/#organization"},"potentialAction":[{"@type":"SearchAction","target":{"@type":"EntryPoint","urlTemplate":"https:\/\/www.meydan.tv\/az\/?s={search_term_string}"},"query-input":{"@type":"PropertyValueSpecification","valueRequired":true,"valueName":"search_term_string"}}],"inLanguage":"az"},{"@type":"Organization","@id":"https:\/\/www.meydan.tv\/az\/#organization","name":"Meydan TV","url":"https:\/\/www.meydan.tv\/az\/","logo":{"@type":"ImageObject","inLanguage":"az","@id":"https:\/\/www.meydan.tv\/az\/#\/schema\/logo\/image\/","url":"https:\/\/www.meydan.tv\/wp-content\/uploads\/2021\/07\/meydan-logo.svg","contentUrl":"https:\/\/www.meydan.tv\/wp-content\/uploads\/2021\/07\/meydan-logo.svg","width":195,"height":46,"caption":"Meydan TV"},"image":{"@id":"https:\/\/www.meydan.tv\/az\/#\/schema\/logo\/image\/"}},{"@type":"Person","@id":"https:\/\/www.meydan.tv\/az\/#\/schema\/person\/10d11eccf6da3662cf5fdab9806ea91a","name":"user-manager"}]}},"_links":{"self":[{"href":"https:\/\/www.meydan.tv\/az\/wp-json\/wp\/v2\/posts\/167504","targetHints":{"allow":["GET"]}}],"collection":[{"href":"https:\/\/www.meydan.tv\/az\/wp-json\/wp\/v2\/posts"}],"about":[{"href":"https:\/\/www.meydan.tv\/az\/wp-json\/wp\/v2\/types\/post"}],"author":[{"embeddable":true,"href":"https:\/\/www.meydan.tv\/az\/wp-json\/wp\/v2\/users\/11"}],"replies":[{"embeddable":true,"href":"https:\/\/www.meydan.tv\/az\/wp-json\/wp\/v2\/comments?post=167504"}],"version-history":[{"count":0,"href":"https:\/\/www.meydan.tv\/az\/wp-json\/wp\/v2\/posts\/167504\/revisions"}],"wp:featuredmedia":[{"embeddable":true,"href":"https:\/\/www.meydan.tv\/az\/wp-json\/wp\/v2\/media\/22559"}],"wp:attachment":[{"href":"https:\/\/www.meydan.tv\/az\/wp-json\/wp\/v2\/media?parent=167504"}],"wp:term":[{"taxonomy":"category","embeddable":true,"href":"https:\/\/www.meydan.tv\/az\/wp-json\/wp\/v2\/categories?post=167504"},{"taxonomy":"post_tag","embeddable":true,"href":"https:\/\/www.meydan.tv\/az\/wp-json\/wp\/v2\/tags?post=167504"}],"curies":[{"name":"wp","href":"https:\/\/api.w.org\/{rel}","templated":true}]}}