{"id":167503,"date":"2015-04-10T15:08:01","date_gmt":"2015-04-10T15:08:01","guid":{"rendered":"https:\/\/www.meydan.tv\/article\/ombudsman-aparati-tofiq-yaqublunun-sikayetini-arasdirir\/"},"modified":"2015-04-10T15:08:01","modified_gmt":"2015-04-10T15:08:01","slug":"ombudsman-aparati-tofiq-yaqublunun-sikayetini-arasdirir","status":"publish","type":"post","link":"https:\/\/www.meydan.tv\/az\/article\/ombudsman-aparati-tofiq-yaqublunun-sikayetini-arasdirir\/","title":{"rendered":"Ombudsman Aparat\u0131 Tofiq Yaqublunun \u015fikay\u0259tini ara\u015fd\u0131r\u0131r"},"content":{"rendered":"<figure class=\"wp-block-image size-large\">\n  <img decoding=\"async\" src=\"https:\/\/www.meydan.tv\/az\/22556\/\" alt=\"\" class=\"wp-image-22556\"\/><figcaption><\/figcaption><\/figure>\n<figure class=\"wp-block-image size-large\">\n  <img decoding=\"async\" src=\"https:\/\/www.meydan.tv\/az\/22556\/\" alt=\"\" class=\"wp-image-22556\"\/><figcaption><\/figcaption><\/figure>\n<p><div>\n    <i><br \/>\n      &#8220;N\u0259tic\u0259 bar\u0259s\u0259 Nigar Yaqubluya m\u0259lumat veril\u0259c\u0259k&#8221;<br \/>\n    <\/i>\n  <\/div>\n<\/p>\n<p>\n  M\u00fcsavat ba\u015fqan\u0131n\u0131n m\u00fcavini Tofiq Yaqubluya h\u0259l\u0259 d\u0259 saxlan\u0131ld\u0131\u011f\u0131 c\u0259za\u00e7\u0259km\u0259 m\u00fc\u0259ssis\u0259sind\u0259 g\u00fcnd\u0259lik q\u0259zetl\u0259r verilmir. Art\u0131q q\u0131z\u0131 Nigar Yaqublu bununla ba\u011fl\u0131 Ombudsman Aparat\u0131na m\u00fcraci\u0259t edib.\n<\/p>\n<p>\n  Bu bar\u0259d\u0259 m\u0259lumat\u0131 Nigar Yaqublu \u00f6z Facebook s\u0259hif\u0259sind\u0259 yaz\u0131b.\n<\/p>\n<p>\n  Onun s\u00f6zl\u0259rin\u0259 g\u00f6r\u0259, Ombudsman Aparat\u0131 problemd\u0259n x\u0259b\u0259rsizdi: &#8220;D\u00fcn\u0259n Ombudsman\u0131n &#8220;qaynar x\u0259tt&#8221;in\u0259 ataya q\u0259zetl\u0259rin verilm\u0259m\u0259si il\u0259 ba\u011fl\u0131 m\u0259lumat vermi\u015f\u0259m. Cavab olaraq dedil\u0259r ki, bizim bundan x\u0259b\u0259rimiz yox idi. Dey\u0259s\u0259n, onlar da m\u0259tbuat\u0131 izl\u0259mirl\u0259r, yoxsa ta Tofiq Yaqublu h\u0259bs olunandan bu g\u00fcn\u0259 kimi q\u0259zetl\u0259rin verilm\u0259m\u0259si haqda m\u0259lumatlar\u0131 olard\u0131. \u018fsas maraql\u0131 olan onlar\u0131n bu m\u0259s\u0259l\u0259 il\u0259 bagl\u0131 cavab\u0131n\u0131n n\u0259 olaca\u011f\u0131d\u0131r. H\u0259l\u0259 ki, g\u00f6zl\u0259yir\u0259m&#8221;.\n<\/p>\n<p>\n  Ombudsman Aparat\u0131n\u0131n &#8220;qaynar x\u0259tt&#8221;ind\u0259n Meydan TV-y\u0259 bildiribl\u0259r ki, aprelin 9-da, g\u00fcn\u00fcn ikinci yar\u0131s\u0131nda Nigar Yaqublu t\u0259r\u0259find\u0259n aparata \u015fikay\u0259t daxil olub: &#8220;Biz d\u0259rhal \u015fikay\u0259ti r\u0259hb\u0259rliy\u0259 m\u0259ruz\u0259 etdik v\u0259 r\u0259hb\u0259rlik t\u0259r\u0259find\u0259n d\u0259 Penitensiar Xidm\u0259t\u0259 m\u0259lumat verildi, m\u0259s\u0259l\u0259 ara\u015fd\u0131r\u0131l\u0131r. \u015eikay\u0259tin n\u0259tic\u0259si bar\u0259d\u0259 Nigar Yaqubluya m\u0259lumat ver\u0259c\u0259yik&#8221;.<\/p>\n","protected":false},"excerpt":{"rendered":"<p>&#8220;N\u0259tic\u0259 bar\u0259s\u0259 Nigar Yaqubluya m\u0259lumat veril\u0259c\u0259k&#8221;<\/p>\n","protected":false},"author":11,"featured_media":22556,"comment_status":"closed","ping_status":"open","sticky":false,"template":"","format":"standard","meta":{"_acf_changed":false,"_sitemap_exclude":false,"_sitemap_priority":"","_sitemap_frequency":"","footnotes":""},"categories":[56],"tags":[],"class_list":["post-167503","post","type-post","status-publish","format-standard","has-post-thumbnail","hentry","category-xeberler","infinite-scroll-item","generate-columns","tablet-grid-50","mobile-grid-100","grid-parent","grid-33","no-featured-image-padding"],"acf":[],"yoast_head":"<!-- This site is optimized with the Yoast SEO plugin v28.4 - https:\/\/yoast.com\/product\/yoast-seo-wordpress\/ -->\n<title>Ombudsman Aparat\u0131 Tofiq Yaqublunun \u015fikay\u0259tini ara\u015fd\u0131r\u0131r - MEYDAN.TV<\/title>\n<meta name=\"robots\" content=\"index, follow, max-snippet:-1, max-image-preview:large, max-video-preview:-1\" \/>\n<link rel=\"canonical\" href=\"https:\/\/www.meydan.tv\/az\/article\/ombudsman-aparati-tofiq-yaqublunun-sikayetini-arasdirir\/\" \/>\n<meta property=\"og:locale\" content=\"az_AZ\" \/>\n<meta property=\"og:type\" content=\"article\" \/>\n<meta property=\"og:title\" content=\"Ombudsman Aparat\u0131 Tofiq Yaqublunun \u015fikay\u0259tini ara\u015fd\u0131r\u0131r - MEYDAN.TV\" \/>\n<meta property=\"og:description\" content=\"&quot;N\u0259tic\u0259 bar\u0259s\u0259 Nigar Yaqubluya m\u0259lumat veril\u0259c\u0259k&quot;\" \/>\n<meta property=\"og:url\" content=\"https:\/\/www.meydan.tv\/az\/article\/ombudsman-aparati-tofiq-yaqublunun-sikayetini-arasdirir\/\" \/>\n<meta property=\"og:site_name\" content=\"MEYDAN.TV\" \/>\n<meta property=\"article:published_time\" content=\"2015-04-10T15:08:01+00:00\" \/>\n<meta property=\"og:image\" content=\"https:\/\/www.meydan.tv\/wp-content\/uploads\/8191.jpg\" \/>\n\t<meta property=\"og:image:width\" content=\"467\" \/>\n\t<meta property=\"og:image:height\" content=\"350\" \/>\n\t<meta property=\"og:image:type\" content=\"image\/jpeg\" \/>\n<meta name=\"twitter:card\" content=\"summary_large_image\" \/>\n<!-- \/ Yoast SEO plugin. -->","yoast_head_json":{"title":"Ombudsman Aparat\u0131 Tofiq Yaqublunun \u015fikay\u0259tini ara\u015fd\u0131r\u0131r - MEYDAN.TV","robots":{"index":"index","follow":"follow","max-snippet":"max-snippet:-1","max-image-preview":"max-image-preview:large","max-video-preview":"max-video-preview:-1"},"canonical":"https:\/\/www.meydan.tv\/az\/article\/ombudsman-aparati-tofiq-yaqublunun-sikayetini-arasdirir\/","og_locale":"az_AZ","og_type":"article","og_title":"Ombudsman Aparat\u0131 Tofiq Yaqublunun \u015fikay\u0259tini ara\u015fd\u0131r\u0131r - MEYDAN.TV","og_description":"\"N\u0259tic\u0259 bar\u0259s\u0259 Nigar Yaqubluya m\u0259lumat veril\u0259c\u0259k\"","og_url":"https:\/\/www.meydan.tv\/az\/article\/ombudsman-aparati-tofiq-yaqublunun-sikayetini-arasdirir\/","og_site_name":"MEYDAN.TV","article_published_time":"2015-04-10T15:08:01+00:00","og_image":[{"width":467,"height":350,"url":"https:\/\/www.meydan.tv\/wp-content\/uploads\/8191.jpg","type":"image\/jpeg"}],"twitter_card":"summary_large_image","schema":{"@context":"https:\/\/schema.org","@graph":[{"@type":"Article","@id":"https:\/\/www.meydan.tv\/az\/article\/ombudsman-aparati-tofiq-yaqublunun-sikayetini-arasdirir\/#article","isPartOf":{"@id":"https:\/\/www.meydan.tv\/az\/article\/ombudsman-aparati-tofiq-yaqublunun-sikayetini-arasdirir\/"},"author":{"name":"user-manager","@id":"https:\/\/www.meydan.tv\/az\/#\/schema\/person\/10d11eccf6da3662cf5fdab9806ea91a"},"headline":"Ombudsman Aparat\u0131 Tofiq Yaqublunun \u015fikay\u0259tini ara\u015fd\u0131r\u0131r","datePublished":"2015-04-10T15:08:01+00:00","mainEntityOfPage":{"@id":"https:\/\/www.meydan.tv\/az\/article\/ombudsman-aparati-tofiq-yaqublunun-sikayetini-arasdirir\/"},"wordCount":265,"publisher":{"@id":"https:\/\/www.meydan.tv\/az\/#organization"},"image":{"@id":"https:\/\/www.meydan.tv\/az\/article\/ombudsman-aparati-tofiq-yaqublunun-sikayetini-arasdirir\/#primaryimage"},"thumbnailUrl":"https:\/\/www.meydan.tv\/wp-content\/uploads\/8191.jpg","articleSection":["X\u0259b\u0259rl\u0259r"],"inLanguage":"az"},{"@type":"WebPage","@id":"https:\/\/www.meydan.tv\/az\/article\/ombudsman-aparati-tofiq-yaqublunun-sikayetini-arasdirir\/","url":"https:\/\/www.meydan.tv\/az\/article\/ombudsman-aparati-tofiq-yaqublunun-sikayetini-arasdirir\/","name":"Ombudsman Aparat\u0131 Tofiq Yaqublunun \u015fikay\u0259tini ara\u015fd\u0131r\u0131r - MEYDAN.TV","isPartOf":{"@id":"https:\/\/www.meydan.tv\/az\/#website"},"primaryImageOfPage":{"@id":"https:\/\/www.meydan.tv\/az\/article\/ombudsman-aparati-tofiq-yaqublunun-sikayetini-arasdirir\/#primaryimage"},"image":{"@id":"https:\/\/www.meydan.tv\/az\/article\/ombudsman-aparati-tofiq-yaqublunun-sikayetini-arasdirir\/#primaryimage"},"thumbnailUrl":"https:\/\/www.meydan.tv\/wp-content\/uploads\/8191.jpg","datePublished":"2015-04-10T15:08:01+00:00","breadcrumb":{"@id":"https:\/\/www.meydan.tv\/az\/article\/ombudsman-aparati-tofiq-yaqublunun-sikayetini-arasdirir\/#breadcrumb"},"inLanguage":"az","potentialAction":[{"@type":"ReadAction","target":["https:\/\/www.meydan.tv\/az\/article\/ombudsman-aparati-tofiq-yaqublunun-sikayetini-arasdirir\/"]}]},{"@type":"ImageObject","inLanguage":"az","@id":"https:\/\/www.meydan.tv\/az\/article\/ombudsman-aparati-tofiq-yaqublunun-sikayetini-arasdirir\/#primaryimage","url":"https:\/\/www.meydan.tv\/wp-content\/uploads\/8191.jpg","contentUrl":"https:\/\/www.meydan.tv\/wp-content\/uploads\/8191.jpg","width":467,"height":350,"caption":"Source:"},{"@type":"BreadcrumbList","@id":"https:\/\/www.meydan.tv\/az\/article\/ombudsman-aparati-tofiq-yaqublunun-sikayetini-arasdirir\/#breadcrumb","itemListElement":[{"@type":"ListItem","position":1,"name":"Ana s\u0259hif\u0259","item":"https:\/\/www.meydan.tv\/az\/"},{"@type":"ListItem","position":2,"name":"X\u0259b\u0259rl\u0259r","item":"https:\/\/www.meydan.tv\/az\/section\/xeberler\/"},{"@type":"ListItem","position":3,"name":"Ombudsman Aparat\u0131 Tofiq Yaqublunun \u015fikay\u0259tini ara\u015fd\u0131r\u0131r"}]},{"@type":"WebSite","@id":"https:\/\/www.meydan.tv\/az\/#website","url":"https:\/\/www.meydan.tv\/az\/","name":"MEYDAN.TV","description":"Meydan TV Az\u0259rbaycan\u0131n media m\u0259kan\u0131ndak\u0131 alternativ s\u0259sidir","publisher":{"@id":"https:\/\/www.meydan.tv\/az\/#organization"},"potentialAction":[{"@type":"SearchAction","target":{"@type":"EntryPoint","urlTemplate":"https:\/\/www.meydan.tv\/az\/?s={search_term_string}"},"query-input":{"@type":"PropertyValueSpecification","valueRequired":true,"valueName":"search_term_string"}}],"inLanguage":"az"},{"@type":"Organization","@id":"https:\/\/www.meydan.tv\/az\/#organization","name":"Meydan TV","url":"https:\/\/www.meydan.tv\/az\/","logo":{"@type":"ImageObject","inLanguage":"az","@id":"https:\/\/www.meydan.tv\/az\/#\/schema\/logo\/image\/","url":"https:\/\/www.meydan.tv\/wp-content\/uploads\/2021\/07\/meydan-logo.svg","contentUrl":"https:\/\/www.meydan.tv\/wp-content\/uploads\/2021\/07\/meydan-logo.svg","width":195,"height":46,"caption":"Meydan TV"},"image":{"@id":"https:\/\/www.meydan.tv\/az\/#\/schema\/logo\/image\/"}},{"@type":"Person","@id":"https:\/\/www.meydan.tv\/az\/#\/schema\/person\/10d11eccf6da3662cf5fdab9806ea91a","name":"user-manager"}]}},"_links":{"self":[{"href":"https:\/\/www.meydan.tv\/az\/wp-json\/wp\/v2\/posts\/167503","targetHints":{"allow":["GET"]}}],"collection":[{"href":"https:\/\/www.meydan.tv\/az\/wp-json\/wp\/v2\/posts"}],"about":[{"href":"https:\/\/www.meydan.tv\/az\/wp-json\/wp\/v2\/types\/post"}],"author":[{"embeddable":true,"href":"https:\/\/www.meydan.tv\/az\/wp-json\/wp\/v2\/users\/11"}],"replies":[{"embeddable":true,"href":"https:\/\/www.meydan.tv\/az\/wp-json\/wp\/v2\/comments?post=167503"}],"version-history":[{"count":0,"href":"https:\/\/www.meydan.tv\/az\/wp-json\/wp\/v2\/posts\/167503\/revisions"}],"wp:featuredmedia":[{"embeddable":true,"href":"https:\/\/www.meydan.tv\/az\/wp-json\/wp\/v2\/media\/22556"}],"wp:attachment":[{"href":"https:\/\/www.meydan.tv\/az\/wp-json\/wp\/v2\/media?parent=167503"}],"wp:term":[{"taxonomy":"category","embeddable":true,"href":"https:\/\/www.meydan.tv\/az\/wp-json\/wp\/v2\/categories?post=167503"},{"taxonomy":"post_tag","embeddable":true,"href":"https:\/\/www.meydan.tv\/az\/wp-json\/wp\/v2\/tags?post=167503"}],"curies":[{"name":"wp","href":"https:\/\/api.w.org\/{rel}","templated":true}]}}