{"id":167502,"date":"2015-04-10T14:35:10","date_gmt":"2015-04-10T14:35:10","guid":{"rendered":"https:\/\/www.meydan.tv\/article\/gunel-hesenlinin-mehkemesi-texire-salindi\/"},"modified":"2015-04-10T14:35:10","modified_gmt":"2015-04-10T14:35:10","slug":"gunel-hesenlinin-mehkemesi-texire-salindi","status":"publish","type":"post","link":"https:\/\/www.meydan.tv\/az\/article\/gunel-hesenlinin-mehkemesi-texire-salindi\/","title":{"rendered":"G\u00fcnel H\u0259s\u0259nlinin m\u0259hk\u0259m\u0259si t\u0259xir\u0259 sal\u0131nd\u0131"},"content":{"rendered":"<figure class=\"wp-block-image size-large\">\n  <img decoding=\"async\" src=\"https:\/\/www.meydan.tv\/az\/22553\/\" alt=\"\" class=\"wp-image-22553\"\/><figcaption><\/figcaption><\/figure>\n<figure class=\"wp-block-image size-large\">\n  <img decoding=\"async\" src=\"https:\/\/www.meydan.tv\/az\/22553\/\" alt=\"\" class=\"wp-image-22553\"\/><figcaption><\/figcaption><\/figure>\n<p>\n  <i><br \/>\n    Hakim v\u0259 v\u0259kil z\u0259r\u0259r\u00e7\u0259kmi\u015f Adil\u0259 S\u0259limovan\u0131n n\u00f6vb\u0259ti prosesd\u0259 i\u015ftirak\u0131n\u0131 ist\u0259yib<br \/>\n  <\/i>\n<\/p>\n<p>\n  Aprelin 10-da Bak\u0131 Apellyasiya M\u0259hk\u0259m\u0259sind\u0259 Milli \u015euran\u0131n s\u0259dri, professor C\u0259mil H\u0259s\u0259nlinin q\u0131z\u0131 G\u00fcnel H\u0259s\u0259nlinin \u015fikay\u0259tin\u0259 bax\u0131l\u0131b.\n<\/p>\n<p>\n  Prosesi izl\u0259y\u0259n Meydan TV-nin \u0259m\u0259kda\u015f\u0131n\u0131n bildirdiyin\u0259 g\u00f6r\u0259, ilkin bax\u0131\u015fdan sonra v\u0259kil Adil \u0130smay\u0131lov i\u015f\u0259 yeni qo\u015fuldu\u011fundan materiallarla tan\u0131\u015f olmas\u0131 \u00fc\u00e7\u00fcn iclas\u0131n t\u0259xir\u0259 sal\u0131nmas\u0131n\u0131 ist\u0259yib. Bundan sonra hakim \u018fflatun Qas\u0131mov v\u0259 v\u0259kil Adil \u0130smay\u0131lov z\u0259r\u0259r\u00e7\u0259kmi\u015f Adil\u0259 S\u0259limovan\u0131n n\u00f6vb\u0259ti prosesd\u0259 i\u015ftirak\u0131n\u0131 ist\u0259yib.\n<\/p>\n<p>\n  Ona g\u00f6r\u0259 proses aprelin 13-n\u0259 saat 15.00-\u0259 t\u0259xir\u0259 sal\u0131n\u0131b.\n<\/p>\n<p>\n  Fevral\u0131n 20-d\u0259 hakim Aq\u015fin \u018ff\u0259ndiyevin s\u0259drliyi il\u0259 Yasamal rayon m\u0259hk\u0259m\u0259si \u00f6t\u0259n ilin sentyabr ay\u0131nda ba\u015f vermi\u015f avtomobil q\u0259zas\u0131 hadis\u0259si il\u0259 ba\u011fl\u0131 Milli \u015euran\u0131n s\u0259dri, professor C\u0259mil H\u0259s\u0259nlinin q\u0131z\u0131 G\u00fcnel H\u0259s\u0259nliy\u0259 h\u00f6km oxuyub. M\u0259hk\u0259m\u0259 G\u00fcnel H\u0259s\u0259nlini 1 il 6 ay m\u00fcdd\u0259tin\u0259 azadl\u0131\u011f\u0131n\u0131n m\u0259hdudla\u015fd\u0131r\u0131lmas\u0131 il\u0259 ba\u011fl\u0131 q\u0259rar verib.<\/p>\n","protected":false},"excerpt":{"rendered":"<p>Hakim v\u0259 v\u0259kil z\u0259r\u0259r\u00e7\u0259kmi\u015f Adil\u0259 S\u0259limovan\u0131n n\u00f6vb\u0259ti prosesd\u0259 i\u015ftirak\u0131n\u0131 ist\u0259yib<\/p>\n","protected":false},"author":11,"featured_media":22553,"comment_status":"closed","ping_status":"open","sticky":false,"template":"","format":"standard","meta":{"_acf_changed":false,"_sitemap_exclude":false,"_sitemap_priority":"","_sitemap_frequency":"","footnotes":""},"categories":[56],"tags":[],"class_list":["post-167502","post","type-post","status-publish","format-standard","has-post-thumbnail","hentry","category-xeberler","infinite-scroll-item","generate-columns","tablet-grid-50","mobile-grid-100","grid-parent","grid-33","no-featured-image-padding"],"acf":[],"yoast_head":"<!-- This site is optimized with the Yoast SEO plugin v28.4 - https:\/\/yoast.com\/product\/yoast-seo-wordpress\/ -->\n<title>G\u00fcnel H\u0259s\u0259nlinin m\u0259hk\u0259m\u0259si t\u0259xir\u0259 sal\u0131nd\u0131 - MEYDAN.TV<\/title>\n<meta name=\"robots\" content=\"index, follow, max-snippet:-1, max-image-preview:large, max-video-preview:-1\" \/>\n<link rel=\"canonical\" href=\"https:\/\/www.meydan.tv\/az\/article\/gunel-hesenlinin-mehkemesi-texire-salindi\/\" \/>\n<meta property=\"og:locale\" content=\"az_AZ\" \/>\n<meta property=\"og:type\" content=\"article\" \/>\n<meta property=\"og:title\" content=\"G\u00fcnel H\u0259s\u0259nlinin m\u0259hk\u0259m\u0259si t\u0259xir\u0259 sal\u0131nd\u0131 - MEYDAN.TV\" \/>\n<meta property=\"og:description\" content=\"Hakim v\u0259 v\u0259kil z\u0259r\u0259r\u00e7\u0259kmi\u015f Adil\u0259 S\u0259limovan\u0131n n\u00f6vb\u0259ti prosesd\u0259 i\u015ftirak\u0131n\u0131 ist\u0259yib\" \/>\n<meta property=\"og:url\" content=\"https:\/\/www.meydan.tv\/az\/article\/gunel-hesenlinin-mehkemesi-texire-salindi\/\" \/>\n<meta property=\"og:site_name\" content=\"MEYDAN.TV\" \/>\n<meta property=\"article:published_time\" content=\"2015-04-10T14:35:10+00:00\" \/>\n<meta property=\"og:image\" content=\"https:\/\/www.meydan.tv\/wp-content\/uploads\/8190.jpg\" \/>\n\t<meta property=\"og:image:width\" content=\"486\" \/>\n\t<meta property=\"og:image:height\" content=\"292\" \/>\n\t<meta property=\"og:image:type\" content=\"image\/jpeg\" \/>\n<meta name=\"twitter:card\" content=\"summary_large_image\" \/>\n<!-- \/ Yoast SEO plugin. -->","yoast_head_json":{"title":"G\u00fcnel H\u0259s\u0259nlinin m\u0259hk\u0259m\u0259si t\u0259xir\u0259 sal\u0131nd\u0131 - MEYDAN.TV","robots":{"index":"index","follow":"follow","max-snippet":"max-snippet:-1","max-image-preview":"max-image-preview:large","max-video-preview":"max-video-preview:-1"},"canonical":"https:\/\/www.meydan.tv\/az\/article\/gunel-hesenlinin-mehkemesi-texire-salindi\/","og_locale":"az_AZ","og_type":"article","og_title":"G\u00fcnel H\u0259s\u0259nlinin m\u0259hk\u0259m\u0259si t\u0259xir\u0259 sal\u0131nd\u0131 - MEYDAN.TV","og_description":"Hakim v\u0259 v\u0259kil z\u0259r\u0259r\u00e7\u0259kmi\u015f Adil\u0259 S\u0259limovan\u0131n n\u00f6vb\u0259ti prosesd\u0259 i\u015ftirak\u0131n\u0131 ist\u0259yib","og_url":"https:\/\/www.meydan.tv\/az\/article\/gunel-hesenlinin-mehkemesi-texire-salindi\/","og_site_name":"MEYDAN.TV","article_published_time":"2015-04-10T14:35:10+00:00","og_image":[{"width":486,"height":292,"url":"https:\/\/www.meydan.tv\/wp-content\/uploads\/8190.jpg","type":"image\/jpeg"}],"twitter_card":"summary_large_image","schema":{"@context":"https:\/\/schema.org","@graph":[{"@type":"Article","@id":"https:\/\/www.meydan.tv\/az\/article\/gunel-hesenlinin-mehkemesi-texire-salindi\/#article","isPartOf":{"@id":"https:\/\/www.meydan.tv\/az\/article\/gunel-hesenlinin-mehkemesi-texire-salindi\/"},"author":{"name":"user-manager","@id":"https:\/\/www.meydan.tv\/az\/#\/schema\/person\/10d11eccf6da3662cf5fdab9806ea91a"},"headline":"G\u00fcnel H\u0259s\u0259nlinin m\u0259hk\u0259m\u0259si t\u0259xir\u0259 sal\u0131nd\u0131","datePublished":"2015-04-10T14:35:10+00:00","mainEntityOfPage":{"@id":"https:\/\/www.meydan.tv\/az\/article\/gunel-hesenlinin-mehkemesi-texire-salindi\/"},"wordCount":228,"publisher":{"@id":"https:\/\/www.meydan.tv\/az\/#organization"},"image":{"@id":"https:\/\/www.meydan.tv\/az\/article\/gunel-hesenlinin-mehkemesi-texire-salindi\/#primaryimage"},"thumbnailUrl":"https:\/\/www.meydan.tv\/wp-content\/uploads\/8190.jpg","articleSection":["X\u0259b\u0259rl\u0259r"],"inLanguage":"az"},{"@type":"WebPage","@id":"https:\/\/www.meydan.tv\/az\/article\/gunel-hesenlinin-mehkemesi-texire-salindi\/","url":"https:\/\/www.meydan.tv\/az\/article\/gunel-hesenlinin-mehkemesi-texire-salindi\/","name":"G\u00fcnel H\u0259s\u0259nlinin m\u0259hk\u0259m\u0259si t\u0259xir\u0259 sal\u0131nd\u0131 - MEYDAN.TV","isPartOf":{"@id":"https:\/\/www.meydan.tv\/az\/#website"},"primaryImageOfPage":{"@id":"https:\/\/www.meydan.tv\/az\/article\/gunel-hesenlinin-mehkemesi-texire-salindi\/#primaryimage"},"image":{"@id":"https:\/\/www.meydan.tv\/az\/article\/gunel-hesenlinin-mehkemesi-texire-salindi\/#primaryimage"},"thumbnailUrl":"https:\/\/www.meydan.tv\/wp-content\/uploads\/8190.jpg","datePublished":"2015-04-10T14:35:10+00:00","breadcrumb":{"@id":"https:\/\/www.meydan.tv\/az\/article\/gunel-hesenlinin-mehkemesi-texire-salindi\/#breadcrumb"},"inLanguage":"az","potentialAction":[{"@type":"ReadAction","target":["https:\/\/www.meydan.tv\/az\/article\/gunel-hesenlinin-mehkemesi-texire-salindi\/"]}]},{"@type":"ImageObject","inLanguage":"az","@id":"https:\/\/www.meydan.tv\/az\/article\/gunel-hesenlinin-mehkemesi-texire-salindi\/#primaryimage","url":"https:\/\/www.meydan.tv\/wp-content\/uploads\/8190.jpg","contentUrl":"https:\/\/www.meydan.tv\/wp-content\/uploads\/8190.jpg","width":486,"height":292,"caption":"Source:"},{"@type":"BreadcrumbList","@id":"https:\/\/www.meydan.tv\/az\/article\/gunel-hesenlinin-mehkemesi-texire-salindi\/#breadcrumb","itemListElement":[{"@type":"ListItem","position":1,"name":"Ana s\u0259hif\u0259","item":"https:\/\/www.meydan.tv\/az\/"},{"@type":"ListItem","position":2,"name":"X\u0259b\u0259rl\u0259r","item":"https:\/\/www.meydan.tv\/az\/section\/xeberler\/"},{"@type":"ListItem","position":3,"name":"G\u00fcnel H\u0259s\u0259nlinin m\u0259hk\u0259m\u0259si t\u0259xir\u0259 sal\u0131nd\u0131"}]},{"@type":"WebSite","@id":"https:\/\/www.meydan.tv\/az\/#website","url":"https:\/\/www.meydan.tv\/az\/","name":"MEYDAN.TV","description":"Meydan TV Az\u0259rbaycan\u0131n media m\u0259kan\u0131ndak\u0131 alternativ s\u0259sidir","publisher":{"@id":"https:\/\/www.meydan.tv\/az\/#organization"},"potentialAction":[{"@type":"SearchAction","target":{"@type":"EntryPoint","urlTemplate":"https:\/\/www.meydan.tv\/az\/?s={search_term_string}"},"query-input":{"@type":"PropertyValueSpecification","valueRequired":true,"valueName":"search_term_string"}}],"inLanguage":"az"},{"@type":"Organization","@id":"https:\/\/www.meydan.tv\/az\/#organization","name":"Meydan TV","url":"https:\/\/www.meydan.tv\/az\/","logo":{"@type":"ImageObject","inLanguage":"az","@id":"https:\/\/www.meydan.tv\/az\/#\/schema\/logo\/image\/","url":"https:\/\/www.meydan.tv\/wp-content\/uploads\/2021\/07\/meydan-logo.svg","contentUrl":"https:\/\/www.meydan.tv\/wp-content\/uploads\/2021\/07\/meydan-logo.svg","width":195,"height":46,"caption":"Meydan TV"},"image":{"@id":"https:\/\/www.meydan.tv\/az\/#\/schema\/logo\/image\/"}},{"@type":"Person","@id":"https:\/\/www.meydan.tv\/az\/#\/schema\/person\/10d11eccf6da3662cf5fdab9806ea91a","name":"user-manager"}]}},"_links":{"self":[{"href":"https:\/\/www.meydan.tv\/az\/wp-json\/wp\/v2\/posts\/167502","targetHints":{"allow":["GET"]}}],"collection":[{"href":"https:\/\/www.meydan.tv\/az\/wp-json\/wp\/v2\/posts"}],"about":[{"href":"https:\/\/www.meydan.tv\/az\/wp-json\/wp\/v2\/types\/post"}],"author":[{"embeddable":true,"href":"https:\/\/www.meydan.tv\/az\/wp-json\/wp\/v2\/users\/11"}],"replies":[{"embeddable":true,"href":"https:\/\/www.meydan.tv\/az\/wp-json\/wp\/v2\/comments?post=167502"}],"version-history":[{"count":0,"href":"https:\/\/www.meydan.tv\/az\/wp-json\/wp\/v2\/posts\/167502\/revisions"}],"wp:featuredmedia":[{"embeddable":true,"href":"https:\/\/www.meydan.tv\/az\/wp-json\/wp\/v2\/media\/22553"}],"wp:attachment":[{"href":"https:\/\/www.meydan.tv\/az\/wp-json\/wp\/v2\/media?parent=167502"}],"wp:term":[{"taxonomy":"category","embeddable":true,"href":"https:\/\/www.meydan.tv\/az\/wp-json\/wp\/v2\/categories?post=167502"},{"taxonomy":"post_tag","embeddable":true,"href":"https:\/\/www.meydan.tv\/az\/wp-json\/wp\/v2\/tags?post=167502"}],"curies":[{"name":"wp","href":"https:\/\/api.w.org\/{rel}","templated":true}]}}