{"id":167498,"date":"2015-04-09T19:31:52","date_gmt":"2015-04-09T19:31:52","guid":{"rendered":"https:\/\/www.meydan.tv\/article\/mtn-talibanin-ve-isid-in-terkibinde-doyusen-azerbaycanlilar-tutulub\/"},"modified":"2015-04-09T19:31:52","modified_gmt":"2015-04-09T19:31:52","slug":"mtn-talibanin-ve-isid-in-terkibinde-doyusen-azerbaycanlilar-tutulub","status":"publish","type":"post","link":"https:\/\/www.meydan.tv\/az\/article\/mtn-talibanin-ve-isid-in-terkibinde-doyusen-azerbaycanlilar-tutulub\/","title":{"rendered":"MTN: &#8220;Taliban&#8221;\u0131n v\u0259 \u0130\u015e\u0130D-in t\u0259rkibind\u0259 d\u00f6y\u00fc\u015f\u0259n az\u0259rbaycanl\u0131lar tutulub"},"content":{"rendered":"<figure class=\"wp-block-image size-large\">\n  <img decoding=\"async\" src=\"https:\/\/www.meydan.tv\/az\/22544\/\" alt=\"\" class=\"wp-image-22544\"\/><figcaption><\/figcaption><\/figure>\n<figure class=\"wp-block-image size-large\">\n  <img decoding=\"async\" src=\"https:\/\/www.meydan.tv\/az\/22544\/\" alt=\"\" class=\"wp-image-22544\"\/><figcaption><\/figcaption><\/figure>\n<p>\n  <i><br \/>\n    Cinay\u0259t M\u0259c\u0259ll\u0259sinin 12.1, 279.1-ci v\u0259 283-1.3-c\u00fc madd\u0259l\u0259ri il\u0259 cinay\u0259t i\u015fl\u0259ri ba\u015flan\u0131l\u0131b<br \/>\n  <\/i>\n<\/p>\n<p>\n  Milli T\u0259hl\u00fck\u0259sizlik Nazirliyi (MTN) \u0130ctimai \u018flaq\u0259l\u0259r \u0130dar\u0259sind\u0259n Trend-\u0259 veril\u0259n m\u0259lumata g\u00f6r\u0259, MTN t\u0259r\u0259find\u0259n h\u0259yata ke\u00e7irilmi\u015f antiterror t\u0259dbirl\u0259ri n\u0259tic\u0259sind\u0259, Az\u0259rbaycan Respublikas\u0131n\u0131n qanunvericiliyi il\u0259 n\u0259z\u0259rd\u0259 tutulmayan silahl\u0131 birl\u0259\u015fm\u0259l\u0259r v\u0259 ya qruplar yaratma, el\u0259c\u0259 d\u0259 onlar\u0131n yarad\u0131lmas\u0131nda v\u0259 f\u0259aliyy\u0259tind\u0259 i\u015ftirak etm\u0259, onlar\u0131 silahla, d\u00f6y\u00fc\u015f sursat\u0131 il\u0259, partlay\u0131c\u0131 madd\u0259l\u0259rl\u0259, h\u0259rbi texnika il\u0259, yaxud \u0259sg\u0259ri l\u0259vazimatla t\u0259chiz etm\u0259, habel\u0259, Az\u0259rbaycan Respublikas\u0131 v\u0259t\u0259nda\u015flar\u0131 v\u0259 ya Az\u0259rbaycan Respublikas\u0131nda daimi ya\u015fayan v\u0259t\u0259nda\u015fl\u0131\u011f\u0131 olmayan \u015f\u0259xsl\u0259ri dini m\u0259zh\u0259bl\u0259ri yaymaq, dini ayinl\u0259rin icras\u0131 ad\u0131 alt\u0131nda, dini d\u00fc\u015fm\u0259n\u00e7ilik z\u0259minind\u0259 Az\u0259rbaycan Respublikas\u0131n\u0131n h\u00fcdudlar\u0131ndan k\u0259narda apar\u0131lan silahl\u0131 m\u00fcnaqi\u015f\u0259l\u0259r\u0259 c\u0259lb etm\u0259, yaxud bu m\u0259qs\u0259dl\u0259 d\u00f6y\u00fc\u015f t\u0259liml\u0259ri ke\u00e7m\u0259, yaxud h\u0259min m\u0259qs\u0259dl\u0259 f\u0259aliyy\u0259t g\u00f6st\u0259r\u0259n sabit qrup yaratma, el\u0259c\u0259 d\u0259 h\u0259min qruplarda, t\u0259liml\u0259rd\u0259 v\u0259 ya silahl\u0131 m\u00fcnaqi\u015f\u0259l\u0259rd\u0259 i\u015ftirak etm\u0259 v\u0259 dig\u0259r h\u00fcquqazidd \u0259m\u0259ll\u0259rinin t\u00f6r\u0259dilm\u0259sin\u0259 g\u00f6r\u0259 Az\u0259rbaycan Respublikas\u0131n\u0131n v\u0259t\u0259nda\u015flar\u0131 &#8211; Qarag\u00f6zov Ayd\u0131n Nadir o\u011flu, Ramizzad\u0259 Hafiz Ruslan o\u011flu, B\u0259kirov Telman \u018fv\u0259z o\u011flu, Tahirov M\u00fcbariz \u018fm\u0259n o\u011flu, Qas\u0131mov Cavid Rabil o\u011flu, V\u0259lizad\u0259 F\u0259zail Etibar o\u011flu v\u0259 M\u0259mm\u0259dov Tural Fazil o\u011flu \u015f\u00fcbh\u0259li \u015f\u0259xs qismind\u0259 tutulublar.\n<\/p>\n<p>\n  Faktlarla ba\u011fl\u0131 Milli T\u0259hl\u00fck\u0259sizlik Nazirliyi \u0130stintaq Ba\u015f \u0130dar\u0259si t\u0259r\u0259find\u0259n AR Cinay\u0259t M\u0259c\u0259ll\u0259sinin 12.1, 279.1-ci v\u0259 283-1.3-c\u00fc madd\u0259l\u0259ri il\u0259 cinay\u0259t i\u015fl\u0259ri ba\u015flan\u0131l\u0131b. Qarag\u00f6zov Ayd\u0131n Nadir o\u011flu, Ramizzad\u0259 Hafiz Ruslan o\u011flu, B\u0259kirov Telman \u018fv\u0259z o\u011flu, Tahirov M\u00fcbariz \u018fm\u0259n o\u011flu, Qas\u0131mov Cavid Rabil o\u011flu, V\u0259lizad\u0259 F\u0259zail Etibar o\u011flu v\u0259 M\u0259mm\u0259dov Tural Fazil o\u011flu t\u0259qsirl\u0259ndiril\u0259n \u015f\u0259xs qismind\u0259 c\u0259lb olunaraq m\u0259hk\u0259m\u0259nin q\u0259rarlar\u0131 il\u0259 bar\u0259l\u0259rind\u0259 h\u0259bs q\u0259timkan t\u0259dbiri se\u00e7ilib.\n<\/p>\n<p>\n  M\u00fc\u0259yy\u0259n edilib ki, Ramizzad\u0259 Hafiz Ruslan o\u011flu v\u0259 Qarag\u00f6zov Ayd\u0131n Nadir o\u011flu Pakistan \u0130slam Respublikas\u0131n\u0131n \u0259razisind\u0259 h\u0259min d\u00f6vl\u0259tin v\u0259 Az\u0259rbaycan Respublikas\u0131n\u0131n qanunvericiliyi il\u0259 n\u0259z\u0259rd\u0259 tutulmayan silahl\u0131 birl\u0259\u015fm\u0259l\u0259rin f\u0259aliyy\u0259tind\u0259 i\u015ftirak edibl\u0259r. Bel\u0259 ki, Hafiz Ramizzad\u0259 2007-2012-ci ill\u0259rd\u0259, Ayd\u0131n Qarag\u00f6zov is\u0259 2011-2013-c\u00fc ill\u0259rd\u0259 Pakistan\u0131n V\u0259ziristan vilay\u0259tind\u0259 &#8220;T\u0259hriki Taliban&#8221; adl\u0131 qanunsuz silahl\u0131 birl\u0259\u015fm\u0259nin tabeliyind\u0259ki &#8220;Tayfatul Mansura&#8221; adl\u0131 silahl\u0131 d\u0259st\u0259nin f\u0259aliyy\u0259tind\u0259 i\u015ftirak edibl\u0259r.\n<\/p>\n<p>\n  T\u0259qsirl\u0259ndiril\u0259n dig\u0259r \u015f\u0259xsl\u0259r &#8211; B\u0259kirov Telman \u018fv\u0259z o\u011flu, Tahirov M\u00fcbariz \u018fm\u0259n o\u011flu, Qas\u0131mov Cavid Rabil o\u011flu, V\u0259lizad\u0259 F\u0259zail Etibar o\u011flu v\u0259 M\u0259mm\u0259dov Tural F\u0259zail o\u011flu 2014-2015-ci ill\u0259r \u0259rzind\u0259 m\u00fcxt\u0259lif vaxtlarda Suriya \u018fr\u0259b Respublikas\u0131n\u0131n v\u0259 \u0130raq Respublikas\u0131n\u0131n \u0259razisind\u0259 h\u0259min d\u00f6vl\u0259tl\u0259rin, habel\u0259 Az\u0259rbaycan Respublikas\u0131n\u0131n qanunvericiliyi il\u0259 n\u0259z\u0259rd\u0259 tutulmayan ayr\u0131-ayr\u0131 silahl\u0131 birl\u0259\u015fm\u0259l\u0259rin, o c\u00fcml\u0259d\u0259n \u0130\u015e\u0130D terror\u00e7u t\u0259\u015fkilat\u0131n\u0131n f\u0259aliyy\u0259tind\u0259 i\u015ftirak edibl\u0259r.\n<\/p>\n<p>\n  Cinay\u0259t i\u015fl\u0259ri \u00fczr\u0259 b\u00fct\u00fcn hallar\u0131n ara\u015fd\u0131r\u0131lmas\u0131, bu h\u00fcquqazidd \u0259m\u0259ll\u0259rin dig\u0259r i\u015ftirak\u00e7\u0131lar\u0131n\u0131n m\u00fc\u0259yy\u0259nl\u0259\u015fdirilm\u0259si istiqam\u0259tind\u0259 istintaq-\u0259m\u0259liyyat t\u0259dbirl\u0259ri davam etdirilir.\n<\/p>\n<p>\n  M\u0259lumat \u00fc\u00e7\u00fcn bir daha bildirilir ki, Az\u0259rbaycan Respublikas\u0131n\u0131n qanunvericiliyi il\u0259 n\u0259z\u0259rd\u0259 tutulmayan silahl\u0131 birl\u0259\u015fm\u0259l\u0259r v\u0259 ya qruplar yaratma, el\u0259c\u0259 d\u0259 onlar\u0131n yarad\u0131lmas\u0131nda v\u0259 f\u0259aliyy\u0259tind\u0259 i\u015ftirak etm\u0259, onlar\u0131 silahla, d\u00f6y\u00fc\u015f sursat\u0131 il\u0259, partlay\u0131c\u0131 madd\u0259l\u0259rl\u0259, h\u0259rbi texnika il\u0259, yaxud \u0259sg\u0259ri l\u0259vazimatla t\u0259chiz etm\u0259, terror\u00e7uluq, y\u0259ni d\u00f6vl\u0259t hakimiyy\u0259ti orqanlar\u0131 v\u0259 ya beyn\u0259lxalq t\u0259\u015fkilatlar t\u0259r\u0259find\u0259n q\u0259rar q\u0259bul edilm\u0259sin\u0259 t\u0259sir g\u00f6st\u0259rm\u0259k m\u0259qs\u0259dil\u0259 insanlar\u0131n h\u0259lak olmas\u0131, onlar\u0131n sa\u011flaml\u0131\u011f\u0131na z\u0259r\u0259r vurulmas\u0131, \u0259h\u0259miyy\u0259tli \u0259mlak ziyan\u0131n\u0131n v\u0259 ya ba\u015fqa ictimai t\u0259hl\u00fck\u0259li n\u0259tic\u0259l\u0259rin ba\u015f verm\u0259si t\u0259hl\u00fck\u0259si yaradan partlay\u0131\u015f, yan\u011f\u0131n v\u0259 ya dig\u0259r h\u0259r\u0259k\u0259tl\u0259r t\u00f6r\u0259tm\u0259, habel\u0259 h\u0259min m\u0259qs\u0259dl\u0259 bu c\u00fcr h\u0259r\u0259k\u0259tl\u0259rin t\u00f6r\u0259dil\u0259c\u0259yi il\u0259 h\u0259d\u0259l\u0259m\u0259, h\u0259m\u00e7inin Az\u0259rbaycan Respublikas\u0131 v\u0259t\u0259nda\u015flar\u0131 v\u0259 ya Az\u0259rbaycan Respublikas\u0131nda daimi ya\u015fayan v\u0259t\u0259nda\u015fl\u0131\u011f\u0131 olmayan \u015f\u0259xsl\u0259ri dini m\u0259hz\u0259bl\u0259ri yaymaq, dini ayinl\u0259rin icras\u0131 ad\u0131 alt\u0131nda, yaxud dini d\u00fc\u015fm\u0259n\u00e7ilik z\u0259minind\u0259 Az\u0259rbaycan Respublikas\u0131n\u0131n h\u00fcdudlar\u0131ndan k\u0259narda apar\u0131lan silahl\u0131 m\u00fcnaqi\u015f\u0259l\u0259r\u0259 c\u0259lb etm\u0259, yaxud bu m\u0259qs\u0259dl\u0259 d\u00f6y\u00fc\u015f t\u0259liml\u0259ri ke\u00e7m\u0259, yaxud h\u0259min m\u0259qs\u0259dl\u0259 f\u0259aliyy\u0259t g\u00f6st\u0259r\u0259n sabit qrup yaratma v\u0259 ya bel\u0259 qrupa r\u0259hb\u0259rlik etm\u0259, el\u0259c\u0259 d\u0259 h\u0259min qruplarda, t\u0259liml\u0259rd\u0259 v\u0259 ya silahl\u0131 m\u00fcnaqi\u015f\u0259l\u0259rd\u0259 i\u015ftirak etm\u0259 h\u00fcquqazidd \u0259m\u0259ll\u0259rin t\u00f6r\u0259dilm\u0259sin\u0259 g\u00f6r\u0259 qanunvericilikl\u0259 m\u00fc\u0259yy\u0259n edilmi\u015f c\u0259za m\u00fcdd\u0259tl\u0259ri art\u0131r\u0131laraq 20 il v\u0259 ya \u00f6m\u00fcrl\u00fck azadl\u0131qdan m\u0259hrumetm\u0259 c\u0259zas\u0131na m\u0259hkumetm\u0259 il\u0259 c\u0259zaland\u0131r\u0131l\u0131r.<\/p>\n","protected":false},"excerpt":{"rendered":"<p>Cinay\u0259t M\u0259c\u0259ll\u0259sinin 12.1, 279.1-ci v\u0259 283-1.3-c\u00fc madd\u0259l\u0259ri il\u0259 cinay\u0259t i\u015fl\u0259ri ba\u015flan\u0131l\u0131b<\/p>\n","protected":false},"author":11,"featured_media":22544,"comment_status":"closed","ping_status":"open","sticky":false,"template":"","format":"standard","meta":{"_acf_changed":false,"_sitemap_exclude":false,"_sitemap_priority":"","_sitemap_frequency":"","footnotes":""},"categories":[56],"tags":[],"class_list":["post-167498","post","type-post","status-publish","format-standard","has-post-thumbnail","hentry","category-xeberler","infinite-scroll-item","generate-columns","tablet-grid-50","mobile-grid-100","grid-parent","grid-33","no-featured-image-padding"],"acf":[],"yoast_head":"<!-- This site is optimized with the Yoast SEO plugin v28.4 - https:\/\/yoast.com\/product\/yoast-seo-wordpress\/ -->\n<title>MTN: &quot;Taliban&quot;\u0131n v\u0259 \u0130\u015e\u0130D-in t\u0259rkibind\u0259 d\u00f6y\u00fc\u015f\u0259n az\u0259rbaycanl\u0131lar tutulub - MEYDAN.TV<\/title>\n<meta name=\"robots\" content=\"index, follow, max-snippet:-1, max-image-preview:large, max-video-preview:-1\" \/>\n<link rel=\"canonical\" href=\"https:\/\/www.meydan.tv\/az\/article\/mtn-talibanin-ve-isid-in-terkibinde-doyusen-azerbaycanlilar-tutulub\/\" \/>\n<meta property=\"og:locale\" content=\"az_AZ\" \/>\n<meta property=\"og:type\" content=\"article\" \/>\n<meta property=\"og:title\" content=\"MTN: &quot;Taliban&quot;\u0131n v\u0259 \u0130\u015e\u0130D-in t\u0259rkibind\u0259 d\u00f6y\u00fc\u015f\u0259n az\u0259rbaycanl\u0131lar tutulub - MEYDAN.TV\" \/>\n<meta property=\"og:description\" content=\"Cinay\u0259t M\u0259c\u0259ll\u0259sinin 12.1, 279.1-ci v\u0259 283-1.3-c\u00fc madd\u0259l\u0259ri il\u0259 cinay\u0259t i\u015fl\u0259ri ba\u015flan\u0131l\u0131b\" \/>\n<meta property=\"og:url\" content=\"https:\/\/www.meydan.tv\/az\/article\/mtn-talibanin-ve-isid-in-terkibinde-doyusen-azerbaycanlilar-tutulub\/\" \/>\n<meta property=\"og:site_name\" content=\"MEYDAN.TV\" \/>\n<meta property=\"article:published_time\" content=\"2015-04-09T19:31:52+00:00\" \/>\n<meta property=\"og:image\" content=\"https:\/\/www.meydan.tv\/wp-content\/uploads\/8186.jpg\" \/>\n\t<meta property=\"og:image:width\" content=\"400\" \/>\n\t<meta property=\"og:image:height\" content=\"292\" \/>\n\t<meta property=\"og:image:type\" content=\"image\/jpeg\" \/>\n<meta name=\"twitter:card\" content=\"summary_large_image\" \/>\n<!-- \/ Yoast SEO plugin. -->","yoast_head_json":{"title":"MTN: \"Taliban\"\u0131n v\u0259 \u0130\u015e\u0130D-in t\u0259rkibind\u0259 d\u00f6y\u00fc\u015f\u0259n az\u0259rbaycanl\u0131lar tutulub - MEYDAN.TV","robots":{"index":"index","follow":"follow","max-snippet":"max-snippet:-1","max-image-preview":"max-image-preview:large","max-video-preview":"max-video-preview:-1"},"canonical":"https:\/\/www.meydan.tv\/az\/article\/mtn-talibanin-ve-isid-in-terkibinde-doyusen-azerbaycanlilar-tutulub\/","og_locale":"az_AZ","og_type":"article","og_title":"MTN: \"Taliban\"\u0131n v\u0259 \u0130\u015e\u0130D-in t\u0259rkibind\u0259 d\u00f6y\u00fc\u015f\u0259n az\u0259rbaycanl\u0131lar tutulub - MEYDAN.TV","og_description":"Cinay\u0259t M\u0259c\u0259ll\u0259sinin 12.1, 279.1-ci v\u0259 283-1.3-c\u00fc madd\u0259l\u0259ri il\u0259 cinay\u0259t i\u015fl\u0259ri ba\u015flan\u0131l\u0131b","og_url":"https:\/\/www.meydan.tv\/az\/article\/mtn-talibanin-ve-isid-in-terkibinde-doyusen-azerbaycanlilar-tutulub\/","og_site_name":"MEYDAN.TV","article_published_time":"2015-04-09T19:31:52+00:00","og_image":[{"width":400,"height":292,"url":"https:\/\/www.meydan.tv\/wp-content\/uploads\/8186.jpg","type":"image\/jpeg"}],"twitter_card":"summary_large_image","schema":{"@context":"https:\/\/schema.org","@graph":[{"@type":"Article","@id":"https:\/\/www.meydan.tv\/az\/article\/mtn-talibanin-ve-isid-in-terkibinde-doyusen-azerbaycanlilar-tutulub\/#article","isPartOf":{"@id":"https:\/\/www.meydan.tv\/az\/article\/mtn-talibanin-ve-isid-in-terkibinde-doyusen-azerbaycanlilar-tutulub\/"},"author":{"name":"user-manager","@id":"https:\/\/www.meydan.tv\/az\/#\/schema\/person\/10d11eccf6da3662cf5fdab9806ea91a"},"headline":"MTN: &#8220;Taliban&#8221;\u0131n v\u0259 \u0130\u015e\u0130D-in t\u0259rkibind\u0259 d\u00f6y\u00fc\u015f\u0259n az\u0259rbaycanl\u0131lar tutulub","datePublished":"2015-04-09T19:31:52+00:00","mainEntityOfPage":{"@id":"https:\/\/www.meydan.tv\/az\/article\/mtn-talibanin-ve-isid-in-terkibinde-doyusen-azerbaycanlilar-tutulub\/"},"wordCount":1037,"publisher":{"@id":"https:\/\/www.meydan.tv\/az\/#organization"},"image":{"@id":"https:\/\/www.meydan.tv\/az\/article\/mtn-talibanin-ve-isid-in-terkibinde-doyusen-azerbaycanlilar-tutulub\/#primaryimage"},"thumbnailUrl":"https:\/\/www.meydan.tv\/wp-content\/uploads\/8186.jpg","articleSection":["X\u0259b\u0259rl\u0259r"],"inLanguage":"az"},{"@type":"WebPage","@id":"https:\/\/www.meydan.tv\/az\/article\/mtn-talibanin-ve-isid-in-terkibinde-doyusen-azerbaycanlilar-tutulub\/","url":"https:\/\/www.meydan.tv\/az\/article\/mtn-talibanin-ve-isid-in-terkibinde-doyusen-azerbaycanlilar-tutulub\/","name":"MTN: \"Taliban\"\u0131n v\u0259 \u0130\u015e\u0130D-in t\u0259rkibind\u0259 d\u00f6y\u00fc\u015f\u0259n az\u0259rbaycanl\u0131lar tutulub - MEYDAN.TV","isPartOf":{"@id":"https:\/\/www.meydan.tv\/az\/#website"},"primaryImageOfPage":{"@id":"https:\/\/www.meydan.tv\/az\/article\/mtn-talibanin-ve-isid-in-terkibinde-doyusen-azerbaycanlilar-tutulub\/#primaryimage"},"image":{"@id":"https:\/\/www.meydan.tv\/az\/article\/mtn-talibanin-ve-isid-in-terkibinde-doyusen-azerbaycanlilar-tutulub\/#primaryimage"},"thumbnailUrl":"https:\/\/www.meydan.tv\/wp-content\/uploads\/8186.jpg","datePublished":"2015-04-09T19:31:52+00:00","breadcrumb":{"@id":"https:\/\/www.meydan.tv\/az\/article\/mtn-talibanin-ve-isid-in-terkibinde-doyusen-azerbaycanlilar-tutulub\/#breadcrumb"},"inLanguage":"az","potentialAction":[{"@type":"ReadAction","target":["https:\/\/www.meydan.tv\/az\/article\/mtn-talibanin-ve-isid-in-terkibinde-doyusen-azerbaycanlilar-tutulub\/"]}]},{"@type":"ImageObject","inLanguage":"az","@id":"https:\/\/www.meydan.tv\/az\/article\/mtn-talibanin-ve-isid-in-terkibinde-doyusen-azerbaycanlilar-tutulub\/#primaryimage","url":"https:\/\/www.meydan.tv\/wp-content\/uploads\/8186.jpg","contentUrl":"https:\/\/www.meydan.tv\/wp-content\/uploads\/8186.jpg","width":400,"height":292,"caption":"Source:"},{"@type":"BreadcrumbList","@id":"https:\/\/www.meydan.tv\/az\/article\/mtn-talibanin-ve-isid-in-terkibinde-doyusen-azerbaycanlilar-tutulub\/#breadcrumb","itemListElement":[{"@type":"ListItem","position":1,"name":"Ana s\u0259hif\u0259","item":"https:\/\/www.meydan.tv\/az\/"},{"@type":"ListItem","position":2,"name":"X\u0259b\u0259rl\u0259r","item":"https:\/\/www.meydan.tv\/az\/section\/xeberler\/"},{"@type":"ListItem","position":3,"name":"MTN: &#8220;Taliban&#8221;\u0131n v\u0259 \u0130\u015e\u0130D-in t\u0259rkibind\u0259 d\u00f6y\u00fc\u015f\u0259n az\u0259rbaycanl\u0131lar tutulub"}]},{"@type":"WebSite","@id":"https:\/\/www.meydan.tv\/az\/#website","url":"https:\/\/www.meydan.tv\/az\/","name":"MEYDAN.TV","description":"Meydan TV Az\u0259rbaycan\u0131n media m\u0259kan\u0131ndak\u0131 alternativ s\u0259sidir","publisher":{"@id":"https:\/\/www.meydan.tv\/az\/#organization"},"potentialAction":[{"@type":"SearchAction","target":{"@type":"EntryPoint","urlTemplate":"https:\/\/www.meydan.tv\/az\/?s={search_term_string}"},"query-input":{"@type":"PropertyValueSpecification","valueRequired":true,"valueName":"search_term_string"}}],"inLanguage":"az"},{"@type":"Organization","@id":"https:\/\/www.meydan.tv\/az\/#organization","name":"Meydan TV","url":"https:\/\/www.meydan.tv\/az\/","logo":{"@type":"ImageObject","inLanguage":"az","@id":"https:\/\/www.meydan.tv\/az\/#\/schema\/logo\/image\/","url":"https:\/\/www.meydan.tv\/wp-content\/uploads\/2021\/07\/meydan-logo.svg","contentUrl":"https:\/\/www.meydan.tv\/wp-content\/uploads\/2021\/07\/meydan-logo.svg","width":195,"height":46,"caption":"Meydan TV"},"image":{"@id":"https:\/\/www.meydan.tv\/az\/#\/schema\/logo\/image\/"}},{"@type":"Person","@id":"https:\/\/www.meydan.tv\/az\/#\/schema\/person\/10d11eccf6da3662cf5fdab9806ea91a","name":"user-manager"}]}},"_links":{"self":[{"href":"https:\/\/www.meydan.tv\/az\/wp-json\/wp\/v2\/posts\/167498","targetHints":{"allow":["GET"]}}],"collection":[{"href":"https:\/\/www.meydan.tv\/az\/wp-json\/wp\/v2\/posts"}],"about":[{"href":"https:\/\/www.meydan.tv\/az\/wp-json\/wp\/v2\/types\/post"}],"author":[{"embeddable":true,"href":"https:\/\/www.meydan.tv\/az\/wp-json\/wp\/v2\/users\/11"}],"replies":[{"embeddable":true,"href":"https:\/\/www.meydan.tv\/az\/wp-json\/wp\/v2\/comments?post=167498"}],"version-history":[{"count":0,"href":"https:\/\/www.meydan.tv\/az\/wp-json\/wp\/v2\/posts\/167498\/revisions"}],"wp:featuredmedia":[{"embeddable":true,"href":"https:\/\/www.meydan.tv\/az\/wp-json\/wp\/v2\/media\/22544"}],"wp:attachment":[{"href":"https:\/\/www.meydan.tv\/az\/wp-json\/wp\/v2\/media?parent=167498"}],"wp:term":[{"taxonomy":"category","embeddable":true,"href":"https:\/\/www.meydan.tv\/az\/wp-json\/wp\/v2\/categories?post=167498"},{"taxonomy":"post_tag","embeddable":true,"href":"https:\/\/www.meydan.tv\/az\/wp-json\/wp\/v2\/tags?post=167498"}],"curies":[{"name":"wp","href":"https:\/\/api.w.org\/{rel}","templated":true}]}}