{"id":167497,"date":"2015-04-09T19:20:37","date_gmt":"2015-04-09T19:20:37","guid":{"rendered":"https:\/\/www.meydan.tv\/article\/nida-vetendas-herekati-vicdana-mektub-kampaniyasina-baslayir\/"},"modified":"2015-04-09T19:20:37","modified_gmt":"2015-04-09T19:20:37","slug":"nida-vetendas-herekati-vicdana-mektub-kampaniyasina-baslayir","status":"publish","type":"post","link":"https:\/\/www.meydan.tv\/az\/article\/nida-vetendas-herekati-vicdana-mektub-kampaniyasina-baslayir\/","title":{"rendered":"Nida V\u0259t\u0259nda\u015f H\u0259r\u0259kat\u0131 &#8220;Vicdana m\u0259ktub&#8221; kampaniyas\u0131na ba\u015flay\u0131r"},"content":{"rendered":"<figure class=\"wp-block-image size-large\">\n  <img decoding=\"async\" src=\"https:\/\/www.meydan.tv\/az\/22514\/\" alt=\"\" class=\"wp-image-22514\"\/><figcaption><\/figcaption><\/figure>\n<figure class=\"wp-block-image size-large\">\n  <img decoding=\"async\" src=\"https:\/\/www.meydan.tv\/az\/22514\/\" alt=\"\" class=\"wp-image-22514\"\/><figcaption><\/figcaption><\/figure>\n<p>\n  <i><br \/>\n    &#8220;H\u0259r h\u0259ft\u0259 5 siyasi m\u0259hbusa m\u0259ktub yaz\u0131lacaq&#8221;<br \/>\n  <\/i>\n<\/p>\n<p>\n  Bu bar\u0259d\u0259 Nida V\u0259t\u0259nda\u015f H\u0259r\u0259kat\u0131 Facebook s\u0259hif\u0259sind\u0259 a\u00e7\u0131qlama yay\u0131b.\n<\/p>\n<p>\n  H\u0259r\u0259kat bildirir ki, haz\u0131rda \u00f6lk\u0259d\u0259 siyasi f\u0259aliyy\u0259tin\u0259, dini inanclar\u0131na g\u00f6r\u0259 h\u0259bs olunmu\u015f 100 n\u0259f\u0259rd\u0259n \u00e7ox vicdan m\u0259hbusu var. Onlara tan\u0131mad\u0131qlar\u0131 \u015f\u0259xsl\u0259r t\u0259r\u0259find\u0259n yaz\u0131lan bir ne\u00e7\u0259 c\u00fcml\u0259lik m\u0259ktub b\u00f6y\u00fck m\u0259n\u0259vi d\u0259st\u0259k olacaq: &#8220;Bu d\u0259st\u0259yi onlar \u00fc\u00e7\u00fcn g\u00f6st\u0259r\u0259n h\u0259r k\u0259s\u0259 \u00f6z ad\u0131m\u0131zdan t\u0259\u015f\u0259kk\u00fcr edirik. H\u0259r h\u0259ft\u0259 5 n\u0259f\u0259r \u00fc\u00e7\u00fcn m\u0259ktub yaz\u0131lacaq. Bu h\u0259ft\u0259 m\u0259ktublar\u0131n\u0131z\u0131 ara\u015fd\u0131rma\u00e7\u0131-jurnalist X\u0259dic\u0259 \u0130smay\u0131la, M\u00fcsavat ba\u015fqan\u0131n\u0131n m\u00fcavini Tofiq Yaqubluya, Az\u0259rbaycan Xalq C\u0259bh\u0259si Partiyas\u0131n\u0131n R\u0259yas\u0259t Hey\u0259ti \u00fczv\u00fc Seymur H\u0259ziy\u0259, ilahiyyat\u00e7\u0131 Tale Ba\u011f\u0131rzad\u0259y\u0259 v\u0259 Nida V\u0259t\u0259nda\u015f H\u0259r\u0259kat\u0131n\u0131n \u00fczv\u00fc R\u0259\u015fad\u0259t Axundova yaza bil\u0259rsiniz&#8221;.<\/p>\n","protected":false},"excerpt":{"rendered":"<p>&#8220;H\u0259r h\u0259ft\u0259 5 siyasi m\u0259hbusa m\u0259ktub yaz\u0131lacaq&#8221;<\/p>\n","protected":false},"author":11,"featured_media":22514,"comment_status":"closed","ping_status":"open","sticky":false,"template":"","format":"standard","meta":{"_acf_changed":false,"_sitemap_exclude":false,"_sitemap_priority":"","_sitemap_frequency":"","footnotes":""},"categories":[56],"tags":[],"class_list":["post-167497","post","type-post","status-publish","format-standard","has-post-thumbnail","hentry","category-xeberler","infinite-scroll-item","generate-columns","tablet-grid-50","mobile-grid-100","grid-parent","grid-33","no-featured-image-padding"],"acf":[],"yoast_head":"<!-- This site is optimized with the Yoast SEO plugin v28.4 - https:\/\/yoast.com\/product\/yoast-seo-wordpress\/ -->\n<title>Nida V\u0259t\u0259nda\u015f H\u0259r\u0259kat\u0131 &quot;Vicdana m\u0259ktub&quot; kampaniyas\u0131na ba\u015flay\u0131r - MEYDAN.TV<\/title>\n<meta name=\"robots\" content=\"index, follow, max-snippet:-1, max-image-preview:large, max-video-preview:-1\" \/>\n<link rel=\"canonical\" href=\"https:\/\/www.meydan.tv\/az\/article\/nida-vetendas-herekati-vicdana-mektub-kampaniyasina-baslayir\/\" \/>\n<meta property=\"og:locale\" content=\"az_AZ\" \/>\n<meta property=\"og:type\" content=\"article\" \/>\n<meta property=\"og:title\" content=\"Nida V\u0259t\u0259nda\u015f H\u0259r\u0259kat\u0131 &quot;Vicdana m\u0259ktub&quot; kampaniyas\u0131na ba\u015flay\u0131r - MEYDAN.TV\" \/>\n<meta property=\"og:description\" content=\"&quot;H\u0259r h\u0259ft\u0259 5 siyasi m\u0259hbusa m\u0259ktub yaz\u0131lacaq&quot;\" \/>\n<meta property=\"og:url\" content=\"https:\/\/www.meydan.tv\/az\/article\/nida-vetendas-herekati-vicdana-mektub-kampaniyasina-baslayir\/\" \/>\n<meta property=\"og:site_name\" content=\"MEYDAN.TV\" \/>\n<meta property=\"article:published_time\" content=\"2015-04-09T19:20:37+00:00\" \/>\n<meta property=\"og:image\" content=\"https:\/\/www.meydan.tv\/wp-content\/uploads\/8185.jpg\" \/>\n\t<meta property=\"og:image:width\" content=\"578\" \/>\n\t<meta property=\"og:image:height\" content=\"275\" \/>\n\t<meta property=\"og:image:type\" content=\"image\/jpeg\" \/>\n<meta name=\"twitter:card\" content=\"summary_large_image\" \/>\n<!-- \/ Yoast SEO plugin. -->","yoast_head_json":{"title":"Nida V\u0259t\u0259nda\u015f H\u0259r\u0259kat\u0131 \"Vicdana m\u0259ktub\" kampaniyas\u0131na ba\u015flay\u0131r - MEYDAN.TV","robots":{"index":"index","follow":"follow","max-snippet":"max-snippet:-1","max-image-preview":"max-image-preview:large","max-video-preview":"max-video-preview:-1"},"canonical":"https:\/\/www.meydan.tv\/az\/article\/nida-vetendas-herekati-vicdana-mektub-kampaniyasina-baslayir\/","og_locale":"az_AZ","og_type":"article","og_title":"Nida V\u0259t\u0259nda\u015f H\u0259r\u0259kat\u0131 \"Vicdana m\u0259ktub\" kampaniyas\u0131na ba\u015flay\u0131r - MEYDAN.TV","og_description":"\"H\u0259r h\u0259ft\u0259 5 siyasi m\u0259hbusa m\u0259ktub yaz\u0131lacaq\"","og_url":"https:\/\/www.meydan.tv\/az\/article\/nida-vetendas-herekati-vicdana-mektub-kampaniyasina-baslayir\/","og_site_name":"MEYDAN.TV","article_published_time":"2015-04-09T19:20:37+00:00","og_image":[{"width":578,"height":275,"url":"https:\/\/www.meydan.tv\/wp-content\/uploads\/8185.jpg","type":"image\/jpeg"}],"twitter_card":"summary_large_image","schema":{"@context":"https:\/\/schema.org","@graph":[{"@type":"Article","@id":"https:\/\/www.meydan.tv\/az\/article\/nida-vetendas-herekati-vicdana-mektub-kampaniyasina-baslayir\/#article","isPartOf":{"@id":"https:\/\/www.meydan.tv\/az\/article\/nida-vetendas-herekati-vicdana-mektub-kampaniyasina-baslayir\/"},"author":{"name":"user-manager","@id":"https:\/\/www.meydan.tv\/az\/#\/schema\/person\/10d11eccf6da3662cf5fdab9806ea91a"},"headline":"Nida V\u0259t\u0259nda\u015f H\u0259r\u0259kat\u0131 &#8220;Vicdana m\u0259ktub&#8221; kampaniyas\u0131na ba\u015flay\u0131r","datePublished":"2015-04-09T19:20:37+00:00","mainEntityOfPage":{"@id":"https:\/\/www.meydan.tv\/az\/article\/nida-vetendas-herekati-vicdana-mektub-kampaniyasina-baslayir\/"},"wordCount":203,"publisher":{"@id":"https:\/\/www.meydan.tv\/az\/#organization"},"image":{"@id":"https:\/\/www.meydan.tv\/az\/article\/nida-vetendas-herekati-vicdana-mektub-kampaniyasina-baslayir\/#primaryimage"},"thumbnailUrl":"https:\/\/www.meydan.tv\/wp-content\/uploads\/8185.jpg","articleSection":["X\u0259b\u0259rl\u0259r"],"inLanguage":"az"},{"@type":"WebPage","@id":"https:\/\/www.meydan.tv\/az\/article\/nida-vetendas-herekati-vicdana-mektub-kampaniyasina-baslayir\/","url":"https:\/\/www.meydan.tv\/az\/article\/nida-vetendas-herekati-vicdana-mektub-kampaniyasina-baslayir\/","name":"Nida V\u0259t\u0259nda\u015f H\u0259r\u0259kat\u0131 \"Vicdana m\u0259ktub\" kampaniyas\u0131na ba\u015flay\u0131r - MEYDAN.TV","isPartOf":{"@id":"https:\/\/www.meydan.tv\/az\/#website"},"primaryImageOfPage":{"@id":"https:\/\/www.meydan.tv\/az\/article\/nida-vetendas-herekati-vicdana-mektub-kampaniyasina-baslayir\/#primaryimage"},"image":{"@id":"https:\/\/www.meydan.tv\/az\/article\/nida-vetendas-herekati-vicdana-mektub-kampaniyasina-baslayir\/#primaryimage"},"thumbnailUrl":"https:\/\/www.meydan.tv\/wp-content\/uploads\/8185.jpg","datePublished":"2015-04-09T19:20:37+00:00","breadcrumb":{"@id":"https:\/\/www.meydan.tv\/az\/article\/nida-vetendas-herekati-vicdana-mektub-kampaniyasina-baslayir\/#breadcrumb"},"inLanguage":"az","potentialAction":[{"@type":"ReadAction","target":["https:\/\/www.meydan.tv\/az\/article\/nida-vetendas-herekati-vicdana-mektub-kampaniyasina-baslayir\/"]}]},{"@type":"ImageObject","inLanguage":"az","@id":"https:\/\/www.meydan.tv\/az\/article\/nida-vetendas-herekati-vicdana-mektub-kampaniyasina-baslayir\/#primaryimage","url":"https:\/\/www.meydan.tv\/wp-content\/uploads\/8185.jpg","contentUrl":"https:\/\/www.meydan.tv\/wp-content\/uploads\/8185.jpg","width":578,"height":275,"caption":"Source:"},{"@type":"BreadcrumbList","@id":"https:\/\/www.meydan.tv\/az\/article\/nida-vetendas-herekati-vicdana-mektub-kampaniyasina-baslayir\/#breadcrumb","itemListElement":[{"@type":"ListItem","position":1,"name":"Ana s\u0259hif\u0259","item":"https:\/\/www.meydan.tv\/az\/"},{"@type":"ListItem","position":2,"name":"X\u0259b\u0259rl\u0259r","item":"https:\/\/www.meydan.tv\/az\/section\/xeberler\/"},{"@type":"ListItem","position":3,"name":"Nida V\u0259t\u0259nda\u015f H\u0259r\u0259kat\u0131 &#8220;Vicdana m\u0259ktub&#8221; kampaniyas\u0131na ba\u015flay\u0131r"}]},{"@type":"WebSite","@id":"https:\/\/www.meydan.tv\/az\/#website","url":"https:\/\/www.meydan.tv\/az\/","name":"MEYDAN.TV","description":"Meydan TV Az\u0259rbaycan\u0131n media m\u0259kan\u0131ndak\u0131 alternativ s\u0259sidir","publisher":{"@id":"https:\/\/www.meydan.tv\/az\/#organization"},"potentialAction":[{"@type":"SearchAction","target":{"@type":"EntryPoint","urlTemplate":"https:\/\/www.meydan.tv\/az\/?s={search_term_string}"},"query-input":{"@type":"PropertyValueSpecification","valueRequired":true,"valueName":"search_term_string"}}],"inLanguage":"az"},{"@type":"Organization","@id":"https:\/\/www.meydan.tv\/az\/#organization","name":"Meydan TV","url":"https:\/\/www.meydan.tv\/az\/","logo":{"@type":"ImageObject","inLanguage":"az","@id":"https:\/\/www.meydan.tv\/az\/#\/schema\/logo\/image\/","url":"https:\/\/www.meydan.tv\/wp-content\/uploads\/2021\/07\/meydan-logo.svg","contentUrl":"https:\/\/www.meydan.tv\/wp-content\/uploads\/2021\/07\/meydan-logo.svg","width":195,"height":46,"caption":"Meydan TV"},"image":{"@id":"https:\/\/www.meydan.tv\/az\/#\/schema\/logo\/image\/"}},{"@type":"Person","@id":"https:\/\/www.meydan.tv\/az\/#\/schema\/person\/10d11eccf6da3662cf5fdab9806ea91a","name":"user-manager"}]}},"_links":{"self":[{"href":"https:\/\/www.meydan.tv\/az\/wp-json\/wp\/v2\/posts\/167497","targetHints":{"allow":["GET"]}}],"collection":[{"href":"https:\/\/www.meydan.tv\/az\/wp-json\/wp\/v2\/posts"}],"about":[{"href":"https:\/\/www.meydan.tv\/az\/wp-json\/wp\/v2\/types\/post"}],"author":[{"embeddable":true,"href":"https:\/\/www.meydan.tv\/az\/wp-json\/wp\/v2\/users\/11"}],"replies":[{"embeddable":true,"href":"https:\/\/www.meydan.tv\/az\/wp-json\/wp\/v2\/comments?post=167497"}],"version-history":[{"count":0,"href":"https:\/\/www.meydan.tv\/az\/wp-json\/wp\/v2\/posts\/167497\/revisions"}],"wp:featuredmedia":[{"embeddable":true,"href":"https:\/\/www.meydan.tv\/az\/wp-json\/wp\/v2\/media\/22514"}],"wp:attachment":[{"href":"https:\/\/www.meydan.tv\/az\/wp-json\/wp\/v2\/media?parent=167497"}],"wp:term":[{"taxonomy":"category","embeddable":true,"href":"https:\/\/www.meydan.tv\/az\/wp-json\/wp\/v2\/categories?post=167497"},{"taxonomy":"post_tag","embeddable":true,"href":"https:\/\/www.meydan.tv\/az\/wp-json\/wp\/v2\/tags?post=167497"}],"curies":[{"name":"wp","href":"https:\/\/api.w.org\/{rel}","templated":true}]}}