{"id":167494,"date":"2015-04-09T16:09:00","date_gmt":"2015-04-09T16:09:00","guid":{"rendered":"https:\/\/www.meydan.tv\/article\/prezident-administrasiyasi-ile-siyasi-partiyalarin-gorusunun-vaxti-melum-deyil\/"},"modified":"2015-04-09T16:09:00","modified_gmt":"2015-04-09T16:09:00","slug":"prezident-administrasiyasi-ile-siyasi-partiyalarin-gorusunun-vaxti-melum-deyil","status":"publish","type":"post","link":"https:\/\/www.meydan.tv\/az\/article\/prezident-administrasiyasi-ile-siyasi-partiyalarin-gorusunun-vaxti-melum-deyil\/","title":{"rendered":"Prezident Administrasiyas\u0131 il\u0259 siyasi partiyalar\u0131n g\u00f6r\u00fc\u015f\u00fcn\u00fcn vaxt\u0131 m\u0259lum deyil"},"content":{"rendered":"<figure class=\"wp-block-image size-large\">\n  <img decoding=\"async\" src=\"https:\/\/www.meydan.tv\/az\/22535\/\" alt=\"\" class=\"wp-image-22535\"\/><figcaption><\/figcaption><\/figure>\n<figure class=\"wp-block-image size-large\">\n  <img decoding=\"async\" src=\"https:\/\/www.meydan.tv\/az\/22538\/\" alt=\"\" class=\"wp-image-22538\"\/><figcaption><\/figcaption><\/figure>\n<p>\n  <i><br \/>\n    &#8220;Sonuncu g\u00f6r\u00fc\u015fd\u0259 parlament se\u00e7kil\u0259ri il\u0259 ba\u011fl\u0131 se\u00e7ki islahat\u0131, proporsional se\u00e7ki sisteminin b\u0259rpa olunmas\u0131 v\u0259<br \/>\n  <\/i><br \/>\n  <br \/>\n  <i><br \/>\n    \u00a0siyasi m\u0259hbus m\u0259s\u0259l\u0259l\u0259rinin m\u00fczakir\u0259si il\u0259 ba\u011fl\u0131 t\u0259klifl\u0259r vermi\u015fik&#8221;<br \/>\n  <\/i>\n<\/p>\n<p>\n  Fevral\u0131n 12-d\u0259 Prezident Administrasiyas\u0131n\u0131n ictimai-siyasi \u015f\u00f6b\u0259sinin m\u00fcdiri \u018fli H\u0259s\u0259novun i\u015ftirak\u0131 il\u0259 ke\u00e7iril\u0259n g\u00f6r\u00fc\u015fd\u0259 Prezident Administrasiyas\u0131n\u0131n t\u0259\u015fkilat\u00e7\u0131l\u0131\u011f\u0131 il\u0259 h\u0259r iki aydan bir g\u00f6r\u00fc\u015fl\u0259rin ke\u00e7irilm\u0259si raz\u0131la\u015fd\u0131r\u0131l\u0131b. Ancaq h\u0259l\u0259 g\u00f6r\u00fc\u015f\u00fcn ke\u00e7iril\u0259c\u0259yi il\u0259 ba\u011fl\u0131 siyasi partiyalara m\u0259lumat verilm\u0259yib.\n<\/p>\n<p>\n  Bu bar\u0259d\u0259 Xalq Partiyas\u0131n\u0131n s\u0259dri P\u0259nah H\u00fcseyn &#8220;Turan \u0130A&#8221;-\u0131n sual\u0131n\u0131n cavab\u0131nda bildirib.\n<\/p>\n<p>\n  Onun s\u00f6zl\u0259rin\u0259 g\u00f6r\u0259, 8 siyasi partiya apreld\u0259 ke\u00e7irilm\u0259si n\u0259z\u0259rd\u0259 tutulan g\u00f6r\u00fc\u015fd\u0259 m\u00fczakir\u0259 edil\u0259c\u0259k m\u0259s\u0259l\u0259l\u0259rl\u0259 ba\u011fl\u0131 Prezident Administrasiyas\u0131na t\u0259klifl\u0259rini g\u00f6nd\u0259rib.\n<\/p>\n<figure class=\"wp-block-image size-large\">\n  <img decoding=\"async\" src=\"https:\/\/www.meydan.tv\/az\/22535\/\" alt=\"\" class=\"wp-image-22535\"\/><figcaption><\/figcaption><\/figure>\n<p>\n  \u201cBiz bu g\u00f6r\u00fc\u015fd\u0259 2015-ci il parlament se\u00e7kil\u0259ri il\u0259 ba\u011fl\u0131 se\u00e7ki islahat\u0131, o c\u00fcml\u0259d\u0259n proporsional se\u00e7ki sisteminin b\u0259rpa olunmas\u0131, \u201cSe\u00e7ki M\u0259c\u0259ll\u0259si\u201dn\u0259 d\u0259yi\u015fiklikl\u0259r, se\u00e7ki komissiyalar\u0131n\u0131n t\u0259rkibinin d\u0259yi\u015fdirilm\u0259si v\u0259 siyasi m\u0259hbus m\u0259s\u0259l\u0259l\u0259rinin m\u00fczakir\u0259si il\u0259 ba\u011fl\u0131 t\u0259klifl\u0259r vermi\u015fik\u201d, &#8211; dey\u0259 o qeyd edib.\n<\/p>\n<p>\n  Fevral\u0131n 12-d\u0259 siyasi partiyalarla g\u00f6r\u00fc\u015fd\u0259n sonra ke\u00e7iril\u0259n m\u0259tbuat konfrans\u0131nda Prezident Administrasiyas\u0131n\u0131n ictimai-siyasi \u015f\u00f6b\u0259sinin m\u00fcdiri \u018fli H\u0259s\u0259nov bildirib ki, bundan sonra h\u0259r iki aydan bir g\u00f6r\u00fc\u015f ke\u00e7iril\u0259c\u0259k.\n<\/p>\n<p>\n  \u201cXalq\u0131, hakimiyy\u0259ti, daxili v\u0259 xarici institutlar\u0131 narahat ed\u0259n m\u0259s\u0259l\u0259l\u0259ri \u0259vv\u0259ld\u0259n raz\u0131la\u015fd\u0131r\u0131lm\u0131\u015f \u015f\u0259kild\u0259 m\u00fczakir\u0259 ed\u0259c\u0259yik\u201d.\n<\/p>\n<p>\n  \u018fli H\u0259s\u0259novun s\u00f6zl\u0259rin\u0259 g\u00f6r\u0259, n\u00f6vb\u0259ti g\u00f6r\u00fc\u015fl\u0259rin format\u0131 da raz\u0131la\u015fd\u0131r\u0131l\u0131b.\n<\/p>\n<p>\n  \u201c\u018flb\u0259tt\u0259, biz siyasi partiyalar aras\u0131na ayr\u0131-se\u00e7kilik qoya bilm\u0259rik. Aktiv siyasi f\u0259aliyy\u0259tl\u0259 m\u0259\u015f\u011ful olan b\u00fct\u00fcn siyasi partiyalar bu g\u00f6r\u00fc\u015fl\u0259rd\u0259 i\u015ftirak ed\u0259 bil\u0259r. \u0130ndiy\u0259 kimi ke\u00e7irilmi\u015f g\u00f6r\u00fc\u015fl\u0259r\u0259 t\u0259xmin\u0259n 16-20 aras\u0131nda siyasi partiya r\u0259hb\u0259ri qat\u0131l\u0131b. Az\u0259rbaycanda ne\u00e7\u0259 partiyan\u0131n qeydiyyatdan ke\u00e7m\u0259sind\u0259n as\u0131l\u0131 olmayaraq, aktiv siyasi f\u0259aliyy\u0259tl\u0259 m\u0259\u015f\u011ful olan siyasi partiyalar bu g\u00f6r\u00fc\u015fl\u0259rd\u0259 i\u015ftirak edibl\u0259r, bir ne\u00e7\u0259si d\u0259 t\u0259\u015frif buyurmay\u0131b. Onlara da d\u0259v\u0259tl\u0259r olunub, y\u0259qin ki, b\u0259lli s\u0259b\u0259bl\u0259rd\u0259n qat\u0131lmay\u0131blar. Sonra i\u015ftirak etm\u0259k ist\u0259s\u0259l\u0259r, biz onlara da qap\u0131lar\u0131m\u0131z\u0131 a\u00e7\u0131q qoyuruq\u201d, dey\u0259 H\u0259s\u0259nov bildirib.\n<\/p>\n<p>\n  O deyib ki, bundan sonra m\u00fczakir\u0259y\u0259 \u00e7\u0131xar\u0131lacaq m\u00f6vzular \u0259vv\u0259lc\u0259d\u0259n m\u00fc\u0259yy\u0259n edil\u0259c\u0259k.\n<\/p>\n<p>\n  \u00d6z n\u00f6vb\u0259sind\u0259, Prezident Adminsitrasiyas\u0131ndan g\u00f6r\u00fc\u015f\u00fcn ba\u015f tutub-tutmayaca\u011f\u0131 il\u0259 ba\u011fl\u0131 \u015f\u0259rh almaq h\u0259l\u0259 m\u00fcmk\u00fcn olmay\u0131b.\n<\/p><\/p>\n","protected":false},"excerpt":{"rendered":"<p>&#8220;Sonuncu g\u00f6r\u00fc\u015fd\u0259 parlament se\u00e7kil\u0259ri il\u0259 ba\u011fl\u0131 se\u00e7ki islahat\u0131, proporsional se\u00e7ki sisteminin b\u0259rpa olunmas\u0131 v\u0259<br \/>\n siyasi m\u0259hbus m\u0259s\u0259l\u0259l\u0259rinin m\u00fczakir\u0259si il\u0259 ba\u011fl\u0131 t\u0259klifl\u0259r vermi\u015fik&#8221;<\/p>\n","protected":false},"author":11,"featured_media":22535,"comment_status":"closed","ping_status":"open","sticky":false,"template":"","format":"standard","meta":{"_acf_changed":false,"_sitemap_exclude":false,"_sitemap_priority":"","_sitemap_frequency":"","footnotes":""},"categories":[56],"tags":[],"class_list":["post-167494","post","type-post","status-publish","format-standard","has-post-thumbnail","hentry","category-xeberler","infinite-scroll-item","generate-columns","tablet-grid-50","mobile-grid-100","grid-parent","grid-33","no-featured-image-padding"],"acf":[],"yoast_head":"<!-- This site is optimized with the Yoast SEO plugin v28.4 - https:\/\/yoast.com\/product\/yoast-seo-wordpress\/ -->\n<title>Prezident Administrasiyas\u0131 il\u0259 siyasi partiyalar\u0131n g\u00f6r\u00fc\u015f\u00fcn\u00fcn vaxt\u0131 m\u0259lum deyil - MEYDAN.TV<\/title>\n<meta name=\"robots\" content=\"index, follow, max-snippet:-1, max-image-preview:large, max-video-preview:-1\" \/>\n<link rel=\"canonical\" href=\"https:\/\/www.meydan.tv\/az\/article\/prezident-administrasiyasi-ile-siyasi-partiyalarin-gorusunun-vaxti-melum-deyil\/\" \/>\n<meta property=\"og:locale\" content=\"az_AZ\" \/>\n<meta property=\"og:type\" content=\"article\" \/>\n<meta property=\"og:title\" content=\"Prezident Administrasiyas\u0131 il\u0259 siyasi partiyalar\u0131n g\u00f6r\u00fc\u015f\u00fcn\u00fcn vaxt\u0131 m\u0259lum deyil - MEYDAN.TV\" \/>\n<meta property=\"og:description\" content=\"&quot;Sonuncu g\u00f6r\u00fc\u015fd\u0259 parlament se\u00e7kil\u0259ri il\u0259 ba\u011fl\u0131 se\u00e7ki islahat\u0131, proporsional se\u00e7ki sisteminin b\u0259rpa olunmas\u0131 v\u0259  siyasi m\u0259hbus m\u0259s\u0259l\u0259l\u0259rinin m\u00fczakir\u0259si il\u0259 ba\u011fl\u0131 t\u0259klifl\u0259r vermi\u015fik&quot;\" \/>\n<meta property=\"og:url\" content=\"https:\/\/www.meydan.tv\/az\/article\/prezident-administrasiyasi-ile-siyasi-partiyalarin-gorusunun-vaxti-melum-deyil\/\" \/>\n<meta property=\"og:site_name\" content=\"MEYDAN.TV\" \/>\n<meta property=\"article:published_time\" content=\"2015-04-09T16:09:00+00:00\" \/>\n<meta property=\"og:image\" content=\"https:\/\/www.meydan.tv\/wp-content\/uploads\/8181.jpg\" \/>\n\t<meta property=\"og:image:width\" content=\"374\" \/>\n\t<meta property=\"og:image:height\" content=\"250\" \/>\n\t<meta property=\"og:image:type\" content=\"image\/jpeg\" \/>\n<meta name=\"twitter:card\" content=\"summary_large_image\" \/>\n<!-- \/ Yoast SEO plugin. -->","yoast_head_json":{"title":"Prezident Administrasiyas\u0131 il\u0259 siyasi partiyalar\u0131n g\u00f6r\u00fc\u015f\u00fcn\u00fcn vaxt\u0131 m\u0259lum deyil - MEYDAN.TV","robots":{"index":"index","follow":"follow","max-snippet":"max-snippet:-1","max-image-preview":"max-image-preview:large","max-video-preview":"max-video-preview:-1"},"canonical":"https:\/\/www.meydan.tv\/az\/article\/prezident-administrasiyasi-ile-siyasi-partiyalarin-gorusunun-vaxti-melum-deyil\/","og_locale":"az_AZ","og_type":"article","og_title":"Prezident Administrasiyas\u0131 il\u0259 siyasi partiyalar\u0131n g\u00f6r\u00fc\u015f\u00fcn\u00fcn vaxt\u0131 m\u0259lum deyil - MEYDAN.TV","og_description":"\"Sonuncu g\u00f6r\u00fc\u015fd\u0259 parlament se\u00e7kil\u0259ri il\u0259 ba\u011fl\u0131 se\u00e7ki islahat\u0131, proporsional se\u00e7ki sisteminin b\u0259rpa olunmas\u0131 v\u0259  siyasi m\u0259hbus m\u0259s\u0259l\u0259l\u0259rinin m\u00fczakir\u0259si il\u0259 ba\u011fl\u0131 t\u0259klifl\u0259r vermi\u015fik\"","og_url":"https:\/\/www.meydan.tv\/az\/article\/prezident-administrasiyasi-ile-siyasi-partiyalarin-gorusunun-vaxti-melum-deyil\/","og_site_name":"MEYDAN.TV","article_published_time":"2015-04-09T16:09:00+00:00","og_image":[{"width":374,"height":250,"url":"https:\/\/www.meydan.tv\/wp-content\/uploads\/8181.jpg","type":"image\/jpeg"}],"twitter_card":"summary_large_image","schema":{"@context":"https:\/\/schema.org","@graph":[{"@type":"Article","@id":"https:\/\/www.meydan.tv\/az\/article\/prezident-administrasiyasi-ile-siyasi-partiyalarin-gorusunun-vaxti-melum-deyil\/#article","isPartOf":{"@id":"https:\/\/www.meydan.tv\/az\/article\/prezident-administrasiyasi-ile-siyasi-partiyalarin-gorusunun-vaxti-melum-deyil\/"},"author":{"name":"user-manager","@id":"https:\/\/www.meydan.tv\/az\/#\/schema\/person\/10d11eccf6da3662cf5fdab9806ea91a"},"headline":"Prezident Administrasiyas\u0131 il\u0259 siyasi partiyalar\u0131n g\u00f6r\u00fc\u015f\u00fcn\u00fcn vaxt\u0131 m\u0259lum deyil","datePublished":"2015-04-09T16:09:00+00:00","mainEntityOfPage":{"@id":"https:\/\/www.meydan.tv\/az\/article\/prezident-administrasiyasi-ile-siyasi-partiyalarin-gorusunun-vaxti-melum-deyil\/"},"wordCount":550,"publisher":{"@id":"https:\/\/www.meydan.tv\/az\/#organization"},"image":{"@id":"https:\/\/www.meydan.tv\/az\/article\/prezident-administrasiyasi-ile-siyasi-partiyalarin-gorusunun-vaxti-melum-deyil\/#primaryimage"},"thumbnailUrl":"https:\/\/www.meydan.tv\/wp-content\/uploads\/8181.jpg","articleSection":["X\u0259b\u0259rl\u0259r"],"inLanguage":"az"},{"@type":"WebPage","@id":"https:\/\/www.meydan.tv\/az\/article\/prezident-administrasiyasi-ile-siyasi-partiyalarin-gorusunun-vaxti-melum-deyil\/","url":"https:\/\/www.meydan.tv\/az\/article\/prezident-administrasiyasi-ile-siyasi-partiyalarin-gorusunun-vaxti-melum-deyil\/","name":"Prezident Administrasiyas\u0131 il\u0259 siyasi partiyalar\u0131n g\u00f6r\u00fc\u015f\u00fcn\u00fcn vaxt\u0131 m\u0259lum deyil - MEYDAN.TV","isPartOf":{"@id":"https:\/\/www.meydan.tv\/az\/#website"},"primaryImageOfPage":{"@id":"https:\/\/www.meydan.tv\/az\/article\/prezident-administrasiyasi-ile-siyasi-partiyalarin-gorusunun-vaxti-melum-deyil\/#primaryimage"},"image":{"@id":"https:\/\/www.meydan.tv\/az\/article\/prezident-administrasiyasi-ile-siyasi-partiyalarin-gorusunun-vaxti-melum-deyil\/#primaryimage"},"thumbnailUrl":"https:\/\/www.meydan.tv\/wp-content\/uploads\/8181.jpg","datePublished":"2015-04-09T16:09:00+00:00","breadcrumb":{"@id":"https:\/\/www.meydan.tv\/az\/article\/prezident-administrasiyasi-ile-siyasi-partiyalarin-gorusunun-vaxti-melum-deyil\/#breadcrumb"},"inLanguage":"az","potentialAction":[{"@type":"ReadAction","target":["https:\/\/www.meydan.tv\/az\/article\/prezident-administrasiyasi-ile-siyasi-partiyalarin-gorusunun-vaxti-melum-deyil\/"]}]},{"@type":"ImageObject","inLanguage":"az","@id":"https:\/\/www.meydan.tv\/az\/article\/prezident-administrasiyasi-ile-siyasi-partiyalarin-gorusunun-vaxti-melum-deyil\/#primaryimage","url":"https:\/\/www.meydan.tv\/wp-content\/uploads\/8181.jpg","contentUrl":"https:\/\/www.meydan.tv\/wp-content\/uploads\/8181.jpg","width":374,"height":250,"caption":"Source:"},{"@type":"BreadcrumbList","@id":"https:\/\/www.meydan.tv\/az\/article\/prezident-administrasiyasi-ile-siyasi-partiyalarin-gorusunun-vaxti-melum-deyil\/#breadcrumb","itemListElement":[{"@type":"ListItem","position":1,"name":"Ana s\u0259hif\u0259","item":"https:\/\/www.meydan.tv\/az\/"},{"@type":"ListItem","position":2,"name":"X\u0259b\u0259rl\u0259r","item":"https:\/\/www.meydan.tv\/az\/section\/xeberler\/"},{"@type":"ListItem","position":3,"name":"Prezident Administrasiyas\u0131 il\u0259 siyasi partiyalar\u0131n g\u00f6r\u00fc\u015f\u00fcn\u00fcn vaxt\u0131 m\u0259lum deyil"}]},{"@type":"WebSite","@id":"https:\/\/www.meydan.tv\/az\/#website","url":"https:\/\/www.meydan.tv\/az\/","name":"MEYDAN.TV","description":"Meydan TV Az\u0259rbaycan\u0131n media m\u0259kan\u0131ndak\u0131 alternativ s\u0259sidir","publisher":{"@id":"https:\/\/www.meydan.tv\/az\/#organization"},"potentialAction":[{"@type":"SearchAction","target":{"@type":"EntryPoint","urlTemplate":"https:\/\/www.meydan.tv\/az\/?s={search_term_string}"},"query-input":{"@type":"PropertyValueSpecification","valueRequired":true,"valueName":"search_term_string"}}],"inLanguage":"az"},{"@type":"Organization","@id":"https:\/\/www.meydan.tv\/az\/#organization","name":"Meydan TV","url":"https:\/\/www.meydan.tv\/az\/","logo":{"@type":"ImageObject","inLanguage":"az","@id":"https:\/\/www.meydan.tv\/az\/#\/schema\/logo\/image\/","url":"https:\/\/www.meydan.tv\/wp-content\/uploads\/2021\/07\/meydan-logo.svg","contentUrl":"https:\/\/www.meydan.tv\/wp-content\/uploads\/2021\/07\/meydan-logo.svg","width":195,"height":46,"caption":"Meydan TV"},"image":{"@id":"https:\/\/www.meydan.tv\/az\/#\/schema\/logo\/image\/"}},{"@type":"Person","@id":"https:\/\/www.meydan.tv\/az\/#\/schema\/person\/10d11eccf6da3662cf5fdab9806ea91a","name":"user-manager"}]}},"_links":{"self":[{"href":"https:\/\/www.meydan.tv\/az\/wp-json\/wp\/v2\/posts\/167494","targetHints":{"allow":["GET"]}}],"collection":[{"href":"https:\/\/www.meydan.tv\/az\/wp-json\/wp\/v2\/posts"}],"about":[{"href":"https:\/\/www.meydan.tv\/az\/wp-json\/wp\/v2\/types\/post"}],"author":[{"embeddable":true,"href":"https:\/\/www.meydan.tv\/az\/wp-json\/wp\/v2\/users\/11"}],"replies":[{"embeddable":true,"href":"https:\/\/www.meydan.tv\/az\/wp-json\/wp\/v2\/comments?post=167494"}],"version-history":[{"count":0,"href":"https:\/\/www.meydan.tv\/az\/wp-json\/wp\/v2\/posts\/167494\/revisions"}],"wp:featuredmedia":[{"embeddable":true,"href":"https:\/\/www.meydan.tv\/az\/wp-json\/wp\/v2\/media\/22535"}],"wp:attachment":[{"href":"https:\/\/www.meydan.tv\/az\/wp-json\/wp\/v2\/media?parent=167494"}],"wp:term":[{"taxonomy":"category","embeddable":true,"href":"https:\/\/www.meydan.tv\/az\/wp-json\/wp\/v2\/categories?post=167494"},{"taxonomy":"post_tag","embeddable":true,"href":"https:\/\/www.meydan.tv\/az\/wp-json\/wp\/v2\/tags?post=167494"}],"curies":[{"name":"wp","href":"https:\/\/api.w.org\/{rel}","templated":true}]}}