{"id":167491,"date":"2015-04-09T01:08:42","date_gmt":"2015-04-09T01:08:42","guid":{"rendered":"https:\/\/www.meydan.tv\/article\/islamin-guluse-munasibeti\/"},"modified":"2015-04-09T01:08:42","modified_gmt":"2015-04-09T01:08:42","slug":"islamin-guluse-munasibeti","status":"publish","type":"post","link":"https:\/\/www.meydan.tv\/az\/article\/islamin-guluse-munasibeti\/","title":{"rendered":"\u0130slam\u0131n g\u00fcl\u00fc\u015f\u0259 m\u00fcnasib\u0259ti"},"content":{"rendered":"<figure class=\"wp-block-image size-large\">\n  <img decoding=\"async\" src=\"https:\/\/www.meydan.tv\/az\/22502\/\" alt=\"\" class=\"wp-image-22502\"\/><figcaption><\/figcaption><\/figure>\n<figure class=\"wp-block-image size-large\">\n  <img decoding=\"async\" src=\"https:\/\/www.meydan.tv\/az\/20953\/\" alt=\"\" class=\"wp-image-20953\"\/><figcaption><\/figcaption><\/figure>\n<p>\n  H\u0259r d\u0259f\u0259 1 aprel &#8211; g\u00fcl\u00fc\u015f g\u00fcn\u00fc yax\u0131nla\u015fd\u0131qda zehnimizd\u0259 onlarla sual, g\u00fcl\u00fc\u015fl\u0259 ba\u011fl\u0131 indiy\u0259 q\u0259d\u0259r oxudu\u011fumuz sitatlar, fikirl\u0259r canlan\u0131r: g\u00fcl\u00fc\u015f n\u0259dir? \u0130nsan n\u0259y\u0259 g\u00fcl\u00fcr? Niy\u0259 g\u00fcl\u00fcr? G\u00fcl\u00fc\u015f n\u0259y\u0259 qadirdir? N\u0259 q\u0259d\u0259r z\u0259ruridir? V\u0259 bu anlarda, m\u0259s\u0259l\u0259n, Dosdoyeviskinin &#8220;H\u0259qiq\u0259t g\u00f6z ya\u015f\u0131 v\u0259 g\u00fcl\u00fc\u015fd\u0259n ibar\u0259tdir&#8221; v\u0259 ya Anatol Frans\u0131n &#8220;G\u00fcl\u00fc\u015f h\u0259yat m\u00fcbafiz\u0259sind\u0259 \u0259n g\u00f6z\u0259l sialhd\u0131r&#8221;, &#8211; fikirl\u0259rini yada sal\u0131r\u0131q. Yaxud t\u0259s\u0259vv\u00fcr\u00fcm\u00fczd\u0259ki b\u00fct\u00fcn bu sitatlar\u0131 unudaraq \u015f\u0259xs\u0259n cavabland\u0131rma\u011fa \u00e7al\u0131\u015f\u0131r\u0131q g\u00fcl\u00fc\u015fl\u0259 ba\u011fl\u0131 b\u00fct\u00fcn suallar\u0131m\u0131z\u0131.\n<\/p>\n<p>\n  V\u0259 ger\u00e7\u0259kd\u0259n d\u0259 bu ilahi m\u00f6c\u00fcz\u0259nin sehri bizi ovsunlad\u0131qca ovsunlay\u0131r v\u0259 h\u0259r bir t\u0259b\u0259ss\u00fcm, g\u00fcl\u00fc\u015f h\u0259r d\u0259f\u0259 dig\u0259rind\u0259n daha yeni, daha f\u0259rqli g\u00f6z\u0259l m\u0259nz\u0259r\u0259 yarad\u0131r.\n<\/p>\n<p>\n  H\u0259r k\u0259s \u00f6z\u00fcn\u0259m\u0259xsus t\u0259rzd\u0259 zarafatla\u015f\u0131r, \u0259yln\u0259nir, deyib-g\u00fclm\u0259y\u0259 can at\u0131r. Kimini inc\u0259 bir yumor v\u0259cd\u0259 g\u0259tirir, kiminin d\u0259 g\u00fclm\u0259si \u00fc\u00e7\u00fcn m\u00fctl\u0259q bir t\u0259lx\u0259k min hoqqadan \u00e7\u0131xmal\u0131d\u0131r. B\u00fct\u00fcn bunlar\u0131n fonunda yen\u0259 d\u0259 d\u00fc\u015f\u00fcn\u00fcrs\u0259n ki, kim n\u0259y\u0259 v\u0259 nec\u0259 g\u00fcl\u00fcrs\u0259, qoy g\u00fcls\u00fcn, \u0259sas g\u00fcl\u00fc\u015fd\u00fcr, onun estetikas\u0131d\u0131r. Qoy g\u00fcl\u00fcb d\u0259 bir q\u0259d\u0259r y\u00fcng\u00fcll\u0259\u015fsinl\u0259r, m\u0259nfi enerjil\u0259rd\u0259n bir ne\u00e7\u0259 saatl\u0131q da olsa yaxa qutars\u0131nlar.\n<\/p>\n<p>\n  H\u0259r \u00f6lk\u0259nin dem\u0259k olar ki, \u00f6z aprel zarafatlar\u0131, zarafat t\u0259rzl\u0259ri var. B\u00fct\u00fcn bu zarafatlat\u0131n k\u00f6k\u00fcnd\u0259 is\u0259 t\u0259\u0259ss\u00fcfl\u0259r olsun ki, bir yalan, aldatma yer al\u0131r. M\u0259s\u0259l\u0259n, bir s\u0131ra \u00f6lk\u0259l\u0259rd\u0259 (\u0130ngilt\u0259r\u0259, Avstriya,Yeni Zelandiya, Zimbabve) bu zarafatla\u015fmalar g\u00fcnortayad\u0259k davam edir, yalan deyib, k\u0259l\u0259k g\u0259lib \u0259yl\u0259nirl\u0259r. Amma bu vaxtdan sonra is\u0259 yalan dey\u0259n \u015f\u0259xs\u0259 &#8220;April Fool&#8221; \u2013 \u201cAprel \u0259bl\u0259hi\u201d ayamas\u0131 verilir.\n<\/p>\n<p>\n  G\u00fcl\u00fc\u015f g\u00fcn\u00fcn\u00fcn (aldatma, k\u0259l\u0259k g\u00fcn\u00fc d\u0259 dey\u0259 bil\u0259rik \u0259slind\u0259) n\u0259 vaxtdan qeyd edilm\u0259si haqq\u0131nda m\u00fcxt\u0259lif ehtimallar ir\u0259li s\u00fcr\u00fcl\u00fcr. Bir r\u0259vay\u0259t\u0259 g\u00f6r\u0259, Fransa pad\u015fah\u0131 IX Karl 1564-c\u00fc ild\u0259 Qriqori t\u0259qvimind\u0259 islahatlar apararaq apreld\u0259 ke\u00e7iril\u0259n yeni il bayramlar\u0131n\u0131 yanvar ay\u0131na sal\u0131r. Bu add\u0131ma qar\u015f\u0131 olanlar bayram\u0131 bir apreld\u0259 ke\u00e7irm\u0259kd\u0259 israr edirl\u0259r. Amma bu, onlar \u00fc\u00e7\u00fcn asan ba\u015fa g\u0259lmir. Yax\u0131nlar\u0131, \u0259traflar\u0131 onlar\u0131 \u0259l\u0259 sal\u0131b, &#8220;aprel axmaqlar\u0131&#8221; adland\u0131rma\u011fa ba\u015flay\u0131rlar.\n<\/p>\n<p>\n  V\u0259 ya deyilir ki, 1 aprel g\u00fcn\u00fcn\u00fcn tarixi \u0130spaniyan\u0131n s\u00fcqutu il\u0259 ba\u011fl\u0131d\u0131r. Bel\u0259 ki, XV \u0259srin sonlar\u0131nda s\u0259lib ordusu \u0130spaniyada m\u00fcs\u0259lmanlar\u0131 m\u00fchasir\u0259y\u0259 al\u0131r. Bununla bel\u0259 m\u00fcs\u0259lmanlar m\u00fcqavim\u0259t g\u00f6st\u0259rib, t\u0259slim olmaq ist\u0259mirl\u0259r. Bunu g\u00f6r\u0259n d\u00fc\u015fm\u0259n komandiri hiyl\u0259y\u0259 \u0259l at\u0131r: 31 mart gec\u0259si m\u00fcs\u0259lmanlar\u0131n s\u0131\u011f\u0131nd\u0131\u011f\u0131 qalan\u0131n \u00f6n\u00fcn\u0259 g\u0259lib, \u0259lind\u0259 tutdu\u011fu Quran v\u0259 \u0130ncil\u0259 and i\u00e7ib deyir ki, t\u0259slim olaca\u011f\u0131n\u0131z t\u0259qdird\u0259 bu ax\u015fam t\u0259hl\u00fck\u0259sizliyiniz t\u0259min edil\u0259c\u0259k. \u00c7\u0131x\u0131lmaz v\u0259ziyy\u0259td\u0259 qalan m\u00fcs\u0259lmanlar da onun s\u00f6z\u00fcn\u0259 inan\u0131b, t\u0259slim olurlar. T\u0259bii ki, komandir s\u00f6z\u00fcn\u00fc tutmur, s\u0259h\u0259ri &#8211; 1 apreld\u0259 m\u00fcs\u0259lmanlar\u0131n q\u0259tlin\u0259 f\u0259rman verir v\u0259 bu hiyl\u0259g\u0259r add\u0131m\u0131na &#8211; and\u0131m d\u00fcn\u0259n\u0259 aid idi, bu g\u00fcn\u0259 deyil, &#8211; dey\u0259r\u0259k haqq qazand\u0131rma\u011fa \u00e7al\u0131\u015f\u0131r.\n<\/p>\n<p>\n  Bu g\u00fcn\u00fcn tarixi il\u0259 ba\u011fl\u0131 ba\u015fqa ehtimallar da m\u00f6vcuddur, amma \u015f\u00fcbh\u0259siz, m\u0259qs\u0259dim b\u00fct\u00fcn uy\u011fun tarixi faktlar\u0131 qeyd etm\u0259k deyil. S\u00f6z\u00fcm\u00fcn Mustafas\u0131 daha \u00e7ox g\u00fcl\u00fc\u015fl\u0259, yumorla ba\u011fl\u0131d\u0131r, \u0259lb\u0259tt\u0259 ki, \u0130slam\u0131n bu m\u00f6vzuya bax\u0131\u015f\u0131n\u0131 \u0259sas tutaraq.\n<\/p>\n<p>\n  G\u00fcl\u00fc\u015f, insan\u0131n ruhi v\u0259ziyy\u0259tini, duy\u011fular\u0131n\u0131 \u0259ks etdir\u0259n bir hald\u0131r. \u015e\u0259n ik\u0259n g\u00fcl\u0259n, k\u0259d\u0259rl\u0259n\u0259rk\u0259n a\u011flayan bir varl\u0131qd\u0131r insan, bel\u0259 x\u0259lq olunub, x\u0259miri bel\u0259 yo\u011frulub (N\u0259cm, 43). Ruhunu qidaland\u0131rd\u0131\u011f\u0131 kimi, h\u0259l\u0259 \u00fcst\u0259g\u0259l orqanizmin\u0259 d\u0259 t\u0259sirsiz \u00f6t\u00fc\u015fm\u00fcr &#8211; immun sistemini g\u00fccl\u0259ndirir, a\u011fr\u0131lar\u0131 sakitl\u0259\u015fdirir, stresi azald\u0131r. El\u0259 is\u0259 g\u00fclm\u0259k, \u015f\u0259nl\u0259nm\u0259k din t\u0259r\u0259find\u0259n niy\u0259 qada\u011fan edilsin ki? Bel\u0259 bir iddia \u00e7ox absurd s\u0259sl\u0259nir, deyilmi?\n<\/p>\n<p>\n  G\u00fcl\u00fc\u015f s\u0259b\u0259bl\u0259ri m\u00fcxt\u0259lifdir: b\u0259z\u0259n, sevincd\u0259n, \u00fcr\u0259kd\u0259n, xo\u015f hadis\u0259nin n\u0259tic\u0259si olaraq \u00fczl\u0259rd\u0259 g\u00fcl\u00fc\u015f b\u0259rq vurur, b\u0259z\u0259n is\u0259 g\u00fcl\u00fc\u015f\u00fcn, t\u0259b\u0259ss\u00fcm\u00fcn arxas\u0131nda x\u0259fif kinay\u0259, istehza gizl\u0259nir. Birincisi n\u0259 q\u0259d\u0259r \u00fclvi, g\u00f6z\u0259ldirs\u0259, ikincisi bir o q\u0259d\u0259r eyb\u0259c\u0259r, xo\u015fag\u0259lm\u0259zdir. Qurani-k\u0259rimd\u0259 birincisi \u00fc\u00e7\u00fcn hz. S\u00fcleyman v\u0259 (27: 19) \u0130brahim pey\u011f\u0259mb\u0259rin xan\u0131m\u0131 Saran\u0131n (11: 71) g\u00fcl\u00fc\u015f\u00fcn\u00fc misal g\u00f6st\u0259rm\u0259k olar. \u0130kincil\u0259r haqq\u0131nda is\u0259 onlarla ay\u0259d\u0259 (43: 47; 83: 29; 23: 110 v\u0259 s.) s\u00f6z a\u00e7\u0131l\u0131r.\n<\/p>\n<p>\n  G\u00fcl\u00fc\u015fl\u0259 m\u00f6minlik aras\u0131nda bir s\u0131x \u0259laq\u0259 var, d\u00fc\u015f\u00fcn\u00fcr\u0259m. Bunun \u00fc\u00e7\u00fcn bir ne\u00e7\u0259 s\u0259b\u0259b g\u00f6st\u0259rm\u0259k olar. M\u0259s\u0259l\u0259n, birinci s\u0259b\u0259b el\u0259 g\u00fclm\u0259c\u0259l\u0259rin ad\u0131nda gizl\u0259nib &#8211; l\u0259tif\u0259. L\u0259tif\u0259 l\u0259taf\u0259t, inc\u0259likl\u0259 qar\u0131\u015f\u0131q bir s\u00f6zd\u00fcr, m\u0259fhumdur. \u018fsl inc\u0259lik, \u015firin yumor ancaq saf ruhdan, h\u00fczur dolu q\u0259lbd\u0259n yarana bil\u0259r.\n<\/p>\n<p>\n  M\u00f6min h\u0259m d\u0259 azadd\u0131r. He\u00e7 bir q\u0259bah\u0259t, aldad\u0131c\u0131 t\u0259mt\u0259raq \u0259l-aya\u011f\u0131na dola\u015fm\u0131r. O, b\u00fct\u00fcn bunlar\u0131n f\u00f6vq\u00fcnd\u0259 yer al\u0131r, y\u00fcks\u0259ldikc\u0259 y\u00fcks\u0259lir. A\u015fa\u011f\u0131da ba\u015f ver\u0259nl\u0259r onu niy\u0259 narahat etsin ki? Tarixin \u0259n faci\u0259li hadis\u0259sin\u0259 baxaq &#8211; K\u0259rb\u0259laya. N\u0259ql edilir ki, \u0130mam H\u00fcseynin qo\u015funu h\u0259min g\u00fcn daha \u015f\u0259n idi, bir-birl\u0259ri il\u0259 \u015f\u0259n zarafatlar edirdil\u0259r.\n<\/p>\n<p>\n  Bir m\u00fcdrikin d\u0259y\u0259rli s\u00f6z\u00fc yerin\u0259 d\u00fc\u015f\u00fcr: insan n\u0259 q\u0259d\u0259r azadd\u0131rsa, bir o q\u0259d\u0259r \u015f\u0259ndir. Ger\u00e7\u0259kd\u0259n d\u0259 bel\u0259dir. Daha \u00e7ox kafirl\u0259r q\u0259m-q\u00fcss\u0259 i\u00e7ind\u0259 olmal\u0131d\u0131rlar ki, onlar\u0131 nec\u0259 d\u0259 s\u0259rt \u0259zab g\u00f6zl\u0259yir (9: 82.)\n<\/p>\n<p>\n  &#8220;M\u0259n d\u0259 zarafat edir\u0259m, amma yersiz s\u00f6z dan\u0131\u015fm\u0131ram&#8221;, &#8211; bu, ad\u0259t\u0259n \u00fcz\u00fcn\u00fc t\u0259b\u0259ss\u00fcm b\u0259z\u0259y\u0259n h\u0259zr\u0259t M\u0259h\u0259mm\u0259din k\u0259lam\u0131d\u0131r. Siz d\u0259 zarafat ed\u0259rk\u0259n t\u0259hqir\u0259 ke\u00e7m\u0259yin, \u015f\u0259b\u0259d\u0259 qo\u015fub, la\u011fla\u011f\u0131, yalan deyib bir-birinizi al\u00e7atmay\u0131n, &#8211; dem\u0259k ist\u0259yir Allah\u0131n el\u00e7isi. \u00c7\u00fcnki, kimliyimizin g\u00f6st\u0259ricisin\u0259 \u00e7evrilir etdiyimiz h\u0259r zarafat, dan\u0131\u015fd\u0131\u011f\u0131m\u0131z h\u0259r g\u00fclm\u0259c\u0259.\n<\/p>\n<p>\n  N\u0259ql edilir ki, h\u0259zr\u0259t M\u0259h\u0259mm\u0259d s\u0259f\u0259rl\u0259rin birind\u0259 qulluq\u00e7usuna d\u0259v\u0259l\u0259rin daha s\u00fcr\u0259tl\u0259 getm\u0259si \u00fc\u00e7\u00fcn n\u0259\u011fm\u0259 oxumas\u0131n\u0131 t\u00f6vsiy\u0259 edir. Qulluq\u00e7u da canla-ba\u015fla tap\u015f\u0131r\u0131\u011f\u0131 yerin\u0259 yetirir. Bir az ke\u00e7ir, Pey\u011f\u0259mb\u0259r zarafatla deyir ki, bir az ehtiyatl\u0131 ol, b\u00fcllurlar q\u0131r\u0131lmas\u0131n. Y\u0259ni, xan\u0131mlara \u00e7\u0259tin olmas\u0131n.\n<\/p>\n<p>\n  H\u0259mi\u015f\u0259 s\u0259hab\u0259l\u0259rinin k\u00f6nl\u00fcn\u00fc zarafatla al\u0131rm\u0131\u015f, onlar\u0131 dar\u0131xma\u011fa qoymurmu\u015f h\u0259zr\u0259t Pey\u011f\u0259mb\u0259r. \u00d6nc\u0259 \u00f6z\u00fc g\u00fclm\u0259c\u0259l\u0259r dey\u0259r, m\u0259clisi \u015f\u0259nl\u0259ndir\u0259r, \u0259hvali-ruhiyy\u0259nin durulmas\u0131na can atarm\u0131\u015f.\n<\/p>\n<p>\n  \u00dcmumiyy\u0259tl\u0259 yerind\u0259, h\u0259ddini bilib zarafatla\u015fmaq, dan\u0131\u015f\u0131b-g\u00fclm\u0259k iman \u0259hlinin xarakteri kimi s\u0259ciyy\u0259l\u0259ndirilir dini m\u0259tnl\u0259rd\u0259.\n<\/p>\n<p>\n  B\u0259hlul Dan\u0259nd\u0259 \u0130slam yumorunun b\u00f6y\u00fck n\u00fcmay\u0259nd\u0259sidir. L\u0259tif\u0259l\u0259ri baya\u011f\u0131 deyil, s\u0259thilikd\u0259n uzaqd\u0131r. Z\u0259rif oldu\u011fu q\u0259d\u0259r f\u0259ls\u0259fidir, d\u00fc\u015f\u00fcnd\u00fcr\u00fcc\u00fcd\u00fcr. \u015eirin oldu\u011fu q\u0259d\u0259r s\u0259rtdir, siyasi-ictimai hadis\u0259l\u0259r\u0259 bir etirazd\u0131r. Sanki dinin yumor haqq\u0131nda n\u0259z\u0259rd\u0259 tutdu\u011fu b\u00fct\u00fcn kriteril\u0259ri \u00f6z\u00fcnd\u0259 birl\u0259\u015fdirir.\n<\/p>\n<p>\n  G\u00fcl\u00fc\u015f h\u0259m d\u0259 bir c\u0259nn\u0259t m\u00fckafat\u0131d\u0131r. Allah\u0131n axir\u0259td\u0259 \u0259ziz b\u0259nd\u0259l\u0259rin\u0259 b\u0259x\u015f ed\u0259c\u0259yi nem\u0259tl\u0259rd\u0259n biridir g\u00fcl\u00fc\u015f (80: 38, 39).<\/p>\n","protected":false},"excerpt":{"rendered":"<p>G\u00fcl\u00fc\u015f: q\u0259bah\u0259t, yoxsa f\u0259zil\u0259t?<\/p>\n","protected":false},"author":11,"featured_media":22502,"comment_status":"closed","ping_status":"open","sticky":false,"template":"","format":"standard","meta":{"_acf_changed":false,"_sitemap_exclude":false,"_sitemap_priority":"","_sitemap_frequency":"","footnotes":""},"categories":[57],"tags":[],"class_list":["post-167491","post","type-post","status-publish","format-standard","has-post-thumbnail","hentry","category-menim-fikrimce","infinite-scroll-item","generate-columns","tablet-grid-50","mobile-grid-100","grid-parent","grid-33","no-featured-image-padding"],"acf":[],"yoast_head":"<!-- This site is optimized with the Yoast SEO plugin v27.5 - https:\/\/yoast.com\/product\/yoast-seo-wordpress\/ -->\n<title>\u0130slam\u0131n g\u00fcl\u00fc\u015f\u0259 m\u00fcnasib\u0259ti - MEYDAN.TV<\/title>\n<meta name=\"robots\" content=\"index, follow, max-snippet:-1, max-image-preview:large, max-video-preview:-1\" \/>\n<link rel=\"canonical\" href=\"https:\/\/www.meydan.tv\/az\/article\/islamin-guluse-munasibeti\/\" \/>\n<meta property=\"og:locale\" content=\"az_AZ\" \/>\n<meta property=\"og:type\" content=\"article\" \/>\n<meta property=\"og:title\" content=\"\u0130slam\u0131n g\u00fcl\u00fc\u015f\u0259 m\u00fcnasib\u0259ti - MEYDAN.TV\" \/>\n<meta property=\"og:description\" content=\"G\u00fcl\u00fc\u015f: q\u0259bah\u0259t, yoxsa f\u0259zil\u0259t?\" \/>\n<meta property=\"og:url\" content=\"https:\/\/www.meydan.tv\/az\/article\/islamin-guluse-munasibeti\/\" \/>\n<meta property=\"og:site_name\" content=\"MEYDAN.TV\" \/>\n<meta property=\"article:published_time\" content=\"2015-04-09T01:08:42+00:00\" \/>\n<meta property=\"og:image\" content=\"https:\/\/www.meydan.tv\/wp-content\/uploads\/7654.jpg\" \/>\n\t<meta property=\"og:image:width\" content=\"400\" \/>\n\t<meta property=\"og:image:height\" content=\"400\" \/>\n\t<meta property=\"og:image:type\" content=\"image\/jpeg\" \/>\n<meta name=\"author\" content=\"user-manager\" \/>\n<meta name=\"twitter:card\" content=\"summary_large_image\" \/>\n<script type=\"application\/ld+json\" class=\"yoast-schema-graph\">{\"@context\":\"https:\\\/\\\/schema.org\",\"@graph\":[{\"@type\":\"Article\",\"@id\":\"https:\\\/\\\/www.meydan.tv\\\/az\\\/article\\\/islamin-guluse-munasibeti\\\/#article\",\"isPartOf\":{\"@id\":\"https:\\\/\\\/www.meydan.tv\\\/az\\\/article\\\/islamin-guluse-munasibeti\\\/\"},\"author\":{\"name\":\"user-manager\",\"@id\":\"https:\\\/\\\/www.meydan.tv\\\/az\\\/#\\\/schema\\\/person\\\/10d11eccf6da3662cf5fdab9806ea91a\"},\"headline\":\"\u0130slam\u0131n g\u00fcl\u00fc\u015f\u0259 m\u00fcnasib\u0259ti\",\"datePublished\":\"2015-04-09T01:08:42+00:00\",\"mainEntityOfPage\":{\"@id\":\"https:\\\/\\\/www.meydan.tv\\\/az\\\/article\\\/islamin-guluse-munasibeti\\\/\"},\"wordCount\":1504,\"publisher\":{\"@id\":\"https:\\\/\\\/www.meydan.tv\\\/az\\\/#organization\"},\"image\":{\"@id\":\"https:\\\/\\\/www.meydan.tv\\\/az\\\/article\\\/islamin-guluse-munasibeti\\\/#primaryimage\"},\"thumbnailUrl\":\"https:\\\/\\\/www.meydan.tv\\\/wp-content\\\/uploads\\\/7654.jpg\",\"articleSection\":[\"M\u0259nim Fikrimc\u0259\"],\"inLanguage\":\"az\"},{\"@type\":\"WebPage\",\"@id\":\"https:\\\/\\\/www.meydan.tv\\\/az\\\/article\\\/islamin-guluse-munasibeti\\\/\",\"url\":\"https:\\\/\\\/www.meydan.tv\\\/az\\\/article\\\/islamin-guluse-munasibeti\\\/\",\"name\":\"\u0130slam\u0131n g\u00fcl\u00fc\u015f\u0259 m\u00fcnasib\u0259ti - MEYDAN.TV\",\"isPartOf\":{\"@id\":\"https:\\\/\\\/www.meydan.tv\\\/az\\\/#website\"},\"primaryImageOfPage\":{\"@id\":\"https:\\\/\\\/www.meydan.tv\\\/az\\\/article\\\/islamin-guluse-munasibeti\\\/#primaryimage\"},\"image\":{\"@id\":\"https:\\\/\\\/www.meydan.tv\\\/az\\\/article\\\/islamin-guluse-munasibeti\\\/#primaryimage\"},\"thumbnailUrl\":\"https:\\\/\\\/www.meydan.tv\\\/wp-content\\\/uploads\\\/7654.jpg\",\"datePublished\":\"2015-04-09T01:08:42+00:00\",\"breadcrumb\":{\"@id\":\"https:\\\/\\\/www.meydan.tv\\\/az\\\/article\\\/islamin-guluse-munasibeti\\\/#breadcrumb\"},\"inLanguage\":\"az\",\"potentialAction\":[{\"@type\":\"ReadAction\",\"target\":[\"https:\\\/\\\/www.meydan.tv\\\/az\\\/article\\\/islamin-guluse-munasibeti\\\/\"]}]},{\"@type\":\"ImageObject\",\"inLanguage\":\"az\",\"@id\":\"https:\\\/\\\/www.meydan.tv\\\/az\\\/article\\\/islamin-guluse-munasibeti\\\/#primaryimage\",\"url\":\"https:\\\/\\\/www.meydan.tv\\\/wp-content\\\/uploads\\\/7654.jpg\",\"contentUrl\":\"https:\\\/\\\/www.meydan.tv\\\/wp-content\\\/uploads\\\/7654.jpg\",\"width\":400,\"height\":400,\"caption\":\"Source:\"},{\"@type\":\"BreadcrumbList\",\"@id\":\"https:\\\/\\\/www.meydan.tv\\\/az\\\/article\\\/islamin-guluse-munasibeti\\\/#breadcrumb\",\"itemListElement\":[{\"@type\":\"ListItem\",\"position\":1,\"name\":\"Ana s\u0259hif\u0259\",\"item\":\"https:\\\/\\\/www.meydan.tv\\\/az\\\/\"},{\"@type\":\"ListItem\",\"position\":2,\"name\":\"M\u0259nim Fikrimc\u0259\",\"item\":\"https:\\\/\\\/www.meydan.tv\\\/az\\\/section\\\/menim-fikrimce\\\/\"},{\"@type\":\"ListItem\",\"position\":3,\"name\":\"\u0130slam\u0131n g\u00fcl\u00fc\u015f\u0259 m\u00fcnasib\u0259ti\"}]},{\"@type\":\"WebSite\",\"@id\":\"https:\\\/\\\/www.meydan.tv\\\/az\\\/#website\",\"url\":\"https:\\\/\\\/www.meydan.tv\\\/az\\\/\",\"name\":\"MEYDAN.TV\",\"description\":\"Meydan TV Az\u0259rbaycan\u0131n media m\u0259kan\u0131ndak\u0131 alternativ s\u0259sidir\",\"publisher\":{\"@id\":\"https:\\\/\\\/www.meydan.tv\\\/az\\\/#organization\"},\"potentialAction\":[{\"@type\":\"SearchAction\",\"target\":{\"@type\":\"EntryPoint\",\"urlTemplate\":\"https:\\\/\\\/www.meydan.tv\\\/az\\\/?s={search_term_string}\"},\"query-input\":{\"@type\":\"PropertyValueSpecification\",\"valueRequired\":true,\"valueName\":\"search_term_string\"}}],\"inLanguage\":\"az\"},{\"@type\":\"Organization\",\"@id\":\"https:\\\/\\\/www.meydan.tv\\\/az\\\/#organization\",\"name\":\"Meydan TV\",\"url\":\"https:\\\/\\\/www.meydan.tv\\\/az\\\/\",\"logo\":{\"@type\":\"ImageObject\",\"inLanguage\":\"az\",\"@id\":\"https:\\\/\\\/www.meydan.tv\\\/az\\\/#\\\/schema\\\/logo\\\/image\\\/\",\"url\":\"https:\\\/\\\/www.meydan.tv\\\/wp-content\\\/uploads\\\/2021\\\/07\\\/meydan-logo.svg\",\"contentUrl\":\"https:\\\/\\\/www.meydan.tv\\\/wp-content\\\/uploads\\\/2021\\\/07\\\/meydan-logo.svg\",\"width\":195,\"height\":46,\"caption\":\"Meydan TV\"},\"image\":{\"@id\":\"https:\\\/\\\/www.meydan.tv\\\/az\\\/#\\\/schema\\\/logo\\\/image\\\/\"}},{\"@type\":\"Person\",\"@id\":\"https:\\\/\\\/www.meydan.tv\\\/az\\\/#\\\/schema\\\/person\\\/10d11eccf6da3662cf5fdab9806ea91a\",\"name\":\"user-manager\"}]}<\/script>\n<!-- \/ Yoast SEO plugin. -->","yoast_head_json":{"title":"\u0130slam\u0131n g\u00fcl\u00fc\u015f\u0259 m\u00fcnasib\u0259ti - MEYDAN.TV","robots":{"index":"index","follow":"follow","max-snippet":"max-snippet:-1","max-image-preview":"max-image-preview:large","max-video-preview":"max-video-preview:-1"},"canonical":"https:\/\/www.meydan.tv\/az\/article\/islamin-guluse-munasibeti\/","og_locale":"az_AZ","og_type":"article","og_title":"\u0130slam\u0131n g\u00fcl\u00fc\u015f\u0259 m\u00fcnasib\u0259ti - MEYDAN.TV","og_description":"G\u00fcl\u00fc\u015f: q\u0259bah\u0259t, yoxsa f\u0259zil\u0259t?","og_url":"https:\/\/www.meydan.tv\/az\/article\/islamin-guluse-munasibeti\/","og_site_name":"MEYDAN.TV","article_published_time":"2015-04-09T01:08:42+00:00","og_image":[{"width":400,"height":400,"url":"https:\/\/www.meydan.tv\/wp-content\/uploads\/7654.jpg","type":"image\/jpeg"}],"author":"user-manager","twitter_card":"summary_large_image","schema":{"@context":"https:\/\/schema.org","@graph":[{"@type":"Article","@id":"https:\/\/www.meydan.tv\/az\/article\/islamin-guluse-munasibeti\/#article","isPartOf":{"@id":"https:\/\/www.meydan.tv\/az\/article\/islamin-guluse-munasibeti\/"},"author":{"name":"user-manager","@id":"https:\/\/www.meydan.tv\/az\/#\/schema\/person\/10d11eccf6da3662cf5fdab9806ea91a"},"headline":"\u0130slam\u0131n g\u00fcl\u00fc\u015f\u0259 m\u00fcnasib\u0259ti","datePublished":"2015-04-09T01:08:42+00:00","mainEntityOfPage":{"@id":"https:\/\/www.meydan.tv\/az\/article\/islamin-guluse-munasibeti\/"},"wordCount":1504,"publisher":{"@id":"https:\/\/www.meydan.tv\/az\/#organization"},"image":{"@id":"https:\/\/www.meydan.tv\/az\/article\/islamin-guluse-munasibeti\/#primaryimage"},"thumbnailUrl":"https:\/\/www.meydan.tv\/wp-content\/uploads\/7654.jpg","articleSection":["M\u0259nim Fikrimc\u0259"],"inLanguage":"az"},{"@type":"WebPage","@id":"https:\/\/www.meydan.tv\/az\/article\/islamin-guluse-munasibeti\/","url":"https:\/\/www.meydan.tv\/az\/article\/islamin-guluse-munasibeti\/","name":"\u0130slam\u0131n g\u00fcl\u00fc\u015f\u0259 m\u00fcnasib\u0259ti - MEYDAN.TV","isPartOf":{"@id":"https:\/\/www.meydan.tv\/az\/#website"},"primaryImageOfPage":{"@id":"https:\/\/www.meydan.tv\/az\/article\/islamin-guluse-munasibeti\/#primaryimage"},"image":{"@id":"https:\/\/www.meydan.tv\/az\/article\/islamin-guluse-munasibeti\/#primaryimage"},"thumbnailUrl":"https:\/\/www.meydan.tv\/wp-content\/uploads\/7654.jpg","datePublished":"2015-04-09T01:08:42+00:00","breadcrumb":{"@id":"https:\/\/www.meydan.tv\/az\/article\/islamin-guluse-munasibeti\/#breadcrumb"},"inLanguage":"az","potentialAction":[{"@type":"ReadAction","target":["https:\/\/www.meydan.tv\/az\/article\/islamin-guluse-munasibeti\/"]}]},{"@type":"ImageObject","inLanguage":"az","@id":"https:\/\/www.meydan.tv\/az\/article\/islamin-guluse-munasibeti\/#primaryimage","url":"https:\/\/www.meydan.tv\/wp-content\/uploads\/7654.jpg","contentUrl":"https:\/\/www.meydan.tv\/wp-content\/uploads\/7654.jpg","width":400,"height":400,"caption":"Source:"},{"@type":"BreadcrumbList","@id":"https:\/\/www.meydan.tv\/az\/article\/islamin-guluse-munasibeti\/#breadcrumb","itemListElement":[{"@type":"ListItem","position":1,"name":"Ana s\u0259hif\u0259","item":"https:\/\/www.meydan.tv\/az\/"},{"@type":"ListItem","position":2,"name":"M\u0259nim Fikrimc\u0259","item":"https:\/\/www.meydan.tv\/az\/section\/menim-fikrimce\/"},{"@type":"ListItem","position":3,"name":"\u0130slam\u0131n g\u00fcl\u00fc\u015f\u0259 m\u00fcnasib\u0259ti"}]},{"@type":"WebSite","@id":"https:\/\/www.meydan.tv\/az\/#website","url":"https:\/\/www.meydan.tv\/az\/","name":"MEYDAN.TV","description":"Meydan TV Az\u0259rbaycan\u0131n media m\u0259kan\u0131ndak\u0131 alternativ s\u0259sidir","publisher":{"@id":"https:\/\/www.meydan.tv\/az\/#organization"},"potentialAction":[{"@type":"SearchAction","target":{"@type":"EntryPoint","urlTemplate":"https:\/\/www.meydan.tv\/az\/?s={search_term_string}"},"query-input":{"@type":"PropertyValueSpecification","valueRequired":true,"valueName":"search_term_string"}}],"inLanguage":"az"},{"@type":"Organization","@id":"https:\/\/www.meydan.tv\/az\/#organization","name":"Meydan TV","url":"https:\/\/www.meydan.tv\/az\/","logo":{"@type":"ImageObject","inLanguage":"az","@id":"https:\/\/www.meydan.tv\/az\/#\/schema\/logo\/image\/","url":"https:\/\/www.meydan.tv\/wp-content\/uploads\/2021\/07\/meydan-logo.svg","contentUrl":"https:\/\/www.meydan.tv\/wp-content\/uploads\/2021\/07\/meydan-logo.svg","width":195,"height":46,"caption":"Meydan TV"},"image":{"@id":"https:\/\/www.meydan.tv\/az\/#\/schema\/logo\/image\/"}},{"@type":"Person","@id":"https:\/\/www.meydan.tv\/az\/#\/schema\/person\/10d11eccf6da3662cf5fdab9806ea91a","name":"user-manager"}]}},"_links":{"self":[{"href":"https:\/\/www.meydan.tv\/az\/wp-json\/wp\/v2\/posts\/167491","targetHints":{"allow":["GET"]}}],"collection":[{"href":"https:\/\/www.meydan.tv\/az\/wp-json\/wp\/v2\/posts"}],"about":[{"href":"https:\/\/www.meydan.tv\/az\/wp-json\/wp\/v2\/types\/post"}],"author":[{"embeddable":true,"href":"https:\/\/www.meydan.tv\/az\/wp-json\/wp\/v2\/users\/11"}],"replies":[{"embeddable":true,"href":"https:\/\/www.meydan.tv\/az\/wp-json\/wp\/v2\/comments?post=167491"}],"version-history":[{"count":0,"href":"https:\/\/www.meydan.tv\/az\/wp-json\/wp\/v2\/posts\/167491\/revisions"}],"wp:featuredmedia":[{"embeddable":true,"href":"https:\/\/www.meydan.tv\/az\/wp-json\/wp\/v2\/media\/22502"}],"wp:attachment":[{"href":"https:\/\/www.meydan.tv\/az\/wp-json\/wp\/v2\/media?parent=167491"}],"wp:term":[{"taxonomy":"category","embeddable":true,"href":"https:\/\/www.meydan.tv\/az\/wp-json\/wp\/v2\/categories?post=167491"},{"taxonomy":"post_tag","embeddable":true,"href":"https:\/\/www.meydan.tv\/az\/wp-json\/wp\/v2\/tags?post=167491"}],"curies":[{"name":"wp","href":"https:\/\/api.w.org\/{rel}","templated":true}]}}