{"id":167489,"date":"2015-04-08T21:01:00","date_gmt":"2015-04-08T21:01:00","guid":{"rendered":"https:\/\/www.meydan.tv\/article\/ordumuz-nece-mulkilesir\/"},"modified":"2015-04-08T21:01:00","modified_gmt":"2015-04-08T21:01:00","slug":"ordumuz-nece-mulkilesir","status":"publish","type":"post","link":"https:\/\/www.meydan.tv\/az\/article\/ordumuz-nece-mulkilesir\/","title":{"rendered":"Ordumuz nec\u0259 m\u00fclkil\u0259\u015fir?"},"content":{"rendered":"<figure class=\"wp-block-image size-large\">\n  <img decoding=\"async\" src=\"https:\/\/www.meydan.tv\/az\/22493\/\" alt=\"\" class=\"wp-image-22493\"\/><figcaption><\/figcaption><\/figure>\n<figure class=\"wp-block-image size-large\">\n  <img decoding=\"async\" src=\"https:\/\/www.meydan.tv\/az\/22490\/\" alt=\"\" class=\"wp-image-22490\"\/><figcaption><\/figcaption><\/figure>\n<p>\n  2013-c\u00fc ilin oktyabr\u0131nda Az\u0259rbaycan Silahl\u0131 Q\u00fcvv\u0259l\u0259rind\u0259 r\u0259hb\u0259r d\u0259yi\u015fikliyi ba\u015f verdikd\u0259n sonra yeni nazir Zakir H\u0259s\u0259nov t\u0259r\u0259find\u0259n m\u00fclki \u015f\u0259xsl\u0259rin h\u0259rbi v\u0259zif\u0259l\u0259r\u0259 q\u0259bul olunmas\u0131na start verildiyi b\u0259yan edildi. \u0130ndi c\u0259miyy\u0259td\u0259 ortaya \u00e7\u0131xan suallardan biri t\u0259xmin\u0259n ilyar\u0131m bir m\u00fcdd\u0259td\u0259 bu prosesin nec\u0259 getm\u0259si v\u0259 hans\u0131 n\u0259tic\u0259l\u0259r verdiyi il\u0259 ba\u011fl\u0131d\u0131r. X\u00fcsusil\u0259 sual do\u011furan m\u0259s\u0259l\u0259l\u0259rd\u0259n biri bu prosesin ordudak\u0131 probleml\u0259rin h\u0259llin\u0259 t\u0259sir g\u00f6st\u0259rib-g\u00f6st\u0259rm\u0259m\u0259sidir.\n<\/p>\n<p>\n  \u00d6nc\u0259 d\u00fcnyan\u0131n m\u00fct\u0259r\u0259qqi \u00f6lk\u0259l\u0259rinin ordusunda \u201cm\u00fclkil\u0259\u015fm\u0259\u201d prosesinin nec\u0259 h\u0259yata ke\u00e7irildiyin\u0259 diqq\u0259t yetir\u0259k. NATO \u00f6lk\u0259l\u0259rinin t\u0259cr\u00fcb\u0259sin\u0259 \u0259sas\u0259n Silahl\u0131 Q\u00fcvv\u0259l\u0259rin effektli \u201cm\u00fclkil\u0259\u015fdirilm\u0259si\u201d 3 \u0259sas istiqam\u0259ti \u00f6z\u00fcn\u0259 daxil etm\u0259lidir:\n<\/p>\n<p>\n  Birincisi, Silahl\u0131 Q\u00fcvv\u0259l\u0259rd\u0259 b\u00fct\u00fcn texniki v\u0259 yard\u0131m\u00e7\u0131 v\u0259zif\u0259l\u0259r\u0259 (a\u015fbaz, avtomobill\u0259rin idar\u0259 olunmas\u0131, t\u0259miri, sanitar-t\u0259mizlik i\u015fl\u0259ri, ba\u011f-t\u0259s\u0259rr\u00fcfat, t\u0259mir-tikinti, dig\u0259r v\u0259 h\u0259tta b\u0259z\u0259n ilkin yard\u0131m g\u00f6st\u0259r\u0259n tibbi v\u0259zif\u0259l\u0259r) m\u00fclkil\u0259r c\u0259lb olunmal\u0131d\u0131r;\n<\/p>\n<p>\n  \u0130kincisi, Silahl\u0131 Q\u00fcvv\u0259l\u0259rd\u0259 bir s\u0131ra orta v\u0259 \u00fcst v\u0259zif\u0259l\u0259r (m\u00fclki-h\u0259rbi \u0259laq\u0259l\u0259r, informasiya siyas\u0259ti, h\u00fcquq v\u0259zif\u0259l\u0259ri, beyn\u0259lxalq \u0259laq\u0259l\u0259r, ekoloji, n\u0259qliyyat-da\u015f\u0131ma, d\u0259ft\u0259rxana, arxiv, muzey, klub, K\u0130V, informasiya texnologiyalar\u0131 v\u0259 h\u0259tta b\u0259z\u0259n tibbi v\u0259zif\u0259l\u0259r) m\u00fclkil\u0259rd\u0259n t\u0259\u015fkil olunmal\u0131d\u0131r;\n<\/p>\n<p>\n  \u00dc\u00e7\u00fcnc\u00fcs\u00fc, M\u00fcdafi\u0259 Nazirliyinin r\u0259hb\u0259rliyi \u2013 nazir m\u00fclki \u015f\u0259xs olmal\u0131d\u0131r v\u0259 onun aparat\u0131 \u0259sas\u0259n m\u00fclkil\u0259rd\u0259n t\u0259\u015fkil olunmal\u0131d\u0131r. Bununla yana\u015f\u0131 M\u00fcdafi\u0259 Nazirliyi Aparat\u0131n\u0131n Silahl\u0131 Q\u00fcvv\u0259l\u0259r Ba\u015f Q\u0259rargah\u0131ndan ayr\u0131lmas\u0131 h\u0259yata ke\u00e7irilm\u0259lidir. H\u0259rbi-m\u00fclki \u0259laq\u0259l\u0259ri t\u0259nziml\u0259y\u0259n x\u00fcsusi idar\u0259 yarad\u0131lmal\u0131d\u0131r.\n<\/p>\n<p>\n  Bu \u00fc\u00e7 islahat\u0131n birg\u0259 v\u0259 ard\u0131c\u0131l n\u0259z\u0259rd\u0259 tutulmad\u0131\u011f\u0131 proses effektiv v\u0259 strateji ola bilm\u0259z, daha \u00e7ox yar\u0131m\u00e7\u0131q v\u0259 u\u011fursuz hesab edil\u0259 bil\u0259r. B\u0259s bu \u00fc\u00e7 istiqam\u0259tin h\u0259r biri h\u0259yata ke\u00e7irils\u0259, n\u0259 faydas\u0131 olacaq?\n<\/p>\n<p>\n  1) V\u0259zif\u0259l\u0259rin, m\u0259suliyy\u0259tl\u0259rin v\u0259 \u00f6hd\u0259likl\u0259rin d\u0259qiql\u0259\u015fm\u0259si bax\u0131m\u0131ndan orduda idar\u0259etm\u0259 asanla\u015facaq;<br \/>\n  <br \/>\n  2) Orduda xidm\u0259t ed\u0259nl\u0259rin v\u0259 \u00e7al\u0131\u015fanlar\u0131n haqlar\u0131 daha \u00e7ox qorunacaq;<br \/>\n  <br \/>\n  3) Maliyy\u0259 q\u0259na\u0259ti ba\u015f ver\u0259c\u0259k, bununla da h\u0259rb\u00e7il\u0259rin sosial t\u0259minat\u0131 yax\u015f\u0131la\u015facaq;<br \/>\n  <br \/>\n  4) Hesabatl\u0131l\u0131q, \u015f\u0259ffafl\u0131q t\u0259min olunacaq, korrupsiya v\u0259 r\u00fc\u015fv\u0259txorlu\u011fa qar\u015f\u0131 m\u00fcbariz\u0259 g\u00fccl\u0259n\u0259c\u0259k;<br \/>\n  <br \/>\n  5) Ordunun siyas\u0259t\u0259 qar\u0131\u015fmas\u0131na son veril\u0259c\u0259k;<br \/>\n  <br \/>\n  6) Ordunun psixoloji-m\u0259n\u0259vi, d\u00f6y\u00fc\u015f haz\u0131rl\u0131\u011f\u0131 artacaq;<br \/>\n  <br \/>\n  7) H\u0259rbiy\u0259 m\u00fclki n\u0259zar\u0259tin vacib formas\u0131 yarad\u0131lacaq v\u0259 s.\n<\/p>\n<p>\n  Az\u0259rbaycan ordusunda is\u0259 biz yaln\u0131z birinci istiqam\u0259tin \u2013 texniki-yard\u0131m\u00e7\u0131 v\u0259zif\u0259l\u0259r\u0259 m\u00fclkil\u0259rin c\u0259lb olunmas\u0131 istiqam\u0259tind\u0259 olduqca l\u0259ng add\u0131mlar\u0131n at\u0131ld\u0131\u011f\u0131n\u0131 m\u00fc\u015fahid\u0259 edirik. \u018fld\u0259 olunan m\u0259lumata g\u00f6r\u0259, son ilyar\u0131m m\u00fcdd\u0259td\u0259 Silahl\u0131 Q\u00fcvv\u0259l\u0259rd\u0259 texniki-yard\u0131m\u00e7\u0131 v\u0259zif\u0259l\u0259r\u0259 t\u0259xmin\u0259n 1500 n\u0259f\u0259r m\u00fclki \u015f\u0259xs q\u0259bul edilib. Amma bu prosesin \u00f6z\u00fc d\u0259 m\u00fc\u0259yy\u0259n ciddi \u00e7at\u0131\u015fmazl\u0131qlarla h\u0259yata ke\u00e7irilir. \u018fsas \u00e7at\u0131\u015fmazl\u0131q qeyd edil\u0259n prosesin bir universal strategiya kimi planla\u015fd\u0131r\u0131lmamas\u0131d\u0131r. Texniki &#8211; yard\u0131m\u00e7\u0131 v\u0259zif\u0259l\u0259r\u0259 m\u00fclkil\u0259rin haz\u0131rla\u015fd\u0131r\u0131lmas\u0131 prosesi \u00fczr\u0259 t\u0259hsil &#8211; bilgi alacaqlar\u0131 kurslar\u0131n yarad\u0131lmas\u0131 i\u015find\u0259 \u00e7iddi l\u0259ngim\u0259l\u0259r var. Misal \u00fc\u00e7\u00fcn, a\u015fbaz v\u0259zif\u0259l\u0259ri \u00fc\u00e7\u00fcn h\u0259rbi hiss\u0259l\u0259rin yerl\u0259\u015fdiyi \u0259razil\u0259rd\u0259 ya\u015fayan qad\u0131nlar\u0131n c\u0259lb olunmas\u0131 h\u0259yata ke\u00e7irilir. Bel\u0259 ki, h\u0259l\u0259 m\u0259tbuat\u0131n 2013-c\u00fc ilin noyabr\u0131nda yazd\u0131\u011f\u0131 m\u0259lumata g\u00f6r\u0259, m\u00fcdafi\u0259 naziri Zakir H\u0259s\u0259nov \u0259sg\u0259rl\u0259rin m\u0259tb\u0259xd\u0259 a\u015fpaz kimi \u00e7al\u0131\u015fmas\u0131na q\u0259ti etiraz\u0131n\u0131 bildir\u0259r\u0259k, x\u00fcsusi t\u0259klifl\u0259 \u00e7\u0131x\u0131\u015f edib. Ya\u015fay\u0131\u015f m\u0259nt\u0259q\u0259l\u0259rinin, k\u0259ndl\u0259rin yax\u0131nl\u0131\u011f\u0131nda yerl\u0259\u015f\u0259n h\u0259rbi hiss\u0259 komandirl\u0259rin\u0259 tap\u015f\u0131r\u0131b ki, h\u0259min ya\u015fay\u0131\u015f m\u0259nt\u0259q\u0259l\u0259rind\u0259 i\u015f\u0259 ehtiyac\u0131 olan qad\u0131nlar\u0131n \u0259m\u0259yind\u0259n istifad\u0259 edilsin.\n<\/p>\n<p>\n  \u0130ndi ortada olan m\u0259lumata g\u00f6r\u0259, orduda texniki v\u0259 yard\u0131m\u00e7\u0131 v\u0259zif\u0259l\u0259r\u0259 i\u015f\u0259g\u00f6t\u00fcrm\u0259 \u0259sas\u0259n \u201cyax\u0131nl\u0131qda ya\u015fayan v\u0259 ehtiyac\u0131 olanlar\u201d \u00fc\u00e7\u00fcn h\u0259yata ke\u00e7irilir v\u0259 bu \u015f\u0259xsl\u0259rin x\u00fcsusi kurslar ke\u00e7ib-ke\u00e7m\u0259diyi bar\u0259d\u0259 m\u0259lumat yoxdur.\n<\/p>\n<p>\n  Amma b\u00fct\u00fcn bunlar \u201cm\u00fclkil\u0259\u015fm\u0259\u201d prosesinin ilk, strateji ordu quruculu\u011fu bax\u0131m\u0131ndan o q\u0259d\u0259r d\u0259 vacib olmayan m\u0259rh\u0259l\u0259sidir. \u018fsas h\u0259d\u0259fl\u0259r ikinci istiqam\u0259t &#8211; ordudak\u0131 \u0259h\u0259miyy\u0259tli, nisb\u0259t\u0259n orta v\u0259 \u00fcst xidm\u0259ti v\u0259zif\u0259l\u0259r\u0259 m\u00fclkil\u0259rin g\u0259tirilm\u0259si olmal\u0131d\u0131r. Az\u0259rbaycanda bu istiqam\u0259t \u00fczr\u0259 hans\u0131sa ir\u0259lil\u0259yi\u015fl\u0259r h\u0259l\u0259lik ba\u015f vermir v\u0259 bunun nec\u0259 v\u0259 n\u0259 zaman ba\u015f ver\u0259c\u0259yi is\u0259 h\u0259l\u0259lik ciddi suallar do\u011furur.\n<\/p>\n<p>\n  \u00dcmumiyy\u0259tl\u0259, Az\u0259rbaycan Silahl\u0131 Q\u00fcvv\u0259l\u0259rind\u0259 \u201cm\u00fclkil\u0259\u015fm\u0259\u201d prosesi yar\u0131m\u00e7\u0131q h\u0259yata ke\u00e7irilir v\u0259 \u00fcst v\u0259zif\u0259l\u0259r bu prosesd\u0259n k\u0259narda qal\u0131r. NATO standartlar\u0131na g\u00f6r\u0259, \u00fcmumilikd\u0259 orduda h\u0259rbi v\u0259zif\u0259l\u0259rin t\u0259xmin\u0259n 20-25 faizinin m\u00fclkil\u0259\u015fdirilm\u0259si ordunun idar\u0259 edilm\u0259si prosesinin s\u0259m\u0259r\u0259liliyi, orduya m\u00fclki n\u0259zar\u0259t mexanizminin t\u0259tbiqi bax\u0131m\u0131ndan z\u0259ruridir. R\u0259smi m\u0259lumatlara g\u00f6r\u0259, Az\u0259rbaycan Silahl\u0131 Q\u00fcvv\u0259l\u0259rind\u0259 4 min\u0259 yax\u0131n m\u00fclki \u015f\u0259xs i\u015fl\u0259yir (buraya texniki-yard\u0131m\u00e7\u0131 v\u0259zif\u0259l\u0259rd\u0259 \u00e7al\u0131\u015fanlar aid deyil). \u018fg\u0259r hakimiyy\u0259t bu prosesi u\u011furla h\u0259yata ke\u00e7irm\u0259k ist\u0259yirs\u0259, onda ind\u0259n bel\u0259 \u0259n az\u0131 14-18 min v\u0259zif\u0259y\u0259 m\u00fclki v\u0259t\u0259nda\u015flar c\u0259lb olunmal\u0131d\u0131r. Amma h\u00f6kum\u0259tin bu istiqam\u0259td\u0259 hans\u0131 strategiya v\u0259 \u0259sasland\u0131rmas\u0131 var? Suallar a\u00e7\u0131qd\u0131r.\n<\/p>\n<figure class=\"wp-block-image size-large\">\n  <img decoding=\"async\" src=\"https:\/\/www.meydan.tv\/az\/22496\/\" alt=\"\" class=\"wp-image-22496\"\/><figcaption><\/figcaption><\/figure>\n<p>\n  \u0130ndi ke\u00e7\u0259k \u00fc\u00e7\u00fcnc\u00fc istiqam\u0259t\u0259: M\u00fcdafi\u0259 Nazirliyinin Aparat\u0131 il\u0259 Silahl\u0131 Q\u00fcvv\u0259l\u0259rin Ba\u015f Q\u0259rargah\u0131n\u0131n ayr\u0131lmas\u0131 prosesi. Bu istiqam\u0259td\u0259 G\u00fcrc\u00fcstan Silahl\u0131 Q\u00fcvv\u0259l\u0259rinin t\u0259cr\u00fcb\u0259sind\u0259n \u00e7ox m\u0259qamlar\u0131 \u0259xz etm\u0259k olar. Q\u00fcsurlu olsa da, sad\u0259 dill\u0259 dey\u0259k: m\u00fclkil\u0259r MN Aparat\u0131 t\u0259r\u0259find\u0259n, h\u0259rb\u00e7il\u0259r is\u0259 SQ Ba\u015f Q\u0259rargah\u0131 t\u0259r\u0259find\u0259n idar\u0259 olunmal\u0131, birincil\u0259r, y\u0259ni m\u00fclkil\u0259r ikincil\u0259r, y\u0259ni h\u0259rb\u00e7il\u0259r \u00fcz\u0259rind\u0259 n\u0259zar\u0259ti h\u0259yata ke\u00e7irm\u0259lidirl\u0259r. \u0130kincil\u0259r is\u0259 birincil\u0259r\u0259 \u00f6z ehtiyaclar\u0131n\u0131n t\u0259min olunmas\u0131 \u00fc\u00e7\u00fcn vasit\u0259 kimi baxmal\u0131d\u0131rlar. Bu sistem \u00e7ox sad\u0259 olmaqla yana\u015f\u0131, h\u0259m d\u0259 s\u0259m\u0259r\u0259lidir: ona g\u00f6r\u0259 ki, h\u0259rb\u00e7il\u0259r \u00f6zl\u0259rin\u0259 aid olmayan i\u015fl\u0259rd\u0259n \u2013 b\u00fcdc\u0259 planla\u015fd\u0131rmas\u0131, x\u0259rcl\u0259rin t\u0259snifat\u0131, daxili v\u0259 xarici h\u0259rbi-siyasi \u0259laq\u0259l\u0259rin t\u0259\u015fkili, lobbi\u00e7ilik kimi m\u0259s\u0259l\u0259l\u0259rd\u0259n k\u0259nar qal\u0131rlar v\u0259 b\u00fct\u00fcn bu i\u015fl\u0259r m\u00fclkil\u0259r\u0259 &#8211; y\u0259ni M\u00fcdafi\u0259 Nazirliyinin Aparat\u0131na \u015famil olunur. M\u00fclki nazir olan m\u00fcdafi\u0259 naziri d\u0259 d\u00f6y\u00fc\u015f haz\u0131rl\u0131\u011f\u0131 m\u0259s\u0259l\u0259l\u0259ri il\u0259 m\u0259\u015f\u011ful olmur. O, parlament, h\u00f6kum\u0259t qar\u015f\u0131s\u0131nda \u00e7\u0131x\u0131\u015f edir, Silahl\u0131 Q\u00fcvv\u0259l\u0259r\u0259 laz\u0131m olan v\u0259saitin \u0259sasland\u0131r\u0131lmas\u0131n\u0131 h\u0259yata ke\u00e7irir, orduda m\u0259vacibl\u0259rin, t\u0259minat\u0131n art\u0131r\u0131lmas\u0131, yeni silah v\u0259 h\u0259rbi texnika n\u00f6vl\u0259rinin al\u0131nmas\u0131 z\u0259ruriliyini h\u00f6kum\u0259t\u0259 \u00e7atd\u0131r\u0131r, \u00f6lk\u0259ni v\u0259 Silahl\u0131 Q\u00fcvv\u0259l\u0259ri beyn\u0259lxalq miqyasda t\u0259msil edir, d\u00f6vl\u0259tin h\u0259rbi-siyasi h\u0259d\u0259fl\u0259rini a\u00e7\u0131qlay\u0131r. Bu sistem h\u0259m d\u0259 ona g\u00f6r\u0259 effektlidir ki, M\u00fcdafi\u0259 Nazirliyinin \u00f6z i\u00e7ind\u0259 h\u0259rbiy\u0259 n\u0259zar\u0259t imkanlar\u0131 formala\u015fd\u0131r\u0131l\u0131r, qanunu pozanlar\u0131n c\u0259zaland\u0131r\u0131lmas\u0131 daha effektiv h\u0259yata ke\u00e7irilir. Bu sistemd\u0259 ordunun c\u0259miyy\u0259tl\u0259 \u0259laq\u0259l\u0259ri daha asan, a\u011fr\u0131s\u0131z qurulur.\n<\/p>\n<p>\n  Bu sistem eyni zamanda ona g\u00f6r\u0259 vacibdir ki, ordunun siyasil\u0259\u015fm\u0259si ba\u015f vermir. Y\u0259ni hans\u0131sa hakimiyy\u0259t d\u0259yi\u015fikliyi olarsa, o zaman m\u00fcdafi\u0259 naziri v\u0259 onun aparat\u0131 qalib g\u0259l\u0259n partiyan\u0131n v\u0259 ya t\u0259r\u0259fin ist\u0259yin\u0259 uy\u011fun olaraq t\u0259\u015fkil oluna bil\u0259r. H\u0259min nazir siyasi h\u0259d\u0259f v\u0259 maraqlar\u0131 ifad\u0259 etm\u0259kd\u0259 azad olacaqd\u0131r. Amma bu prosesin SQ Ba\u015f Q\u0259rargah\u0131na aidiyy\u0259ti yoxdur, SQ Ba\u015f Q\u0259rargah\u0131 v\u0259 onun tabe\u00e7iliyind\u0259ki h\u0259rbi birl\u0259\u015fm\u0259l\u0259r, h\u0259rb\u00e7il\u0259r h\u0259rbi h\u0259d\u0259fl\u0259ri h\u0259yata ke\u00e7irm\u0259k \u00fc\u00e7\u00fcn m\u00f6vcuddurlar v\u0259 f\u0259aliyy\u0259t g\u00f6st\u0259rirl\u0259r. Eyni zamanda bu sistemd\u0259 m\u00fcdafi\u0259 nazirinin ordunun ad\u0131ndan sui-istifad\u0259 ed\u0259r\u0259k h\u0259r hans\u0131 b\u0259yanat verm\u0259k,\u201cSilahl\u0131 Q\u00fcvv\u0259l\u0259r se\u00e7kil\u0259rd\u0259 filan \u015f\u0259xsi d\u0259st\u0259kl\u0259y\u0259c\u0259k\u201d kimi absurd fikirl\u0259r s\u0259sl\u0259ndirm\u0259k h\u00fcququ \u0259lind\u0259n al\u0131n\u0131r.\n<\/p>\n<p>\n  Bu prosesin maliyy\u0259 q\u0259na\u0259ti t\u0259r\u0259fi d\u0259 vard\u0131r. Ayd\u0131nd\u0131r ki, m\u00fclkil\u0259r h\u0259rb\u00e7il\u0259rl\u0259 m\u00fcqayis\u0259d\u0259 daha az m\u0259vacib al\u0131rlar, onlar \u00fc\u00e7\u00fcn geyim, qidalanma, x\u00fcsusi \u00f6d\u0259ni\u015fl\u0259r \u00f6hd\u0259liyi dem\u0259k olar ki olmur. Onlar\u0131n sonradan pensiya t\u0259minat\u0131 da h\u0259rb\u00e7il\u0259rd\u0259n f\u0259rqli olacaq. Bel\u0259likl\u0259, bu prosesd\u0259 d\u00f6vl\u0259t 10 milyonlarla dollar q\u0259na\u0259t ed\u0259 bil\u0259r.\n<\/p>\n<figure class=\"wp-block-image size-large\">\n  <img decoding=\"async\" src=\"https:\/\/www.meydan.tv\/az\/22499\/\" alt=\"\" class=\"wp-image-22499\"\/><figcaption><\/figcaption><\/figure>\n<p>\n  Amma t\u0259\u0259ss\u00fcf ki, m\u00f6vcud Az\u0259rbaycan hakimiyy\u0259tinin bel\u0259 \u0259h\u0259miyy\u0259tli islahat\u0131n \u2013 ordu r\u0259hb\u0259rliyinin m\u00fclkil\u0259\u015fdirilm\u0259sinin h\u0259yata ke\u00e7irilm\u0259si ist\u0259yi he\u00e7 \u00fcf\u00fcqd\u0259 d\u0259 g\u00f6r\u00fcnm\u00fcr.<br \/>\n  <br \/>\n  Bel\u0259likl\u0259, biz haz\u0131rda Az\u0259rbaycanda n\u00f6vb\u0259ti u\u011fursuzlu\u011fu \u2013 Silahl\u0131 Q\u00fcvv\u0259l\u0259rin m\u00fclkil\u0259\u015fdirilm\u0259si prosesinin u\u011fursuzlu\u011funu m\u00fc\u015fahid\u0259 etm\u0259kd\u0259yik. H\u00f6kum\u0259t qeyd etdiyimiz v\u0259 etm\u0259diyimiz m\u0259qamlar\u0131 n\u0259z\u0259r\u0259 almal\u0131, Az\u0259rbaycan Silahl\u0131 Q\u00fcvv\u0259l\u0259rinin m\u00fcasir standartlara uy\u011funla\u015fd\u0131r\u0131lmas\u0131n\u0131 t\u0259min etm\u0259lidir. Bu, h\u0259m d\u0259 postneft eras\u0131 \u00fc\u00e7\u00fcn vacibdir.\n<\/p>\n<p>\n  P.S. B\u0259zi oxucular\u0131m\u0131z m\u00fc\u0259llifi bu yaz\u0131da orduda ixtisarlar v\u0259 m\u00fcqavil\u0259li \u0259sasa ke\u00e7id m\u0259s\u0259l\u0259sin\u0259 toxunmad\u0131\u011f\u0131na g\u00f6r\u0259 q\u0131naya bil\u0259rl\u0259r. \u018fslind\u0259 qeyd edil\u0259n m\u0259s\u0259l\u0259l\u0259r, \u00fcmumiyy\u0259tl\u0259, ba\u015fqa bir geni\u015f s\u00f6hb\u0259tin, t\u0259hlilin m\u00f6vzusudur. Amma b\u0259llidir ki, m\u00fcqavil\u0259li \u0259sasa ke\u00e7id zaman\u0131 da m\u00fclkil\u0259\u015fm\u0259 prosesi qa\u00e7\u0131lmazd\u0131r v\u0259 h\u0259tta daha \u00e7ox \u0259h\u0259miyy\u0259t k\u0259sb ed\u0259c\u0259k.<\/p>\n","protected":false},"excerpt":{"rendered":"<p>M\u00fcdafi\u0259 Nazirliyinin Aparat\u0131 il\u0259 Silahl\u0131 Q\u00fcvv\u0259l\u0259rin Ba\u015f Q\u0259rargah\u0131n\u0131n ayr\u0131lmas\u0131 prosesi apar\u0131lmal\u0131d\u0131r<\/p>\n","protected":false},"author":11,"featured_media":22493,"comment_status":"closed","ping_status":"open","sticky":false,"template":"","format":"standard","meta":{"_acf_changed":false,"_sitemap_exclude":false,"_sitemap_priority":"","_sitemap_frequency":"","footnotes":""},"categories":[56],"tags":[],"class_list":["post-167489","post","type-post","status-publish","format-standard","has-post-thumbnail","hentry","category-xeberler","infinite-scroll-item","generate-columns","tablet-grid-50","mobile-grid-100","grid-parent","grid-33","no-featured-image-padding"],"acf":[],"yoast_head":"<!-- This site is optimized with the Yoast SEO plugin v28.4 - https:\/\/yoast.com\/product\/yoast-seo-wordpress\/ -->\n<title>Ordumuz nec\u0259 m\u00fclkil\u0259\u015fir? - MEYDAN.TV<\/title>\n<meta name=\"robots\" content=\"index, follow, max-snippet:-1, max-image-preview:large, max-video-preview:-1\" \/>\n<link rel=\"canonical\" href=\"https:\/\/www.meydan.tv\/az\/article\/ordumuz-nece-mulkilesir\/\" \/>\n<meta property=\"og:locale\" content=\"az_AZ\" \/>\n<meta property=\"og:type\" content=\"article\" \/>\n<meta property=\"og:title\" content=\"Ordumuz nec\u0259 m\u00fclkil\u0259\u015fir? - MEYDAN.TV\" \/>\n<meta property=\"og:description\" content=\"M\u00fcdafi\u0259 Nazirliyinin Aparat\u0131 il\u0259 Silahl\u0131 Q\u00fcvv\u0259l\u0259rin Ba\u015f Q\u0259rargah\u0131n\u0131n ayr\u0131lmas\u0131 prosesi apar\u0131lmal\u0131d\u0131r\" \/>\n<meta property=\"og:url\" content=\"https:\/\/www.meydan.tv\/az\/article\/ordumuz-nece-mulkilesir\/\" \/>\n<meta property=\"og:site_name\" content=\"MEYDAN.TV\" \/>\n<meta property=\"article:published_time\" content=\"2015-04-08T21:01:00+00:00\" \/>\n<meta property=\"og:image\" content=\"https:\/\/www.meydan.tv\/wp-content\/uploads\/8160.jpg\" \/>\n\t<meta property=\"og:image:width\" content=\"500\" \/>\n\t<meta property=\"og:image:height\" content=\"500\" \/>\n\t<meta property=\"og:image:type\" content=\"image\/jpeg\" \/>\n<meta name=\"twitter:card\" content=\"summary_large_image\" \/>\n<!-- \/ Yoast SEO plugin. -->","yoast_head_json":{"title":"Ordumuz nec\u0259 m\u00fclkil\u0259\u015fir? - MEYDAN.TV","robots":{"index":"index","follow":"follow","max-snippet":"max-snippet:-1","max-image-preview":"max-image-preview:large","max-video-preview":"max-video-preview:-1"},"canonical":"https:\/\/www.meydan.tv\/az\/article\/ordumuz-nece-mulkilesir\/","og_locale":"az_AZ","og_type":"article","og_title":"Ordumuz nec\u0259 m\u00fclkil\u0259\u015fir? - MEYDAN.TV","og_description":"M\u00fcdafi\u0259 Nazirliyinin Aparat\u0131 il\u0259 Silahl\u0131 Q\u00fcvv\u0259l\u0259rin Ba\u015f Q\u0259rargah\u0131n\u0131n ayr\u0131lmas\u0131 prosesi apar\u0131lmal\u0131d\u0131r","og_url":"https:\/\/www.meydan.tv\/az\/article\/ordumuz-nece-mulkilesir\/","og_site_name":"MEYDAN.TV","article_published_time":"2015-04-08T21:01:00+00:00","og_image":[{"width":500,"height":500,"url":"https:\/\/www.meydan.tv\/wp-content\/uploads\/8160.jpg","type":"image\/jpeg"}],"twitter_card":"summary_large_image","schema":{"@context":"https:\/\/schema.org","@graph":[{"@type":"Article","@id":"https:\/\/www.meydan.tv\/az\/article\/ordumuz-nece-mulkilesir\/#article","isPartOf":{"@id":"https:\/\/www.meydan.tv\/az\/article\/ordumuz-nece-mulkilesir\/"},"author":{"name":"user-manager","@id":"https:\/\/www.meydan.tv\/az\/#\/schema\/person\/10d11eccf6da3662cf5fdab9806ea91a"},"headline":"Ordumuz nec\u0259 m\u00fclkil\u0259\u015fir?","datePublished":"2015-04-08T21:01:00+00:00","mainEntityOfPage":{"@id":"https:\/\/www.meydan.tv\/az\/article\/ordumuz-nece-mulkilesir\/"},"wordCount":1928,"publisher":{"@id":"https:\/\/www.meydan.tv\/az\/#organization"},"image":{"@id":"https:\/\/www.meydan.tv\/az\/article\/ordumuz-nece-mulkilesir\/#primaryimage"},"thumbnailUrl":"https:\/\/www.meydan.tv\/wp-content\/uploads\/8160.jpg","articleSection":["X\u0259b\u0259rl\u0259r"],"inLanguage":"az"},{"@type":"WebPage","@id":"https:\/\/www.meydan.tv\/az\/article\/ordumuz-nece-mulkilesir\/","url":"https:\/\/www.meydan.tv\/az\/article\/ordumuz-nece-mulkilesir\/","name":"Ordumuz nec\u0259 m\u00fclkil\u0259\u015fir? - MEYDAN.TV","isPartOf":{"@id":"https:\/\/www.meydan.tv\/az\/#website"},"primaryImageOfPage":{"@id":"https:\/\/www.meydan.tv\/az\/article\/ordumuz-nece-mulkilesir\/#primaryimage"},"image":{"@id":"https:\/\/www.meydan.tv\/az\/article\/ordumuz-nece-mulkilesir\/#primaryimage"},"thumbnailUrl":"https:\/\/www.meydan.tv\/wp-content\/uploads\/8160.jpg","datePublished":"2015-04-08T21:01:00+00:00","breadcrumb":{"@id":"https:\/\/www.meydan.tv\/az\/article\/ordumuz-nece-mulkilesir\/#breadcrumb"},"inLanguage":"az","potentialAction":[{"@type":"ReadAction","target":["https:\/\/www.meydan.tv\/az\/article\/ordumuz-nece-mulkilesir\/"]}]},{"@type":"ImageObject","inLanguage":"az","@id":"https:\/\/www.meydan.tv\/az\/article\/ordumuz-nece-mulkilesir\/#primaryimage","url":"https:\/\/www.meydan.tv\/wp-content\/uploads\/8160.jpg","contentUrl":"https:\/\/www.meydan.tv\/wp-content\/uploads\/8160.jpg","width":500,"height":500,"caption":"Source:"},{"@type":"BreadcrumbList","@id":"https:\/\/www.meydan.tv\/az\/article\/ordumuz-nece-mulkilesir\/#breadcrumb","itemListElement":[{"@type":"ListItem","position":1,"name":"Ana s\u0259hif\u0259","item":"https:\/\/www.meydan.tv\/az\/"},{"@type":"ListItem","position":2,"name":"X\u0259b\u0259rl\u0259r","item":"https:\/\/www.meydan.tv\/az\/section\/xeberler\/"},{"@type":"ListItem","position":3,"name":"Ordumuz nec\u0259 m\u00fclkil\u0259\u015fir?"}]},{"@type":"WebSite","@id":"https:\/\/www.meydan.tv\/az\/#website","url":"https:\/\/www.meydan.tv\/az\/","name":"MEYDAN.TV","description":"Meydan TV Az\u0259rbaycan\u0131n media m\u0259kan\u0131ndak\u0131 alternativ s\u0259sidir","publisher":{"@id":"https:\/\/www.meydan.tv\/az\/#organization"},"potentialAction":[{"@type":"SearchAction","target":{"@type":"EntryPoint","urlTemplate":"https:\/\/www.meydan.tv\/az\/?s={search_term_string}"},"query-input":{"@type":"PropertyValueSpecification","valueRequired":true,"valueName":"search_term_string"}}],"inLanguage":"az"},{"@type":"Organization","@id":"https:\/\/www.meydan.tv\/az\/#organization","name":"Meydan TV","url":"https:\/\/www.meydan.tv\/az\/","logo":{"@type":"ImageObject","inLanguage":"az","@id":"https:\/\/www.meydan.tv\/az\/#\/schema\/logo\/image\/","url":"https:\/\/www.meydan.tv\/wp-content\/uploads\/2021\/07\/meydan-logo.svg","contentUrl":"https:\/\/www.meydan.tv\/wp-content\/uploads\/2021\/07\/meydan-logo.svg","width":195,"height":46,"caption":"Meydan TV"},"image":{"@id":"https:\/\/www.meydan.tv\/az\/#\/schema\/logo\/image\/"}},{"@type":"Person","@id":"https:\/\/www.meydan.tv\/az\/#\/schema\/person\/10d11eccf6da3662cf5fdab9806ea91a","name":"user-manager"}]}},"_links":{"self":[{"href":"https:\/\/www.meydan.tv\/az\/wp-json\/wp\/v2\/posts\/167489","targetHints":{"allow":["GET"]}}],"collection":[{"href":"https:\/\/www.meydan.tv\/az\/wp-json\/wp\/v2\/posts"}],"about":[{"href":"https:\/\/www.meydan.tv\/az\/wp-json\/wp\/v2\/types\/post"}],"author":[{"embeddable":true,"href":"https:\/\/www.meydan.tv\/az\/wp-json\/wp\/v2\/users\/11"}],"replies":[{"embeddable":true,"href":"https:\/\/www.meydan.tv\/az\/wp-json\/wp\/v2\/comments?post=167489"}],"version-history":[{"count":0,"href":"https:\/\/www.meydan.tv\/az\/wp-json\/wp\/v2\/posts\/167489\/revisions"}],"wp:featuredmedia":[{"embeddable":true,"href":"https:\/\/www.meydan.tv\/az\/wp-json\/wp\/v2\/media\/22493"}],"wp:attachment":[{"href":"https:\/\/www.meydan.tv\/az\/wp-json\/wp\/v2\/media?parent=167489"}],"wp:term":[{"taxonomy":"category","embeddable":true,"href":"https:\/\/www.meydan.tv\/az\/wp-json\/wp\/v2\/categories?post=167489"},{"taxonomy":"post_tag","embeddable":true,"href":"https:\/\/www.meydan.tv\/az\/wp-json\/wp\/v2\/tags?post=167489"}],"curies":[{"name":"wp","href":"https:\/\/api.w.org\/{rel}","templated":true}]}}