{"id":167484,"date":"2015-04-08T17:30:47","date_gmt":"2015-04-08T17:30:47","guid":{"rendered":"https:\/\/www.meydan.tv\/article\/elmar-memmedyarov-avropa-ittifaqi-ortaya-qeti-movqe-qoymalidir\/"},"modified":"2015-04-08T17:30:47","modified_gmt":"2015-04-08T17:30:47","slug":"elmar-memmedyarov-avropa-ittifaqi-ortaya-qeti-movqe-qoymalidir","status":"publish","type":"post","link":"https:\/\/www.meydan.tv\/az\/article\/elmar-memmedyarov-avropa-ittifaqi-ortaya-qeti-movqe-qoymalidir\/","title":{"rendered":"Elmar M\u0259mm\u0259dyarov: &#8220;Avropa \u0130ttifaq\u0131 ortaya q\u0259ti m\u00f6vqe qoymal\u0131d\u0131r&#8221;"},"content":{"rendered":"<figure class=\"wp-block-image size-large\">\n  <img decoding=\"async\" src=\"https:\/\/www.meydan.tv\/az\/22472\/\" alt=\"\" class=\"wp-image-22472\"\/><figcaption><\/figcaption><\/figure>\n<figure class=\"wp-block-image size-large\">\n  <img decoding=\"async\" src=\"https:\/\/www.meydan.tv\/az\/22472\/\" alt=\"\" class=\"wp-image-22472\"\/><figcaption><\/figcaption><\/figure>\n<p>\n  &#8220;\u201cStatus kvo\u201d d\u0259yi\u015fdirilm\u0259li, m\u00fcnaqi\u015f\u0259nin h\u0259lli \u00fc\u00e7\u00fcn, ilk n\u00f6vb\u0259d\u0259, Erm\u0259nistan\u0131n silahl\u0131 q\u00fcvv\u0259l\u0259ri i\u015f\u011fal olunmu\u015f Az\u0259rbaycan \u0259razil\u0259rind\u0259n \u00e7\u0131xar\u0131lmal\u0131d\u0131r&#8221;\n<\/p>\n<p>\n  Xarici i\u015fl\u0259r naziri\u00a0Elmar M\u0259mm\u0259dyarov\u00a0Avropa \u0130ttifaq\u0131n\u0131n (A\u0130) Avropa Qon\u015fuluq Siyas\u0259ti v\u0259 Geni\u015fl\u0259nm\u0259 dan\u0131\u015f\u0131qlar\u0131 \u00fczr\u0259 komissar\u0131\u00a0Yohannes Han\u0131n r\u0259hb\u0259rlik etdiyi n\u00fcmay\u0259nd\u0259 hey\u0259tini q\u0259bul edib.\n<\/p>\n<p>\n  Xarici \u0130\u015fl\u0259r Nazirliyinin m\u0259tbuat xidm\u0259tind\u0259n<br \/>\n  <a href=\"https:\/\/apa.az\/\"><br \/>\n    APA<br \/>\n  <\/a><br \/>\n  -ya veril\u0259n m\u0259lumata g\u00f6r\u0259, g\u00f6r\u00fc\u015f zaman\u0131 t\u0259r\u0259fl\u0259r Az\u0259rbaycan il\u0259\u00a0Avropa \u0130ttifaq\u0131\u00a0aras\u0131ndak\u0131 m\u00fcnasib\u0259tl\u0259rin cari s\u0259viyy\u0259sini y\u00fcks\u0259k qiym\u0259tl\u0259ndiribl\u0259r.\n<\/p>\n<p>\n  Az\u0259rbaycan\u0131n A\u0130-y\u0259 \u00fczv \u0259ks\u0259r d\u00f6vl\u0259tl\u0259rl\u0259 strateji t\u0259r\u0259fda\u015fl\u0131q m\u00fcnasib\u0259tl\u0259rin\u0259 malik oldu\u011funu bildir\u0259n E. M\u0259mm\u0259dyarov A\u0130 il\u0259 d\u0259 strateji t\u0259r\u0259fda\u015fl\u0131q \u0259laq\u0259l\u0259rinin qurulmas\u0131n\u0131n vacibliyini diqq\u0259t\u0259 \u00e7atd\u0131r\u0131b.\n<\/p>\n<p>\n  G\u00f6r\u00fc\u015fd\u0259 Az\u0259rbaycan il\u0259 A\u0130 aras\u0131nda enerji sah\u0259sind\u0259 t\u0259r\u0259fda\u015fl\u0131q v\u0259 TAP v\u0259TANAP\u00a0layih\u0259l\u0259rinin \u0259h\u0259miyy\u0259ti qeyd olunub.\n<\/p>\n<p>\n  Erm\u0259nistan-Az\u0259rbaycan,\u00a0Da\u011fl\u0131q Qaraba\u011f\u00a0m\u00fcnaqi\u015f\u0259si \u00fczr\u0259 dan\u0131\u015f\u0131qlar\u0131n cari v\u0259ziyy\u0259ti haqq\u0131nda m\u0259lumat ver\u0259n nazir dig\u0259r Avropa institutlar\u0131 kimi A\u0130-nin d\u0259 m\u00fcnaqi\u015f\u0259 il\u0259 ba\u011fl\u0131 q\u0259ti m\u00f6vqeyinin ortaya qoyulmas\u0131n\u0131n vacibliyini s\u00f6yl\u0259yib.\n<\/p>\n<p>\n  M\u00f6vcud \u201cstatus kvo\u201dnun qeyri-davaml\u0131 v\u0259 q\u0259buledilm\u0259z oldu\u011funu dey\u0259n E. M\u0259mm\u0259dyarov \u0259lav\u0259 edib ki, \u201cstatus kvo\u201d d\u0259yi\u015fdirilm\u0259li, m\u00fcnaqi\u015f\u0259nin h\u0259lli \u00fc\u00e7\u00fcn, ilk n\u00f6vb\u0259d\u0259, Erm\u0259nistan\u0131n silahl\u0131 q\u00fcvv\u0259l\u0259ri i\u015f\u011fal olunmu\u015f Az\u0259rbaycan \u0259razil\u0259rind\u0259n \u00e7\u0131xar\u0131lmal\u0131d\u0131r.\n<\/p>\n<p>\n  E. M\u0259mm\u0259dyarov i\u015f\u011fal v\u0259 t\u0259cav\u00fcz\u00fcn aradan qald\u0131r\u0131lmas\u0131 v\u0259 m\u00fcnaqi\u015f\u0259nin h\u0259lli n\u0259tic\u0259sind\u0259 regional inki\u015faf \u00fc\u00e7\u00fcn yeni imkanlar\u0131n yaranaca\u011f\u0131n\u0131 diqq\u0259t\u0259 \u00e7atd\u0131r\u0131b.\n<\/p>\n<p>\n  G\u00f6r\u00fc\u015f zaman\u0131 t\u0259r\u0259fl\u0259r Riqada ke\u00e7iril\u0259c\u0259k \u201c\u015e\u0259rq t\u0259r\u0259fda\u015fl\u0131\u011f\u0131\u201d t\u0259\u015f\u0259bb\u00fcs\u00fcn\u00fcn n\u00f6vb\u0259ti sammitinin \u0259h\u0259miyy\u0259tini vur\u011fulay\u0131b, elm, t\u0259hsil, humanitar v\u0259 dig\u0259r sah\u0259l\u0259rd\u0259 \u0259m\u0259kda\u015fl\u0131\u011f\u0131n daha da d\u0259rinl\u0259\u015fdirilm\u0259sinin \u0259h\u0259miyy\u0259tini qeyd edibl\u0259r.\n<\/p>\n<p><div><\/div><\/p>\n","protected":false},"excerpt":{"rendered":"<p>&#8220;\u201cStatus kvo\u201d d\u0259yi\u015fdirilm\u0259li, m\u00fcnaqi\u015f\u0259nin h\u0259lli \u00fc\u00e7\u00fcn, ilk n\u00f6vb\u0259d\u0259, Erm\u0259nistan\u0131n silahl\u0131 q\u00fcvv\u0259l\u0259ri i\u015f\u011fal olunmu\u015f Az\u0259rbaycan \u0259razil\u0259rind\u0259n \u00e7\u0131xar\u0131lmal\u0131d\u0131r&#8221;<\/p>\n","protected":false},"author":11,"featured_media":22472,"comment_status":"closed","ping_status":"open","sticky":false,"template":"","format":"standard","meta":{"_acf_changed":false,"_sitemap_exclude":false,"_sitemap_priority":"","_sitemap_frequency":"","footnotes":""},"categories":[56],"tags":[],"class_list":["post-167484","post","type-post","status-publish","format-standard","has-post-thumbnail","hentry","category-xeberler","infinite-scroll-item","generate-columns","tablet-grid-50","mobile-grid-100","grid-parent","grid-33","no-featured-image-padding"],"acf":[],"yoast_head":"<!-- This site is optimized with the Yoast SEO plugin v28.4 - https:\/\/yoast.com\/product\/yoast-seo-wordpress\/ -->\n<title>Elmar M\u0259mm\u0259dyarov: &quot;Avropa \u0130ttifaq\u0131 ortaya q\u0259ti m\u00f6vqe qoymal\u0131d\u0131r&quot; - MEYDAN.TV<\/title>\n<meta name=\"robots\" content=\"index, follow, max-snippet:-1, max-image-preview:large, max-video-preview:-1\" \/>\n<link rel=\"canonical\" href=\"https:\/\/www.meydan.tv\/az\/article\/elmar-memmedyarov-avropa-ittifaqi-ortaya-qeti-movqe-qoymalidir\/\" \/>\n<meta property=\"og:locale\" content=\"az_AZ\" \/>\n<meta property=\"og:type\" content=\"article\" \/>\n<meta property=\"og:title\" content=\"Elmar M\u0259mm\u0259dyarov: &quot;Avropa \u0130ttifaq\u0131 ortaya q\u0259ti m\u00f6vqe qoymal\u0131d\u0131r&quot; - MEYDAN.TV\" \/>\n<meta property=\"og:description\" content=\"&quot;\u201cStatus kvo\u201d d\u0259yi\u015fdirilm\u0259li, m\u00fcnaqi\u015f\u0259nin h\u0259lli \u00fc\u00e7\u00fcn, ilk n\u00f6vb\u0259d\u0259, Erm\u0259nistan\u0131n silahl\u0131 q\u00fcvv\u0259l\u0259ri i\u015f\u011fal olunmu\u015f Az\u0259rbaycan \u0259razil\u0259rind\u0259n \u00e7\u0131xar\u0131lmal\u0131d\u0131r&quot;\" \/>\n<meta property=\"og:url\" content=\"https:\/\/www.meydan.tv\/az\/article\/elmar-memmedyarov-avropa-ittifaqi-ortaya-qeti-movqe-qoymalidir\/\" \/>\n<meta property=\"og:site_name\" content=\"MEYDAN.TV\" \/>\n<meta property=\"article:published_time\" content=\"2015-04-08T17:30:47+00:00\" \/>\n<meta property=\"og:image\" content=\"https:\/\/www.meydan.tv\/wp-content\/uploads\/8155.jpg\" \/>\n\t<meta property=\"og:image:width\" content=\"410\" \/>\n\t<meta property=\"og:image:height\" content=\"307\" \/>\n\t<meta property=\"og:image:type\" content=\"image\/jpeg\" \/>\n<meta name=\"twitter:card\" content=\"summary_large_image\" \/>\n<!-- \/ Yoast SEO plugin. -->","yoast_head_json":{"title":"Elmar M\u0259mm\u0259dyarov: \"Avropa \u0130ttifaq\u0131 ortaya q\u0259ti m\u00f6vqe qoymal\u0131d\u0131r\" - MEYDAN.TV","robots":{"index":"index","follow":"follow","max-snippet":"max-snippet:-1","max-image-preview":"max-image-preview:large","max-video-preview":"max-video-preview:-1"},"canonical":"https:\/\/www.meydan.tv\/az\/article\/elmar-memmedyarov-avropa-ittifaqi-ortaya-qeti-movqe-qoymalidir\/","og_locale":"az_AZ","og_type":"article","og_title":"Elmar M\u0259mm\u0259dyarov: \"Avropa \u0130ttifaq\u0131 ortaya q\u0259ti m\u00f6vqe qoymal\u0131d\u0131r\" - MEYDAN.TV","og_description":"\"\u201cStatus kvo\u201d d\u0259yi\u015fdirilm\u0259li, m\u00fcnaqi\u015f\u0259nin h\u0259lli \u00fc\u00e7\u00fcn, ilk n\u00f6vb\u0259d\u0259, Erm\u0259nistan\u0131n silahl\u0131 q\u00fcvv\u0259l\u0259ri i\u015f\u011fal olunmu\u015f Az\u0259rbaycan \u0259razil\u0259rind\u0259n \u00e7\u0131xar\u0131lmal\u0131d\u0131r\"","og_url":"https:\/\/www.meydan.tv\/az\/article\/elmar-memmedyarov-avropa-ittifaqi-ortaya-qeti-movqe-qoymalidir\/","og_site_name":"MEYDAN.TV","article_published_time":"2015-04-08T17:30:47+00:00","og_image":[{"width":410,"height":307,"url":"https:\/\/www.meydan.tv\/wp-content\/uploads\/8155.jpg","type":"image\/jpeg"}],"twitter_card":"summary_large_image","schema":{"@context":"https:\/\/schema.org","@graph":[{"@type":"Article","@id":"https:\/\/www.meydan.tv\/az\/article\/elmar-memmedyarov-avropa-ittifaqi-ortaya-qeti-movqe-qoymalidir\/#article","isPartOf":{"@id":"https:\/\/www.meydan.tv\/az\/article\/elmar-memmedyarov-avropa-ittifaqi-ortaya-qeti-movqe-qoymalidir\/"},"author":{"name":"user-manager","@id":"https:\/\/www.meydan.tv\/az\/#\/schema\/person\/10d11eccf6da3662cf5fdab9806ea91a"},"headline":"Elmar M\u0259mm\u0259dyarov: &#8220;Avropa \u0130ttifaq\u0131 ortaya q\u0259ti m\u00f6vqe qoymal\u0131d\u0131r&#8221;","datePublished":"2015-04-08T17:30:47+00:00","mainEntityOfPage":{"@id":"https:\/\/www.meydan.tv\/az\/article\/elmar-memmedyarov-avropa-ittifaqi-ortaya-qeti-movqe-qoymalidir\/"},"wordCount":422,"publisher":{"@id":"https:\/\/www.meydan.tv\/az\/#organization"},"image":{"@id":"https:\/\/www.meydan.tv\/az\/article\/elmar-memmedyarov-avropa-ittifaqi-ortaya-qeti-movqe-qoymalidir\/#primaryimage"},"thumbnailUrl":"https:\/\/www.meydan.tv\/wp-content\/uploads\/8155.jpg","articleSection":["X\u0259b\u0259rl\u0259r"],"inLanguage":"az"},{"@type":"WebPage","@id":"https:\/\/www.meydan.tv\/az\/article\/elmar-memmedyarov-avropa-ittifaqi-ortaya-qeti-movqe-qoymalidir\/","url":"https:\/\/www.meydan.tv\/az\/article\/elmar-memmedyarov-avropa-ittifaqi-ortaya-qeti-movqe-qoymalidir\/","name":"Elmar M\u0259mm\u0259dyarov: \"Avropa \u0130ttifaq\u0131 ortaya q\u0259ti m\u00f6vqe qoymal\u0131d\u0131r\" - MEYDAN.TV","isPartOf":{"@id":"https:\/\/www.meydan.tv\/az\/#website"},"primaryImageOfPage":{"@id":"https:\/\/www.meydan.tv\/az\/article\/elmar-memmedyarov-avropa-ittifaqi-ortaya-qeti-movqe-qoymalidir\/#primaryimage"},"image":{"@id":"https:\/\/www.meydan.tv\/az\/article\/elmar-memmedyarov-avropa-ittifaqi-ortaya-qeti-movqe-qoymalidir\/#primaryimage"},"thumbnailUrl":"https:\/\/www.meydan.tv\/wp-content\/uploads\/8155.jpg","datePublished":"2015-04-08T17:30:47+00:00","breadcrumb":{"@id":"https:\/\/www.meydan.tv\/az\/article\/elmar-memmedyarov-avropa-ittifaqi-ortaya-qeti-movqe-qoymalidir\/#breadcrumb"},"inLanguage":"az","potentialAction":[{"@type":"ReadAction","target":["https:\/\/www.meydan.tv\/az\/article\/elmar-memmedyarov-avropa-ittifaqi-ortaya-qeti-movqe-qoymalidir\/"]}]},{"@type":"ImageObject","inLanguage":"az","@id":"https:\/\/www.meydan.tv\/az\/article\/elmar-memmedyarov-avropa-ittifaqi-ortaya-qeti-movqe-qoymalidir\/#primaryimage","url":"https:\/\/www.meydan.tv\/wp-content\/uploads\/8155.jpg","contentUrl":"https:\/\/www.meydan.tv\/wp-content\/uploads\/8155.jpg","width":410,"height":307,"caption":"Source:"},{"@type":"BreadcrumbList","@id":"https:\/\/www.meydan.tv\/az\/article\/elmar-memmedyarov-avropa-ittifaqi-ortaya-qeti-movqe-qoymalidir\/#breadcrumb","itemListElement":[{"@type":"ListItem","position":1,"name":"Ana s\u0259hif\u0259","item":"https:\/\/www.meydan.tv\/az\/"},{"@type":"ListItem","position":2,"name":"X\u0259b\u0259rl\u0259r","item":"https:\/\/www.meydan.tv\/az\/section\/xeberler\/"},{"@type":"ListItem","position":3,"name":"Elmar M\u0259mm\u0259dyarov: &#8220;Avropa \u0130ttifaq\u0131 ortaya q\u0259ti m\u00f6vqe qoymal\u0131d\u0131r&#8221;"}]},{"@type":"WebSite","@id":"https:\/\/www.meydan.tv\/az\/#website","url":"https:\/\/www.meydan.tv\/az\/","name":"MEYDAN.TV","description":"Meydan TV Az\u0259rbaycan\u0131n media m\u0259kan\u0131ndak\u0131 alternativ s\u0259sidir","publisher":{"@id":"https:\/\/www.meydan.tv\/az\/#organization"},"potentialAction":[{"@type":"SearchAction","target":{"@type":"EntryPoint","urlTemplate":"https:\/\/www.meydan.tv\/az\/?s={search_term_string}"},"query-input":{"@type":"PropertyValueSpecification","valueRequired":true,"valueName":"search_term_string"}}],"inLanguage":"az"},{"@type":"Organization","@id":"https:\/\/www.meydan.tv\/az\/#organization","name":"Meydan TV","url":"https:\/\/www.meydan.tv\/az\/","logo":{"@type":"ImageObject","inLanguage":"az","@id":"https:\/\/www.meydan.tv\/az\/#\/schema\/logo\/image\/","url":"https:\/\/www.meydan.tv\/wp-content\/uploads\/2021\/07\/meydan-logo.svg","contentUrl":"https:\/\/www.meydan.tv\/wp-content\/uploads\/2021\/07\/meydan-logo.svg","width":195,"height":46,"caption":"Meydan TV"},"image":{"@id":"https:\/\/www.meydan.tv\/az\/#\/schema\/logo\/image\/"}},{"@type":"Person","@id":"https:\/\/www.meydan.tv\/az\/#\/schema\/person\/10d11eccf6da3662cf5fdab9806ea91a","name":"user-manager"}]}},"_links":{"self":[{"href":"https:\/\/www.meydan.tv\/az\/wp-json\/wp\/v2\/posts\/167484","targetHints":{"allow":["GET"]}}],"collection":[{"href":"https:\/\/www.meydan.tv\/az\/wp-json\/wp\/v2\/posts"}],"about":[{"href":"https:\/\/www.meydan.tv\/az\/wp-json\/wp\/v2\/types\/post"}],"author":[{"embeddable":true,"href":"https:\/\/www.meydan.tv\/az\/wp-json\/wp\/v2\/users\/11"}],"replies":[{"embeddable":true,"href":"https:\/\/www.meydan.tv\/az\/wp-json\/wp\/v2\/comments?post=167484"}],"version-history":[{"count":0,"href":"https:\/\/www.meydan.tv\/az\/wp-json\/wp\/v2\/posts\/167484\/revisions"}],"wp:featuredmedia":[{"embeddable":true,"href":"https:\/\/www.meydan.tv\/az\/wp-json\/wp\/v2\/media\/22472"}],"wp:attachment":[{"href":"https:\/\/www.meydan.tv\/az\/wp-json\/wp\/v2\/media?parent=167484"}],"wp:term":[{"taxonomy":"category","embeddable":true,"href":"https:\/\/www.meydan.tv\/az\/wp-json\/wp\/v2\/categories?post=167484"},{"taxonomy":"post_tag","embeddable":true,"href":"https:\/\/www.meydan.tv\/az\/wp-json\/wp\/v2\/tags?post=167484"}],"curies":[{"name":"wp","href":"https:\/\/api.w.org\/{rel}","templated":true}]}}