{"id":167481,"date":"2015-04-08T15:47:30","date_gmt":"2015-04-08T15:47:30","guid":{"rendered":"https:\/\/www.meydan.tv\/article\/penah-huseyn-iqtidarla-danisiga-getmeyi-teklif-edir\/"},"modified":"2015-04-08T15:47:30","modified_gmt":"2015-04-08T15:47:30","slug":"penah-huseyn-iqtidarla-danisiga-getmeyi-teklif-edir","status":"publish","type":"post","link":"https:\/\/www.meydan.tv\/az\/article\/penah-huseyn-iqtidarla-danisiga-getmeyi-teklif-edir\/","title":{"rendered":"P\u0259nah H\u00fcseyn iqtidarla dan\u0131\u015f\u0131\u011fa getm\u0259yi t\u0259klif edir"},"content":{"rendered":"<figure class=\"wp-block-image size-large\">\n  <img decoding=\"async\" src=\"https:\/\/www.meydan.tv\/az\/22466\/\" alt=\"\" class=\"wp-image-22466\"\/><figcaption><\/figcaption><\/figure>\n<figure class=\"wp-block-image size-large\">\n  <img decoding=\"async\" src=\"https:\/\/www.meydan.tv\/az\/22466\/\" alt=\"\" class=\"wp-image-22466\"\/><figcaption><\/figcaption><\/figure>\n<p>\n  \u201cAzadl\u0131q-2015\u201d se\u00e7ki blokunun t\u0259\u015fkilat\u00e7\u0131l\u0131\u011f\u0131 il\u0259 \u201cD\u0259yi\u015f\u0259n d\u00fcnya v\u0259 Az\u0259rbaycan: m\u00f6vcud durum v\u0259 perspektivl\u0259r\u201d m\u00f6vzusunda d\u0259yirmi masa ke\u00e7irilib.\n<\/p>\n<p>\n  <a href=\"https:\/\/apa.az\/\"><br \/>\n    APA<br \/>\n  <\/a><br \/>\n  -n\u0131n m\u0259lumat\u0131na g\u00f6r\u0259, t\u0259dbird\u0259 \u00e7\u0131x\u0131\u015f ed\u0259n V\u0259t\u0259nda\u015f H\u0259mr\u0259yliyi Partiyas\u0131n\u0131n s\u0259dri\u00a0Sabir R\u00fcst\u0259mxanl\u0131\u00a0bildirib ki, haz\u0131rda d\u00fcnyan\u0131 ziddiyy\u0259tl\u0259r b\u00fcr\u00fcy\u00fcb, bu ziddiyy\u0259tl\u0259rin, Az\u0259rbaycana da ke\u00e7m\u0259k t\u0259hl\u00fck\u0259si var: \u201cHesab edir\u0259m ki, haz\u0131rda son d\u0259r\u0259c\u0259 m\u0259suliyy\u0259tli d\u00f6n\u0259md\u0259yik. \u00d6lk\u0259nin milli m\u0259nsubiyy\u0259t da\u015f\u0131yan ziyal\u0131lar\u0131 probleml\u0259rin h\u0259llind\u0259 f\u0259all\u0131q g\u00f6st\u0259rm\u0259lidirl\u0259r\u201d.\n<\/p>\n<p>\n  P\u0259nah H\u00fcseyn is\u0259 iqtidar-m\u00fcxalif\u0259t g\u00f6r\u00fc\u015fl\u0259rini milli birlik bax\u0131m\u0131ndan \u015fans adland\u0131r\u0131b: \u201cBiz bu g\u00f6r\u00fc\u015fl\u0259r\u0259 \u0130sa Q\u0259mb\u0259ri, Arif Hac\u0131l\u0131n\u0131, C\u0259mil H\u0259s\u0259nlini d\u0259 d\u0259v\u0259t etmi\u015fdik. Y\u0259qin ki, bizim qar\u015f\u0131m\u0131zda s\u00f6z dem\u0259y\u0259 ehtiyac hiss etm\u0259yibl\u0259r. Bir d\u00fc\u015f\u00fcnc\u0259, g\u00f6t\u00fcr-qoy etm\u0259k problemi var. M\u00fcxalif\u0259t g\u00f6zl\u0259yir ki, g\u00f6zl\u0259rini a\u00e7acaqlar v\u0259 xalq onlar\u0131 hakimiyy\u0259t\u0259 g\u0259tir\u0259c\u0259k. Ancaq art\u0131q o d\u00f6n\u0259m deyil. Ona g\u00f6r\u0259 d\u0259 hesab edir\u0259m ki, h\u0259m iqtidar, h\u0259m d\u0259 m\u00fcxalif\u0259t probleml\u0259rd\u0259n \u00e7\u0131x\u0131\u015f yollar\u0131n\u0131 axtarmal\u0131d\u0131r. Bir araya g\u0259l\u0259r\u0259k, milli birlik n\u00fcmayi\u015f etdirm\u0259liyik. Bunun \u00fc\u00e7\u00fcn bu il ke\u00e7iril\u0259c\u0259k parlament se\u00e7kil\u0259ri \u00e7ox \u00f6n\u0259mlidir. \u0130qtidarla dan\u0131\u015f\u0131\u011fa getm\u0259li, m\u00fczakir\u0259l\u0259r aparmal\u0131y\u0131q\u201d.\n<\/p>\n<p>\n  Az\u0259rbaycan Milli \u0130stiqlal Partiyas\u0131n\u0131n s\u0259dri Yusif Ba\u011f\u0131rzad\u0259 vur\u011fulay\u0131b ki, iqtidar-m\u00fcxalif\u0259t g\u00f6r\u00fc\u015fl\u0259rind\u0259 m\u00fczakir\u0259 olunan m\u0259s\u0259l\u0259l\u0259r konkretl\u0259\u015fm\u0259lidir: \u201cT\u0259\u0259ss\u00fcfl\u0259r olsun ki, haz\u0131rda Az\u0259rbaycanda f\u0259aliyy\u0259t g\u00f6st\u0259r\u0259n siyasi partiyalar aras\u0131nda da m\u00fcnasib\u0259tl\u0259r \u00fcr\u0259ka\u00e7an deyil. Bu bax\u0131mdan ilk n\u00f6vb\u0259d\u0259 siyasi partiyalar aras\u0131nda m\u00fcnasib\u0259tl\u0259r normalla\u015fmal\u0131, \u00fcmummilli m\u0259s\u0259l\u0259l\u0259rd\u0259 iqtidarla h\u0259mr\u0259ylik g\u00f6st\u0259rilm\u0259lidir\u201d.\n<\/p>\n<p>\n  Azad Demokratlar Partiyas\u0131n\u0131n s\u0259dri S\u00fclh\u0259ddin \u018fkb\u0259r is\u0259 \u00e7\u0131x\u0131\u015f\u0131nda d\u00fcnyada ba\u015f ver\u0259n siyasi-iqtisadi v\u0259ziyy\u0259t v\u0259 bu prosesl\u0259rin Az\u0259rbaycana t\u0259sirind\u0259n dan\u0131\u015f\u0131b. O, \u00f6lk\u0259d\u0259ki ictimai-siyasi v\u0259ziyy\u0259tin fonunda, iqtidar-m\u00fcxalif\u0259t dialoqunun \u00f6n\u0259mini vur\u011fulay\u0131b. S. \u018fkb\u0259r \u201cAzadl\u0131q-2015\u201d se\u00e7ki blokunun konsepsiyas\u0131 bar\u0259d\u0259 d\u0259 t\u0259dbir i\u015ftirak\u00e7\u0131lar\u0131na m\u0259lumat verib.\n<\/p>\n<p>\n  T\u0259bird\u0259 dig\u0259r \u00e7\u0131x\u0131\u015flar da dinl\u0259nilib.\n<\/p>\n<p><div><\/div><\/p>\n","protected":false},"excerpt":{"rendered":"<p>&#8220;M\u00fcxalif\u0259t g\u00f6zl\u0259yir ki, g\u00f6zl\u0259rini a\u00e7acaqlar v\u0259 xalq onlar\u0131 hakimiyy\u0259t\u0259 g\u0259tir\u0259c\u0259k&#8221;<\/p>\n","protected":false},"author":11,"featured_media":22466,"comment_status":"closed","ping_status":"open","sticky":false,"template":"","format":"standard","meta":{"_acf_changed":false,"_sitemap_exclude":false,"_sitemap_priority":"","_sitemap_frequency":"","footnotes":""},"categories":[56],"tags":[],"class_list":["post-167481","post","type-post","status-publish","format-standard","has-post-thumbnail","hentry","category-xeberler","infinite-scroll-item","generate-columns","tablet-grid-50","mobile-grid-100","grid-parent","grid-33","no-featured-image-padding"],"acf":[],"yoast_head":"<!-- This site is optimized with the Yoast SEO plugin v28.4 - https:\/\/yoast.com\/product\/yoast-seo-wordpress\/ -->\n<title>P\u0259nah H\u00fcseyn iqtidarla dan\u0131\u015f\u0131\u011fa getm\u0259yi t\u0259klif edir - MEYDAN.TV<\/title>\n<meta name=\"robots\" content=\"index, follow, max-snippet:-1, max-image-preview:large, max-video-preview:-1\" \/>\n<link rel=\"canonical\" href=\"https:\/\/www.meydan.tv\/az\/article\/penah-huseyn-iqtidarla-danisiga-getmeyi-teklif-edir\/\" \/>\n<meta property=\"og:locale\" content=\"az_AZ\" \/>\n<meta property=\"og:type\" content=\"article\" \/>\n<meta property=\"og:title\" content=\"P\u0259nah H\u00fcseyn iqtidarla dan\u0131\u015f\u0131\u011fa getm\u0259yi t\u0259klif edir - MEYDAN.TV\" \/>\n<meta property=\"og:description\" content=\"&quot;M\u00fcxalif\u0259t g\u00f6zl\u0259yir ki, g\u00f6zl\u0259rini a\u00e7acaqlar v\u0259 xalq onlar\u0131 hakimiyy\u0259t\u0259 g\u0259tir\u0259c\u0259k&quot;\" \/>\n<meta property=\"og:url\" content=\"https:\/\/www.meydan.tv\/az\/article\/penah-huseyn-iqtidarla-danisiga-getmeyi-teklif-edir\/\" \/>\n<meta property=\"og:site_name\" content=\"MEYDAN.TV\" \/>\n<meta property=\"article:published_time\" content=\"2015-04-08T15:47:30+00:00\" \/>\n<meta property=\"og:image\" content=\"https:\/\/www.meydan.tv\/wp-content\/uploads\/8152.jpg\" \/>\n\t<meta property=\"og:image:width\" content=\"640\" \/>\n\t<meta property=\"og:image:height\" content=\"478\" \/>\n\t<meta property=\"og:image:type\" content=\"image\/jpeg\" \/>\n<meta name=\"twitter:card\" content=\"summary_large_image\" \/>\n<!-- \/ Yoast SEO plugin. -->","yoast_head_json":{"title":"P\u0259nah H\u00fcseyn iqtidarla dan\u0131\u015f\u0131\u011fa getm\u0259yi t\u0259klif edir - MEYDAN.TV","robots":{"index":"index","follow":"follow","max-snippet":"max-snippet:-1","max-image-preview":"max-image-preview:large","max-video-preview":"max-video-preview:-1"},"canonical":"https:\/\/www.meydan.tv\/az\/article\/penah-huseyn-iqtidarla-danisiga-getmeyi-teklif-edir\/","og_locale":"az_AZ","og_type":"article","og_title":"P\u0259nah H\u00fcseyn iqtidarla dan\u0131\u015f\u0131\u011fa getm\u0259yi t\u0259klif edir - MEYDAN.TV","og_description":"\"M\u00fcxalif\u0259t g\u00f6zl\u0259yir ki, g\u00f6zl\u0259rini a\u00e7acaqlar v\u0259 xalq onlar\u0131 hakimiyy\u0259t\u0259 g\u0259tir\u0259c\u0259k\"","og_url":"https:\/\/www.meydan.tv\/az\/article\/penah-huseyn-iqtidarla-danisiga-getmeyi-teklif-edir\/","og_site_name":"MEYDAN.TV","article_published_time":"2015-04-08T15:47:30+00:00","og_image":[{"width":640,"height":478,"url":"https:\/\/www.meydan.tv\/wp-content\/uploads\/8152.jpg","type":"image\/jpeg"}],"twitter_card":"summary_large_image","schema":{"@context":"https:\/\/schema.org","@graph":[{"@type":"Article","@id":"https:\/\/www.meydan.tv\/az\/article\/penah-huseyn-iqtidarla-danisiga-getmeyi-teklif-edir\/#article","isPartOf":{"@id":"https:\/\/www.meydan.tv\/az\/article\/penah-huseyn-iqtidarla-danisiga-getmeyi-teklif-edir\/"},"author":{"name":"user-manager","@id":"https:\/\/www.meydan.tv\/az\/#\/schema\/person\/10d11eccf6da3662cf5fdab9806ea91a"},"headline":"P\u0259nah H\u00fcseyn iqtidarla dan\u0131\u015f\u0131\u011fa getm\u0259yi t\u0259klif edir","datePublished":"2015-04-08T15:47:30+00:00","mainEntityOfPage":{"@id":"https:\/\/www.meydan.tv\/az\/article\/penah-huseyn-iqtidarla-danisiga-getmeyi-teklif-edir\/"},"wordCount":481,"publisher":{"@id":"https:\/\/www.meydan.tv\/az\/#organization"},"image":{"@id":"https:\/\/www.meydan.tv\/az\/article\/penah-huseyn-iqtidarla-danisiga-getmeyi-teklif-edir\/#primaryimage"},"thumbnailUrl":"https:\/\/www.meydan.tv\/wp-content\/uploads\/8152.jpg","articleSection":["X\u0259b\u0259rl\u0259r"],"inLanguage":"az"},{"@type":"WebPage","@id":"https:\/\/www.meydan.tv\/az\/article\/penah-huseyn-iqtidarla-danisiga-getmeyi-teklif-edir\/","url":"https:\/\/www.meydan.tv\/az\/article\/penah-huseyn-iqtidarla-danisiga-getmeyi-teklif-edir\/","name":"P\u0259nah H\u00fcseyn iqtidarla dan\u0131\u015f\u0131\u011fa getm\u0259yi t\u0259klif edir - MEYDAN.TV","isPartOf":{"@id":"https:\/\/www.meydan.tv\/az\/#website"},"primaryImageOfPage":{"@id":"https:\/\/www.meydan.tv\/az\/article\/penah-huseyn-iqtidarla-danisiga-getmeyi-teklif-edir\/#primaryimage"},"image":{"@id":"https:\/\/www.meydan.tv\/az\/article\/penah-huseyn-iqtidarla-danisiga-getmeyi-teklif-edir\/#primaryimage"},"thumbnailUrl":"https:\/\/www.meydan.tv\/wp-content\/uploads\/8152.jpg","datePublished":"2015-04-08T15:47:30+00:00","breadcrumb":{"@id":"https:\/\/www.meydan.tv\/az\/article\/penah-huseyn-iqtidarla-danisiga-getmeyi-teklif-edir\/#breadcrumb"},"inLanguage":"az","potentialAction":[{"@type":"ReadAction","target":["https:\/\/www.meydan.tv\/az\/article\/penah-huseyn-iqtidarla-danisiga-getmeyi-teklif-edir\/"]}]},{"@type":"ImageObject","inLanguage":"az","@id":"https:\/\/www.meydan.tv\/az\/article\/penah-huseyn-iqtidarla-danisiga-getmeyi-teklif-edir\/#primaryimage","url":"https:\/\/www.meydan.tv\/wp-content\/uploads\/8152.jpg","contentUrl":"https:\/\/www.meydan.tv\/wp-content\/uploads\/8152.jpg","width":640,"height":478,"caption":"Source:"},{"@type":"BreadcrumbList","@id":"https:\/\/www.meydan.tv\/az\/article\/penah-huseyn-iqtidarla-danisiga-getmeyi-teklif-edir\/#breadcrumb","itemListElement":[{"@type":"ListItem","position":1,"name":"Ana s\u0259hif\u0259","item":"https:\/\/www.meydan.tv\/az\/"},{"@type":"ListItem","position":2,"name":"X\u0259b\u0259rl\u0259r","item":"https:\/\/www.meydan.tv\/az\/section\/xeberler\/"},{"@type":"ListItem","position":3,"name":"P\u0259nah H\u00fcseyn iqtidarla dan\u0131\u015f\u0131\u011fa getm\u0259yi t\u0259klif edir"}]},{"@type":"WebSite","@id":"https:\/\/www.meydan.tv\/az\/#website","url":"https:\/\/www.meydan.tv\/az\/","name":"MEYDAN.TV","description":"Meydan TV Az\u0259rbaycan\u0131n media m\u0259kan\u0131ndak\u0131 alternativ s\u0259sidir","publisher":{"@id":"https:\/\/www.meydan.tv\/az\/#organization"},"potentialAction":[{"@type":"SearchAction","target":{"@type":"EntryPoint","urlTemplate":"https:\/\/www.meydan.tv\/az\/?s={search_term_string}"},"query-input":{"@type":"PropertyValueSpecification","valueRequired":true,"valueName":"search_term_string"}}],"inLanguage":"az"},{"@type":"Organization","@id":"https:\/\/www.meydan.tv\/az\/#organization","name":"Meydan TV","url":"https:\/\/www.meydan.tv\/az\/","logo":{"@type":"ImageObject","inLanguage":"az","@id":"https:\/\/www.meydan.tv\/az\/#\/schema\/logo\/image\/","url":"https:\/\/www.meydan.tv\/wp-content\/uploads\/2021\/07\/meydan-logo.svg","contentUrl":"https:\/\/www.meydan.tv\/wp-content\/uploads\/2021\/07\/meydan-logo.svg","width":195,"height":46,"caption":"Meydan TV"},"image":{"@id":"https:\/\/www.meydan.tv\/az\/#\/schema\/logo\/image\/"}},{"@type":"Person","@id":"https:\/\/www.meydan.tv\/az\/#\/schema\/person\/10d11eccf6da3662cf5fdab9806ea91a","name":"user-manager"}]}},"_links":{"self":[{"href":"https:\/\/www.meydan.tv\/az\/wp-json\/wp\/v2\/posts\/167481","targetHints":{"allow":["GET"]}}],"collection":[{"href":"https:\/\/www.meydan.tv\/az\/wp-json\/wp\/v2\/posts"}],"about":[{"href":"https:\/\/www.meydan.tv\/az\/wp-json\/wp\/v2\/types\/post"}],"author":[{"embeddable":true,"href":"https:\/\/www.meydan.tv\/az\/wp-json\/wp\/v2\/users\/11"}],"replies":[{"embeddable":true,"href":"https:\/\/www.meydan.tv\/az\/wp-json\/wp\/v2\/comments?post=167481"}],"version-history":[{"count":0,"href":"https:\/\/www.meydan.tv\/az\/wp-json\/wp\/v2\/posts\/167481\/revisions"}],"wp:featuredmedia":[{"embeddable":true,"href":"https:\/\/www.meydan.tv\/az\/wp-json\/wp\/v2\/media\/22466"}],"wp:attachment":[{"href":"https:\/\/www.meydan.tv\/az\/wp-json\/wp\/v2\/media?parent=167481"}],"wp:term":[{"taxonomy":"category","embeddable":true,"href":"https:\/\/www.meydan.tv\/az\/wp-json\/wp\/v2\/categories?post=167481"},{"taxonomy":"post_tag","embeddable":true,"href":"https:\/\/www.meydan.tv\/az\/wp-json\/wp\/v2\/tags?post=167481"}],"curies":[{"name":"wp","href":"https:\/\/api.w.org\/{rel}","templated":true}]}}