{"id":167480,"date":"2015-04-08T13:59:28","date_gmt":"2015-04-08T13:59:28","guid":{"rendered":"https:\/\/www.meydan.tv\/article\/vekil-olmaq-isteyenlerin-coxu-imtahandan-kecmedi\/"},"modified":"2015-04-08T13:59:28","modified_gmt":"2015-04-08T13:59:28","slug":"vekil-olmaq-isteyenlerin-coxu-imtahandan-kecmedi","status":"publish","type":"post","link":"https:\/\/www.meydan.tv\/az\/article\/vekil-olmaq-isteyenlerin-coxu-imtahandan-kecmedi\/","title":{"rendered":"V\u0259kil olmaq ist\u0259y\u0259nl\u0259rin \u00e7oxu imtahandan ke\u00e7m\u0259di"},"content":{"rendered":"<figure class=\"wp-block-image size-large\">\n  <img decoding=\"async\" src=\"https:\/\/www.meydan.tv\/az\/22460\/\" alt=\"\" class=\"wp-image-22460\"\/><figcaption><\/figcaption><\/figure>\n<figure class=\"wp-block-image size-large\">\n  <img decoding=\"async\" src=\"https:\/\/www.meydan.tv\/az\/22460\/\" alt=\"\" class=\"wp-image-22460\"\/><figcaption><\/figcaption><\/figure>\n<p>\n  <i><br \/>\n    V\u0259kill\u0259r Kollegiyas\u0131n\u0131n s\u0259dr m\u00fcavini F\u0259rhad N\u0259c\u0259fov: &#8220;V\u0259kil olmaq ist\u0259y\u0259nl\u0259rin imtahandan ke\u00e7\u0259 bilm\u0259m\u0259si bu sah\u0259y\u0259 mara\u011f\u0131 olanlar\u0131n savad\u0131 il\u0259 ba\u011fl\u0131d\u0131r&#8221;<br \/>\n  <\/i>\n<\/p>\n<p>\n  <i><br \/>\n    H\u00fcquq\u015f\u00fcnas Xalid A\u011faliyev: &#8220;Bizd\u0259 h\u00fcquq t\u0259hsili almaq dem\u0259k olar ki, qanun v\u0259 m\u0259c\u0259ll\u0259l\u0259ri \u0259zb\u0259rl\u0259m\u0259kd\u0259n ibar\u0259tdir, buna g\u00f6r\u0259 d\u0259 n\u0259tic\u0259l\u0259r\u0259 t\u0259\u0259cc\u00fcbl\u0259nm\u0259m\u0259liyik&#8221;<br \/>\n  <\/i>\n<\/p>\n<p>\n  2015-ci ild\u0259 Az\u0259rbaycan V\u0259kill\u0259r Kollegiyas\u0131na \u00fczv se\u00e7ilm\u0259k \u00fc\u00e7\u00fcn imtahanlara \u00fcmumilikd\u0259 706 n\u0259f\u0259r s\u0259n\u0259d verib. \u0130mtahanlara qat\u0131lanlardan 215 n\u0259f\u0259ri II m\u0259rh\u0259l\u0259y\u0259 adlay\u0131b. \u0130kinci m\u0259rh\u0259l\u0259d\u0259n sonra 154 n\u0259f\u0259r v\u0259kil v\u0259siq\u0259si qazan\u0131b.\n<\/p>\n<p>\n  Bel\u0259likl\u0259, v\u0259kill\u0259rin say\u0131 934 n\u0259f\u0259r\u0259 \u00e7at\u0131b. 2015-ci ild\u0259 daha 154 n\u0259f\u0259r v\u0259kil ad\u0131 qazan\u0131b. Ancaq bu 154 n\u0259f\u0259r imthanlara qat\u0131lanlar\u0131n c\u0259mi 30 faizidir. Y\u0259ni, qalan 70 faiz iddia\u00e7\u0131 imtahandan ke\u00e7\u0259 bilm\u0259yib.\n<\/p>\n<p>\n  M\u00f6vcud v\u0259ziyy\u0259ti femida.az-a \u015f\u0259rh ed\u0259n V\u0259kill\u0259r Kollegiyas\u0131n\u0131n s\u0259dr m\u00fcavini F\u0259rhad N\u0259c\u0259fov hesab edir ki, v\u0259kil olmaq ist\u0259y\u0259nl\u0259rin imtahandan ke\u00e7\u0259 bilm\u0259m\u0259si bu sah\u0259y\u0259 mara\u011f\u0131 olanlar\u0131n savad\u0131 il\u0259 ba\u011fl\u0131d\u0131r. Buradan yaln\u0131z bir n\u0259tic\u0259y\u0259 g\u0259lm\u0259k m\u00fcmk\u00fcnd\u00fcr, n\u0259z\u0259ri t\u0259dris zaman\u0131 h\u00fcquq\u015f\u00fcnaslar y\u00fcks\u0259k savad ala bilmirl\u0259r.\n<\/p>\n<p>\n  O bildirib ki, yaz\u0131l\u0131 imtahanda i\u015ftirak ed\u0259n 706 n\u0259f\u0259rd\u0259n 213-\u00fc u\u011furla h\u0259min m\u0259rh\u0259l\u0259ni adlaya bildi. \u015eifah\u0131 imtahandan is\u0259 yaln\u0131z 154 n\u0259f\u0259r ke\u00e7\u0259r\u0259k, Kollegiyan\u0131n \u00fczv\u00fc ola bilib.\n<\/p>\n<p>\n  F. N\u0259c\u0259fov bu m\u0259nada h\u00fcquq fak\u00fclt\u0259l\u0259rind\u0259 t\u0259hsilin s\u0259viyy\u0259sini kafi qiym\u0259tl\u0259ndirdiyini d\u0259 diqq\u0259t\u0259 \u00e7atd\u0131r\u0131b.\n<\/p>\n<p>\n  S\u0259dr m\u00fcavini \u00f6lk\u0259d\u0259 v\u0259kill\u0259rin say\u0131n\u0131n azl\u0131\u011f\u0131 il\u0259 ba\u011fl\u0131 deyil\u0259nl\u0259r\u0259 d\u0259 m\u00fcnasib\u0259t bildirib: \u201cKollegiya da bu istiqam\u0259td\u0259 \u00f6z i\u015fini g\u00f6r\u00fcr. Art\u0131q v\u0259kill\u0259rin say\u0131nda art\u0131m da var. Haz\u0131rda Kollegiya \u00fczv\u00fc kimi v\u0259killik f\u0259aliyy\u0259ti il\u0259 m\u0259\u015f\u011ful olan h\u00fcquq\u015f\u00fcnaslar\u0131n say\u0131 834 n\u0259f\u0259rdir. Dig\u0259r t\u0259r\u0259fd\u0259n v\u0259killiy\u0259 q\u0259bul imtahan yolu il\u0259dir. Burada Kollegiyan\u0131n \u00fcz\u0259rin\u0259 h\u0259r hans\u0131 m\u0259\u0259suliyy\u0259t d\u00fc\u015fm\u00fcr. H\u0259m\u00e7inin, bizd\u0259n as\u0131l\u0131 olan v\u0259 olmayan s\u0259b\u0259bd\u0259n v\u0259killik f\u0259aliyy\u0259tind\u0259n k\u0259narla\u015fanlar da var\u201d.\n<\/p>\n<p>\n  F. N\u0259c\u0259fov Kollegiyan\u0131n \u00fczvl\u00fcy\u00fcnd\u0259n \u00e7\u0131xar\u0131lanlar\u0131n say\u0131n\u0131n is\u0259 \u00e7ox olmad\u0131\u011f\u0131n\u0131 deyib.\n<\/p>\n<p>\n  M\u00f6vcud durumu Meydan TV-y\u0259 \u015f\u0259rh ed\u0259n h\u00fcquq\u015f\u00fcnas Xalid A\u011faliyev bildirib ki, Az\u0259rbaycanda t\u0259hsil m\u00fchiti, \u00f6z\u0259llikl\u0259 h\u00fcquq t\u0259hsili m\u00fchiti il\u0259 tan\u0131\u015f olanlar \u00fc\u00e7\u00fcn bu m\u0259nz\u0259r\u0259 tamamil\u0259 t\u0259biidir. \u201cBizd\u0259 h\u00fcquq t\u0259hsili almaq dem\u0259k olar ki, qanun v\u0259 m\u0259c\u0259ll\u0259l\u0259ri \u0259zb\u0259rl\u0259m\u0259kd\u0259n ibar\u0259tdir. \u018fn pisi d\u0259 odur ki, t\u0259hsili ba\u015fa vurduqda \u0259zb\u0259rl\u0259diyin qanun v\u0259 m\u0259c\u0259ll\u0259l\u0259r d\u0259yi\u015fmi\u015f olur v\u0259 faktiki olaraq ill\u0259r bo\u015fa verilmi\u015f olur. Z\u0259ruri h\u00fcquqi savada, biliy\u0259 sahib olan xeyli\u00a0 pedaqoqumuz h\u00fcquq fak\u00fclt\u0259l\u0259rind\u0259n k\u0259narda tutulurlar. H\u00fcquq t\u0259hsili ver\u0259nl\u0259rin \u0259ks\u0259riyy\u0259ti m\u00fcst\u0259ntiql\u0259r, prokurorlar, istintaq\u00e7\u0131lard\u0131r\u201d.<\/p>\n<figure class=\"wp-block-image size-large\">\n  <img decoding=\"async\" src=\"https:\/\/www.meydan.tv\/az\/22463\/\" alt=\"\" class=\"wp-image-22463\"\/><figcaption><\/figcaption><\/figure>\n<p>\n  Xalid A\u011faliyev \u00f6lk\u0259d\u0259 h\u00fcquq\u00e7ular \u00fc\u00e7\u00fcn z\u0259ruri m\u00fchitin olmamas\u0131n\u0131 x\u00fcsusi vur\u011fulay\u0131b: \u201cKonkret olaraq, v\u0259kil olmaq ist\u0259y\u0259nl\u0259r \u00fc\u00e7\u00fcn t\u0259liml\u0259ndirm\u0259 imkanlar\u0131 yoxdur. M\u0259n \u018fdliyy\u0259 Nazirliyinin, V\u0259kill\u0259r Kollegiyas\u0131n\u0131n v\u0259 ya ba\u015fqa \u0259laq\u0259li qurumun hans\u0131sa uzunm\u00fcdd\u0259tli effektiv t\u0259liml\u0259rini xat\u0131rlam\u0131ram. Halbuki, bu i\u015fin g\u00f6r\u00fclm\u0259si m\u00fcxt\u0259lif normativ aktlarla h\u0259min qurumlar\u0131n \u00fcz\u0259rin\u0259 v\u0259zif\u0259 olaraq qoyulub. Bu sah\u0259d\u0259 son ill\u0259r\u0259d\u0259k yegan\u0259 imkan v\u0259t\u0259nda\u015f c\u0259miyy\u0259ti qurumlar\u0131n\u0131n realla\u015fd\u0131rd\u0131\u011f\u0131 layih\u0259l\u0259r idi. V\u0259kil olmaq ist\u0259y\u0259nl\u0259rin \u0259ks\u0259riyy\u0259ti imtahanlardan \u00f6nc\u0259 ad\u0259t\u0259n, Amerika H\u00fcquq\u00e7ular Assosiasiyas\u0131n\u0131n, H\u00fcquq Maarif\u00e7iliyi C\u0259miyy\u0259tinin uzunm\u00fcdd\u0259tli, alt\u0131 ayad\u0259k davam ed\u0259n t\u0259liml\u0259rind\u0259n ke\u00e7irdil\u0259r. V\u0259t\u0259nda\u015f c\u0259miyy\u0259ti qurumlar\u0131n\u0131n t\u0259qdim etdiyi ba\u015fqa alternativ imkanlar da vard\u0131. El\u0259 yaln\u0131z bu t\u0259liml\u0259r v\u0259killik imtahanlar\u0131nda u\u011fur g\u00f6st\u0259ricisini yuxar\u0131da tuturdu. Ad\u0131n\u0131 \u00e7\u0259kdiyim t\u0259\u015fkilatlar\u0131n durumu ham\u0131m\u0131za b\u0259llidir &#8211; onlara cinay\u0259t i\u015fi a\u00e7\u0131l\u0131b, f\u0259aliyy\u0259tini dayand\u0131r\u0131blar, H\u00fcquq Maarif\u00e7iliyi C\u0259miyy\u0259tinin r\u0259hb\u0259ri d\u0259 h\u0259bsd\u0259dir. B\u00fct\u00fcn bunlar\u0131n i\u015f\u0131\u011f\u0131nda baxd\u0131\u011f\u0131m\u0131zda, ortadak\u0131 n\u0259tic\u0259y\u0259 he\u00e7 t\u0259\u0259cc\u00fcbl\u0259nm\u0259m\u0259liyik. H\u00f6kum\u0259t h\u00fcquq maarif\u00e7iliyi sah\u0259sind\u0259 v\u0259zif\u0259l\u0259r da\u015f\u0131yan qurumlar\u0131na x\u0259b\u0259rdarl\u0131q etm\u0259li, bu sah\u0259d\u0259ki qapad\u0131lan imkanlar b\u0259rpa edilm\u0259lidir\u201d.<\/p>\n<p>  H\u00fcquq\u015f\u00fcnas Az\u0259rbaycanda adamba\u015f\u0131na d\u00fc\u015f\u0259n v\u0259kil say\u0131n\u0131n durumunun da \u00fcr\u0259ka\u00e7an olmad\u0131\u011f\u0131n\u0131 qeyd edib: \u201cD\u00fcnya praktikas\u0131 il\u0259 m\u00fcqayis\u0259d\u0259 bizim g\u00f6st\u0259ricil\u0259r \u00e7ox a\u015fa\u011f\u0131d\u0131r. Az\u0259rbaycanda h\u0259r 11 min v\u0259t\u0259nda\u015fa bir v\u0259kil d\u00fc\u015f\u00fcr. Bu g\u00f6st\u0259rici qon\u015fu \u00f6lk\u0259l\u0259rl\u0259 m\u00fcqayis\u0259d\u0259 xo\u015f deyil. G\u00fcrc\u00fcstanda h\u0259r 10 min v\u0259t\u0259nda\u015fa orta hesabla 10 v\u0259kil, Erm\u0259nistandasa 4 v\u0259kil d\u00fc\u015f\u00fcr. Avropa \u00f6lk\u0259l\u0259rind\u0259 g\u00f6st\u0259rici daha y\u00fcks\u0259kdir. \u018fks\u0259r \u00f6lk\u0259l\u0259rd\u0259 1000 v\u0259t\u0259nda\u015fa 1-3 v\u0259kil d\u00fc\u015f\u00fcr. T\u00fcrkiy\u0259d\u0259ki analoji r\u0259q\u0259ml\u0259r d\u0259 Avropa \u00f6lk\u0259l\u0259ri il\u0259 \u00fcst-\u00fcst\u0259 d\u00fc\u015f\u00fcr. AB\u015e-da is\u0259 ortalama h\u0259r 250 adama 1 v\u0259kil d\u00fc\u015f\u00fcr. Bizd\u0259 adamba\u015f\u0131na d\u00fc\u015f\u0259n v\u0259kil say\u0131 yaln\u0131z acl\u0131qdan, yoxsulluqdan \u0259ziyy\u0259t \u00e7\u0259k\u0259n Afrika \u00f6lk\u0259l\u0259ri il\u0259 \u00fcst-\u00fcst\u0259 d\u00fc\u015f\u00fcr. Yaponiya kimi bir ne\u00e7\u0259 inki\u015faf etmi\u015f \u00f6lk\u0259d\u0259 d\u0259 h\u0259r 10 min n\u0259f\u0259r\u0259 d\u00fc\u015f\u0259n v\u0259kil say\u0131 2-3 n\u0259f\u0259r t\u0259\u015fkil edir. Ancaq h\u0259min \u00f6lk\u0259l\u0259rd\u0259 h\u00fcquqlar\u0131n m\u00fcdafi\u0259sinin b\u00fct\u00fcn m\u0259hk\u0259m\u0259 instansiyalar\u0131nda h\u0259yata ke\u00e7irilm\u0259si bizd\u0259ki kimi yaln\u0131z v\u0259kill\u0259rin \u0259lind\u0259 deyil. Orda bu i\u015fi h\u0259yata ke\u00e7ir\u0259 bil\u0259n yard\u0131m\u00e7\u0131 institutlar da var. Bu m\u00fcqayis\u0259l\u0259r Az\u0259rbaycanda, \u00fcmumiyy\u0259tl\u0259, v\u0259killik institutunun durumu ac\u0131nacaql\u0131 oldu\u011funu ifad\u0259 edir\u201d.\n<\/p><\/p>\n","protected":false},"excerpt":{"rendered":"<p>V\u0259kill\u0259r Kollegiyas\u0131n\u0131n s\u0259dr m\u00fcavini F\u0259rhad N\u0259c\u0259fov: &#8220;V\u0259kil olmaq ist\u0259y\u0259nl\u0259rin imtahandan ke\u00e7\u0259 bilm\u0259m\u0259si bu sah\u0259y\u0259 mara\u011f\u0131 olanlar\u0131n savad\u0131 il\u0259 ba\u011fl\u0131d\u0131r&#8221;<\/p>\n<p>H\u00fcquq\u015f\u00fcnas Xalid A\u011faliyev:  &#8220;Bizd\u0259 h\u00fcquq t\u0259hsili almaq dem\u0259k olar ki, qanun v\u0259 m\u0259c\u0259ll\u0259l\u0259ri \u0259zb\u0259rl\u0259m\u0259kd\u0259n ibar\u0259tdir, buna g\u00f6r\u0259 d\u0259 n\u0259tic\u0259l\u0259r\u0259 t\u0259\u0259cc\u00fcbl\u0259nm\u0259m\u0259liyik&#8221;<\/p>\n","protected":false},"author":11,"featured_media":22460,"comment_status":"closed","ping_status":"open","sticky":false,"template":"","format":"standard","meta":{"_acf_changed":false,"_sitemap_exclude":false,"_sitemap_priority":"","_sitemap_frequency":"","footnotes":""},"categories":[56],"tags":[],"class_list":["post-167480","post","type-post","status-publish","format-standard","has-post-thumbnail","hentry","category-xeberler","infinite-scroll-item","generate-columns","tablet-grid-50","mobile-grid-100","grid-parent","grid-33","no-featured-image-padding"],"acf":[],"yoast_head":"<!-- This site is optimized with the Yoast SEO plugin v28.4 - https:\/\/yoast.com\/product\/yoast-seo-wordpress\/ -->\n<title>V\u0259kil olmaq ist\u0259y\u0259nl\u0259rin \u00e7oxu imtahandan ke\u00e7m\u0259di - MEYDAN.TV<\/title>\n<meta name=\"robots\" content=\"index, follow, max-snippet:-1, max-image-preview:large, max-video-preview:-1\" \/>\n<link rel=\"canonical\" href=\"https:\/\/www.meydan.tv\/az\/article\/vekil-olmaq-isteyenlerin-coxu-imtahandan-kecmedi\/\" \/>\n<meta property=\"og:locale\" content=\"az_AZ\" \/>\n<meta property=\"og:type\" content=\"article\" \/>\n<meta property=\"og:title\" content=\"V\u0259kil olmaq ist\u0259y\u0259nl\u0259rin \u00e7oxu imtahandan ke\u00e7m\u0259di - MEYDAN.TV\" \/>\n<meta property=\"og:description\" content=\"V\u0259kill\u0259r Kollegiyas\u0131n\u0131n s\u0259dr m\u00fcavini F\u0259rhad N\u0259c\u0259fov: &quot;V\u0259kil olmaq ist\u0259y\u0259nl\u0259rin imtahandan ke\u00e7\u0259 bilm\u0259m\u0259si bu sah\u0259y\u0259 mara\u011f\u0131 olanlar\u0131n savad\u0131 il\u0259 ba\u011fl\u0131d\u0131r&quot;  H\u00fcquq\u015f\u00fcnas Xalid A\u011faliyev: &quot;Bizd\u0259 h\u00fcquq t\u0259hsili almaq dem\u0259k olar ki, qanun v\u0259 m\u0259c\u0259ll\u0259l\u0259ri \u0259zb\u0259rl\u0259m\u0259kd\u0259n ibar\u0259tdir, buna g\u00f6r\u0259 d\u0259 n\u0259tic\u0259l\u0259r\u0259 t\u0259\u0259cc\u00fcbl\u0259nm\u0259m\u0259liyik&quot;\" \/>\n<meta property=\"og:url\" content=\"https:\/\/www.meydan.tv\/az\/article\/vekil-olmaq-isteyenlerin-coxu-imtahandan-kecmedi\/\" \/>\n<meta property=\"og:site_name\" content=\"MEYDAN.TV\" \/>\n<meta property=\"article:published_time\" content=\"2015-04-08T13:59:28+00:00\" \/>\n<meta property=\"og:image\" content=\"https:\/\/www.meydan.tv\/wp-content\/uploads\/8149.jpg\" \/>\n\t<meta property=\"og:image:width\" content=\"650\" \/>\n\t<meta property=\"og:image:height\" content=\"250\" \/>\n\t<meta property=\"og:image:type\" content=\"image\/jpeg\" \/>\n<meta name=\"twitter:card\" content=\"summary_large_image\" \/>\n<!-- \/ Yoast SEO plugin. -->","yoast_head_json":{"title":"V\u0259kil olmaq ist\u0259y\u0259nl\u0259rin \u00e7oxu imtahandan ke\u00e7m\u0259di - MEYDAN.TV","robots":{"index":"index","follow":"follow","max-snippet":"max-snippet:-1","max-image-preview":"max-image-preview:large","max-video-preview":"max-video-preview:-1"},"canonical":"https:\/\/www.meydan.tv\/az\/article\/vekil-olmaq-isteyenlerin-coxu-imtahandan-kecmedi\/","og_locale":"az_AZ","og_type":"article","og_title":"V\u0259kil olmaq ist\u0259y\u0259nl\u0259rin \u00e7oxu imtahandan ke\u00e7m\u0259di - MEYDAN.TV","og_description":"V\u0259kill\u0259r Kollegiyas\u0131n\u0131n s\u0259dr m\u00fcavini F\u0259rhad N\u0259c\u0259fov: \"V\u0259kil olmaq ist\u0259y\u0259nl\u0259rin imtahandan ke\u00e7\u0259 bilm\u0259m\u0259si bu sah\u0259y\u0259 mara\u011f\u0131 olanlar\u0131n savad\u0131 il\u0259 ba\u011fl\u0131d\u0131r\"  H\u00fcquq\u015f\u00fcnas Xalid A\u011faliyev: \"Bizd\u0259 h\u00fcquq t\u0259hsili almaq dem\u0259k olar ki, qanun v\u0259 m\u0259c\u0259ll\u0259l\u0259ri \u0259zb\u0259rl\u0259m\u0259kd\u0259n ibar\u0259tdir, buna g\u00f6r\u0259 d\u0259 n\u0259tic\u0259l\u0259r\u0259 t\u0259\u0259cc\u00fcbl\u0259nm\u0259m\u0259liyik\"","og_url":"https:\/\/www.meydan.tv\/az\/article\/vekil-olmaq-isteyenlerin-coxu-imtahandan-kecmedi\/","og_site_name":"MEYDAN.TV","article_published_time":"2015-04-08T13:59:28+00:00","og_image":[{"width":650,"height":250,"url":"https:\/\/www.meydan.tv\/wp-content\/uploads\/8149.jpg","type":"image\/jpeg"}],"twitter_card":"summary_large_image","schema":{"@context":"https:\/\/schema.org","@graph":[{"@type":"Article","@id":"https:\/\/www.meydan.tv\/az\/article\/vekil-olmaq-isteyenlerin-coxu-imtahandan-kecmedi\/#article","isPartOf":{"@id":"https:\/\/www.meydan.tv\/az\/article\/vekil-olmaq-isteyenlerin-coxu-imtahandan-kecmedi\/"},"author":{"name":"user-manager","@id":"https:\/\/www.meydan.tv\/az\/#\/schema\/person\/10d11eccf6da3662cf5fdab9806ea91a"},"headline":"V\u0259kil olmaq ist\u0259y\u0259nl\u0259rin \u00e7oxu imtahandan ke\u00e7m\u0259di","datePublished":"2015-04-08T13:59:28+00:00","mainEntityOfPage":{"@id":"https:\/\/www.meydan.tv\/az\/article\/vekil-olmaq-isteyenlerin-coxu-imtahandan-kecmedi\/"},"wordCount":1177,"publisher":{"@id":"https:\/\/www.meydan.tv\/az\/#organization"},"image":{"@id":"https:\/\/www.meydan.tv\/az\/article\/vekil-olmaq-isteyenlerin-coxu-imtahandan-kecmedi\/#primaryimage"},"thumbnailUrl":"https:\/\/www.meydan.tv\/wp-content\/uploads\/8149.jpg","articleSection":["X\u0259b\u0259rl\u0259r"],"inLanguage":"az"},{"@type":"WebPage","@id":"https:\/\/www.meydan.tv\/az\/article\/vekil-olmaq-isteyenlerin-coxu-imtahandan-kecmedi\/","url":"https:\/\/www.meydan.tv\/az\/article\/vekil-olmaq-isteyenlerin-coxu-imtahandan-kecmedi\/","name":"V\u0259kil olmaq ist\u0259y\u0259nl\u0259rin \u00e7oxu imtahandan ke\u00e7m\u0259di - MEYDAN.TV","isPartOf":{"@id":"https:\/\/www.meydan.tv\/az\/#website"},"primaryImageOfPage":{"@id":"https:\/\/www.meydan.tv\/az\/article\/vekil-olmaq-isteyenlerin-coxu-imtahandan-kecmedi\/#primaryimage"},"image":{"@id":"https:\/\/www.meydan.tv\/az\/article\/vekil-olmaq-isteyenlerin-coxu-imtahandan-kecmedi\/#primaryimage"},"thumbnailUrl":"https:\/\/www.meydan.tv\/wp-content\/uploads\/8149.jpg","datePublished":"2015-04-08T13:59:28+00:00","breadcrumb":{"@id":"https:\/\/www.meydan.tv\/az\/article\/vekil-olmaq-isteyenlerin-coxu-imtahandan-kecmedi\/#breadcrumb"},"inLanguage":"az","potentialAction":[{"@type":"ReadAction","target":["https:\/\/www.meydan.tv\/az\/article\/vekil-olmaq-isteyenlerin-coxu-imtahandan-kecmedi\/"]}]},{"@type":"ImageObject","inLanguage":"az","@id":"https:\/\/www.meydan.tv\/az\/article\/vekil-olmaq-isteyenlerin-coxu-imtahandan-kecmedi\/#primaryimage","url":"https:\/\/www.meydan.tv\/wp-content\/uploads\/8149.jpg","contentUrl":"https:\/\/www.meydan.tv\/wp-content\/uploads\/8149.jpg","width":650,"height":250,"caption":"Source:"},{"@type":"BreadcrumbList","@id":"https:\/\/www.meydan.tv\/az\/article\/vekil-olmaq-isteyenlerin-coxu-imtahandan-kecmedi\/#breadcrumb","itemListElement":[{"@type":"ListItem","position":1,"name":"Ana s\u0259hif\u0259","item":"https:\/\/www.meydan.tv\/az\/"},{"@type":"ListItem","position":2,"name":"X\u0259b\u0259rl\u0259r","item":"https:\/\/www.meydan.tv\/az\/section\/xeberler\/"},{"@type":"ListItem","position":3,"name":"V\u0259kil olmaq ist\u0259y\u0259nl\u0259rin \u00e7oxu imtahandan ke\u00e7m\u0259di"}]},{"@type":"WebSite","@id":"https:\/\/www.meydan.tv\/az\/#website","url":"https:\/\/www.meydan.tv\/az\/","name":"MEYDAN.TV","description":"Meydan TV Az\u0259rbaycan\u0131n media m\u0259kan\u0131ndak\u0131 alternativ s\u0259sidir","publisher":{"@id":"https:\/\/www.meydan.tv\/az\/#organization"},"potentialAction":[{"@type":"SearchAction","target":{"@type":"EntryPoint","urlTemplate":"https:\/\/www.meydan.tv\/az\/?s={search_term_string}"},"query-input":{"@type":"PropertyValueSpecification","valueRequired":true,"valueName":"search_term_string"}}],"inLanguage":"az"},{"@type":"Organization","@id":"https:\/\/www.meydan.tv\/az\/#organization","name":"Meydan TV","url":"https:\/\/www.meydan.tv\/az\/","logo":{"@type":"ImageObject","inLanguage":"az","@id":"https:\/\/www.meydan.tv\/az\/#\/schema\/logo\/image\/","url":"https:\/\/www.meydan.tv\/wp-content\/uploads\/2021\/07\/meydan-logo.svg","contentUrl":"https:\/\/www.meydan.tv\/wp-content\/uploads\/2021\/07\/meydan-logo.svg","width":195,"height":46,"caption":"Meydan TV"},"image":{"@id":"https:\/\/www.meydan.tv\/az\/#\/schema\/logo\/image\/"}},{"@type":"Person","@id":"https:\/\/www.meydan.tv\/az\/#\/schema\/person\/10d11eccf6da3662cf5fdab9806ea91a","name":"user-manager"}]}},"_links":{"self":[{"href":"https:\/\/www.meydan.tv\/az\/wp-json\/wp\/v2\/posts\/167480","targetHints":{"allow":["GET"]}}],"collection":[{"href":"https:\/\/www.meydan.tv\/az\/wp-json\/wp\/v2\/posts"}],"about":[{"href":"https:\/\/www.meydan.tv\/az\/wp-json\/wp\/v2\/types\/post"}],"author":[{"embeddable":true,"href":"https:\/\/www.meydan.tv\/az\/wp-json\/wp\/v2\/users\/11"}],"replies":[{"embeddable":true,"href":"https:\/\/www.meydan.tv\/az\/wp-json\/wp\/v2\/comments?post=167480"}],"version-history":[{"count":0,"href":"https:\/\/www.meydan.tv\/az\/wp-json\/wp\/v2\/posts\/167480\/revisions"}],"wp:featuredmedia":[{"embeddable":true,"href":"https:\/\/www.meydan.tv\/az\/wp-json\/wp\/v2\/media\/22460"}],"wp:attachment":[{"href":"https:\/\/www.meydan.tv\/az\/wp-json\/wp\/v2\/media?parent=167480"}],"wp:term":[{"taxonomy":"category","embeddable":true,"href":"https:\/\/www.meydan.tv\/az\/wp-json\/wp\/v2\/categories?post=167480"},{"taxonomy":"post_tag","embeddable":true,"href":"https:\/\/www.meydan.tv\/az\/wp-json\/wp\/v2\/tags?post=167480"}],"curies":[{"name":"wp","href":"https:\/\/api.w.org\/{rel}","templated":true}]}}