{"id":167475,"date":"2015-04-08T00:14:57","date_gmt":"2015-04-08T00:14:57","guid":{"rendered":"https:\/\/www.meydan.tv\/article\/son-iki-gunde-ucuncu-cebheci-hebs-edildi\/"},"modified":"2015-04-08T00:14:57","modified_gmt":"2015-04-08T00:14:57","slug":"son-iki-gunde-ucuncu-cebheci-hebs-edildi","status":"publish","type":"post","link":"https:\/\/www.meydan.tv\/az\/article\/son-iki-gunde-ucuncu-cebheci-hebs-edildi\/","title":{"rendered":"Son iki g\u00fcnd\u0259 \u00fc\u00e7\u00fcnc\u00fc c\u0259bh\u0259\u00e7i h\u0259bs edildi"},"content":{"rendered":"<figure class=\"wp-block-image size-large\">\n  <img decoding=\"async\" src=\"https:\/\/www.meydan.tv\/az\/22439\/\" alt=\"\" class=\"wp-image-22439\"\/><figcaption><\/figcaption><\/figure>\n<figure class=\"wp-block-image size-large\">\n  <img decoding=\"async\" src=\"https:\/\/www.meydan.tv\/az\/22439\/\" alt=\"\" class=\"wp-image-22439\"\/><figcaption><\/figcaption><\/figure>\n<p>\n  7 apreld\u0259 AXCP \u00fczv\u00fc Ruslan N\u0259sirli h\u0259bs edilib. Bu bar\u0259d\u0259 onun yax\u0131nlar\u0131 &#8220;Azadl\u0131q&#8221;a m\u0259lumat veribl\u0259r. Onlar\u0131n s\u00f6zl\u0259rin\u0259 g\u00f6r\u0259 \u00a0Ruslan N\u0259sirli \u00f6z\u00fc onlara z\u0259ng ed\u0259r\u0259k bu haqda dan\u0131\u015f\u0131b. Ruslan yaln\u0131z telefonda onu polis\u0259 m\u00fcqavim\u0259t g\u00f6st\u0259rm\u0259kd\u0259 ittiham etdikl\u0259rini, haz\u0131rda Yasamal Rayon M\u0259hk\u0259m\u0259sin\u0259 g\u0259tirildiyini dey\u0259 bilib. AXCP \u00fczv\u00fcn\u0259 20 sutka h\u0259bs c\u0259zas\u0131 verilib.\n<\/p>\n<p>\n  Ruslan N\u0259sirli son iki g\u00fcnd\u0259 \u00a0h\u0259bs edil\u0259n 3-c\u00fc AXCP \u00fczv\u00fcd\u00fcr. 6 apreld\u0259 T\u00fcrkel \u018flisoya 30 sutka,\u00a0AXCP S\u0259bail Rayon \u015e\u00f6b\u0259sinin s\u0259dri Saqif Qurbanova 25 sutka h\u0259bs c\u0259zas\u0131 verilib.<\/p>\n","protected":false},"excerpt":{"rendered":"<p>AXCP \u00fczv\u00fc Ruslan N\u0259sirli h\u0259bs edilib<\/p>\n","protected":false},"author":11,"featured_media":22439,"comment_status":"closed","ping_status":"open","sticky":false,"template":"","format":"standard","meta":{"_acf_changed":false,"_sitemap_exclude":false,"_sitemap_priority":"","_sitemap_frequency":"","footnotes":""},"categories":[56],"tags":[],"class_list":["post-167475","post","type-post","status-publish","format-standard","has-post-thumbnail","hentry","category-xeberler","infinite-scroll-item","generate-columns","tablet-grid-50","mobile-grid-100","grid-parent","grid-33","no-featured-image-padding"],"acf":[],"yoast_head":"<!-- This site is optimized with the Yoast SEO plugin v28.4 - https:\/\/yoast.com\/product\/yoast-seo-wordpress\/ -->\n<title>Son iki g\u00fcnd\u0259 \u00fc\u00e7\u00fcnc\u00fc c\u0259bh\u0259\u00e7i h\u0259bs edildi - MEYDAN.TV<\/title>\n<meta name=\"robots\" content=\"index, follow, max-snippet:-1, max-image-preview:large, max-video-preview:-1\" \/>\n<link rel=\"canonical\" href=\"https:\/\/www.meydan.tv\/az\/article\/son-iki-gunde-ucuncu-cebheci-hebs-edildi\/\" \/>\n<meta property=\"og:locale\" content=\"az_AZ\" \/>\n<meta property=\"og:type\" content=\"article\" \/>\n<meta property=\"og:title\" content=\"Son iki g\u00fcnd\u0259 \u00fc\u00e7\u00fcnc\u00fc c\u0259bh\u0259\u00e7i h\u0259bs edildi - MEYDAN.TV\" \/>\n<meta property=\"og:description\" content=\"AXCP \u00fczv\u00fc Ruslan N\u0259sirli h\u0259bs edilib\" \/>\n<meta property=\"og:url\" content=\"https:\/\/www.meydan.tv\/az\/article\/son-iki-gunde-ucuncu-cebheci-hebs-edildi\/\" \/>\n<meta property=\"og:site_name\" content=\"MEYDAN.TV\" \/>\n<meta property=\"article:published_time\" content=\"2015-04-08T00:14:57+00:00\" \/>\n<meta property=\"og:image\" content=\"https:\/\/www.meydan.tv\/wp-content\/uploads\/8144.jpg\" \/>\n\t<meta property=\"og:image:width\" content=\"640\" \/>\n\t<meta property=\"og:image:height\" content=\"640\" \/>\n\t<meta property=\"og:image:type\" content=\"image\/jpeg\" \/>\n<meta name=\"twitter:card\" content=\"summary_large_image\" \/>\n<!-- \/ Yoast SEO plugin. -->","yoast_head_json":{"title":"Son iki g\u00fcnd\u0259 \u00fc\u00e7\u00fcnc\u00fc c\u0259bh\u0259\u00e7i h\u0259bs edildi - MEYDAN.TV","robots":{"index":"index","follow":"follow","max-snippet":"max-snippet:-1","max-image-preview":"max-image-preview:large","max-video-preview":"max-video-preview:-1"},"canonical":"https:\/\/www.meydan.tv\/az\/article\/son-iki-gunde-ucuncu-cebheci-hebs-edildi\/","og_locale":"az_AZ","og_type":"article","og_title":"Son iki g\u00fcnd\u0259 \u00fc\u00e7\u00fcnc\u00fc c\u0259bh\u0259\u00e7i h\u0259bs edildi - MEYDAN.TV","og_description":"AXCP \u00fczv\u00fc Ruslan N\u0259sirli h\u0259bs edilib","og_url":"https:\/\/www.meydan.tv\/az\/article\/son-iki-gunde-ucuncu-cebheci-hebs-edildi\/","og_site_name":"MEYDAN.TV","article_published_time":"2015-04-08T00:14:57+00:00","og_image":[{"width":640,"height":640,"url":"https:\/\/www.meydan.tv\/wp-content\/uploads\/8144.jpg","type":"image\/jpeg"}],"twitter_card":"summary_large_image","schema":{"@context":"https:\/\/schema.org","@graph":[{"@type":"Article","@id":"https:\/\/www.meydan.tv\/az\/article\/son-iki-gunde-ucuncu-cebheci-hebs-edildi\/#article","isPartOf":{"@id":"https:\/\/www.meydan.tv\/az\/article\/son-iki-gunde-ucuncu-cebheci-hebs-edildi\/"},"author":{"name":"user-manager","@id":"https:\/\/www.meydan.tv\/az\/#\/schema\/person\/10d11eccf6da3662cf5fdab9806ea91a"},"headline":"Son iki g\u00fcnd\u0259 \u00fc\u00e7\u00fcnc\u00fc c\u0259bh\u0259\u00e7i h\u0259bs edildi","datePublished":"2015-04-08T00:14:57+00:00","mainEntityOfPage":{"@id":"https:\/\/www.meydan.tv\/az\/article\/son-iki-gunde-ucuncu-cebheci-hebs-edildi\/"},"wordCount":128,"publisher":{"@id":"https:\/\/www.meydan.tv\/az\/#organization"},"image":{"@id":"https:\/\/www.meydan.tv\/az\/article\/son-iki-gunde-ucuncu-cebheci-hebs-edildi\/#primaryimage"},"thumbnailUrl":"https:\/\/www.meydan.tv\/wp-content\/uploads\/8144.jpg","articleSection":["X\u0259b\u0259rl\u0259r"],"inLanguage":"az"},{"@type":"WebPage","@id":"https:\/\/www.meydan.tv\/az\/article\/son-iki-gunde-ucuncu-cebheci-hebs-edildi\/","url":"https:\/\/www.meydan.tv\/az\/article\/son-iki-gunde-ucuncu-cebheci-hebs-edildi\/","name":"Son iki g\u00fcnd\u0259 \u00fc\u00e7\u00fcnc\u00fc c\u0259bh\u0259\u00e7i h\u0259bs edildi - MEYDAN.TV","isPartOf":{"@id":"https:\/\/www.meydan.tv\/az\/#website"},"primaryImageOfPage":{"@id":"https:\/\/www.meydan.tv\/az\/article\/son-iki-gunde-ucuncu-cebheci-hebs-edildi\/#primaryimage"},"image":{"@id":"https:\/\/www.meydan.tv\/az\/article\/son-iki-gunde-ucuncu-cebheci-hebs-edildi\/#primaryimage"},"thumbnailUrl":"https:\/\/www.meydan.tv\/wp-content\/uploads\/8144.jpg","datePublished":"2015-04-08T00:14:57+00:00","breadcrumb":{"@id":"https:\/\/www.meydan.tv\/az\/article\/son-iki-gunde-ucuncu-cebheci-hebs-edildi\/#breadcrumb"},"inLanguage":"az","potentialAction":[{"@type":"ReadAction","target":["https:\/\/www.meydan.tv\/az\/article\/son-iki-gunde-ucuncu-cebheci-hebs-edildi\/"]}]},{"@type":"ImageObject","inLanguage":"az","@id":"https:\/\/www.meydan.tv\/az\/article\/son-iki-gunde-ucuncu-cebheci-hebs-edildi\/#primaryimage","url":"https:\/\/www.meydan.tv\/wp-content\/uploads\/8144.jpg","contentUrl":"https:\/\/www.meydan.tv\/wp-content\/uploads\/8144.jpg","width":640,"height":640,"caption":"Source:"},{"@type":"BreadcrumbList","@id":"https:\/\/www.meydan.tv\/az\/article\/son-iki-gunde-ucuncu-cebheci-hebs-edildi\/#breadcrumb","itemListElement":[{"@type":"ListItem","position":1,"name":"Ana s\u0259hif\u0259","item":"https:\/\/www.meydan.tv\/az\/"},{"@type":"ListItem","position":2,"name":"X\u0259b\u0259rl\u0259r","item":"https:\/\/www.meydan.tv\/az\/section\/xeberler\/"},{"@type":"ListItem","position":3,"name":"Son iki g\u00fcnd\u0259 \u00fc\u00e7\u00fcnc\u00fc c\u0259bh\u0259\u00e7i h\u0259bs edildi"}]},{"@type":"WebSite","@id":"https:\/\/www.meydan.tv\/az\/#website","url":"https:\/\/www.meydan.tv\/az\/","name":"MEYDAN.TV","description":"Meydan TV Az\u0259rbaycan\u0131n media m\u0259kan\u0131ndak\u0131 alternativ s\u0259sidir","publisher":{"@id":"https:\/\/www.meydan.tv\/az\/#organization"},"potentialAction":[{"@type":"SearchAction","target":{"@type":"EntryPoint","urlTemplate":"https:\/\/www.meydan.tv\/az\/?s={search_term_string}"},"query-input":{"@type":"PropertyValueSpecification","valueRequired":true,"valueName":"search_term_string"}}],"inLanguage":"az"},{"@type":"Organization","@id":"https:\/\/www.meydan.tv\/az\/#organization","name":"Meydan TV","url":"https:\/\/www.meydan.tv\/az\/","logo":{"@type":"ImageObject","inLanguage":"az","@id":"https:\/\/www.meydan.tv\/az\/#\/schema\/logo\/image\/","url":"https:\/\/www.meydan.tv\/wp-content\/uploads\/2021\/07\/meydan-logo.svg","contentUrl":"https:\/\/www.meydan.tv\/wp-content\/uploads\/2021\/07\/meydan-logo.svg","width":195,"height":46,"caption":"Meydan TV"},"image":{"@id":"https:\/\/www.meydan.tv\/az\/#\/schema\/logo\/image\/"}},{"@type":"Person","@id":"https:\/\/www.meydan.tv\/az\/#\/schema\/person\/10d11eccf6da3662cf5fdab9806ea91a","name":"user-manager"}]}},"_links":{"self":[{"href":"https:\/\/www.meydan.tv\/az\/wp-json\/wp\/v2\/posts\/167475","targetHints":{"allow":["GET"]}}],"collection":[{"href":"https:\/\/www.meydan.tv\/az\/wp-json\/wp\/v2\/posts"}],"about":[{"href":"https:\/\/www.meydan.tv\/az\/wp-json\/wp\/v2\/types\/post"}],"author":[{"embeddable":true,"href":"https:\/\/www.meydan.tv\/az\/wp-json\/wp\/v2\/users\/11"}],"replies":[{"embeddable":true,"href":"https:\/\/www.meydan.tv\/az\/wp-json\/wp\/v2\/comments?post=167475"}],"version-history":[{"count":0,"href":"https:\/\/www.meydan.tv\/az\/wp-json\/wp\/v2\/posts\/167475\/revisions"}],"wp:featuredmedia":[{"embeddable":true,"href":"https:\/\/www.meydan.tv\/az\/wp-json\/wp\/v2\/media\/22439"}],"wp:attachment":[{"href":"https:\/\/www.meydan.tv\/az\/wp-json\/wp\/v2\/media?parent=167475"}],"wp:term":[{"taxonomy":"category","embeddable":true,"href":"https:\/\/www.meydan.tv\/az\/wp-json\/wp\/v2\/categories?post=167475"},{"taxonomy":"post_tag","embeddable":true,"href":"https:\/\/www.meydan.tv\/az\/wp-json\/wp\/v2\/tags?post=167475"}],"curies":[{"name":"wp","href":"https:\/\/api.w.org\/{rel}","templated":true}]}}