{"id":167474,"date":"2015-04-07T23:17:30","date_gmt":"2015-04-07T23:17:30","guid":{"rendered":"https:\/\/www.meydan.tv\/article\/men-ismayilova-xedice-rovsen-qizindan-sikayetci-deyilem\/"},"modified":"2015-04-07T23:17:30","modified_gmt":"2015-04-07T23:17:30","slug":"men-ismayilova-xedice-rovsen-qizindan-sikayetci-deyilem","status":"publish","type":"post","link":"https:\/\/www.meydan.tv\/az\/article\/men-ismayilova-xedice-rovsen-qizindan-sikayetci-deyilem\/","title":{"rendered":"&#8220;M\u0259n \u0130smay\u0131lova X\u0259dic\u0259 R\u00f6v\u015f\u0259n q\u0131z\u0131ndan \u015fikay\u0259t\u00e7i deyil\u0259m&#8221;"},"content":{"rendered":"<figure class=\"wp-block-image size-large\">\n  <img decoding=\"async\" src=\"https:\/\/www.meydan.tv\/az\/22442\/\" alt=\"\" class=\"wp-image-22442\"\/><figcaption><\/figcaption><\/figure>\n<figure class=\"wp-block-image size-large\">\n  <img decoding=\"async\" src=\"https:\/\/www.meydan.tv\/az\/22442\/\" alt=\"\" class=\"wp-image-22442\"\/><figcaption><\/figcaption><\/figure>\n<p>\n  <i><br \/>\n    Tural Mustafayev ba\u015f prokurora X\u0259dic\u0259 \u0130smay\u0131ldan \u015fikay\u0259t\u00e7i olmad\u0131\u011f\u0131 bar\u0259d\u0259 \u0259riz\u0259 yazd\u0131<br \/>\n  <\/i>\n<\/p>\n<p>\n  &#8220;Azadl\u0131q&#8221; radiosunun \u0259m\u0259kda\u015f\u0131 X\u0259dic\u0259 \u0130smay\u0131l\u0131n h\u0259bsin\u0259 s\u0259b\u0259b olan Tural Mustafayev ba\u015f prokuror Zakir Qaralova X\u0259dic\u0259 \u0130smay\u0131ldan \u015fikay\u0259t\u00e7i olmad\u0131\u011f\u0131 bar\u0259d\u0259 \u0259riz\u0259 yaz\u0131b.\n<\/p>\n<p><div>\n    Tural Mustafayevin \u00f6z\u00fcn\u00fcn Facebook s\u0259hif\u0259sind\u0259 Zakir Qaralova \u00fcnvanlad\u0131\u011f\u0131 \u0259riz\u0259nin m\u0259tnini yay\u0131b:\n  <\/div>\n<\/p>\n<p><div><\/div>\n<\/p>\n<p><div>\n    &#8220;C\u0259nab ba\u015f prokuror Zakir Qaralov. Yaz\u0131b sizd\u0259n xahi\u015f edir\u0259m ki, 25 noyabr 2014-c\u00fc ild\u0259 \u0259riz\u0259 yazaraq X\u0259dic\u0259 \u0130smay\u0131lovadan \u015fikay\u0259t etmi\u015fdim. \u0130ndi m\u0259n \u0130smay\u0131lova X\u0259dic\u0259 R\u00f6v\u015f\u0259n q\u0131z\u0131ndan \u015fikay\u0259t\u00e7i deyil\u0259m. S\u0259mimi olaraq bar\u0131\u015fmaq ist\u0259yir\u0259m. \u00a0\u015eikay\u0259t\u00e7i olma\u011f\u0131m h\u0259min vaxt psixoloji durumumda probleml\u0259rl\u0259, ke\u00e7irdiyim \u0259s\u0259b g\u0259rginliyi il\u0259 ba\u011fl\u0131 olub. Haz\u0131rda \u00f6z\u00fcm\u00fc sa\u011flam hiss edir\u0259m, \u0259riz\u0259mi \u00f6z\u00fcm he\u00e7 bir t\u0259sir olmadan yaz\u0131ram.\n  <\/div>\n<\/p>\n<p><div><\/div>\n<\/p>\n<p><div>\n    C\u0259nab prokuror, 26 noyabr 2014-c\u00fc ild\u0259, y\u0259ni \u00e7ikay\u0259t \u0259riz\u0259sini yazandan bir g\u00fcn sonra m\u0259nim \u00f6lk\u0259d\u0259n \u00e7\u0131x\u0131\u015f\u0131ma qada\u011fa qoyulub. Xahi\u015f edir\u0259m ki, m\u0259nim \u00f6lk\u0259d\u0259n \u00e7\u0131x\u0131\u015f\u0131ma qoyulan qada\u011fa g\u00f6t\u00fcr\u00fcls\u00fcn&#8221;.\n  <\/div><\/p>\n","protected":false},"excerpt":{"rendered":"<p>Tural Mustafayev ba\u015f prokurora X\u0259dic\u0259 \u0130smay\u0131ldan \u015fikay\u0259t\u00e7i olmad\u0131\u011f\u0131 bar\u0259d\u0259 \u0259riz\u0259 yazd\u0131<\/p>\n","protected":false},"author":11,"featured_media":22442,"comment_status":"closed","ping_status":"open","sticky":false,"template":"","format":"standard","meta":{"_acf_changed":false,"_sitemap_exclude":false,"_sitemap_priority":"","_sitemap_frequency":"","footnotes":""},"categories":[56],"tags":[],"class_list":["post-167474","post","type-post","status-publish","format-standard","has-post-thumbnail","hentry","category-xeberler","infinite-scroll-item","generate-columns","tablet-grid-50","mobile-grid-100","grid-parent","grid-33","no-featured-image-padding"],"acf":[],"yoast_head":"<!-- This site is optimized with the Yoast SEO plugin v28.4 - https:\/\/yoast.com\/product\/yoast-seo-wordpress\/ -->\n<title>&quot;M\u0259n \u0130smay\u0131lova X\u0259dic\u0259 R\u00f6v\u015f\u0259n q\u0131z\u0131ndan \u015fikay\u0259t\u00e7i deyil\u0259m&quot; - MEYDAN.TV<\/title>\n<meta name=\"robots\" content=\"index, follow, max-snippet:-1, max-image-preview:large, max-video-preview:-1\" \/>\n<link rel=\"canonical\" href=\"https:\/\/www.meydan.tv\/az\/article\/men-ismayilova-xedice-rovsen-qizindan-sikayetci-deyilem\/\" \/>\n<meta property=\"og:locale\" content=\"az_AZ\" \/>\n<meta property=\"og:type\" content=\"article\" \/>\n<meta property=\"og:title\" content=\"&quot;M\u0259n \u0130smay\u0131lova X\u0259dic\u0259 R\u00f6v\u015f\u0259n q\u0131z\u0131ndan \u015fikay\u0259t\u00e7i deyil\u0259m&quot; - MEYDAN.TV\" \/>\n<meta property=\"og:description\" content=\"Tural Mustafayev ba\u015f prokurora X\u0259dic\u0259 \u0130smay\u0131ldan \u015fikay\u0259t\u00e7i olmad\u0131\u011f\u0131 bar\u0259d\u0259 \u0259riz\u0259 yazd\u0131\" \/>\n<meta property=\"og:url\" content=\"https:\/\/www.meydan.tv\/az\/article\/men-ismayilova-xedice-rovsen-qizindan-sikayetci-deyilem\/\" \/>\n<meta property=\"og:site_name\" content=\"MEYDAN.TV\" \/>\n<meta property=\"article:published_time\" content=\"2015-04-07T23:17:30+00:00\" \/>\n<meta property=\"og:image\" content=\"https:\/\/www.meydan.tv\/wp-content\/uploads\/8143.jpg\" \/>\n\t<meta property=\"og:image:width\" content=\"480\" \/>\n\t<meta property=\"og:image:height\" content=\"853\" \/>\n\t<meta property=\"og:image:type\" content=\"image\/jpeg\" \/>\n<meta name=\"twitter:card\" content=\"summary_large_image\" \/>\n<!-- \/ Yoast SEO plugin. -->","yoast_head_json":{"title":"\"M\u0259n \u0130smay\u0131lova X\u0259dic\u0259 R\u00f6v\u015f\u0259n q\u0131z\u0131ndan \u015fikay\u0259t\u00e7i deyil\u0259m\" - MEYDAN.TV","robots":{"index":"index","follow":"follow","max-snippet":"max-snippet:-1","max-image-preview":"max-image-preview:large","max-video-preview":"max-video-preview:-1"},"canonical":"https:\/\/www.meydan.tv\/az\/article\/men-ismayilova-xedice-rovsen-qizindan-sikayetci-deyilem\/","og_locale":"az_AZ","og_type":"article","og_title":"\"M\u0259n \u0130smay\u0131lova X\u0259dic\u0259 R\u00f6v\u015f\u0259n q\u0131z\u0131ndan \u015fikay\u0259t\u00e7i deyil\u0259m\" - MEYDAN.TV","og_description":"Tural Mustafayev ba\u015f prokurora X\u0259dic\u0259 \u0130smay\u0131ldan \u015fikay\u0259t\u00e7i olmad\u0131\u011f\u0131 bar\u0259d\u0259 \u0259riz\u0259 yazd\u0131","og_url":"https:\/\/www.meydan.tv\/az\/article\/men-ismayilova-xedice-rovsen-qizindan-sikayetci-deyilem\/","og_site_name":"MEYDAN.TV","article_published_time":"2015-04-07T23:17:30+00:00","og_image":[{"width":480,"height":853,"url":"https:\/\/www.meydan.tv\/wp-content\/uploads\/8143.jpg","type":"image\/jpeg"}],"twitter_card":"summary_large_image","schema":{"@context":"https:\/\/schema.org","@graph":[{"@type":"Article","@id":"https:\/\/www.meydan.tv\/az\/article\/men-ismayilova-xedice-rovsen-qizindan-sikayetci-deyilem\/#article","isPartOf":{"@id":"https:\/\/www.meydan.tv\/az\/article\/men-ismayilova-xedice-rovsen-qizindan-sikayetci-deyilem\/"},"author":{"name":"user-manager","@id":"https:\/\/www.meydan.tv\/az\/#\/schema\/person\/10d11eccf6da3662cf5fdab9806ea91a"},"headline":"&#8220;M\u0259n \u0130smay\u0131lova X\u0259dic\u0259 R\u00f6v\u015f\u0259n q\u0131z\u0131ndan \u015fikay\u0259t\u00e7i deyil\u0259m&#8221;","datePublished":"2015-04-07T23:17:30+00:00","mainEntityOfPage":{"@id":"https:\/\/www.meydan.tv\/az\/article\/men-ismayilova-xedice-rovsen-qizindan-sikayetci-deyilem\/"},"wordCount":227,"publisher":{"@id":"https:\/\/www.meydan.tv\/az\/#organization"},"image":{"@id":"https:\/\/www.meydan.tv\/az\/article\/men-ismayilova-xedice-rovsen-qizindan-sikayetci-deyilem\/#primaryimage"},"thumbnailUrl":"https:\/\/www.meydan.tv\/wp-content\/uploads\/8143.jpg","articleSection":["X\u0259b\u0259rl\u0259r"],"inLanguage":"az"},{"@type":"WebPage","@id":"https:\/\/www.meydan.tv\/az\/article\/men-ismayilova-xedice-rovsen-qizindan-sikayetci-deyilem\/","url":"https:\/\/www.meydan.tv\/az\/article\/men-ismayilova-xedice-rovsen-qizindan-sikayetci-deyilem\/","name":"\"M\u0259n \u0130smay\u0131lova X\u0259dic\u0259 R\u00f6v\u015f\u0259n q\u0131z\u0131ndan \u015fikay\u0259t\u00e7i deyil\u0259m\" - MEYDAN.TV","isPartOf":{"@id":"https:\/\/www.meydan.tv\/az\/#website"},"primaryImageOfPage":{"@id":"https:\/\/www.meydan.tv\/az\/article\/men-ismayilova-xedice-rovsen-qizindan-sikayetci-deyilem\/#primaryimage"},"image":{"@id":"https:\/\/www.meydan.tv\/az\/article\/men-ismayilova-xedice-rovsen-qizindan-sikayetci-deyilem\/#primaryimage"},"thumbnailUrl":"https:\/\/www.meydan.tv\/wp-content\/uploads\/8143.jpg","datePublished":"2015-04-07T23:17:30+00:00","breadcrumb":{"@id":"https:\/\/www.meydan.tv\/az\/article\/men-ismayilova-xedice-rovsen-qizindan-sikayetci-deyilem\/#breadcrumb"},"inLanguage":"az","potentialAction":[{"@type":"ReadAction","target":["https:\/\/www.meydan.tv\/az\/article\/men-ismayilova-xedice-rovsen-qizindan-sikayetci-deyilem\/"]}]},{"@type":"ImageObject","inLanguage":"az","@id":"https:\/\/www.meydan.tv\/az\/article\/men-ismayilova-xedice-rovsen-qizindan-sikayetci-deyilem\/#primaryimage","url":"https:\/\/www.meydan.tv\/wp-content\/uploads\/8143.jpg","contentUrl":"https:\/\/www.meydan.tv\/wp-content\/uploads\/8143.jpg","width":480,"height":853,"caption":"Source:"},{"@type":"BreadcrumbList","@id":"https:\/\/www.meydan.tv\/az\/article\/men-ismayilova-xedice-rovsen-qizindan-sikayetci-deyilem\/#breadcrumb","itemListElement":[{"@type":"ListItem","position":1,"name":"Ana s\u0259hif\u0259","item":"https:\/\/www.meydan.tv\/az\/"},{"@type":"ListItem","position":2,"name":"X\u0259b\u0259rl\u0259r","item":"https:\/\/www.meydan.tv\/az\/section\/xeberler\/"},{"@type":"ListItem","position":3,"name":"&#8220;M\u0259n \u0130smay\u0131lova X\u0259dic\u0259 R\u00f6v\u015f\u0259n q\u0131z\u0131ndan \u015fikay\u0259t\u00e7i deyil\u0259m&#8221;"}]},{"@type":"WebSite","@id":"https:\/\/www.meydan.tv\/az\/#website","url":"https:\/\/www.meydan.tv\/az\/","name":"MEYDAN.TV","description":"Meydan TV Az\u0259rbaycan\u0131n media m\u0259kan\u0131ndak\u0131 alternativ s\u0259sidir","publisher":{"@id":"https:\/\/www.meydan.tv\/az\/#organization"},"potentialAction":[{"@type":"SearchAction","target":{"@type":"EntryPoint","urlTemplate":"https:\/\/www.meydan.tv\/az\/?s={search_term_string}"},"query-input":{"@type":"PropertyValueSpecification","valueRequired":true,"valueName":"search_term_string"}}],"inLanguage":"az"},{"@type":"Organization","@id":"https:\/\/www.meydan.tv\/az\/#organization","name":"Meydan TV","url":"https:\/\/www.meydan.tv\/az\/","logo":{"@type":"ImageObject","inLanguage":"az","@id":"https:\/\/www.meydan.tv\/az\/#\/schema\/logo\/image\/","url":"https:\/\/www.meydan.tv\/wp-content\/uploads\/2021\/07\/meydan-logo.svg","contentUrl":"https:\/\/www.meydan.tv\/wp-content\/uploads\/2021\/07\/meydan-logo.svg","width":195,"height":46,"caption":"Meydan TV"},"image":{"@id":"https:\/\/www.meydan.tv\/az\/#\/schema\/logo\/image\/"}},{"@type":"Person","@id":"https:\/\/www.meydan.tv\/az\/#\/schema\/person\/10d11eccf6da3662cf5fdab9806ea91a","name":"user-manager"}]}},"_links":{"self":[{"href":"https:\/\/www.meydan.tv\/az\/wp-json\/wp\/v2\/posts\/167474","targetHints":{"allow":["GET"]}}],"collection":[{"href":"https:\/\/www.meydan.tv\/az\/wp-json\/wp\/v2\/posts"}],"about":[{"href":"https:\/\/www.meydan.tv\/az\/wp-json\/wp\/v2\/types\/post"}],"author":[{"embeddable":true,"href":"https:\/\/www.meydan.tv\/az\/wp-json\/wp\/v2\/users\/11"}],"replies":[{"embeddable":true,"href":"https:\/\/www.meydan.tv\/az\/wp-json\/wp\/v2\/comments?post=167474"}],"version-history":[{"count":0,"href":"https:\/\/www.meydan.tv\/az\/wp-json\/wp\/v2\/posts\/167474\/revisions"}],"wp:featuredmedia":[{"embeddable":true,"href":"https:\/\/www.meydan.tv\/az\/wp-json\/wp\/v2\/media\/22442"}],"wp:attachment":[{"href":"https:\/\/www.meydan.tv\/az\/wp-json\/wp\/v2\/media?parent=167474"}],"wp:term":[{"taxonomy":"category","embeddable":true,"href":"https:\/\/www.meydan.tv\/az\/wp-json\/wp\/v2\/categories?post=167474"},{"taxonomy":"post_tag","embeddable":true,"href":"https:\/\/www.meydan.tv\/az\/wp-json\/wp\/v2\/tags?post=167474"}],"curies":[{"name":"wp","href":"https:\/\/api.w.org\/{rel}","templated":true}]}}